{"id":17218,"date":"2024-10-14T12:11:43","date_gmt":"2024-10-14T12:11:43","guid":{"rendered":"https:\/\/macite.tg\/?p=17218"},"modified":"2024-10-14T12:38:35","modified_gmt":"2024-10-14T12:38:35","slug":"deces-du-ministre-pre-dr-sandra-ablamba-johnson-rend-hommage-a-de-rigueur-de-discipline-et-surtout-de-devouement-total-envers-notre-pays","status":"publish","type":"post","link":"https:\/\/macite.tg\/?p=17218","title":{"rendered":"DECES DU MINISTRE PRE: Dr Sandra Ablamba Johnson rend hommage \u00e0 cet homme \u00ab\u00a0de rigueur, de discipline et surtout de d\u00e9vouement total envers notre pays\u00a0\u00bb"},"content":{"rendered":"\n<p class=\"wp-block-paragraph\"><strong><em>L\u2019ex\u00e9cutif togolais a perdu, depuis dimanche 06 octobre dernier, un de ses maillons essentiels. En effet, le gouvernement togolais a perdu Pr\u00e9 Simf\u00e9itch\u00e9ou, ministre, Conseiller \u00e0 la Pr\u00e9sidence de la R\u00e9publique, des suites d\u2019une maladie.<\/em><\/strong><\/p>\n\n\n\n<p class=\"wp-block-paragraph\">Pr\u00e9 Simf\u00e9itch\u00e9ou aurait occup\u00e9 plusieurs postes, notamment ministre de la Planification, Directeur de cabinet de la Primature, Pr\u00e9sident du conseil d\u2019administration de la Nouvelle soci\u00e9t\u00e9 cotonni\u00e8re du Togo (Nsct), et r\u00e9cemment Conseiller \u00e0 la Pr\u00e9sidence de la R\u00e9publique avec rang de ministre.<\/p>\n\n\n\n<p class=\"wp-block-paragraph\">Le d\u00e9c\u00e8s de celui qui \u00e9tait impliqu\u00e9 dans les n\u00e9gociations intergouvernementales germano-togolaises, laisse sans voix plus d\u2019uns, notamment eux qui l\u2019ont c\u00f4toy\u00e9.<\/p>\n\n\n<div class=\"wp-block-image\">\n<figure class=\"aligncenter size-full is-resized\"><img loading=\"lazy\" decoding=\"async\" src=\"https:\/\/macite.tg\/wp-content\/uploads\/2024\/10\/Faux-et-suage-de-faux.jpg\" alt=\"\" class=\"wp-image-17135\" width=\"616\" height=\"410\" srcset=\"https:\/\/macite.tg\/wp-content\/uploads\/2024\/10\/Faux-et-suage-de-faux.jpg 500w, https:\/\/macite.tg\/wp-content\/uploads\/2024\/10\/Faux-et-suage-de-faux-300x200.jpg 300w, https:\/\/macite.tg\/wp-content\/uploads\/2024\/10\/Faux-et-suage-de-faux-112x75.jpg 112w, https:\/\/macite.tg\/wp-content\/uploads\/2024\/10\/Faux-et-suage-de-faux-425x283.jpg 425w, https:\/\/macite.tg\/wp-content\/uploads\/2024\/10\/Faux-et-suage-de-faux-430x287.jpg 430w\" sizes=\"auto, (max-width: 616px) 100vw, 616px\" \/><\/figure>\n<\/div>\n\n\n<p class=\"wp-block-paragraph\">Jeudi 10 octobre dernier, la Ministre et Secr\u00e9taire g\u00e9n\u00e9rale de la Pr\u00e9sidence de la R\u00e9publique, Dr Sandra Ablamba Johnson, a rendu hommage \u00e0 la m\u00e9moire de l\u2019illustre disparu. Elle a salu\u00e9 \u00ab&nbsp;<em>un h\u00e9ritage de service, de rigueur, de discipline et surtout de d\u00e9vouement total envers notre pays&nbsp;\u00bb<\/em>.&nbsp;<\/p>\n\n\n\n<p class=\"wp-block-paragraph\"><em>\u00ab&nbsp;M. Pr\u00e9 Simf\u00e9itch\u00e9ou, Ministre &#8211; Conseiller \u00e0 la Pr\u00e9sidence de la R\u00e9publique Togolaise, nous a quitt\u00e9s, laissant derri\u00e8re lui un h\u00e9ritage de service, de rigueur, de discipline et surtout de d\u00e9vouement total envers notre pays.&nbsp;<\/em><\/p>\n\n\n\n<p class=\"wp-block-paragraph\"><em>&nbsp;Grand homme d&rsquo;\u00c9tat, il a longtemps \u0153uvr\u00e9 pour un Togo prosp\u00e8re, uni et a \u00e9t\u00e9 un conseiller mais aussi un P\u00e8re pour nous au sein de la Pr\u00e9sidence. Sa disparition repr\u00e9sente une perte immense pour toute l\u2019\u00e9quipe jeune Conseillers et jeunes Analystes.<\/em><\/p>\n\n\n<div class=\"wp-block-image\">\n<figure class=\"aligncenter size-full\"><img loading=\"lazy\" decoding=\"async\" width=\"526\" height=\"526\" src=\"https:\/\/macite.tg\/wp-content\/uploads\/2024\/10\/image-31.png\" alt=\"\" class=\"wp-image-17137\" srcset=\"https:\/\/macite.tg\/wp-content\/uploads\/2024\/10\/image-31.png 526w, https:\/\/macite.tg\/wp-content\/uploads\/2024\/10\/image-31-300x300.png 300w, https:\/\/macite.tg\/wp-content\/uploads\/2024\/10\/image-31-150x150.png 150w, https:\/\/macite.tg\/wp-content\/uploads\/2024\/10\/image-31-122x122.png 122w\" sizes=\"auto, (max-width: 526px) 100vw, 526px\" \/><\/figure>\n<\/div>\n\n\n<p class=\"wp-block-paragraph\"><em>Son engagement exemplaire et sa sagesse continueront d&rsquo;inspirer chacun d&rsquo;entre nous. J&rsquo;adresse mes sinc\u00e8res condol\u00e9ances \u00e0 sa famille biologique ainsi qu&rsquo;\u00e0 toute la famille politique. Repose en paix cher Papa ! \u00bb,<\/em> a \u00e9crit Sandra Ablamba Johnson, sur son compte X.<\/p>\n\n\n\n<p class=\"wp-block-paragraph\"><strong>JPB<\/strong><\/p>\n\n\n\n<p class=\"wp-block-paragraph\"><a><strong><em>@macite.tg&nbsp;&nbsp;&nbsp;&nbsp;&nbsp;&nbsp;&nbsp;&nbsp;<\/em><\/strong><\/a><\/p>\n\n\n\n<p class=\"wp-block-paragraph\"><strong><em>E-mail&nbsp;: <\/em><\/strong><a href=\"mailto:maciteinfo@gmail.com\"><strong><em>maciteinfo@gmail.com<\/em><\/strong><\/a><strong><em>; <\/em><\/strong><a href=\"mailto:bawela1@gmail.com\"><strong><em>bawela1@gmail.com<\/em><\/strong><\/a><strong><em><\/em><\/strong><\/p>\n\n\n\n<p class=\"wp-block-paragraph\"><strong><em>Pour vos annonces, (publi)reportages, etc., joignez-nous au (00228)91515309\/<strong>79872224 <\/strong>www.macite.tg, L\u2019information, la bonne&nbsp;!<\/em><\/strong><\/p>\n","protected":false},"excerpt":{"rendered":"<p class=\"text-justify mb-2\" >L\u2019ex\u00e9cutif togolais a perdu, depuis dimanche 06 octobre dernier, un de ses maillons essentiels. En effet, le gouvernement togolais a perdu Pr\u00e9 Simf\u00e9itch\u00e9ou, ministre, Conseiller \u00e0 la Pr\u00e9sidence de la R\u00e9publique, des suites d\u2019une maladie. Pr\u00e9 Simf\u00e9itch\u00e9ou aurait occup\u00e9 plusieurs postes, notamment ministre de la [&hellip;]<\/p>\n","protected":false},"author":2,"featured_media":17219,"comment_status":"open","ping_status":"open","sticky":false,"template":"","format":"standard","meta":{"footnotes":""},"categories":[20,62],"tags":[],"class_list":["post-17218","post","type-post","status-publish","format-standard","has-post-thumbnail","hentry","category-actualite","category-hommage"],"yoast_head":"<!-- This site is optimized with the Yoast SEO plugin v28.4 - https:\/\/yoast.com\/product\/yoast-seo-wordpress\/ -->\n<title>DECES DU MINISTRE PRE: Dr Sandra Ablamba Johnson rend hommage \u00e0 cet homme \u00ab\u00a0de rigueur, de discipline et surtout de d\u00e9vouement total envers notre pays\u00a0\u00bb -<\/title>\n<meta name=\"robots\" content=\"index, follow, max-snippet:-1, max-image-preview:large, max-video-preview:-1\" \/>\n<link rel=\"canonical\" href=\"https:\/\/macite.tg\/?p=17218\" \/>\n<meta property=\"og:locale\" content=\"fr_FR\" \/>\n<meta property=\"og:type\" content=\"article\" \/>\n<meta property=\"og:title\" content=\"DECES DU MINISTRE PRE: Dr Sandra Ablamba Johnson rend hommage \u00e0 cet homme \u00ab\u00a0de rigueur, de discipline et surtout de d\u00e9vouement total envers notre pays\u00a0\u00bb -\" \/>\n<meta property=\"og:description\" content=\"L\u2019ex\u00e9cutif togolais a perdu, depuis dimanche 06 octobre dernier, un de ses maillons essentiels. En effet, le gouvernement togolais a perdu Pr\u00e9 Simf\u00e9itch\u00e9ou, ministre, Conseiller \u00e0 la Pr\u00e9sidence de la R\u00e9publique, des suites d\u2019une maladie. Pr\u00e9 Simf\u00e9itch\u00e9ou aurait occup\u00e9 plusieurs postes, notamment ministre de la [&hellip;]\" \/>\n<meta property=\"og:url\" content=\"https:\/\/macite.tg\/?p=17218\" \/>\n<meta property=\"article:published_time\" content=\"2024-10-14T12:11:43+00:00\" \/>\n<meta property=\"article:modified_time\" content=\"2024-10-14T12:38:35+00:00\" \/>\n<meta property=\"og:image\" content=\"https:\/\/macite.tg\/wp-content\/uploads\/2024\/10\/Pre.jpg\" \/>\n\t<meta property=\"og:image:width\" content=\"500\" \/>\n\t<meta property=\"og:image:height\" content=\"270\" \/>\n\t<meta property=\"og:image:type\" content=\"image\/jpeg\" \/>\n<meta name=\"author\" content=\"Jean Pierre BAWELA\" \/>\n<meta name=\"twitter:card\" content=\"summary_large_image\" \/>\n<meta name=\"twitter:label1\" content=\"\u00c9crit par\" \/>\n\t<meta name=\"twitter:data1\" content=\"Jean Pierre BAWELA\" \/>\n\t<meta name=\"twitter:label2\" content=\"Dur\u00e9e de lecture estim\u00e9e\" \/>\n\t<meta name=\"twitter:data2\" content=\"2 minutes\" \/>\n<script type=\"application\/ld+json\" class=\"yoast-schema-graph\">{\"@context\":\"https:\\\/\\\/schema.org\",\"@graph\":[{\"@type\":\"Article\",\"@id\":\"https:\\\/\\\/macite.tg\\\/?p=17218#article\",\"isPartOf\":{\"@id\":\"https:\\\/\\\/macite.tg\\\/?p=17218\"},\"author\":{\"name\":\"Jean Pierre BAWELA\",\"@id\":\"https:\\\/\\\/macite.tg\\\/#\\\/schema\\\/person\\\/e9f2de7e5dbbe7770a9402c7ce82f5c2\"},\"headline\":\"DECES DU MINISTRE PRE: Dr Sandra Ablamba Johnson rend hommage \u00e0 cet homme \u00ab\u00a0de rigueur, de discipline et surtout de d\u00e9vouement total envers notre pays\u00a0\u00bb\",\"datePublished\":\"2024-10-14T12:11:43+00:00\",\"dateModified\":\"2024-10-14T12:38:35+00:00\",\"mainEntityOfPage\":{\"@id\":\"https:\\\/\\\/macite.tg\\\/?p=17218\"},\"wordCount\":371,\"commentCount\":0,\"image\":{\"@id\":\"https:\\\/\\\/macite.tg\\\/?p=17218#primaryimage\"},\"thumbnailUrl\":\"https:\\\/\\\/macite.tg\\\/wp-content\\\/uploads\\\/2024\\\/10\\\/Pre.jpg\",\"articleSection\":[\"ACTUALITE\",\"HOMMAGE\"],\"inLanguage\":\"fr-FR\",\"potentialAction\":[{\"@type\":\"CommentAction\",\"name\":\"Comment\",\"target\":[\"https:\\\/\\\/macite.tg\\\/?p=17218#respond\"]}]},{\"@type\":\"WebPage\",\"@id\":\"https:\\\/\\\/macite.tg\\\/?p=17218\",\"url\":\"https:\\\/\\\/macite.tg\\\/?p=17218\",\"name\":\"DECES DU MINISTRE PRE: Dr Sandra Ablamba Johnson rend hommage \u00e0 cet homme \u00ab\u00a0de rigueur, de discipline et surtout de d\u00e9vouement total envers notre pays\u00a0\u00bb -\",\"isPartOf\":{\"@id\":\"https:\\\/\\\/macite.tg\\\/#website\"},\"primaryImageOfPage\":{\"@id\":\"https:\\\/\\\/macite.tg\\\/?p=17218#primaryimage\"},\"image\":{\"@id\":\"https:\\\/\\\/macite.tg\\\/?p=17218#primaryimage\"},\"thumbnailUrl\":\"https:\\\/\\\/macite.tg\\\/wp-content\\\/uploads\\\/2024\\\/10\\\/Pre.jpg\",\"datePublished\":\"2024-10-14T12:11:43+00:00\",\"dateModified\":\"2024-10-14T12:38:35+00:00\",\"author\":{\"@id\":\"https:\\\/\\\/macite.tg\\\/#\\\/schema\\\/person\\\/e9f2de7e5dbbe7770a9402c7ce82f5c2\"},\"breadcrumb\":{\"@id\":\"https:\\\/\\\/macite.tg\\\/?p=17218#breadcrumb\"},\"inLanguage\":\"fr-FR\",\"potentialAction\":[{\"@type\":\"ReadAction\",\"target\":[\"https:\\\/\\\/macite.tg\\\/?p=17218\"]}]},{\"@type\":\"ImageObject\",\"inLanguage\":\"fr-FR\",\"@id\":\"https:\\\/\\\/macite.tg\\\/?p=17218#primaryimage\",\"url\":\"https:\\\/\\\/macite.tg\\\/wp-content\\\/uploads\\\/2024\\\/10\\\/Pre.jpg\",\"contentUrl\":\"https:\\\/\\\/macite.tg\\\/wp-content\\\/uploads\\\/2024\\\/10\\\/Pre.jpg\",\"width\":500,\"height\":270,\"caption\":\"Feu Pr\u00e9 Simf\u00e9itch\u00e9ou\"},{\"@type\":\"BreadcrumbList\",\"@id\":\"https:\\\/\\\/macite.tg\\\/?p=17218#breadcrumb\",\"itemListElement\":[{\"@type\":\"ListItem\",\"position\":1,\"name\":\"Accueil\",\"item\":\"https:\\\/\\\/macite.tg\\\/\"},{\"@type\":\"ListItem\",\"position\":2,\"name\":\"DECES DU MINISTRE PRE: Dr Sandra Ablamba Johnson rend hommage \u00e0 cet homme \u00ab\u00a0de rigueur, de discipline et surtout de d\u00e9vouement total envers notre pays\u00a0\u00bb\"}]},{\"@type\":\"WebSite\",\"@id\":\"https:\\\/\\\/macite.tg\\\/#website\",\"url\":\"https:\\\/\\\/macite.tg\\\/\",\"name\":\"\",\"description\":\"L&#039;information, la bonne!!!\",\"potentialAction\":[{\"@type\":\"SearchAction\",\"target\":{\"@type\":\"EntryPoint\",\"urlTemplate\":\"https:\\\/\\\/macite.tg\\\/?s={search_term_string}\"},\"query-input\":{\"@type\":\"PropertyValueSpecification\",\"valueRequired\":true,\"valueName\":\"search_term_string\"}}],\"inLanguage\":\"fr-FR\"},{\"@type\":\"Person\",\"@id\":\"https:\\\/\\\/macite.tg\\\/#\\\/schema\\\/person\\\/e9f2de7e5dbbe7770a9402c7ce82f5c2\",\"name\":\"Jean Pierre BAWELA\",\"image\":{\"@type\":\"ImageObject\",\"inLanguage\":\"fr-FR\",\"@id\":\"https:\\\/\\\/macite.tg\\\/wp-content\\\/uploads\\\/2023\\\/09\\\/WhatsApp-Image-2023-09-19-at-14.44.41-122x122.jpeg\",\"url\":\"https:\\\/\\\/macite.tg\\\/wp-content\\\/uploads\\\/2023\\\/09\\\/WhatsApp-Image-2023-09-19-at-14.44.41-122x122.jpeg\",\"contentUrl\":\"https:\\\/\\\/macite.tg\\\/wp-content\\\/uploads\\\/2023\\\/09\\\/WhatsApp-Image-2023-09-19-at-14.44.41-122x122.jpeg\",\"caption\":\"Jean Pierre BAWELA\"},\"url\":\"https:\\\/\\\/macite.tg\\\/?author=2\"}]}<\/script>\n<!-- \/ Yoast SEO plugin. -->","yoast_head_json":{"title":"DECES DU MINISTRE PRE: Dr Sandra Ablamba Johnson rend hommage \u00e0 cet homme \u00ab\u00a0de rigueur, de discipline et surtout de d\u00e9vouement total envers notre pays\u00a0\u00bb -","robots":{"index":"index","follow":"follow","max-snippet":"max-snippet:-1","max-image-preview":"max-image-preview:large","max-video-preview":"max-video-preview:-1"},"canonical":"https:\/\/macite.tg\/?p=17218","og_locale":"fr_FR","og_type":"article","og_title":"DECES DU MINISTRE PRE: Dr Sandra Ablamba Johnson rend hommage \u00e0 cet homme \u00ab\u00a0de rigueur, de discipline et surtout de d\u00e9vouement total envers notre pays\u00a0\u00bb -","og_description":"L\u2019ex\u00e9cutif togolais a perdu, depuis dimanche 06 octobre dernier, un de ses maillons essentiels. En effet, le gouvernement togolais a perdu Pr\u00e9 Simf\u00e9itch\u00e9ou, ministre, Conseiller \u00e0 la Pr\u00e9sidence de la R\u00e9publique, des suites d\u2019une maladie. Pr\u00e9 Simf\u00e9itch\u00e9ou aurait occup\u00e9 plusieurs postes, notamment ministre de la [&hellip;]","og_url":"https:\/\/macite.tg\/?p=17218","article_published_time":"2024-10-14T12:11:43+00:00","article_modified_time":"2024-10-14T12:38:35+00:00","og_image":[{"width":500,"height":270,"url":"https:\/\/macite.tg\/wp-content\/uploads\/2024\/10\/Pre.jpg","type":"image\/jpeg"}],"author":"Jean Pierre BAWELA","twitter_card":"summary_large_image","twitter_misc":{"\u00c9crit par":"Jean Pierre BAWELA","Dur\u00e9e de lecture estim\u00e9e":"2 minutes"},"schema":{"@context":"https:\/\/schema.org","@graph":[{"@type":"Article","@id":"https:\/\/macite.tg\/?p=17218#article","isPartOf":{"@id":"https:\/\/macite.tg\/?p=17218"},"author":{"name":"Jean Pierre BAWELA","@id":"https:\/\/macite.tg\/#\/schema\/person\/e9f2de7e5dbbe7770a9402c7ce82f5c2"},"headline":"DECES DU MINISTRE PRE: Dr Sandra Ablamba Johnson rend hommage \u00e0 cet homme \u00ab\u00a0de rigueur, de discipline et surtout de d\u00e9vouement total envers notre pays\u00a0\u00bb","datePublished":"2024-10-14T12:11:43+00:00","dateModified":"2024-10-14T12:38:35+00:00","mainEntityOfPage":{"@id":"https:\/\/macite.tg\/?p=17218"},"wordCount":371,"commentCount":0,"image":{"@id":"https:\/\/macite.tg\/?p=17218#primaryimage"},"thumbnailUrl":"https:\/\/macite.tg\/wp-content\/uploads\/2024\/10\/Pre.jpg","articleSection":["ACTUALITE","HOMMAGE"],"inLanguage":"fr-FR","potentialAction":[{"@type":"CommentAction","name":"Comment","target":["https:\/\/macite.tg\/?p=17218#respond"]}]},{"@type":"WebPage","@id":"https:\/\/macite.tg\/?p=17218","url":"https:\/\/macite.tg\/?p=17218","name":"DECES DU MINISTRE PRE: Dr Sandra Ablamba Johnson rend hommage \u00e0 cet homme \u00ab\u00a0de rigueur, de discipline et surtout de d\u00e9vouement total envers notre pays\u00a0\u00bb -","isPartOf":{"@id":"https:\/\/macite.tg\/#website"},"primaryImageOfPage":{"@id":"https:\/\/macite.tg\/?p=17218#primaryimage"},"image":{"@id":"https:\/\/macite.tg\/?p=17218#primaryimage"},"thumbnailUrl":"https:\/\/macite.tg\/wp-content\/uploads\/2024\/10\/Pre.jpg","datePublished":"2024-10-14T12:11:43+00:00","dateModified":"2024-10-14T12:38:35+00:00","author":{"@id":"https:\/\/macite.tg\/#\/schema\/person\/e9f2de7e5dbbe7770a9402c7ce82f5c2"},"breadcrumb":{"@id":"https:\/\/macite.tg\/?p=17218#breadcrumb"},"inLanguage":"fr-FR","potentialAction":[{"@type":"ReadAction","target":["https:\/\/macite.tg\/?p=17218"]}]},{"@type":"ImageObject","inLanguage":"fr-FR","@id":"https:\/\/macite.tg\/?p=17218#primaryimage","url":"https:\/\/macite.tg\/wp-content\/uploads\/2024\/10\/Pre.jpg","contentUrl":"https:\/\/macite.tg\/wp-content\/uploads\/2024\/10\/Pre.jpg","width":500,"height":270,"caption":"Feu Pr\u00e9 Simf\u00e9itch\u00e9ou"},{"@type":"BreadcrumbList","@id":"https:\/\/macite.tg\/?p=17218#breadcrumb","itemListElement":[{"@type":"ListItem","position":1,"name":"Accueil","item":"https:\/\/macite.tg\/"},{"@type":"ListItem","position":2,"name":"DECES DU MINISTRE PRE: Dr Sandra Ablamba Johnson rend hommage \u00e0 cet homme \u00ab\u00a0de rigueur, de discipline et surtout de d\u00e9vouement total envers notre pays\u00a0\u00bb"}]},{"@type":"WebSite","@id":"https:\/\/macite.tg\/#website","url":"https:\/\/macite.tg\/","name":"","description":"L&#039;information, la bonne!!!","potentialAction":[{"@type":"SearchAction","target":{"@type":"EntryPoint","urlTemplate":"https:\/\/macite.tg\/?s={search_term_string}"},"query-input":{"@type":"PropertyValueSpecification","valueRequired":true,"valueName":"search_term_string"}}],"inLanguage":"fr-FR"},{"@type":"Person","@id":"https:\/\/macite.tg\/#\/schema\/person\/e9f2de7e5dbbe7770a9402c7ce82f5c2","name":"Jean Pierre BAWELA","image":{"@type":"ImageObject","inLanguage":"fr-FR","@id":"https:\/\/macite.tg\/wp-content\/uploads\/2023\/09\/WhatsApp-Image-2023-09-19-at-14.44.41-122x122.jpeg","url":"https:\/\/macite.tg\/wp-content\/uploads\/2023\/09\/WhatsApp-Image-2023-09-19-at-14.44.41-122x122.jpeg","contentUrl":"https:\/\/macite.tg\/wp-content\/uploads\/2023\/09\/WhatsApp-Image-2023-09-19-at-14.44.41-122x122.jpeg","caption":"Jean Pierre BAWELA"},"url":"https:\/\/macite.tg\/?author=2"}]}},"_links":{"self":[{"href":"https:\/\/macite.tg\/index.php?rest_route=\/wp\/v2\/posts\/17218","targetHints":{"allow":["GET"]}}],"collection":[{"href":"https:\/\/macite.tg\/index.php?rest_route=\/wp\/v2\/posts"}],"about":[{"href":"https:\/\/macite.tg\/index.php?rest_route=\/wp\/v2\/types\/post"}],"author":[{"embeddable":true,"href":"https:\/\/macite.tg\/index.php?rest_route=\/wp\/v2\/users\/2"}],"replies":[{"embeddable":true,"href":"https:\/\/macite.tg\/index.php?rest_route=%2Fwp%2Fv2%2Fcomments&post=17218"}],"version-history":[{"count":0,"href":"https:\/\/macite.tg\/index.php?rest_route=\/wp\/v2\/posts\/17218\/revisions"}],"wp:featuredmedia":[{"embeddable":true,"href":"https:\/\/macite.tg\/index.php?rest_route=\/wp\/v2\/media\/17219"}],"wp:attachment":[{"href":"https:\/\/macite.tg\/index.php?rest_route=%2Fwp%2Fv2%2Fmedia&parent=17218"}],"wp:term":[{"taxonomy":"category","embeddable":true,"href":"https:\/\/macite.tg\/index.php?rest_route=%2Fwp%2Fv2%2Fcategories&post=17218"},{"taxonomy":"post_tag","embeddable":true,"href":"https:\/\/macite.tg\/index.php?rest_route=%2Fwp%2Fv2%2Ftags&post=17218"}],"curies":[{"name":"wp","href":"https:\/\/api.w.org\/{rel}","templated":true}]}}