{"id":17202,"date":"2024-10-13T14:58:52","date_gmt":"2024-10-13T14:58:52","guid":{"rendered":"https:\/\/macite.tg\/?p=17202"},"modified":"2024-10-13T17:37:52","modified_gmt":"2024-10-13T17:37:52","slug":"__trashed-18","status":"publish","type":"post","link":"https:\/\/macite.tg\/?p=17202","title":{"rendered":"MAROC\/OUVERTURE DE LA 1ERE SESSION D\u2019AUTOMNE\u00a0: Le dossier du Sahara, la fermet\u00e9 et la proactivit\u00e9, Sa gratitude \u00e0 la France, \u2026 Retour sur le discours Sa Majest\u00e9 le Roi devant les parlementaires"},"content":{"rendered":"\n<p class=\"wp-block-paragraph\"><strong><em>Le vendredi 11 octobre dernier, Sa Majest\u00e9 le Roi Mohammed VI, que Dieu Le glorifie, S\u2019est exprim\u00e9 en ouverture de la 1<sup>\u00e8re<\/sup> session de la 4<sup>\u00e8me<\/sup> ann\u00e9e l\u00e9gislative de la 1<sup>\u00e8re<\/sup> L\u00e9gislature. \u00a0Devant les parlementaires du Royaume du Maroc, le Souverain est longuement revenu sur le dossier du Sahara, qui, selon Lui, devrait passer \u00e0 une nouvelle \u00e9tape gr\u00e2ce aux \u00ab\u00a0r\u00e9sultats tangibles de la d\u00e9marche Royale\u00a0\u00bb, mais aussi \u00e0 une nouvelle dynamique de changement \u00e0 l\u2019international, et au \u00ab\u00a0soutien franc et sinc\u00e8re\u00a0\u00bb d\u2019une multitude de partenaires strat\u00e9giques \u00e9trangers au rang desquels la France\u2026<\/em><\/strong><\/p>\n\n\n\n<p class=\"wp-block-paragraph\">Devant les parlementaires, vendredi 11 octobre dernier, \u00e0 l\u2019occasion de l\u2019ouverture de la 1<sup>\u00e8re<\/sup> session de la 4<sup>\u00e8me<\/sup> ann\u00e9e l\u00e9gislative de la 11<sup>\u00e8me<\/sup> L\u00e9gislature, le Souverain, accompagn\u00e9 de Sar Sara le Prince H\u00e9ritier Moulay El Hassan et de Sar le Prince Moulay Rachid, a d\u00e9clin\u00e9 la nouvelle D\u00e9marche Royale vis-\u00e0-vis des questions strat\u00e9giques concernant le Royaume. Une D\u00e9marche qui porte essentielle sur les <em>\u00ab&nbsp;derniers d\u00e9veloppements de l\u2019affaire du Sahara Marocain, consid\u00e9r\u00e9e par tous les Marocains comme leur premi\u00e8re Cause nationale \u00bb.<\/em><\/p>\n\n\n\n<p class=\"wp-block-paragraph\">Tout en faisant \u00e9tat d\u2019une Nouvelle Dynamique Royale qui a pris en compte tous les volets de la question du Sahara (d\u00e9veloppement social, \u00e9conomique et culturel, socle de la communication et d\u2019\u00e9change entre le Maroc et sa profondeur), Sa Majest\u00e9 le Roi note qu\u2019il \u00e9tait temps de rompre avec <em>\u00ab&nbsp;l\u2019approche r\u00e9active&nbsp;\u00bb, <\/em>pour une<em> \u00ab&nbsp;logique d\u2019initiative, de fermet\u00e9 et de proactivit\u00e9&nbsp;\u00bb.<\/em><\/p>\n\n\n<div class=\"wp-block-image\">\n<figure class=\"aligncenter size-large is-resized\"><img loading=\"lazy\" decoding=\"async\" src=\"https:\/\/macite.tg\/wp-content\/uploads\/2024\/10\/214fc1c3-6c7d-4e49-9063-8d70e825b678-780x1024.jpg\" alt=\"\" class=\"wp-image-17116\" width=\"430\" height=\"565\" srcset=\"https:\/\/macite.tg\/wp-content\/uploads\/2024\/10\/214fc1c3-6c7d-4e49-9063-8d70e825b678-780x1024.jpg 780w, https:\/\/macite.tg\/wp-content\/uploads\/2024\/10\/214fc1c3-6c7d-4e49-9063-8d70e825b678-229x300.jpg 229w, https:\/\/macite.tg\/wp-content\/uploads\/2024\/10\/214fc1c3-6c7d-4e49-9063-8d70e825b678-768x1008.jpg 768w, https:\/\/macite.tg\/wp-content\/uploads\/2024\/10\/214fc1c3-6c7d-4e49-9063-8d70e825b678.jpg 823w\" sizes=\"auto, (max-width: 430px) 100vw, 430px\" \/><\/figure>\n<\/div>\n\n\n<p class=\"wp-block-paragraph\"><em>\u00ab&nbsp;S\u2019agissant de la question de notre int\u00e9grit\u00e9 territoriale, J\u2019avais affirm\u00e9, d\u00e8s Mon Accession au Tr\u00f4ne, notre ferme intention de passer de la phase de gestion proprement dite \u00e0 une dynamique de changement se d\u00e9ployant \u00e0 l\u2019int\u00e9rieur comme \u00e0 l\u2019ext\u00e9rieur et couvrant tous les volets du dossier.<\/em><\/p>\n\n\n\n<p class=\"wp-block-paragraph\"><em>En la mati\u00e8re, J\u2019avais \u00e9galement appel\u00e9 \u00e0 sortir de l\u2019approche purement r\u00e9active en faveur d\u2019une logique de prise d\u2019initiative, de fermet\u00e9 et de proactivit\u00e9&nbsp;\u00bb,<\/em> a indiqu\u00e9 Sa Majest\u00e9, avant de faire remarquer qu\u2019apr\u00e8s plusieurs ann\u00e9es pass\u00e9es pour <em>\u00ab&nbsp;faire valoir nos droits historiques l\u00e9gitimes sur notre Sahara&nbsp;\u00bb,<\/em> ceci en d\u00e9pit d\u2019un contexte international <em>\u00ab&nbsp;difficile et complexe<\/em>&nbsp;\u00bb, l\u2019approche royale, bas\u00e9e sur une vision claire et constante, qui guide l\u2019action du Royaume, a port\u00e9e des fruits.&nbsp;<\/p>\n\n\n\n<p class=\"wp-block-paragraph\"><em>\u00ab&nbsp;Aujourd\u2019hui, Dieu soit lou\u00e9, la V\u00e9rit\u00e9, qui finit toujours par supplanter toute autre consid\u00e9ration, s\u2019est r\u00e9v\u00e9l\u00e9e avec \u00e9clat car les Causes justes triomphent in\u00e9vitablement&nbsp;\u00bb,<\/em> a dit le Souverain, ajoutant ainsi que l\u2019entit\u00e9 s\u00e9paratiste s\u2019effrite \u00e0 l\u2019internationale car, 85% de la communaut\u00e9 internationale, soit 164 pays sur les 193 Etats membres de l\u2019Onu, ne reconnaissent pas cette entit\u00e9 fantoche. Dans le m\u00eame temps, 112 pays au monde, dont pr\u00e8s des \u00be de pays africains, et la majorit\u00e9 des pays membres de l\u2019Union europ\u00e9enne soutiennent l\u2019initiative d\u2019autonomie sous souverainet\u00e9 marocaine, pendant que 28 pays et une organisation r\u00e9gionale, notamment l\u2019Organisation&nbsp;des&nbsp;\u00c9tats&nbsp;de la Cara\u00efbe Orientale (Oeco) ont ouvert des Consulats g\u00e9n\u00e9raux \u00e0 Laayoune er Dakhla, en soutien \u00e0 la souverainet\u00e9 du Royaume sur ses territoires du Sud.<\/p>\n\n\n\n<p class=\"wp-block-paragraph\">Face \u00e0 cette expression de reconnaissance de la marocanit\u00e9 du Sahara \u00e0 l\u2019\u00e9chelle mondiale, l\u2019exemple de la France sur cette question, a particuli\u00e8rement retenu l\u2019attention de SA Majest\u00e9 le Roi Mohammed VI, que Dieu L\u2019assiste. &nbsp;La France, tout comme les Etats-Unis, pays membres permanents au Conseil de S\u00e9curit\u00e9, acteurs influents de la sc\u00e8ne internationale&nbsp;ayant une <em>\u00ab&nbsp;connaissance pointue de la nature et des soubassements de ce conflit r\u00e9gional&nbsp;\u00bb,<\/em> il faut le rappeler,soutiennent<em> \u00ab&nbsp;la souverainet\u00e9 du Maroc sur l\u2019ensemble du territoire du Sahara et qui appuie l\u2019Initiative d\u2019autonomie dans le cadre de l\u2019int\u00e9grit\u00e9 territoriale marocaine, comme seule base pour le r\u00e8glement de ce conflit r\u00e9gional artificiel&nbsp;\u00bb.<\/em><\/p>\n\n\n<div class=\"wp-block-image\">\n<figure class=\"aligncenter size-large is-resized\"><img loading=\"lazy\" decoding=\"async\" src=\"https:\/\/macite.tg\/wp-content\/uploads\/2024\/10\/91a7f843-3ed3-4b63-a0c4-589fa9e06d48-780x1024.jpg\" alt=\"\" class=\"wp-image-17115\" width=\"474\" height=\"622\" srcset=\"https:\/\/macite.tg\/wp-content\/uploads\/2024\/10\/91a7f843-3ed3-4b63-a0c4-589fa9e06d48-780x1024.jpg 780w, https:\/\/macite.tg\/wp-content\/uploads\/2024\/10\/91a7f843-3ed3-4b63-a0c4-589fa9e06d48-229x300.jpg 229w, https:\/\/macite.tg\/wp-content\/uploads\/2024\/10\/91a7f843-3ed3-4b63-a0c4-589fa9e06d48-768x1008.jpg 768w, https:\/\/macite.tg\/wp-content\/uploads\/2024\/10\/91a7f843-3ed3-4b63-a0c4-589fa9e06d48.jpg 823w\" sizes=\"auto, (max-width: 474px) 100vw, 474px\" \/><\/figure>\n<\/div>\n\n\n<p class=\"wp-block-paragraph\">Face \u00e0 cette \u00e9volution positive de la position de la France, qui fait pr\u00e9valoir le bon droit et la l\u00e9gitimit\u00e9 par la reconnaissance des droits historiques du Maroc, le Souverain a saisi l\u2019occasion pour exprimer, en son Nom et au nom du peuple marocain, Ses <em>\u00ab&nbsp;plus vifs remerciements et profonde gratitude \u00e0 la France et \u00e0 Son Excellence le Pr\u00e9sident Emmanuel Macron pour ce soutien franc \u00e0 la Marocanit\u00e9 du Sahara&nbsp;\u00bb. <\/em>Cette position vient ainsi en appoint aux efforts d\u00e9ploy\u00e9s par les Nations Unies dans ce dossier, afin de parvenir \u00e0 une solution d\u00e9finitive.<\/p>\n\n\n\n<p class=\"wp-block-paragraph\">A cela, il faut \u00e9galement ajouter la dynamique internationale \u00e9largie de soutien \u00e0 l\u2019initiative d\u2019autonomie pr\u00e9sent\u00e9e par le Maroc, touche tous les continents et toutes les r\u00e9gions du monde, notamment l\u2019Europe du Sud, les pays Nordiques, l\u2019Europe centrale, de l\u2019Ouest et de l\u2019Est, le monde arabe hormis l\u2019Alg\u00e9rie, le continent africain (Afrique de l\u2019Ouest, de l\u2019Est, Centrale et Australe), l\u2019Am\u00e9rique du Nord et du Sud, et l\u2019Asie sans oublier la Russie.<\/p>\n\n\n\n<p class=\"wp-block-paragraph\">Ces pays partenaires et amis, soutiens de la \u2018\u2019Cause du Maroc\u2019\u2019, accompagnent rabat, pour la plupart, dans des projets de d\u00e9veloppement socio-\u00e9conomiques et culturels des Provinces du sud du Royaume, ceci au titre de <em>\u00ab&nbsp;partie int\u00e9grante du territoire national&nbsp;\u00bb<\/em> marocain. D\u2019ailleurs, <em>\u00ab&nbsp;le Sahara marocain au c\u0153ur des initiatives continentales strat\u00e9giques que Nous avons lanc\u00e9es, comme le projet de gazoduc Maroc-Nigeria et le Processus des Etats Atlantiques Africains, ainsi que l\u2019Initiative engag\u00e9e pour favoriser l\u2019acc\u00e8s des pays du Sahel \u00e0 l\u2019Oc\u00e9an Atlantique&nbsp;\u00bb,<\/em> a soulign\u00e9 Sa Majest\u00e9. &nbsp;<\/p>\n\n\n<div class=\"wp-block-image\">\n<figure class=\"aligncenter size-large is-resized\"><img loading=\"lazy\" decoding=\"async\" src=\"https:\/\/macite.tg\/wp-content\/uploads\/2024\/10\/2c0ec07f-e0c0-4480-aa1a-17ba964889b8-721x1024.jpg\" alt=\"\" class=\"wp-image-17114\" width=\"439\" height=\"623\" srcset=\"https:\/\/macite.tg\/wp-content\/uploads\/2024\/10\/2c0ec07f-e0c0-4480-aa1a-17ba964889b8-721x1024.jpg 721w, https:\/\/macite.tg\/wp-content\/uploads\/2024\/10\/2c0ec07f-e0c0-4480-aa1a-17ba964889b8-211x300.jpg 211w, https:\/\/macite.tg\/wp-content\/uploads\/2024\/10\/2c0ec07f-e0c0-4480-aa1a-17ba964889b8.jpg 760w\" sizes=\"auto, (max-width: 439px) 100vw, 439px\" \/><\/figure>\n<\/div>\n\n\n<p class=\"wp-block-paragraph\">Malgr\u00e9 ces acquis, il convient de rester mobilis\u00e9 et vigilent pour <em>\u00ab&nbsp;conforter durablement la position&nbsp;\u00bb<\/em> du Royaume. Ceci implique qu\u2019il faille expliquer <em>\u00ab&nbsp;les fondamentaux de la position du Maroc&nbsp;(\u2026) au petit nombre de pays qui continuent de prendre \u00e0 contre-pied la logique du droit et de d\u00e9nier les faits de l\u2019Histoire. Corr\u00e9lativement, il faut s\u2019employer \u00e0 les convaincre de la l\u00e9gitimit\u00e9 de la Marocanit\u00e9 du Sahara \u00e0 grand renfort de preuves et d\u2019arguments juridiques, politiques, historiques et spirituels&nbsp;\u00bb, <\/em>note le Souverain.<\/p>\n\n\n\n<p class=\"wp-block-paragraph\">Cela fait appel \u00e0 toutes les forces vives de la nation mais aussi une <em>\u00ab&nbsp;mutualisation des efforts de toutes les institutions et instances nationales officielles, partisanes et civiles et de renforcer leur coordination, de mani\u00e8re \u00e0 conf\u00e9rer l\u2019efficacit\u00e9 n\u00e9cessaire \u00e0 leur action et \u00e0 leurs mobilisations&nbsp;\u00bb, <\/em>appelant du coup, les parlementaires \u00e0 faire feu de tout bois pour <em>\u00ab&nbsp;recueillir davantage de reconnaissances en faveur de la Marocanit\u00e9 du Sahara et pour \u00e9largir l\u2019appui \u00e0 l\u2019Initiative d\u2019autonomie, en tant que seule solution \u00e0 ce conflit r\u00e9gional&nbsp;\u00bb.<\/em><\/p>\n\n\n\n<p class=\"wp-block-paragraph\">Sa Majest\u00e9 fait ainsi appel \u00e0 l\u2019\u00e9lan de <em>\u00ab&nbsp;solidarit\u00e9 de l\u2019ensemble des Marocains&nbsp;\u00bb<\/em> dans l\u2019optique de <em>\u00ab&nbsp;consolider l\u2019unit\u00e9 nationale et l\u2019int\u00e9grit\u00e9 territoriale&nbsp;\u00bb<\/em>, \u00ab<em>&nbsp;d\u00e9fendre les int\u00e9r\u00eats l\u00e9gitimes de leur Patrie et d\u00e9jouer les machinations des ennemis&nbsp;\u00bb, <\/em>et clore ainsi ce dossier. Le Souverain a, \u00e0 cet effet, remerci\u00e9 et exprim\u00e9 Sa <em>\u00ab&nbsp;consid\u00e9ration \u00e0 nos fils du Sahara pour leur loyaut\u00e9 ind\u00e9fectible \u00e0 l\u2019\u00e9gard de leur patrie, leur attachement in\u00e9branlable \u00e0 leurs symboles sacr\u00e9s, religieux et nationaux et pour leurs sacrifices en vue de pr\u00e9server l\u2019int\u00e9grit\u00e9 territoriale du Royaume et sa stabilit\u00e9&nbsp;\u00bb.<\/em><\/p>\n\n\n<div class=\"wp-block-image\">\n<figure class=\"aligncenter size-full is-resized\"><img loading=\"lazy\" decoding=\"async\" src=\"https:\/\/macite.tg\/wp-content\/uploads\/2024\/10\/image-31.png\" alt=\"\" class=\"wp-image-17137\" width=\"526\" height=\"526\" srcset=\"https:\/\/macite.tg\/wp-content\/uploads\/2024\/10\/image-31.png 526w, https:\/\/macite.tg\/wp-content\/uploads\/2024\/10\/image-31-300x300.png 300w, https:\/\/macite.tg\/wp-content\/uploads\/2024\/10\/image-31-150x150.png 150w, https:\/\/macite.tg\/wp-content\/uploads\/2024\/10\/image-31-122x122.png 122w\" sizes=\"auto, (max-width: 526px) 100vw, 526px\" \/><\/figure>\n<\/div>\n\n\n<p class=\"wp-block-paragraph\">Sa Majest\u00e9 le Roi a, pour conclure, r\u00e9affirm\u00e9 que le Royaume <em>\u00ab&nbsp;restera constamment ferme sur sa position et fid\u00e8le \u00e0 l\u2019esprit d\u2019ouverture sur son environnement maghr\u00e9bin et r\u00e9gional, contribuant ainsi au d\u00e9veloppement commun des peuples de la r\u00e9gion, \u00e0 leur s\u00e9curit\u00e9 et \u00e0 leur stabilit\u00e9&nbsp;\u00bb.<\/em><\/p>\n\n\n\n<p class=\"wp-block-paragraph\"><strong>MC<\/strong><\/p>\n\n\n\n<p class=\"wp-block-paragraph\"><a><strong><em>@macite.tg&nbsp;&nbsp;&nbsp;&nbsp;&nbsp;&nbsp;&nbsp;&nbsp;<\/em><\/strong><\/a><\/p>\n\n\n\n<p class=\"wp-block-paragraph\"><strong><em>E-mail&nbsp;: <\/em><\/strong><a href=\"mailto:maciteinfo@gmail.com\"><strong><em>maciteinfo@gmail.com<\/em><\/strong><\/a><strong><em>; <\/em><\/strong><a href=\"mailto:bawela1@gmail.com\"><strong><em>bawela1@gmail.com<\/em><\/strong><\/a><strong><em><\/em><\/strong><\/p>\n\n\n\n<p class=\"wp-block-paragraph\"><strong><em>Pour vos annonces, (publi)reportages, etc., joignez-nous au (00228)91515309\/<strong>79872224 <\/strong>www.macite.tg, L\u2019information, la bonne&nbsp;!<\/em><\/strong><\/p>\n\n\n\n<p class=\"wp-block-paragraph\"><\/p>\n","protected":false},"excerpt":{"rendered":"<p class=\"text-justify mb-2\" >Le vendredi 11 octobre dernier, Sa Majest\u00e9 le Roi Mohammed VI, que Dieu Le glorifie, S\u2019est exprim\u00e9 en ouverture de la 1\u00e8re session de la 4\u00e8me ann\u00e9e l\u00e9gislative de la 1\u00e8re L\u00e9gislature. \u00a0Devant les parlementaires du Royaume du Maroc, le Souverain est longuement revenu sur [&hellip;]<\/p>\n","protected":false},"author":2,"featured_media":17208,"comment_status":"open","ping_status":"open","sticky":false,"template":"","format":"standard","meta":{"footnotes":""},"categories":[20,1],"tags":[],"class_list":["post-17202","post","type-post","status-publish","format-standard","has-post-thumbnail","hentry","category-actualite","category-politique"],"yoast_head":"<!-- This site is optimized with the Yoast SEO plugin v28.4 - https:\/\/yoast.com\/product\/yoast-seo-wordpress\/ -->\n<title>MAROC\/OUVERTURE DE LA 1ERE SESSION D\u2019AUTOMNE\u00a0: Le dossier du Sahara, la fermet\u00e9 et la proactivit\u00e9, Sa gratitude \u00e0 la France, \u2026 Retour sur le discours Sa Majest\u00e9 le Roi devant les parlementaires -<\/title>\n<meta name=\"robots\" content=\"index, follow, max-snippet:-1, max-image-preview:large, max-video-preview:-1\" \/>\n<link rel=\"canonical\" href=\"https:\/\/macite.tg\/?p=17202\" \/>\n<meta property=\"og:locale\" content=\"fr_FR\" \/>\n<meta property=\"og:type\" content=\"article\" \/>\n<meta property=\"og:title\" content=\"MAROC\/OUVERTURE DE LA 1ERE SESSION D\u2019AUTOMNE\u00a0: Le dossier du Sahara, la fermet\u00e9 et la proactivit\u00e9, Sa gratitude \u00e0 la France, \u2026 Retour sur le discours Sa Majest\u00e9 le Roi devant les parlementaires -\" \/>\n<meta property=\"og:description\" content=\"Le vendredi 11 octobre dernier, Sa Majest\u00e9 le Roi Mohammed VI, que Dieu Le glorifie, S\u2019est exprim\u00e9 en ouverture de la 1\u00e8re session de la 4\u00e8me ann\u00e9e l\u00e9gislative de la 1\u00e8re L\u00e9gislature. \u00a0Devant les parlementaires du Royaume du Maroc, le Souverain est longuement revenu sur [&hellip;]\" \/>\n<meta property=\"og:url\" content=\"https:\/\/macite.tg\/?p=17202\" \/>\n<meta property=\"article:published_time\" content=\"2024-10-13T14:58:52+00:00\" \/>\n<meta property=\"article:modified_time\" content=\"2024-10-13T17:37:52+00:00\" \/>\n<meta property=\"og:image\" content=\"https:\/\/macite.tg\/wp-content\/uploads\/2024\/10\/cfd734f5-ef27-488a-8f1b-ed66414c1813.jpg\" \/>\n\t<meta property=\"og:image:width\" content=\"180\" \/>\n\t<meta property=\"og:image:height\" content=\"280\" \/>\n\t<meta property=\"og:image:type\" content=\"image\/jpeg\" \/>\n<meta name=\"author\" content=\"Jean Pierre BAWELA\" \/>\n<meta name=\"twitter:card\" content=\"summary_large_image\" \/>\n<meta name=\"twitter:label1\" content=\"\u00c9crit par\" \/>\n\t<meta name=\"twitter:data1\" content=\"Jean Pierre BAWELA\" \/>\n\t<meta name=\"twitter:label2\" content=\"Dur\u00e9e de lecture estim\u00e9e\" \/>\n\t<meta name=\"twitter:data2\" content=\"7 minutes\" \/>\n<script type=\"application\/ld+json\" class=\"yoast-schema-graph\">{\"@context\":\"https:\\\/\\\/schema.org\",\"@graph\":[{\"@type\":\"Article\",\"@id\":\"https:\\\/\\\/macite.tg\\\/?p=17202#article\",\"isPartOf\":{\"@id\":\"https:\\\/\\\/macite.tg\\\/?p=17202\"},\"author\":{\"name\":\"Jean Pierre BAWELA\",\"@id\":\"https:\\\/\\\/macite.tg\\\/#\\\/schema\\\/person\\\/e9f2de7e5dbbe7770a9402c7ce82f5c2\"},\"headline\":\"MAROC\\\/OUVERTURE DE LA 1ERE SESSION D\u2019AUTOMNE\u00a0: Le dossier du Sahara, la fermet\u00e9 et la proactivit\u00e9, Sa gratitude \u00e0 la France, \u2026 Retour sur le discours Sa Majest\u00e9 le Roi devant les parlementaires\",\"datePublished\":\"2024-10-13T14:58:52+00:00\",\"dateModified\":\"2024-10-13T17:37:52+00:00\",\"mainEntityOfPage\":{\"@id\":\"https:\\\/\\\/macite.tg\\\/?p=17202\"},\"wordCount\":1384,\"commentCount\":0,\"image\":{\"@id\":\"https:\\\/\\\/macite.tg\\\/?p=17202#primaryimage\"},\"thumbnailUrl\":\"https:\\\/\\\/macite.tg\\\/wp-content\\\/uploads\\\/2024\\\/10\\\/cfd734f5-ef27-488a-8f1b-ed66414c1813.jpg\",\"articleSection\":[\"ACTUALITE\",\"POLITIQUE\"],\"inLanguage\":\"fr-FR\",\"potentialAction\":[{\"@type\":\"CommentAction\",\"name\":\"Comment\",\"target\":[\"https:\\\/\\\/macite.tg\\\/?p=17202#respond\"]}]},{\"@type\":\"WebPage\",\"@id\":\"https:\\\/\\\/macite.tg\\\/?p=17202\",\"url\":\"https:\\\/\\\/macite.tg\\\/?p=17202\",\"name\":\"MAROC\\\/OUVERTURE DE LA 1ERE SESSION D\u2019AUTOMNE\u00a0: Le dossier du Sahara, la fermet\u00e9 et la proactivit\u00e9, Sa gratitude \u00e0 la France, \u2026 Retour sur le discours Sa Majest\u00e9 le Roi devant les parlementaires -\",\"isPartOf\":{\"@id\":\"https:\\\/\\\/macite.tg\\\/#website\"},\"primaryImageOfPage\":{\"@id\":\"https:\\\/\\\/macite.tg\\\/?p=17202#primaryimage\"},\"image\":{\"@id\":\"https:\\\/\\\/macite.tg\\\/?p=17202#primaryimage\"},\"thumbnailUrl\":\"https:\\\/\\\/macite.tg\\\/wp-content\\\/uploads\\\/2024\\\/10\\\/cfd734f5-ef27-488a-8f1b-ed66414c1813.jpg\",\"datePublished\":\"2024-10-13T14:58:52+00:00\",\"dateModified\":\"2024-10-13T17:37:52+00:00\",\"author\":{\"@id\":\"https:\\\/\\\/macite.tg\\\/#\\\/schema\\\/person\\\/e9f2de7e5dbbe7770a9402c7ce82f5c2\"},\"breadcrumb\":{\"@id\":\"https:\\\/\\\/macite.tg\\\/?p=17202#breadcrumb\"},\"inLanguage\":\"fr-FR\",\"potentialAction\":[{\"@type\":\"ReadAction\",\"target\":[\"https:\\\/\\\/macite.tg\\\/?p=17202\"]}]},{\"@type\":\"ImageObject\",\"inLanguage\":\"fr-FR\",\"@id\":\"https:\\\/\\\/macite.tg\\\/?p=17202#primaryimage\",\"url\":\"https:\\\/\\\/macite.tg\\\/wp-content\\\/uploads\\\/2024\\\/10\\\/cfd734f5-ef27-488a-8f1b-ed66414c1813.jpg\",\"contentUrl\":\"https:\\\/\\\/macite.tg\\\/wp-content\\\/uploads\\\/2024\\\/10\\\/cfd734f5-ef27-488a-8f1b-ed66414c1813.jpg\",\"width\":180,\"height\":280},{\"@type\":\"BreadcrumbList\",\"@id\":\"https:\\\/\\\/macite.tg\\\/?p=17202#breadcrumb\",\"itemListElement\":[{\"@type\":\"ListItem\",\"position\":1,\"name\":\"Accueil\",\"item\":\"https:\\\/\\\/macite.tg\\\/\"},{\"@type\":\"ListItem\",\"position\":2,\"name\":\"MAROC\\\/OUVERTURE DE LA 1ERE SESSION D\u2019AUTOMNE\u00a0: Le dossier du Sahara, la fermet\u00e9 et la proactivit\u00e9, Sa gratitude \u00e0 la France, \u2026 Retour sur le discours Sa Majest\u00e9 le Roi devant les parlementaires\"}]},{\"@type\":\"WebSite\",\"@id\":\"https:\\\/\\\/macite.tg\\\/#website\",\"url\":\"https:\\\/\\\/macite.tg\\\/\",\"name\":\"\",\"description\":\"L&#039;information, la bonne!!!\",\"potentialAction\":[{\"@type\":\"SearchAction\",\"target\":{\"@type\":\"EntryPoint\",\"urlTemplate\":\"https:\\\/\\\/macite.tg\\\/?s={search_term_string}\"},\"query-input\":{\"@type\":\"PropertyValueSpecification\",\"valueRequired\":true,\"valueName\":\"search_term_string\"}}],\"inLanguage\":\"fr-FR\"},{\"@type\":\"Person\",\"@id\":\"https:\\\/\\\/macite.tg\\\/#\\\/schema\\\/person\\\/e9f2de7e5dbbe7770a9402c7ce82f5c2\",\"name\":\"Jean Pierre BAWELA\",\"image\":{\"@type\":\"ImageObject\",\"inLanguage\":\"fr-FR\",\"@id\":\"https:\\\/\\\/macite.tg\\\/wp-content\\\/uploads\\\/2023\\\/09\\\/WhatsApp-Image-2023-09-19-at-14.44.41-122x122.jpeg\",\"url\":\"https:\\\/\\\/macite.tg\\\/wp-content\\\/uploads\\\/2023\\\/09\\\/WhatsApp-Image-2023-09-19-at-14.44.41-122x122.jpeg\",\"contentUrl\":\"https:\\\/\\\/macite.tg\\\/wp-content\\\/uploads\\\/2023\\\/09\\\/WhatsApp-Image-2023-09-19-at-14.44.41-122x122.jpeg\",\"caption\":\"Jean Pierre BAWELA\"},\"url\":\"https:\\\/\\\/macite.tg\\\/?author=2\"}]}<\/script>\n<!-- \/ Yoast SEO plugin. -->","yoast_head_json":{"title":"MAROC\/OUVERTURE DE LA 1ERE SESSION D\u2019AUTOMNE\u00a0: Le dossier du Sahara, la fermet\u00e9 et la proactivit\u00e9, Sa gratitude \u00e0 la France, \u2026 Retour sur le discours Sa Majest\u00e9 le Roi devant les parlementaires -","robots":{"index":"index","follow":"follow","max-snippet":"max-snippet:-1","max-image-preview":"max-image-preview:large","max-video-preview":"max-video-preview:-1"},"canonical":"https:\/\/macite.tg\/?p=17202","og_locale":"fr_FR","og_type":"article","og_title":"MAROC\/OUVERTURE DE LA 1ERE SESSION D\u2019AUTOMNE\u00a0: Le dossier du Sahara, la fermet\u00e9 et la proactivit\u00e9, Sa gratitude \u00e0 la France, \u2026 Retour sur le discours Sa Majest\u00e9 le Roi devant les parlementaires -","og_description":"Le vendredi 11 octobre dernier, Sa Majest\u00e9 le Roi Mohammed VI, que Dieu Le glorifie, S\u2019est exprim\u00e9 en ouverture de la 1\u00e8re session de la 4\u00e8me ann\u00e9e l\u00e9gislative de la 1\u00e8re L\u00e9gislature. \u00a0Devant les parlementaires du Royaume du Maroc, le Souverain est longuement revenu sur [&hellip;]","og_url":"https:\/\/macite.tg\/?p=17202","article_published_time":"2024-10-13T14:58:52+00:00","article_modified_time":"2024-10-13T17:37:52+00:00","og_image":[{"width":180,"height":280,"url":"https:\/\/macite.tg\/wp-content\/uploads\/2024\/10\/cfd734f5-ef27-488a-8f1b-ed66414c1813.jpg","type":"image\/jpeg"}],"author":"Jean Pierre BAWELA","twitter_card":"summary_large_image","twitter_misc":{"\u00c9crit par":"Jean Pierre BAWELA","Dur\u00e9e de lecture estim\u00e9e":"7 minutes"},"schema":{"@context":"https:\/\/schema.org","@graph":[{"@type":"Article","@id":"https:\/\/macite.tg\/?p=17202#article","isPartOf":{"@id":"https:\/\/macite.tg\/?p=17202"},"author":{"name":"Jean Pierre BAWELA","@id":"https:\/\/macite.tg\/#\/schema\/person\/e9f2de7e5dbbe7770a9402c7ce82f5c2"},"headline":"MAROC\/OUVERTURE DE LA 1ERE SESSION D\u2019AUTOMNE\u00a0: Le dossier du Sahara, la fermet\u00e9 et la proactivit\u00e9, Sa gratitude \u00e0 la France, \u2026 Retour sur le discours Sa Majest\u00e9 le Roi devant les parlementaires","datePublished":"2024-10-13T14:58:52+00:00","dateModified":"2024-10-13T17:37:52+00:00","mainEntityOfPage":{"@id":"https:\/\/macite.tg\/?p=17202"},"wordCount":1384,"commentCount":0,"image":{"@id":"https:\/\/macite.tg\/?p=17202#primaryimage"},"thumbnailUrl":"https:\/\/macite.tg\/wp-content\/uploads\/2024\/10\/cfd734f5-ef27-488a-8f1b-ed66414c1813.jpg","articleSection":["ACTUALITE","POLITIQUE"],"inLanguage":"fr-FR","potentialAction":[{"@type":"CommentAction","name":"Comment","target":["https:\/\/macite.tg\/?p=17202#respond"]}]},{"@type":"WebPage","@id":"https:\/\/macite.tg\/?p=17202","url":"https:\/\/macite.tg\/?p=17202","name":"MAROC\/OUVERTURE DE LA 1ERE SESSION D\u2019AUTOMNE\u00a0: Le dossier du Sahara, la fermet\u00e9 et la proactivit\u00e9, Sa gratitude \u00e0 la France, \u2026 Retour sur le discours Sa Majest\u00e9 le Roi devant les parlementaires -","isPartOf":{"@id":"https:\/\/macite.tg\/#website"},"primaryImageOfPage":{"@id":"https:\/\/macite.tg\/?p=17202#primaryimage"},"image":{"@id":"https:\/\/macite.tg\/?p=17202#primaryimage"},"thumbnailUrl":"https:\/\/macite.tg\/wp-content\/uploads\/2024\/10\/cfd734f5-ef27-488a-8f1b-ed66414c1813.jpg","datePublished":"2024-10-13T14:58:52+00:00","dateModified":"2024-10-13T17:37:52+00:00","author":{"@id":"https:\/\/macite.tg\/#\/schema\/person\/e9f2de7e5dbbe7770a9402c7ce82f5c2"},"breadcrumb":{"@id":"https:\/\/macite.tg\/?p=17202#breadcrumb"},"inLanguage":"fr-FR","potentialAction":[{"@type":"ReadAction","target":["https:\/\/macite.tg\/?p=17202"]}]},{"@type":"ImageObject","inLanguage":"fr-FR","@id":"https:\/\/macite.tg\/?p=17202#primaryimage","url":"https:\/\/macite.tg\/wp-content\/uploads\/2024\/10\/cfd734f5-ef27-488a-8f1b-ed66414c1813.jpg","contentUrl":"https:\/\/macite.tg\/wp-content\/uploads\/2024\/10\/cfd734f5-ef27-488a-8f1b-ed66414c1813.jpg","width":180,"height":280},{"@type":"BreadcrumbList","@id":"https:\/\/macite.tg\/?p=17202#breadcrumb","itemListElement":[{"@type":"ListItem","position":1,"name":"Accueil","item":"https:\/\/macite.tg\/"},{"@type":"ListItem","position":2,"name":"MAROC\/OUVERTURE DE LA 1ERE SESSION D\u2019AUTOMNE\u00a0: Le dossier du Sahara, la fermet\u00e9 et la proactivit\u00e9, Sa gratitude \u00e0 la France, \u2026 Retour sur le discours Sa Majest\u00e9 le Roi devant les parlementaires"}]},{"@type":"WebSite","@id":"https:\/\/macite.tg\/#website","url":"https:\/\/macite.tg\/","name":"","description":"L&#039;information, la bonne!!!","potentialAction":[{"@type":"SearchAction","target":{"@type":"EntryPoint","urlTemplate":"https:\/\/macite.tg\/?s={search_term_string}"},"query-input":{"@type":"PropertyValueSpecification","valueRequired":true,"valueName":"search_term_string"}}],"inLanguage":"fr-FR"},{"@type":"Person","@id":"https:\/\/macite.tg\/#\/schema\/person\/e9f2de7e5dbbe7770a9402c7ce82f5c2","name":"Jean Pierre BAWELA","image":{"@type":"ImageObject","inLanguage":"fr-FR","@id":"https:\/\/macite.tg\/wp-content\/uploads\/2023\/09\/WhatsApp-Image-2023-09-19-at-14.44.41-122x122.jpeg","url":"https:\/\/macite.tg\/wp-content\/uploads\/2023\/09\/WhatsApp-Image-2023-09-19-at-14.44.41-122x122.jpeg","contentUrl":"https:\/\/macite.tg\/wp-content\/uploads\/2023\/09\/WhatsApp-Image-2023-09-19-at-14.44.41-122x122.jpeg","caption":"Jean Pierre BAWELA"},"url":"https:\/\/macite.tg\/?author=2"}]}},"_links":{"self":[{"href":"https:\/\/macite.tg\/index.php?rest_route=\/wp\/v2\/posts\/17202","targetHints":{"allow":["GET"]}}],"collection":[{"href":"https:\/\/macite.tg\/index.php?rest_route=\/wp\/v2\/posts"}],"about":[{"href":"https:\/\/macite.tg\/index.php?rest_route=\/wp\/v2\/types\/post"}],"author":[{"embeddable":true,"href":"https:\/\/macite.tg\/index.php?rest_route=\/wp\/v2\/users\/2"}],"replies":[{"embeddable":true,"href":"https:\/\/macite.tg\/index.php?rest_route=%2Fwp%2Fv2%2Fcomments&post=17202"}],"version-history":[{"count":0,"href":"https:\/\/macite.tg\/index.php?rest_route=\/wp\/v2\/posts\/17202\/revisions"}],"wp:featuredmedia":[{"embeddable":true,"href":"https:\/\/macite.tg\/index.php?rest_route=\/wp\/v2\/media\/17208"}],"wp:attachment":[{"href":"https:\/\/macite.tg\/index.php?rest_route=%2Fwp%2Fv2%2Fmedia&parent=17202"}],"wp:term":[{"taxonomy":"category","embeddable":true,"href":"https:\/\/macite.tg\/index.php?rest_route=%2Fwp%2Fv2%2Fcategories&post=17202"},{"taxonomy":"post_tag","embeddable":true,"href":"https:\/\/macite.tg\/index.php?rest_route=%2Fwp%2Fv2%2Ftags&post=17202"}],"curies":[{"name":"wp","href":"https:\/\/api.w.org\/{rel}","templated":true}]}}