{"id":17201,"date":"2024-10-13T14:26:25","date_gmt":"2024-10-13T14:26:25","guid":{"rendered":"https:\/\/macite.tg\/?p=17201"},"modified":"2024-10-13T14:27:23","modified_gmt":"2024-10-13T14:27:23","slug":"gouvernance-en-afrique-les-verites-du-pm-ousmane-sonko-a-la-delegation-japonaise","status":"publish","type":"post","link":"https:\/\/macite.tg\/?p=17201","title":{"rendered":"GOUVERNANCE EN AFRIQUE\u00a0: Les v\u00e9rit\u00e9s du Pm Ousmane Sonko \u00e0 la d\u00e9l\u00e9gation japonaise\u2026"},"content":{"rendered":"\n<p class=\"wp-block-paragraph\"><strong><em>Le d\u00e9fi du nouveau r\u00e9gime est de rompre avec le mod\u00e8le de d\u00e9veloppement appliqu\u00e9 jusqu\u2019ici dans notre pays. Selon le Premier ministre, Ousmane Sonko, les mod\u00e8les de d\u00e9veloppement qui nous ont \u00e9t\u00e9 pr\u00e9sent\u00e9s ou appliqu\u00e9s jusqu\u2019\u00e0 pr\u00e9sent ne pourront jamais d\u00e9velopper notre pays.<\/em><\/strong><\/p>\n\n\n\n<p class=\"wp-block-paragraph\">S\u2019exprimant hier lors d\u2019une visite au Centre de formation professionnelle et technique S\u00e9n\u00e9gal-Japon, le chef du gouvernement a d\u00e9clar\u00e9 <em>: \u00ab C\u2019est la fin de l\u2019\u00e8re de l\u2019endettement inconsid\u00e9r\u00e9 pour venir investir dans des projets qui n\u2019ont aucun rapport avec la construction d\u2019un d\u00e9veloppement endog\u00e8ne et souverain. Nos priorit\u00e9s, et vous vous en rendrez compte d\u00e8s lundi prochain, puisque nous allons pr\u00e9senter au S\u00e9n\u00e9gal et au monde entier le nouveau r\u00e9f\u00e9rentiel des politiques publiques avec un horizon d\u00e9j\u00e0 d\u00e9gag\u00e9 sur 25 ann\u00e9es, mais avec ses d\u00e9clinaisons quinquennales et d\u00e9cennales. Vous constaterez que notre objectif est de nous atteler \u00e0 une construction m\u00e9thodique, appliqu\u00e9e et patiente d\u2019un v\u00e9ritable mod\u00e8le de d\u00e9veloppement, structur\u00e9 autour d\u2019un certain nombre de p\u00f4les de d\u00e9veloppement qui seront au nombre de huit \u00e0 travers le S\u00e9n\u00e9gal. \u00bb<\/em><\/p>\n\n\n<div class=\"wp-block-image\">\n<figure class=\"aligncenter size-large is-resized\"><img loading=\"lazy\" decoding=\"async\" src=\"https:\/\/macite.tg\/wp-content\/uploads\/2024\/10\/214fc1c3-6c7d-4e49-9063-8d70e825b678-780x1024.jpg\" alt=\"\" class=\"wp-image-17116\" width=\"542\" height=\"712\" srcset=\"https:\/\/macite.tg\/wp-content\/uploads\/2024\/10\/214fc1c3-6c7d-4e49-9063-8d70e825b678-780x1024.jpg 780w, https:\/\/macite.tg\/wp-content\/uploads\/2024\/10\/214fc1c3-6c7d-4e49-9063-8d70e825b678-229x300.jpg 229w, https:\/\/macite.tg\/wp-content\/uploads\/2024\/10\/214fc1c3-6c7d-4e49-9063-8d70e825b678-768x1008.jpg 768w, https:\/\/macite.tg\/wp-content\/uploads\/2024\/10\/214fc1c3-6c7d-4e49-9063-8d70e825b678.jpg 823w\" sizes=\"auto, (max-width: 542px) 100vw, 542px\" \/><\/figure>\n<\/div>\n\n\n<p class=\"wp-block-paragraph\">Face \u00e0 ces d\u00e9fis majeurs, les nouvelles autorit\u00e9s souhaitent que la coop\u00e9ration avec tous ses partenaires soit d\u00e9sormais circonscrite autour de ces imp\u00e9ratifs. \u00c0 ce titre, le Premier ministre&nbsp;Ousmane Sonko&nbsp;soutient que le Japon est largement en avance, puisque son mod\u00e8le est justement celui qu\u2019il nous faut, qu\u2019il faut dupliquer et renforcer. Ousmane Sonko est s\u00e9duit par le mod\u00e8le de d\u00e9veloppement japonais.<\/p>\n\n\n\n<p class=\"wp-block-paragraph\">Selon lui, le Japon, qui ne disposait d\u2019aucune ressource naturelle, a pu compter sur un facteur important : le capital humain, pour devenir aujourd\u2019hui l\u2019une des cinq \u00e9conomies les plus importantes du monde. <em>\u00ab Cela doit nous interpeller, nous, Africains, nous S\u00e9n\u00e9galais, puisque nous disposons d\u2019\u00e9norm\u00e9ment de ressources naturelles (p\u00e9trole, gaz, zircon, ressources halieutiques, etc.). Nous n\u2019avons pas un climat hostile, nous n\u2019avons pas des hivers extr\u00eamement durs, nous ne sommes pas confront\u00e9s \u00e0 des probl\u00e8mes g\u00e9ographiques ou \u00e0 des ph\u00e9nom\u00e8nes comme les tremblements de terre, les cyclones, les tsunamis et autres catastrophes naturelles qui d\u00e9vastent souvent un certain nombre de pays, et particuli\u00e8rement le Japon. Qu\u2019est-ce qui justifie d\u00e8s lors que nous soyons l\u00e0 o\u00f9 nous en sommes, et que le Japon en soit l\u00e0 o\u00f9 il en est ? Cette probl\u00e9matique nous interpelle lorsque j\u2019\u00e9tudie le mod\u00e8le japonais, lorsque j\u2019observe son mod\u00e8le \u00bb,<\/em> souligne M. Sonko.<\/p>\n\n\n<div class=\"wp-block-image\">\n<figure class=\"aligncenter size-large is-resized\"><img loading=\"lazy\" decoding=\"async\" src=\"https:\/\/macite.tg\/wp-content\/uploads\/2024\/10\/91a7f843-3ed3-4b63-a0c4-589fa9e06d48-780x1024.jpg\" alt=\"\" class=\"wp-image-17115\" width=\"570\" height=\"748\" srcset=\"https:\/\/macite.tg\/wp-content\/uploads\/2024\/10\/91a7f843-3ed3-4b63-a0c4-589fa9e06d48-780x1024.jpg 780w, https:\/\/macite.tg\/wp-content\/uploads\/2024\/10\/91a7f843-3ed3-4b63-a0c4-589fa9e06d48-229x300.jpg 229w, https:\/\/macite.tg\/wp-content\/uploads\/2024\/10\/91a7f843-3ed3-4b63-a0c4-589fa9e06d48-768x1008.jpg 768w, https:\/\/macite.tg\/wp-content\/uploads\/2024\/10\/91a7f843-3ed3-4b63-a0c4-589fa9e06d48.jpg 823w\" sizes=\"auto, (max-width: 570px) 100vw, 570px\" \/><\/figure>\n<\/div>\n\n\n<p class=\"wp-block-paragraph\">Il ajoute que la r\u00e9ponse se trouve en deux ou trois \u00e9l\u00e9ments. D\u2019abord, le d\u00e9veloppement doit \u00eatre port\u00e9 par un leadership \u00e9clair\u00e9, patriotique et int\u00e8gre. Le d\u00e9veloppement doit \u00e9galement s\u2019appuyer sur des ressources humaines de qualit\u00e9, qu\u2019il faut former. Enfin, le d\u00e9veloppement est aussi un \u00e9tat d\u2019esprit. Ousmane Sonko en d\u00e9duit que le mod\u00e8le japonais est l\u2019id\u00e9al pour nos pays. <em>\u00ab Nous pr\u00e9f\u00e9rons qu\u2019on nous apprenne \u00e0 p\u00eacher plut\u00f4t que de continuer \u00e0 nous offrir du poisson. Le transfert de technologie par la formation qualitative, mais \u00e9galement par l\u2019accompagnement dans la mise en place des outils, est ce dont nous avons d\u00e9sormais besoin \u00bb,<\/em> affirme-t-il.<\/p>\n\n\n\n<p class=\"wp-block-paragraph\">Avant d\u2019annoncer, ou de s\u2019en f\u00e9liciter, l\u2019ouverture tr\u00e8s prochaine d\u2019un complexe \u00e0 Dianniadio. Mais, selon le chef du gouvernement, il est souhaitable, toujours avec la coop\u00e9ration japonaise, que ces complexes puissent \u00eatre \u00e9largis dans l\u2019ensemble du territoire.<\/p>\n\n\n\n<p class=\"wp-block-paragraph\">\u00c0 d\u00e9faut de le faire dans toutes les r\u00e9gions du pays, propose Ousmane Sonko, au moins qu\u2019on puisse ouvrir ces complexes dans les huit (8) p\u00f4les de d\u00e9veloppement pour accro\u00eetre la chance de tous les jeunes S\u00e9n\u00e9galais de b\u00e9n\u00e9ficier d\u2019une formation de qualit\u00e9 chez eux et de pouvoir contribuer localement \u00e0 construire le d\u00e9veloppement endog\u00e8ne au niveau des p\u00f4les. <em>\u00ab Puisque, ajoute-t-il, c\u2019est la somme des r\u00e9sultats obtenus en mettant en comp\u00e9tition les huit p\u00f4les qui nous permettra d\u2019avoir un r\u00e9sultat appr\u00e9ciable au niveau national. \u00bb<\/em><\/p>\n\n\n<div class=\"wp-block-image\">\n<figure class=\"aligncenter size-large is-resized\"><img loading=\"lazy\" decoding=\"async\" src=\"https:\/\/macite.tg\/wp-content\/uploads\/2024\/10\/2c0ec07f-e0c0-4480-aa1a-17ba964889b8-721x1024.jpg\" alt=\"\" class=\"wp-image-17114\" width=\"509\" height=\"723\" srcset=\"https:\/\/macite.tg\/wp-content\/uploads\/2024\/10\/2c0ec07f-e0c0-4480-aa1a-17ba964889b8-721x1024.jpg 721w, https:\/\/macite.tg\/wp-content\/uploads\/2024\/10\/2c0ec07f-e0c0-4480-aa1a-17ba964889b8-211x300.jpg 211w, https:\/\/macite.tg\/wp-content\/uploads\/2024\/10\/2c0ec07f-e0c0-4480-aa1a-17ba964889b8.jpg 760w\" sizes=\"auto, (max-width: 509px) 100vw, 509px\" \/><\/figure>\n<\/div>\n\n\n<p class=\"wp-block-paragraph\">Ousmane Sonko est convaincu que les mod\u00e8les de d\u00e9veloppement qui ont fonctionn\u00e9 ailleurs, et qui sont particuli\u00e8rement identiques, compte non tenu des r\u00e9alit\u00e9s et des sp\u00e9cificit\u00e9s socio-culturelles, sont les m\u00eames qui d\u00e9velopperont ce pays. <em>\u00ab Et ce mod\u00e8le, affirme-t-il, c\u2019est de compter d\u2019abord sur nous. <\/em><em>Un peuple ne se d\u00e9veloppe que par lui-m\u00eame. \u00bb<\/em><\/p>\n\n\n\n<p class=\"wp-block-paragraph\"><strong>SeneNews<\/strong><\/p>\n\n\n\n<p class=\"wp-block-paragraph\"><a><strong><em>@macite.tg&nbsp;&nbsp;&nbsp;&nbsp;&nbsp;&nbsp;&nbsp;&nbsp;<\/em><\/strong><\/a><\/p>\n\n\n\n<p class=\"wp-block-paragraph\"><strong><em>E-mail&nbsp;: <\/em><\/strong><a href=\"mailto:maciteinfo@gmail.com\"><strong><em>maciteinfo@gmail.com<\/em><\/strong><\/a><strong><em>; <\/em><\/strong><a href=\"mailto:bawela1@gmail.com\"><strong><em>bawela1@gmail.com<\/em><\/strong><\/a><strong><em> <\/em><\/strong><strong><em><\/em><\/strong><\/p>\n\n\n\n<p class=\"wp-block-paragraph\"><strong><em>Pour vos annonces, (publi)reportages, etc., joignez-nous au (00228)91515309\/<strong>79872224 <\/strong>www.macite.tg, L\u2019information, la bonne&nbsp;!<\/em><\/strong><\/p>\n","protected":false},"excerpt":{"rendered":"<p class=\"text-justify mb-2\" >Le d\u00e9fi du nouveau r\u00e9gime est de rompre avec le mod\u00e8le de d\u00e9veloppement appliqu\u00e9 jusqu\u2019ici dans notre pays. Selon le Premier ministre, Ousmane Sonko, les mod\u00e8les de d\u00e9veloppement qui nous ont \u00e9t\u00e9 pr\u00e9sent\u00e9s ou appliqu\u00e9s jusqu\u2019\u00e0 pr\u00e9sent ne pourront jamais d\u00e9velopper notre pays. S\u2019exprimant hier [&hellip;]<\/p>\n","protected":false},"author":2,"featured_media":17203,"comment_status":"open","ping_status":"open","sticky":false,"template":"","format":"standard","meta":{"footnotes":""},"categories":[20,1],"tags":[],"class_list":["post-17201","post","type-post","status-publish","format-standard","has-post-thumbnail","hentry","category-actualite","category-politique"],"yoast_head":"<!-- This site is optimized with the Yoast SEO plugin v28.4 - https:\/\/yoast.com\/product\/yoast-seo-wordpress\/ -->\n<title>GOUVERNANCE EN AFRIQUE\u00a0: Les v\u00e9rit\u00e9s du Pm Ousmane Sonko \u00e0 la d\u00e9l\u00e9gation japonaise\u2026 -<\/title>\n<meta name=\"robots\" content=\"index, follow, max-snippet:-1, max-image-preview:large, max-video-preview:-1\" \/>\n<link rel=\"canonical\" href=\"https:\/\/macite.tg\/?p=17201\" \/>\n<meta property=\"og:locale\" content=\"fr_FR\" \/>\n<meta property=\"og:type\" content=\"article\" \/>\n<meta property=\"og:title\" content=\"GOUVERNANCE EN AFRIQUE\u00a0: Les v\u00e9rit\u00e9s du Pm Ousmane Sonko \u00e0 la d\u00e9l\u00e9gation japonaise\u2026 -\" \/>\n<meta property=\"og:description\" content=\"Le d\u00e9fi du nouveau r\u00e9gime est de rompre avec le mod\u00e8le de d\u00e9veloppement appliqu\u00e9 jusqu\u2019ici dans notre pays. Selon le Premier ministre, Ousmane Sonko, les mod\u00e8les de d\u00e9veloppement qui nous ont \u00e9t\u00e9 pr\u00e9sent\u00e9s ou appliqu\u00e9s jusqu\u2019\u00e0 pr\u00e9sent ne pourront jamais d\u00e9velopper notre pays. S\u2019exprimant hier [&hellip;]\" \/>\n<meta property=\"og:url\" content=\"https:\/\/macite.tg\/?p=17201\" \/>\n<meta property=\"article:published_time\" content=\"2024-10-13T14:26:25+00:00\" \/>\n<meta property=\"article:modified_time\" content=\"2024-10-13T14:27:23+00:00\" \/>\n<meta property=\"og:image\" content=\"https:\/\/macite.tg\/wp-content\/uploads\/2024\/10\/PM-Sonko.jpg\" \/>\n\t<meta property=\"og:image:width\" content=\"500\" \/>\n\t<meta property=\"og:image:height\" content=\"241\" \/>\n\t<meta property=\"og:image:type\" content=\"image\/jpeg\" \/>\n<meta name=\"author\" content=\"Jean Pierre BAWELA\" \/>\n<meta name=\"twitter:card\" content=\"summary_large_image\" \/>\n<meta name=\"twitter:label1\" content=\"\u00c9crit par\" \/>\n\t<meta name=\"twitter:data1\" content=\"Jean Pierre BAWELA\" \/>\n\t<meta name=\"twitter:label2\" content=\"Dur\u00e9e de lecture estim\u00e9e\" \/>\n\t<meta name=\"twitter:data2\" content=\"4 minutes\" \/>\n<script type=\"application\/ld+json\" class=\"yoast-schema-graph\">{\"@context\":\"https:\\\/\\\/schema.org\",\"@graph\":[{\"@type\":\"Article\",\"@id\":\"https:\\\/\\\/macite.tg\\\/?p=17201#article\",\"isPartOf\":{\"@id\":\"https:\\\/\\\/macite.tg\\\/?p=17201\"},\"author\":{\"name\":\"Jean Pierre BAWELA\",\"@id\":\"https:\\\/\\\/macite.tg\\\/#\\\/schema\\\/person\\\/e9f2de7e5dbbe7770a9402c7ce82f5c2\"},\"headline\":\"GOUVERNANCE EN AFRIQUE\u00a0: Les v\u00e9rit\u00e9s du Pm Ousmane Sonko \u00e0 la d\u00e9l\u00e9gation japonaise\u2026\",\"datePublished\":\"2024-10-13T14:26:25+00:00\",\"dateModified\":\"2024-10-13T14:27:23+00:00\",\"mainEntityOfPage\":{\"@id\":\"https:\\\/\\\/macite.tg\\\/?p=17201\"},\"wordCount\":841,\"commentCount\":0,\"image\":{\"@id\":\"https:\\\/\\\/macite.tg\\\/?p=17201#primaryimage\"},\"thumbnailUrl\":\"https:\\\/\\\/macite.tg\\\/wp-content\\\/uploads\\\/2024\\\/10\\\/PM-Sonko.jpg\",\"articleSection\":[\"ACTUALITE\",\"POLITIQUE\"],\"inLanguage\":\"fr-FR\",\"potentialAction\":[{\"@type\":\"CommentAction\",\"name\":\"Comment\",\"target\":[\"https:\\\/\\\/macite.tg\\\/?p=17201#respond\"]}]},{\"@type\":\"WebPage\",\"@id\":\"https:\\\/\\\/macite.tg\\\/?p=17201\",\"url\":\"https:\\\/\\\/macite.tg\\\/?p=17201\",\"name\":\"GOUVERNANCE EN AFRIQUE\u00a0: Les v\u00e9rit\u00e9s du Pm Ousmane Sonko \u00e0 la d\u00e9l\u00e9gation japonaise\u2026 -\",\"isPartOf\":{\"@id\":\"https:\\\/\\\/macite.tg\\\/#website\"},\"primaryImageOfPage\":{\"@id\":\"https:\\\/\\\/macite.tg\\\/?p=17201#primaryimage\"},\"image\":{\"@id\":\"https:\\\/\\\/macite.tg\\\/?p=17201#primaryimage\"},\"thumbnailUrl\":\"https:\\\/\\\/macite.tg\\\/wp-content\\\/uploads\\\/2024\\\/10\\\/PM-Sonko.jpg\",\"datePublished\":\"2024-10-13T14:26:25+00:00\",\"dateModified\":\"2024-10-13T14:27:23+00:00\",\"author\":{\"@id\":\"https:\\\/\\\/macite.tg\\\/#\\\/schema\\\/person\\\/e9f2de7e5dbbe7770a9402c7ce82f5c2\"},\"breadcrumb\":{\"@id\":\"https:\\\/\\\/macite.tg\\\/?p=17201#breadcrumb\"},\"inLanguage\":\"fr-FR\",\"potentialAction\":[{\"@type\":\"ReadAction\",\"target\":[\"https:\\\/\\\/macite.tg\\\/?p=17201\"]}]},{\"@type\":\"ImageObject\",\"inLanguage\":\"fr-FR\",\"@id\":\"https:\\\/\\\/macite.tg\\\/?p=17201#primaryimage\",\"url\":\"https:\\\/\\\/macite.tg\\\/wp-content\\\/uploads\\\/2024\\\/10\\\/PM-Sonko.jpg\",\"contentUrl\":\"https:\\\/\\\/macite.tg\\\/wp-content\\\/uploads\\\/2024\\\/10\\\/PM-Sonko.jpg\",\"width\":500,\"height\":241,\"caption\":\"A droite le Pm s\u00e9n\u00e9galais Ousmane Sonko, \u00e0 gauche, le diplomate japonais en poste \u00e0 Dakar.\"},{\"@type\":\"BreadcrumbList\",\"@id\":\"https:\\\/\\\/macite.tg\\\/?p=17201#breadcrumb\",\"itemListElement\":[{\"@type\":\"ListItem\",\"position\":1,\"name\":\"Accueil\",\"item\":\"https:\\\/\\\/macite.tg\\\/\"},{\"@type\":\"ListItem\",\"position\":2,\"name\":\"GOUVERNANCE EN AFRIQUE\u00a0: Les v\u00e9rit\u00e9s du Pm Ousmane Sonko \u00e0 la d\u00e9l\u00e9gation japonaise\u2026\"}]},{\"@type\":\"WebSite\",\"@id\":\"https:\\\/\\\/macite.tg\\\/#website\",\"url\":\"https:\\\/\\\/macite.tg\\\/\",\"name\":\"\",\"description\":\"L&#039;information, la bonne!!!\",\"potentialAction\":[{\"@type\":\"SearchAction\",\"target\":{\"@type\":\"EntryPoint\",\"urlTemplate\":\"https:\\\/\\\/macite.tg\\\/?s={search_term_string}\"},\"query-input\":{\"@type\":\"PropertyValueSpecification\",\"valueRequired\":true,\"valueName\":\"search_term_string\"}}],\"inLanguage\":\"fr-FR\"},{\"@type\":\"Person\",\"@id\":\"https:\\\/\\\/macite.tg\\\/#\\\/schema\\\/person\\\/e9f2de7e5dbbe7770a9402c7ce82f5c2\",\"name\":\"Jean Pierre BAWELA\",\"image\":{\"@type\":\"ImageObject\",\"inLanguage\":\"fr-FR\",\"@id\":\"https:\\\/\\\/macite.tg\\\/wp-content\\\/uploads\\\/2023\\\/09\\\/WhatsApp-Image-2023-09-19-at-14.44.41-122x122.jpeg\",\"url\":\"https:\\\/\\\/macite.tg\\\/wp-content\\\/uploads\\\/2023\\\/09\\\/WhatsApp-Image-2023-09-19-at-14.44.41-122x122.jpeg\",\"contentUrl\":\"https:\\\/\\\/macite.tg\\\/wp-content\\\/uploads\\\/2023\\\/09\\\/WhatsApp-Image-2023-09-19-at-14.44.41-122x122.jpeg\",\"caption\":\"Jean Pierre BAWELA\"},\"url\":\"https:\\\/\\\/macite.tg\\\/?author=2\"}]}<\/script>\n<!-- \/ Yoast SEO plugin. -->","yoast_head_json":{"title":"GOUVERNANCE EN AFRIQUE\u00a0: Les v\u00e9rit\u00e9s du Pm Ousmane Sonko \u00e0 la d\u00e9l\u00e9gation japonaise\u2026 -","robots":{"index":"index","follow":"follow","max-snippet":"max-snippet:-1","max-image-preview":"max-image-preview:large","max-video-preview":"max-video-preview:-1"},"canonical":"https:\/\/macite.tg\/?p=17201","og_locale":"fr_FR","og_type":"article","og_title":"GOUVERNANCE EN AFRIQUE\u00a0: Les v\u00e9rit\u00e9s du Pm Ousmane Sonko \u00e0 la d\u00e9l\u00e9gation japonaise\u2026 -","og_description":"Le d\u00e9fi du nouveau r\u00e9gime est de rompre avec le mod\u00e8le de d\u00e9veloppement appliqu\u00e9 jusqu\u2019ici dans notre pays. Selon le Premier ministre, Ousmane Sonko, les mod\u00e8les de d\u00e9veloppement qui nous ont \u00e9t\u00e9 pr\u00e9sent\u00e9s ou appliqu\u00e9s jusqu\u2019\u00e0 pr\u00e9sent ne pourront jamais d\u00e9velopper notre pays. S\u2019exprimant hier [&hellip;]","og_url":"https:\/\/macite.tg\/?p=17201","article_published_time":"2024-10-13T14:26:25+00:00","article_modified_time":"2024-10-13T14:27:23+00:00","og_image":[{"width":500,"height":241,"url":"https:\/\/macite.tg\/wp-content\/uploads\/2024\/10\/PM-Sonko.jpg","type":"image\/jpeg"}],"author":"Jean Pierre BAWELA","twitter_card":"summary_large_image","twitter_misc":{"\u00c9crit par":"Jean Pierre BAWELA","Dur\u00e9e de lecture estim\u00e9e":"4 minutes"},"schema":{"@context":"https:\/\/schema.org","@graph":[{"@type":"Article","@id":"https:\/\/macite.tg\/?p=17201#article","isPartOf":{"@id":"https:\/\/macite.tg\/?p=17201"},"author":{"name":"Jean Pierre BAWELA","@id":"https:\/\/macite.tg\/#\/schema\/person\/e9f2de7e5dbbe7770a9402c7ce82f5c2"},"headline":"GOUVERNANCE EN AFRIQUE\u00a0: Les v\u00e9rit\u00e9s du Pm Ousmane Sonko \u00e0 la d\u00e9l\u00e9gation japonaise\u2026","datePublished":"2024-10-13T14:26:25+00:00","dateModified":"2024-10-13T14:27:23+00:00","mainEntityOfPage":{"@id":"https:\/\/macite.tg\/?p=17201"},"wordCount":841,"commentCount":0,"image":{"@id":"https:\/\/macite.tg\/?p=17201#primaryimage"},"thumbnailUrl":"https:\/\/macite.tg\/wp-content\/uploads\/2024\/10\/PM-Sonko.jpg","articleSection":["ACTUALITE","POLITIQUE"],"inLanguage":"fr-FR","potentialAction":[{"@type":"CommentAction","name":"Comment","target":["https:\/\/macite.tg\/?p=17201#respond"]}]},{"@type":"WebPage","@id":"https:\/\/macite.tg\/?p=17201","url":"https:\/\/macite.tg\/?p=17201","name":"GOUVERNANCE EN AFRIQUE\u00a0: Les v\u00e9rit\u00e9s du Pm Ousmane Sonko \u00e0 la d\u00e9l\u00e9gation japonaise\u2026 -","isPartOf":{"@id":"https:\/\/macite.tg\/#website"},"primaryImageOfPage":{"@id":"https:\/\/macite.tg\/?p=17201#primaryimage"},"image":{"@id":"https:\/\/macite.tg\/?p=17201#primaryimage"},"thumbnailUrl":"https:\/\/macite.tg\/wp-content\/uploads\/2024\/10\/PM-Sonko.jpg","datePublished":"2024-10-13T14:26:25+00:00","dateModified":"2024-10-13T14:27:23+00:00","author":{"@id":"https:\/\/macite.tg\/#\/schema\/person\/e9f2de7e5dbbe7770a9402c7ce82f5c2"},"breadcrumb":{"@id":"https:\/\/macite.tg\/?p=17201#breadcrumb"},"inLanguage":"fr-FR","potentialAction":[{"@type":"ReadAction","target":["https:\/\/macite.tg\/?p=17201"]}]},{"@type":"ImageObject","inLanguage":"fr-FR","@id":"https:\/\/macite.tg\/?p=17201#primaryimage","url":"https:\/\/macite.tg\/wp-content\/uploads\/2024\/10\/PM-Sonko.jpg","contentUrl":"https:\/\/macite.tg\/wp-content\/uploads\/2024\/10\/PM-Sonko.jpg","width":500,"height":241,"caption":"A droite le Pm s\u00e9n\u00e9galais Ousmane Sonko, \u00e0 gauche, le diplomate japonais en poste \u00e0 Dakar."},{"@type":"BreadcrumbList","@id":"https:\/\/macite.tg\/?p=17201#breadcrumb","itemListElement":[{"@type":"ListItem","position":1,"name":"Accueil","item":"https:\/\/macite.tg\/"},{"@type":"ListItem","position":2,"name":"GOUVERNANCE EN AFRIQUE\u00a0: Les v\u00e9rit\u00e9s du Pm Ousmane Sonko \u00e0 la d\u00e9l\u00e9gation japonaise\u2026"}]},{"@type":"WebSite","@id":"https:\/\/macite.tg\/#website","url":"https:\/\/macite.tg\/","name":"","description":"L&#039;information, la bonne!!!","potentialAction":[{"@type":"SearchAction","target":{"@type":"EntryPoint","urlTemplate":"https:\/\/macite.tg\/?s={search_term_string}"},"query-input":{"@type":"PropertyValueSpecification","valueRequired":true,"valueName":"search_term_string"}}],"inLanguage":"fr-FR"},{"@type":"Person","@id":"https:\/\/macite.tg\/#\/schema\/person\/e9f2de7e5dbbe7770a9402c7ce82f5c2","name":"Jean Pierre BAWELA","image":{"@type":"ImageObject","inLanguage":"fr-FR","@id":"https:\/\/macite.tg\/wp-content\/uploads\/2023\/09\/WhatsApp-Image-2023-09-19-at-14.44.41-122x122.jpeg","url":"https:\/\/macite.tg\/wp-content\/uploads\/2023\/09\/WhatsApp-Image-2023-09-19-at-14.44.41-122x122.jpeg","contentUrl":"https:\/\/macite.tg\/wp-content\/uploads\/2023\/09\/WhatsApp-Image-2023-09-19-at-14.44.41-122x122.jpeg","caption":"Jean Pierre BAWELA"},"url":"https:\/\/macite.tg\/?author=2"}]}},"_links":{"self":[{"href":"https:\/\/macite.tg\/index.php?rest_route=\/wp\/v2\/posts\/17201","targetHints":{"allow":["GET"]}}],"collection":[{"href":"https:\/\/macite.tg\/index.php?rest_route=\/wp\/v2\/posts"}],"about":[{"href":"https:\/\/macite.tg\/index.php?rest_route=\/wp\/v2\/types\/post"}],"author":[{"embeddable":true,"href":"https:\/\/macite.tg\/index.php?rest_route=\/wp\/v2\/users\/2"}],"replies":[{"embeddable":true,"href":"https:\/\/macite.tg\/index.php?rest_route=%2Fwp%2Fv2%2Fcomments&post=17201"}],"version-history":[{"count":0,"href":"https:\/\/macite.tg\/index.php?rest_route=\/wp\/v2\/posts\/17201\/revisions"}],"wp:featuredmedia":[{"embeddable":true,"href":"https:\/\/macite.tg\/index.php?rest_route=\/wp\/v2\/media\/17203"}],"wp:attachment":[{"href":"https:\/\/macite.tg\/index.php?rest_route=%2Fwp%2Fv2%2Fmedia&parent=17201"}],"wp:term":[{"taxonomy":"category","embeddable":true,"href":"https:\/\/macite.tg\/index.php?rest_route=%2Fwp%2Fv2%2Fcategories&post=17201"},{"taxonomy":"post_tag","embeddable":true,"href":"https:\/\/macite.tg\/index.php?rest_route=%2Fwp%2Fv2%2Ftags&post=17201"}],"curies":[{"name":"wp","href":"https:\/\/api.w.org\/{rel}","templated":true}]}}