{"id":17191,"date":"2024-10-11T17:14:44","date_gmt":"2024-10-11T17:14:44","guid":{"rendered":"https:\/\/macite.tg\/?p=17191"},"modified":"2024-10-11T17:15:37","modified_gmt":"2024-10-11T17:15:37","slug":"presidentielle-du-06-octobre-dernier-en-tunsie-lex-premier-ministre-selom-klassou-a-conduit-la-mission-dobservation-electorale-moe-de-lunion-africaine-ua","status":"publish","type":"post","link":"https:\/\/macite.tg\/?p=17191","title":{"rendered":"PRESIDENTIELLE DU 06 OCTOBRE DERNIER EN TUNSIE\u00a0: L\u2019ex Premier ministre S\u00e9lom Klassou a conduit la Mission d\u2019observation \u00e9lectorale de l\u2019Union africaine (Ua)"},"content":{"rendered":"\n<p class=\"wp-block-paragraph\"><strong><em>Le dimanche 06 octobre dernier, les Tunisiens \u00e9taient aux urnes pour le compte de l\u2019\u00e9lection pr\u00e9sidentielle 2024. A l\u2019arriv\u00e9e, c\u2019est le Pr\u00e9sident sortant Ka\u00efs Sa\u00efed, qui a \u00e9t\u00e9 r\u00e9\u00e9lu avec 90,69% des voix devant ses adversaires politiques en lice, notamment Ayachi Zammel et Zouha\u00efr Maghzaoui, qui ont eu respectivement 7,35% et 1,97%. Comme de coutume, l\u2019Union africaine (Ua), \u00e0 travers sa Mission d\u2019observation \u00e9lectorale conduite par l\u2019ancien Premier ministre S\u00e9lom Klassou, \u00e9tait pr\u00e9sente en Tunisie tout au long du processus.<\/em><\/strong><\/p>\n\n\n\n<p class=\"wp-block-paragraph\">Le Pr\u00e9sident tunisien sortant Ka\u00efs Sa\u00efed a \u00e9t\u00e9 reconduit \u00e0 la t\u00eate de son pays \u00e0 l\u2019issue du scrutin pr\u00e9sidentiel du dimanche 06 octobre dernier. Il a obtenu 90,69\u00a8% des suffrages devant une opposition repr\u00e9sent\u00e9e par Ayachi Zammel (7,35%) et Zouha\u00efr Maghzaoui (1,97%), qui n\u2019a exist\u00e9 que de nom.<\/p>\n\n\n\n<p class=\"wp-block-paragraph\">A l\u2019issue du scrutin, des voix se sont \u00e9lev\u00e9es pour saluer la maturit\u00e9 politique des acteurs et du peuple tunisien dans son ensemble. Le minist\u00e8re des Affaires \u00e9trang\u00e8res, de la Migration et des Tunisiens de l&rsquo;\u00e9tranger a particuli\u00e8rement salu\u00e9, tout au long du processus, le r\u00f4le de l&rsquo;Union africaine (Ua) dans l&rsquo;observation du d\u00e9roulement de l&rsquo;\u00e9lection pr\u00e9sidentielle ainsi que la solide coop\u00e9ration pour le renforcement de la gouvernance sur le continent.<\/p>\n\n\n<div class=\"wp-block-image\">\n<figure class=\"aligncenter size-large is-resized\"><img loading=\"lazy\" decoding=\"async\" src=\"https:\/\/macite.tg\/wp-content\/uploads\/2024\/10\/214fc1c3-6c7d-4e49-9063-8d70e825b678-780x1024.jpg\" alt=\"\" class=\"wp-image-17116\" width=\"518\" height=\"680\" srcset=\"https:\/\/macite.tg\/wp-content\/uploads\/2024\/10\/214fc1c3-6c7d-4e49-9063-8d70e825b678-780x1024.jpg 780w, https:\/\/macite.tg\/wp-content\/uploads\/2024\/10\/214fc1c3-6c7d-4e49-9063-8d70e825b678-229x300.jpg 229w, https:\/\/macite.tg\/wp-content\/uploads\/2024\/10\/214fc1c3-6c7d-4e49-9063-8d70e825b678-768x1008.jpg 768w, https:\/\/macite.tg\/wp-content\/uploads\/2024\/10\/214fc1c3-6c7d-4e49-9063-8d70e825b678.jpg 823w\" sizes=\"auto, (max-width: 518px) 100vw, 518px\" \/><\/figure>\n<\/div>\n\n\n<p class=\"wp-block-paragraph\">Notons que cette Mission d\u2019observation de l\u00a0\u00bbUa a \u00e9t\u00e9 chapeaut\u00e9e par l\u2019ancien Premier ministre togolais, le Prof S\u00e9lom Komi Klassou. Un choix, il faut souligner, qui est le fruit du leadership et de la diplomatie agissante du Pr\u00e9sident togolais, Faure Gnassingb\u00e9 \u00e0 travers le monde.<\/p>\n\n\n\n<p class=\"wp-block-paragraph\">Le Chef de la Mission d\u2019observation de l\u2019Ua, qui a relev\u00e9 que <em>\u00ab\u00a0les \u00e9lections se sont d\u00e9roul\u00e9es de mani\u00e8re normale et transparente\u00a0\u00bb<\/em> et qu&rsquo;<em>\u00abaucune infraction n&rsquo;avait \u00e9t\u00e9 constat\u00e9e dans les bureaux de vote couverts par la d\u00e9l\u00e9gation\u00a0\u00bb,<\/em> s\u2019est particuli\u00e8rement r\u00e9joui du climat de paix ayant caract\u00e9ris\u00e9 ce scrutin.<\/p>\n\n\n\n<p class=\"wp-block-paragraph\">Au titre des observations et recommandations visant \u00e0 am\u00e9liorer davantage les prochaines joutes \u00e9lectorales, la Mission d&rsquo;observation \u00e9lectorale de l&rsquo;Ua f\u00e9licite l&rsquo;Isie, l&rsquo;Instance sup\u00e9rieure ind\u00e9pendante pour les \u00e9lections, pour l\u2019expertise dont elle a fait montre dans l\u2019organisation effective du scrutin aussi bien sur le territoire national qu\u2019\u00e0 l\u2019\u00e9tranger.<\/p>\n\n\n<div class=\"wp-block-image\">\n<figure class=\"aligncenter size-large is-resized\"><img loading=\"lazy\" decoding=\"async\" src=\"https:\/\/macite.tg\/wp-content\/uploads\/2024\/10\/91a7f843-3ed3-4b63-a0c4-589fa9e06d48-780x1024.jpg\" alt=\"\" class=\"wp-image-17115\" width=\"510\" height=\"670\" srcset=\"https:\/\/macite.tg\/wp-content\/uploads\/2024\/10\/91a7f843-3ed3-4b63-a0c4-589fa9e06d48-780x1024.jpg 780w, https:\/\/macite.tg\/wp-content\/uploads\/2024\/10\/91a7f843-3ed3-4b63-a0c4-589fa9e06d48-229x300.jpg 229w, https:\/\/macite.tg\/wp-content\/uploads\/2024\/10\/91a7f843-3ed3-4b63-a0c4-589fa9e06d48-768x1008.jpg 768w, https:\/\/macite.tg\/wp-content\/uploads\/2024\/10\/91a7f843-3ed3-4b63-a0c4-589fa9e06d48.jpg 823w\" sizes=\"auto, (max-width: 510px) 100vw, 510px\" \/><\/figure>\n<\/div>\n\n\n<p class=\"wp-block-paragraph\">Elle d\u00e9plore cependant le faible engagement observ\u00e9 chez les citoyens tunisiens, notamment les jeunes, et ce <em>\u00ab&nbsp;malgr\u00e9 les efforts et l&rsquo;engagement de l&rsquo;Isie \u00e0 conduire le processus de mani\u00e8re professionnelle&nbsp;\u00bb.<\/em><\/p>\n\n\n\n<p class=\"wp-block-paragraph\">La Mission <em>\u00ab&nbsp;remercie&nbsp;sinc\u00e8rement&nbsp;\u00bb<\/em> le gouvernement et le peuple tunisiens pour leur hospitalit\u00e9 et les dispositions prises pour faciliter son travail de la Mission d\u2019observation, et t\u00e9moigne sa gratitude \u00e0 l\u2019ensemble des parties prenantes, internes et externes, qui ont interagi avec elle, en vue de la r\u00e9alisation de son mandat.<\/p>\n\n\n\n<p class=\"wp-block-paragraph\"><strong>Samir<\/strong><\/p>\n\n\n\n<p class=\"wp-block-paragraph\"><strong><em>@macite.tg&nbsp;&nbsp;&nbsp;&nbsp;&nbsp;&nbsp;&nbsp;&nbsp;<\/em><\/strong><\/p>\n\n\n\n<p class=\"wp-block-paragraph\"><strong><em>E-mail&nbsp;: <\/em><\/strong><a href=\"mailto:maciteinfo@gmail.com\"><strong><em>maciteinfo@gmail.com<\/em><\/strong><\/a><strong><em>; <\/em><\/strong><a href=\"mailto:bawela1@gmail.com\"><strong><em>bawela1@gmail.com<\/em><\/strong><\/a><strong><em><\/em><\/strong><\/p>\n\n\n\n<p class=\"wp-block-paragraph\"><strong><em>Pour vos annonces, (publi)reportages, etc., joignez-nous au (00228)91515309\/<strong>79872224 <\/strong>www.macite.tg, L\u2019information, la bonne&nbsp;!<\/em><\/strong><\/p>\n","protected":false},"excerpt":{"rendered":"<p class=\"text-justify mb-2\" >Le dimanche 06 octobre dernier, les Tunisiens \u00e9taient aux urnes pour le compte de l\u2019\u00e9lection pr\u00e9sidentielle 2024. A l\u2019arriv\u00e9e, c\u2019est le Pr\u00e9sident sortant Ka\u00efs Sa\u00efed, qui a \u00e9t\u00e9 r\u00e9\u00e9lu avec 90,69% des voix devant ses adversaires politiques en lice, notamment Ayachi Zammel et Zouha\u00efr Maghzaoui, [&hellip;]<\/p>\n","protected":false},"author":2,"featured_media":17192,"comment_status":"open","ping_status":"open","sticky":false,"template":"","format":"standard","meta":{"footnotes":""},"categories":[20,1],"tags":[],"class_list":["post-17191","post","type-post","status-publish","format-standard","has-post-thumbnail","hentry","category-actualite","category-politique"],"yoast_head":"<!-- This site is optimized with the Yoast SEO plugin v28.4 - https:\/\/yoast.com\/product\/yoast-seo-wordpress\/ -->\n<title>PRESIDENTIELLE DU 06 OCTOBRE DERNIER EN TUNSIE\u00a0: L\u2019ex Premier ministre S\u00e9lom Klassou a conduit la Mission d\u2019observation \u00e9lectorale de l\u2019Union africaine (Ua) -<\/title>\n<meta name=\"robots\" content=\"index, follow, max-snippet:-1, max-image-preview:large, max-video-preview:-1\" \/>\n<link rel=\"canonical\" href=\"https:\/\/macite.tg\/?p=17191\" \/>\n<meta property=\"og:locale\" content=\"fr_FR\" \/>\n<meta property=\"og:type\" content=\"article\" \/>\n<meta property=\"og:title\" content=\"PRESIDENTIELLE DU 06 OCTOBRE DERNIER EN TUNSIE\u00a0: L\u2019ex Premier ministre S\u00e9lom Klassou a conduit la Mission d\u2019observation \u00e9lectorale de l\u2019Union africaine (Ua) -\" \/>\n<meta property=\"og:description\" content=\"Le dimanche 06 octobre dernier, les Tunisiens \u00e9taient aux urnes pour le compte de l\u2019\u00e9lection pr\u00e9sidentielle 2024. A l\u2019arriv\u00e9e, c\u2019est le Pr\u00e9sident sortant Ka\u00efs Sa\u00efed, qui a \u00e9t\u00e9 r\u00e9\u00e9lu avec 90,69% des voix devant ses adversaires politiques en lice, notamment Ayachi Zammel et Zouha\u00efr Maghzaoui, [&hellip;]\" \/>\n<meta property=\"og:url\" content=\"https:\/\/macite.tg\/?p=17191\" \/>\n<meta property=\"article:published_time\" content=\"2024-10-11T17:14:44+00:00\" \/>\n<meta property=\"article:modified_time\" content=\"2024-10-11T17:15:37+00:00\" \/>\n<meta property=\"og:image\" content=\"https:\/\/macite.tg\/wp-content\/uploads\/2024\/10\/Chef-de-mission-UA.jpg\" \/>\n\t<meta property=\"og:image:width\" content=\"500\" \/>\n\t<meta property=\"og:image:height\" content=\"214\" \/>\n\t<meta property=\"og:image:type\" content=\"image\/jpeg\" \/>\n<meta name=\"author\" content=\"Jean Pierre BAWELA\" \/>\n<meta name=\"twitter:card\" content=\"summary_large_image\" \/>\n<meta name=\"twitter:label1\" content=\"\u00c9crit par\" \/>\n\t<meta name=\"twitter:data1\" content=\"Jean Pierre BAWELA\" \/>\n\t<meta name=\"twitter:label2\" content=\"Dur\u00e9e de lecture estim\u00e9e\" \/>\n\t<meta name=\"twitter:data2\" content=\"3 minutes\" \/>\n<script type=\"application\/ld+json\" class=\"yoast-schema-graph\">{\"@context\":\"https:\\\/\\\/schema.org\",\"@graph\":[{\"@type\":\"Article\",\"@id\":\"https:\\\/\\\/macite.tg\\\/?p=17191#article\",\"isPartOf\":{\"@id\":\"https:\\\/\\\/macite.tg\\\/?p=17191\"},\"author\":{\"name\":\"Jean Pierre BAWELA\",\"@id\":\"https:\\\/\\\/macite.tg\\\/#\\\/schema\\\/person\\\/e9f2de7e5dbbe7770a9402c7ce82f5c2\"},\"headline\":\"PRESIDENTIELLE DU 06 OCTOBRE DERNIER EN TUNSIE\u00a0: L\u2019ex Premier ministre S\u00e9lom Klassou a conduit la Mission d\u2019observation \u00e9lectorale de l\u2019Union africaine (Ua)\",\"datePublished\":\"2024-10-11T17:14:44+00:00\",\"dateModified\":\"2024-10-11T17:15:37+00:00\",\"mainEntityOfPage\":{\"@id\":\"https:\\\/\\\/macite.tg\\\/?p=17191\"},\"wordCount\":548,\"commentCount\":0,\"image\":{\"@id\":\"https:\\\/\\\/macite.tg\\\/?p=17191#primaryimage\"},\"thumbnailUrl\":\"https:\\\/\\\/macite.tg\\\/wp-content\\\/uploads\\\/2024\\\/10\\\/Chef-de-mission-UA.jpg\",\"articleSection\":[\"ACTUALITE\",\"POLITIQUE\"],\"inLanguage\":\"fr-FR\",\"potentialAction\":[{\"@type\":\"CommentAction\",\"name\":\"Comment\",\"target\":[\"https:\\\/\\\/macite.tg\\\/?p=17191#respond\"]}]},{\"@type\":\"WebPage\",\"@id\":\"https:\\\/\\\/macite.tg\\\/?p=17191\",\"url\":\"https:\\\/\\\/macite.tg\\\/?p=17191\",\"name\":\"PRESIDENTIELLE DU 06 OCTOBRE DERNIER EN TUNSIE\u00a0: L\u2019ex Premier ministre S\u00e9lom Klassou a conduit la Mission d\u2019observation \u00e9lectorale de l\u2019Union africaine (Ua) -\",\"isPartOf\":{\"@id\":\"https:\\\/\\\/macite.tg\\\/#website\"},\"primaryImageOfPage\":{\"@id\":\"https:\\\/\\\/macite.tg\\\/?p=17191#primaryimage\"},\"image\":{\"@id\":\"https:\\\/\\\/macite.tg\\\/?p=17191#primaryimage\"},\"thumbnailUrl\":\"https:\\\/\\\/macite.tg\\\/wp-content\\\/uploads\\\/2024\\\/10\\\/Chef-de-mission-UA.jpg\",\"datePublished\":\"2024-10-11T17:14:44+00:00\",\"dateModified\":\"2024-10-11T17:15:37+00:00\",\"author\":{\"@id\":\"https:\\\/\\\/macite.tg\\\/#\\\/schema\\\/person\\\/e9f2de7e5dbbe7770a9402c7ce82f5c2\"},\"breadcrumb\":{\"@id\":\"https:\\\/\\\/macite.tg\\\/?p=17191#breadcrumb\"},\"inLanguage\":\"fr-FR\",\"potentialAction\":[{\"@type\":\"ReadAction\",\"target\":[\"https:\\\/\\\/macite.tg\\\/?p=17191\"]}]},{\"@type\":\"ImageObject\",\"inLanguage\":\"fr-FR\",\"@id\":\"https:\\\/\\\/macite.tg\\\/?p=17191#primaryimage\",\"url\":\"https:\\\/\\\/macite.tg\\\/wp-content\\\/uploads\\\/2024\\\/10\\\/Chef-de-mission-UA.jpg\",\"contentUrl\":\"https:\\\/\\\/macite.tg\\\/wp-content\\\/uploads\\\/2024\\\/10\\\/Chef-de-mission-UA.jpg\",\"width\":500,\"height\":214},{\"@type\":\"BreadcrumbList\",\"@id\":\"https:\\\/\\\/macite.tg\\\/?p=17191#breadcrumb\",\"itemListElement\":[{\"@type\":\"ListItem\",\"position\":1,\"name\":\"Accueil\",\"item\":\"https:\\\/\\\/macite.tg\\\/\"},{\"@type\":\"ListItem\",\"position\":2,\"name\":\"PRESIDENTIELLE DU 06 OCTOBRE DERNIER EN TUNSIE\u00a0: L\u2019ex Premier ministre S\u00e9lom Klassou a conduit la Mission d\u2019observation \u00e9lectorale de l\u2019Union africaine (Ua)\"}]},{\"@type\":\"WebSite\",\"@id\":\"https:\\\/\\\/macite.tg\\\/#website\",\"url\":\"https:\\\/\\\/macite.tg\\\/\",\"name\":\"\",\"description\":\"L&#039;information, la bonne!!!\",\"potentialAction\":[{\"@type\":\"SearchAction\",\"target\":{\"@type\":\"EntryPoint\",\"urlTemplate\":\"https:\\\/\\\/macite.tg\\\/?s={search_term_string}\"},\"query-input\":{\"@type\":\"PropertyValueSpecification\",\"valueRequired\":true,\"valueName\":\"search_term_string\"}}],\"inLanguage\":\"fr-FR\"},{\"@type\":\"Person\",\"@id\":\"https:\\\/\\\/macite.tg\\\/#\\\/schema\\\/person\\\/e9f2de7e5dbbe7770a9402c7ce82f5c2\",\"name\":\"Jean Pierre BAWELA\",\"image\":{\"@type\":\"ImageObject\",\"inLanguage\":\"fr-FR\",\"@id\":\"https:\\\/\\\/macite.tg\\\/wp-content\\\/uploads\\\/2023\\\/09\\\/WhatsApp-Image-2023-09-19-at-14.44.41-122x122.jpeg\",\"url\":\"https:\\\/\\\/macite.tg\\\/wp-content\\\/uploads\\\/2023\\\/09\\\/WhatsApp-Image-2023-09-19-at-14.44.41-122x122.jpeg\",\"contentUrl\":\"https:\\\/\\\/macite.tg\\\/wp-content\\\/uploads\\\/2023\\\/09\\\/WhatsApp-Image-2023-09-19-at-14.44.41-122x122.jpeg\",\"caption\":\"Jean Pierre BAWELA\"},\"url\":\"https:\\\/\\\/macite.tg\\\/?author=2\"}]}<\/script>\n<!-- \/ Yoast SEO plugin. -->","yoast_head_json":{"title":"PRESIDENTIELLE DU 06 OCTOBRE DERNIER EN TUNSIE\u00a0: L\u2019ex Premier ministre S\u00e9lom Klassou a conduit la Mission d\u2019observation \u00e9lectorale de l\u2019Union africaine (Ua) -","robots":{"index":"index","follow":"follow","max-snippet":"max-snippet:-1","max-image-preview":"max-image-preview:large","max-video-preview":"max-video-preview:-1"},"canonical":"https:\/\/macite.tg\/?p=17191","og_locale":"fr_FR","og_type":"article","og_title":"PRESIDENTIELLE DU 06 OCTOBRE DERNIER EN TUNSIE\u00a0: L\u2019ex Premier ministre S\u00e9lom Klassou a conduit la Mission d\u2019observation \u00e9lectorale de l\u2019Union africaine (Ua) -","og_description":"Le dimanche 06 octobre dernier, les Tunisiens \u00e9taient aux urnes pour le compte de l\u2019\u00e9lection pr\u00e9sidentielle 2024. A l\u2019arriv\u00e9e, c\u2019est le Pr\u00e9sident sortant Ka\u00efs Sa\u00efed, qui a \u00e9t\u00e9 r\u00e9\u00e9lu avec 90,69% des voix devant ses adversaires politiques en lice, notamment Ayachi Zammel et Zouha\u00efr Maghzaoui, [&hellip;]","og_url":"https:\/\/macite.tg\/?p=17191","article_published_time":"2024-10-11T17:14:44+00:00","article_modified_time":"2024-10-11T17:15:37+00:00","og_image":[{"width":500,"height":214,"url":"https:\/\/macite.tg\/wp-content\/uploads\/2024\/10\/Chef-de-mission-UA.jpg","type":"image\/jpeg"}],"author":"Jean Pierre BAWELA","twitter_card":"summary_large_image","twitter_misc":{"\u00c9crit par":"Jean Pierre BAWELA","Dur\u00e9e de lecture estim\u00e9e":"3 minutes"},"schema":{"@context":"https:\/\/schema.org","@graph":[{"@type":"Article","@id":"https:\/\/macite.tg\/?p=17191#article","isPartOf":{"@id":"https:\/\/macite.tg\/?p=17191"},"author":{"name":"Jean Pierre BAWELA","@id":"https:\/\/macite.tg\/#\/schema\/person\/e9f2de7e5dbbe7770a9402c7ce82f5c2"},"headline":"PRESIDENTIELLE DU 06 OCTOBRE DERNIER EN TUNSIE\u00a0: L\u2019ex Premier ministre S\u00e9lom Klassou a conduit la Mission d\u2019observation \u00e9lectorale de l\u2019Union africaine (Ua)","datePublished":"2024-10-11T17:14:44+00:00","dateModified":"2024-10-11T17:15:37+00:00","mainEntityOfPage":{"@id":"https:\/\/macite.tg\/?p=17191"},"wordCount":548,"commentCount":0,"image":{"@id":"https:\/\/macite.tg\/?p=17191#primaryimage"},"thumbnailUrl":"https:\/\/macite.tg\/wp-content\/uploads\/2024\/10\/Chef-de-mission-UA.jpg","articleSection":["ACTUALITE","POLITIQUE"],"inLanguage":"fr-FR","potentialAction":[{"@type":"CommentAction","name":"Comment","target":["https:\/\/macite.tg\/?p=17191#respond"]}]},{"@type":"WebPage","@id":"https:\/\/macite.tg\/?p=17191","url":"https:\/\/macite.tg\/?p=17191","name":"PRESIDENTIELLE DU 06 OCTOBRE DERNIER EN TUNSIE\u00a0: L\u2019ex Premier ministre S\u00e9lom Klassou a conduit la Mission d\u2019observation \u00e9lectorale de l\u2019Union africaine (Ua) -","isPartOf":{"@id":"https:\/\/macite.tg\/#website"},"primaryImageOfPage":{"@id":"https:\/\/macite.tg\/?p=17191#primaryimage"},"image":{"@id":"https:\/\/macite.tg\/?p=17191#primaryimage"},"thumbnailUrl":"https:\/\/macite.tg\/wp-content\/uploads\/2024\/10\/Chef-de-mission-UA.jpg","datePublished":"2024-10-11T17:14:44+00:00","dateModified":"2024-10-11T17:15:37+00:00","author":{"@id":"https:\/\/macite.tg\/#\/schema\/person\/e9f2de7e5dbbe7770a9402c7ce82f5c2"},"breadcrumb":{"@id":"https:\/\/macite.tg\/?p=17191#breadcrumb"},"inLanguage":"fr-FR","potentialAction":[{"@type":"ReadAction","target":["https:\/\/macite.tg\/?p=17191"]}]},{"@type":"ImageObject","inLanguage":"fr-FR","@id":"https:\/\/macite.tg\/?p=17191#primaryimage","url":"https:\/\/macite.tg\/wp-content\/uploads\/2024\/10\/Chef-de-mission-UA.jpg","contentUrl":"https:\/\/macite.tg\/wp-content\/uploads\/2024\/10\/Chef-de-mission-UA.jpg","width":500,"height":214},{"@type":"BreadcrumbList","@id":"https:\/\/macite.tg\/?p=17191#breadcrumb","itemListElement":[{"@type":"ListItem","position":1,"name":"Accueil","item":"https:\/\/macite.tg\/"},{"@type":"ListItem","position":2,"name":"PRESIDENTIELLE DU 06 OCTOBRE DERNIER EN TUNSIE\u00a0: L\u2019ex Premier ministre S\u00e9lom Klassou a conduit la Mission d\u2019observation \u00e9lectorale de l\u2019Union africaine (Ua)"}]},{"@type":"WebSite","@id":"https:\/\/macite.tg\/#website","url":"https:\/\/macite.tg\/","name":"","description":"L&#039;information, la bonne!!!","potentialAction":[{"@type":"SearchAction","target":{"@type":"EntryPoint","urlTemplate":"https:\/\/macite.tg\/?s={search_term_string}"},"query-input":{"@type":"PropertyValueSpecification","valueRequired":true,"valueName":"search_term_string"}}],"inLanguage":"fr-FR"},{"@type":"Person","@id":"https:\/\/macite.tg\/#\/schema\/person\/e9f2de7e5dbbe7770a9402c7ce82f5c2","name":"Jean Pierre BAWELA","image":{"@type":"ImageObject","inLanguage":"fr-FR","@id":"https:\/\/macite.tg\/wp-content\/uploads\/2023\/09\/WhatsApp-Image-2023-09-19-at-14.44.41-122x122.jpeg","url":"https:\/\/macite.tg\/wp-content\/uploads\/2023\/09\/WhatsApp-Image-2023-09-19-at-14.44.41-122x122.jpeg","contentUrl":"https:\/\/macite.tg\/wp-content\/uploads\/2023\/09\/WhatsApp-Image-2023-09-19-at-14.44.41-122x122.jpeg","caption":"Jean Pierre BAWELA"},"url":"https:\/\/macite.tg\/?author=2"}]}},"_links":{"self":[{"href":"https:\/\/macite.tg\/index.php?rest_route=\/wp\/v2\/posts\/17191","targetHints":{"allow":["GET"]}}],"collection":[{"href":"https:\/\/macite.tg\/index.php?rest_route=\/wp\/v2\/posts"}],"about":[{"href":"https:\/\/macite.tg\/index.php?rest_route=\/wp\/v2\/types\/post"}],"author":[{"embeddable":true,"href":"https:\/\/macite.tg\/index.php?rest_route=\/wp\/v2\/users\/2"}],"replies":[{"embeddable":true,"href":"https:\/\/macite.tg\/index.php?rest_route=%2Fwp%2Fv2%2Fcomments&post=17191"}],"version-history":[{"count":0,"href":"https:\/\/macite.tg\/index.php?rest_route=\/wp\/v2\/posts\/17191\/revisions"}],"wp:featuredmedia":[{"embeddable":true,"href":"https:\/\/macite.tg\/index.php?rest_route=\/wp\/v2\/media\/17192"}],"wp:attachment":[{"href":"https:\/\/macite.tg\/index.php?rest_route=%2Fwp%2Fv2%2Fmedia&parent=17191"}],"wp:term":[{"taxonomy":"category","embeddable":true,"href":"https:\/\/macite.tg\/index.php?rest_route=%2Fwp%2Fv2%2Fcategories&post=17191"},{"taxonomy":"post_tag","embeddable":true,"href":"https:\/\/macite.tg\/index.php?rest_route=%2Fwp%2Fv2%2Ftags&post=17191"}],"curies":[{"name":"wp","href":"https:\/\/api.w.org\/{rel}","templated":true}]}}