{"id":17188,"date":"2024-10-11T16:15:50","date_gmt":"2024-10-11T16:15:50","guid":{"rendered":"https:\/\/macite.tg\/?p=17188"},"modified":"2024-10-11T16:16:02","modified_gmt":"2024-10-11T16:16:02","slug":"sahara-le-burundi-reaffirme-son-soutien-en-faveur-de-lintegrite-territoriale-et-de-la-souverainete-du-maroc-sur-lensemble-de-son-territoire","status":"publish","type":"post","link":"https:\/\/macite.tg\/?p=17188","title":{"rendered":"SAHARA : Le Burundi r\u00e9affirme son soutien en faveur de l\u2019int\u00e9grit\u00e9 territoriale et de la souverainet\u00e9 du Maroc sur l\u2019ensemble de son territoire"},"content":{"rendered":"\n<p class=\"wp-block-paragraph\"><strong><em>Les soutiens du Royaume du Maroc quant \u00e0 la question de sa souverainet\u00e9 sur l\u2019ensemble de ses territoires, ne cessent de se r\u00e9affirmer davantage \u00e0 travers les quatre coins du monde. Hier jeudi 10 octobre, la R\u00e9publique du Burundi s\u2019est ajout\u00e9e \u00e0 cette longue liste des soutiens.<\/em><\/strong><\/p>\n\n\n\n<p class=\"wp-block-paragraph\">En effet, le Chef de la diplomatie du Royaume du Maroc, M. Nasser Bourita, a re\u00e7u hier jeudi 10 octobre \u00e0 Rabat, l\u2019Ambassadeur Albert Shingiro, ministre des Affaires \u00e9trang\u00e8res et de la Coop\u00e9ration au d\u00e9veloppement de la R\u00e9publique du Burundi.<\/p>\n\n\n<div class=\"wp-block-image\">\n<figure class=\"aligncenter size-large is-resized\"><img loading=\"lazy\" decoding=\"async\" src=\"https:\/\/macite.tg\/wp-content\/uploads\/2024\/10\/214fc1c3-6c7d-4e49-9063-8d70e825b678-1-780x1024.jpg\" alt=\"\" class=\"wp-image-17117\" width=\"490\" height=\"643\" srcset=\"https:\/\/macite.tg\/wp-content\/uploads\/2024\/10\/214fc1c3-6c7d-4e49-9063-8d70e825b678-1-780x1024.jpg 780w, https:\/\/macite.tg\/wp-content\/uploads\/2024\/10\/214fc1c3-6c7d-4e49-9063-8d70e825b678-1-229x300.jpg 229w, https:\/\/macite.tg\/wp-content\/uploads\/2024\/10\/214fc1c3-6c7d-4e49-9063-8d70e825b678-1-768x1008.jpg 768w, https:\/\/macite.tg\/wp-content\/uploads\/2024\/10\/214fc1c3-6c7d-4e49-9063-8d70e825b678-1.jpg 823w\" sizes=\"auto, (max-width: 490px) 100vw, 490px\" \/><\/figure>\n<\/div>\n\n\n<p class=\"wp-block-paragraph\">L\u2019entrevue a \u00e9t\u00e9 une occasion pour l\u2019officiel burundais, dans un premier temps, de r\u00e9it\u00e9rer la position constante de la R\u00e9publique du Burundi en faveur de l\u2019int\u00e9grit\u00e9 territoriale et de la souverainet\u00e9 du Maroc sur l\u2019ensemble de son territoire, y compris la r\u00e9gion du Sahara.<\/p>\n\n\n<div class=\"wp-block-image\">\n<figure class=\"aligncenter size-large is-resized\"><img loading=\"lazy\" decoding=\"async\" src=\"https:\/\/macite.tg\/wp-content\/uploads\/2024\/10\/91a7f843-3ed3-4b63-a0c4-589fa9e06d48-780x1024.jpg\" alt=\"\" class=\"wp-image-17115\" width=\"440\" height=\"578\" srcset=\"https:\/\/macite.tg\/wp-content\/uploads\/2024\/10\/91a7f843-3ed3-4b63-a0c4-589fa9e06d48-780x1024.jpg 780w, https:\/\/macite.tg\/wp-content\/uploads\/2024\/10\/91a7f843-3ed3-4b63-a0c4-589fa9e06d48-229x300.jpg 229w, https:\/\/macite.tg\/wp-content\/uploads\/2024\/10\/91a7f843-3ed3-4b63-a0c4-589fa9e06d48-768x1008.jpg 768w, https:\/\/macite.tg\/wp-content\/uploads\/2024\/10\/91a7f843-3ed3-4b63-a0c4-589fa9e06d48.jpg 823w\" sizes=\"auto, (max-width: 440px) 100vw, 440px\" \/><\/figure>\n<\/div>\n\n\n<p class=\"wp-block-paragraph\">Tout en r\u00e9affirmant, dans un second temps, le soutien de son pays au Plan d\u2019autonomie pr\u00e9sent\u00e9 par le Royaume du Maroc depuis 2007, comme <em>\u00ab&nbsp;la seule solution cr\u00e9dible et r\u00e9aliste pour la r\u00e9solution de ce diff\u00e9rend r\u00e9gional&nbsp;\u00bb<\/em>, l\u2019Ambassadeur Albert Shingiro a tenu \u00e0 saluer les efforts des Nations Unies, en tant que <em>\u00ab&nbsp;cadre exclusif pour parvenir \u00e0 une solution r\u00e9aliste, pratique et durable au diff\u00e9rend autour du Sahara&nbsp;\u00bb.<\/em><\/p>\n\n\n\n<p class=\"wp-block-paragraph\"><strong>MC<\/strong><\/p>\n\n\n\n<p class=\"wp-block-paragraph\"><a><strong><em>@macite.tg&nbsp;&nbsp;&nbsp;&nbsp;&nbsp;&nbsp;&nbsp;&nbsp;<\/em><\/strong><\/a><\/p>\n\n\n\n<p class=\"wp-block-paragraph\"><strong><em>E-mail&nbsp;: <\/em><\/strong><a href=\"mailto:maciteinfo@gmail.com\"><strong><em>maciteinfo@gmail.com<\/em><\/strong><\/a><strong><em>; <\/em><\/strong><a href=\"mailto:bawela1@gmail.com\"><strong><em>bawela1@gmail.com<\/em><\/strong><\/a><strong><em><\/em><\/strong><\/p>\n\n\n\n<p class=\"wp-block-paragraph\"><strong><em>Pour vos annonces, (publi)reportages, etc., joignez-nous au (00228)91515309\/<strong>79872224 <\/strong>www.macite.tg, L\u2019information, la bonne&nbsp;!<\/em><\/strong><\/p>\n","protected":false},"excerpt":{"rendered":"<p class=\"text-justify mb-2\" >Les soutiens du Royaume du Maroc quant \u00e0 la question de sa souverainet\u00e9 sur l\u2019ensemble de ses territoires, ne cessent de se r\u00e9affirmer davantage \u00e0 travers les quatre coins du monde. Hier jeudi 10 octobre, la R\u00e9publique du Burundi s\u2019est ajout\u00e9e \u00e0 cette longue liste [&hellip;]<\/p>\n","protected":false},"author":2,"featured_media":17189,"comment_status":"open","ping_status":"open","sticky":false,"template":"","format":"standard","meta":{"footnotes":""},"categories":[20,8],"tags":[],"class_list":["post-17188","post","type-post","status-publish","format-standard","has-post-thumbnail","hentry","category-actualite","category-diplomatie"],"yoast_head":"<!-- This site is optimized with the Yoast SEO plugin v28.4 - https:\/\/yoast.com\/product\/yoast-seo-wordpress\/ -->\n<title>SAHARA : Le Burundi r\u00e9affirme son soutien en faveur de l\u2019int\u00e9grit\u00e9 territoriale et de la souverainet\u00e9 du Maroc sur l\u2019ensemble de son territoire -<\/title>\n<meta name=\"robots\" content=\"index, follow, max-snippet:-1, max-image-preview:large, max-video-preview:-1\" \/>\n<link rel=\"canonical\" href=\"https:\/\/macite.tg\/?p=17188\" \/>\n<meta property=\"og:locale\" content=\"fr_FR\" \/>\n<meta property=\"og:type\" content=\"article\" \/>\n<meta property=\"og:title\" content=\"SAHARA : Le Burundi r\u00e9affirme son soutien en faveur de l\u2019int\u00e9grit\u00e9 territoriale et de la souverainet\u00e9 du Maroc sur l\u2019ensemble de son territoire -\" \/>\n<meta property=\"og:description\" content=\"Les soutiens du Royaume du Maroc quant \u00e0 la question de sa souverainet\u00e9 sur l\u2019ensemble de ses territoires, ne cessent de se r\u00e9affirmer davantage \u00e0 travers les quatre coins du monde. Hier jeudi 10 octobre, la R\u00e9publique du Burundi s\u2019est ajout\u00e9e \u00e0 cette longue liste [&hellip;]\" \/>\n<meta property=\"og:url\" content=\"https:\/\/macite.tg\/?p=17188\" \/>\n<meta property=\"article:published_time\" content=\"2024-10-11T16:15:50+00:00\" \/>\n<meta property=\"article:modified_time\" content=\"2024-10-11T16:16:02+00:00\" \/>\n<meta property=\"og:image\" content=\"https:\/\/macite.tg\/wp-content\/uploads\/2024\/10\/83c31bf9-1285-4509-bef0-1fbcdf4c2fca.jpg\" \/>\n\t<meta property=\"og:image:width\" content=\"275\" \/>\n\t<meta property=\"og:image:height\" content=\"183\" \/>\n\t<meta property=\"og:image:type\" content=\"image\/jpeg\" \/>\n<meta name=\"author\" content=\"Jean Pierre BAWELA\" \/>\n<meta name=\"twitter:card\" content=\"summary_large_image\" \/>\n<meta name=\"twitter:label1\" content=\"\u00c9crit par\" \/>\n\t<meta name=\"twitter:data1\" content=\"Jean Pierre BAWELA\" \/>\n\t<meta name=\"twitter:label2\" content=\"Dur\u00e9e de lecture estim\u00e9e\" \/>\n\t<meta name=\"twitter:data2\" content=\"1 minute\" \/>\n<script type=\"application\/ld+json\" class=\"yoast-schema-graph\">{\"@context\":\"https:\\\/\\\/schema.org\",\"@graph\":[{\"@type\":\"Article\",\"@id\":\"https:\\\/\\\/macite.tg\\\/?p=17188#article\",\"isPartOf\":{\"@id\":\"https:\\\/\\\/macite.tg\\\/?p=17188\"},\"author\":{\"name\":\"Jean Pierre BAWELA\",\"@id\":\"https:\\\/\\\/macite.tg\\\/#\\\/schema\\\/person\\\/e9f2de7e5dbbe7770a9402c7ce82f5c2\"},\"headline\":\"SAHARA : Le Burundi r\u00e9affirme son soutien en faveur de l\u2019int\u00e9grit\u00e9 territoriale et de la souverainet\u00e9 du Maroc sur l\u2019ensemble de son territoire\",\"datePublished\":\"2024-10-11T16:15:50+00:00\",\"dateModified\":\"2024-10-11T16:16:02+00:00\",\"mainEntityOfPage\":{\"@id\":\"https:\\\/\\\/macite.tg\\\/?p=17188\"},\"wordCount\":286,\"commentCount\":0,\"image\":{\"@id\":\"https:\\\/\\\/macite.tg\\\/?p=17188#primaryimage\"},\"thumbnailUrl\":\"https:\\\/\\\/macite.tg\\\/wp-content\\\/uploads\\\/2024\\\/10\\\/83c31bf9-1285-4509-bef0-1fbcdf4c2fca.jpg\",\"articleSection\":[\"ACTUALITE\",\"DIPLOMATIE\"],\"inLanguage\":\"fr-FR\",\"potentialAction\":[{\"@type\":\"CommentAction\",\"name\":\"Comment\",\"target\":[\"https:\\\/\\\/macite.tg\\\/?p=17188#respond\"]}]},{\"@type\":\"WebPage\",\"@id\":\"https:\\\/\\\/macite.tg\\\/?p=17188\",\"url\":\"https:\\\/\\\/macite.tg\\\/?p=17188\",\"name\":\"SAHARA : Le Burundi r\u00e9affirme son soutien en faveur de l\u2019int\u00e9grit\u00e9 territoriale et de la souverainet\u00e9 du Maroc sur l\u2019ensemble de son territoire -\",\"isPartOf\":{\"@id\":\"https:\\\/\\\/macite.tg\\\/#website\"},\"primaryImageOfPage\":{\"@id\":\"https:\\\/\\\/macite.tg\\\/?p=17188#primaryimage\"},\"image\":{\"@id\":\"https:\\\/\\\/macite.tg\\\/?p=17188#primaryimage\"},\"thumbnailUrl\":\"https:\\\/\\\/macite.tg\\\/wp-content\\\/uploads\\\/2024\\\/10\\\/83c31bf9-1285-4509-bef0-1fbcdf4c2fca.jpg\",\"datePublished\":\"2024-10-11T16:15:50+00:00\",\"dateModified\":\"2024-10-11T16:16:02+00:00\",\"author\":{\"@id\":\"https:\\\/\\\/macite.tg\\\/#\\\/schema\\\/person\\\/e9f2de7e5dbbe7770a9402c7ce82f5c2\"},\"breadcrumb\":{\"@id\":\"https:\\\/\\\/macite.tg\\\/?p=17188#breadcrumb\"},\"inLanguage\":\"fr-FR\",\"potentialAction\":[{\"@type\":\"ReadAction\",\"target\":[\"https:\\\/\\\/macite.tg\\\/?p=17188\"]}]},{\"@type\":\"ImageObject\",\"inLanguage\":\"fr-FR\",\"@id\":\"https:\\\/\\\/macite.tg\\\/?p=17188#primaryimage\",\"url\":\"https:\\\/\\\/macite.tg\\\/wp-content\\\/uploads\\\/2024\\\/10\\\/83c31bf9-1285-4509-bef0-1fbcdf4c2fca.jpg\",\"contentUrl\":\"https:\\\/\\\/macite.tg\\\/wp-content\\\/uploads\\\/2024\\\/10\\\/83c31bf9-1285-4509-bef0-1fbcdf4c2fca.jpg\",\"width\":275,\"height\":183,\"caption\":\"Echange de documents entre les diplomates burundais (g) et marocain (dt) hier \u00e0 Rabat, \u00e0 l'issue de l'entrevue.\"},{\"@type\":\"BreadcrumbList\",\"@id\":\"https:\\\/\\\/macite.tg\\\/?p=17188#breadcrumb\",\"itemListElement\":[{\"@type\":\"ListItem\",\"position\":1,\"name\":\"Accueil\",\"item\":\"https:\\\/\\\/macite.tg\\\/\"},{\"@type\":\"ListItem\",\"position\":2,\"name\":\"SAHARA : Le Burundi r\u00e9affirme son soutien en faveur de l\u2019int\u00e9grit\u00e9 territoriale et de la souverainet\u00e9 du Maroc sur l\u2019ensemble de son territoire\"}]},{\"@type\":\"WebSite\",\"@id\":\"https:\\\/\\\/macite.tg\\\/#website\",\"url\":\"https:\\\/\\\/macite.tg\\\/\",\"name\":\"\",\"description\":\"L&#039;information, la bonne!!!\",\"potentialAction\":[{\"@type\":\"SearchAction\",\"target\":{\"@type\":\"EntryPoint\",\"urlTemplate\":\"https:\\\/\\\/macite.tg\\\/?s={search_term_string}\"},\"query-input\":{\"@type\":\"PropertyValueSpecification\",\"valueRequired\":true,\"valueName\":\"search_term_string\"}}],\"inLanguage\":\"fr-FR\"},{\"@type\":\"Person\",\"@id\":\"https:\\\/\\\/macite.tg\\\/#\\\/schema\\\/person\\\/e9f2de7e5dbbe7770a9402c7ce82f5c2\",\"name\":\"Jean Pierre BAWELA\",\"image\":{\"@type\":\"ImageObject\",\"inLanguage\":\"fr-FR\",\"@id\":\"https:\\\/\\\/macite.tg\\\/wp-content\\\/uploads\\\/2023\\\/09\\\/WhatsApp-Image-2023-09-19-at-14.44.41-122x122.jpeg\",\"url\":\"https:\\\/\\\/macite.tg\\\/wp-content\\\/uploads\\\/2023\\\/09\\\/WhatsApp-Image-2023-09-19-at-14.44.41-122x122.jpeg\",\"contentUrl\":\"https:\\\/\\\/macite.tg\\\/wp-content\\\/uploads\\\/2023\\\/09\\\/WhatsApp-Image-2023-09-19-at-14.44.41-122x122.jpeg\",\"caption\":\"Jean Pierre BAWELA\"},\"url\":\"https:\\\/\\\/macite.tg\\\/?author=2\"}]}<\/script>\n<!-- \/ Yoast SEO plugin. -->","yoast_head_json":{"title":"SAHARA : Le Burundi r\u00e9affirme son soutien en faveur de l\u2019int\u00e9grit\u00e9 territoriale et de la souverainet\u00e9 du Maroc sur l\u2019ensemble de son territoire -","robots":{"index":"index","follow":"follow","max-snippet":"max-snippet:-1","max-image-preview":"max-image-preview:large","max-video-preview":"max-video-preview:-1"},"canonical":"https:\/\/macite.tg\/?p=17188","og_locale":"fr_FR","og_type":"article","og_title":"SAHARA : Le Burundi r\u00e9affirme son soutien en faveur de l\u2019int\u00e9grit\u00e9 territoriale et de la souverainet\u00e9 du Maroc sur l\u2019ensemble de son territoire -","og_description":"Les soutiens du Royaume du Maroc quant \u00e0 la question de sa souverainet\u00e9 sur l\u2019ensemble de ses territoires, ne cessent de se r\u00e9affirmer davantage \u00e0 travers les quatre coins du monde. Hier jeudi 10 octobre, la R\u00e9publique du Burundi s\u2019est ajout\u00e9e \u00e0 cette longue liste [&hellip;]","og_url":"https:\/\/macite.tg\/?p=17188","article_published_time":"2024-10-11T16:15:50+00:00","article_modified_time":"2024-10-11T16:16:02+00:00","og_image":[{"width":275,"height":183,"url":"https:\/\/macite.tg\/wp-content\/uploads\/2024\/10\/83c31bf9-1285-4509-bef0-1fbcdf4c2fca.jpg","type":"image\/jpeg"}],"author":"Jean Pierre BAWELA","twitter_card":"summary_large_image","twitter_misc":{"\u00c9crit par":"Jean Pierre BAWELA","Dur\u00e9e de lecture estim\u00e9e":"1 minute"},"schema":{"@context":"https:\/\/schema.org","@graph":[{"@type":"Article","@id":"https:\/\/macite.tg\/?p=17188#article","isPartOf":{"@id":"https:\/\/macite.tg\/?p=17188"},"author":{"name":"Jean Pierre BAWELA","@id":"https:\/\/macite.tg\/#\/schema\/person\/e9f2de7e5dbbe7770a9402c7ce82f5c2"},"headline":"SAHARA : Le Burundi r\u00e9affirme son soutien en faveur de l\u2019int\u00e9grit\u00e9 territoriale et de la souverainet\u00e9 du Maroc sur l\u2019ensemble de son territoire","datePublished":"2024-10-11T16:15:50+00:00","dateModified":"2024-10-11T16:16:02+00:00","mainEntityOfPage":{"@id":"https:\/\/macite.tg\/?p=17188"},"wordCount":286,"commentCount":0,"image":{"@id":"https:\/\/macite.tg\/?p=17188#primaryimage"},"thumbnailUrl":"https:\/\/macite.tg\/wp-content\/uploads\/2024\/10\/83c31bf9-1285-4509-bef0-1fbcdf4c2fca.jpg","articleSection":["ACTUALITE","DIPLOMATIE"],"inLanguage":"fr-FR","potentialAction":[{"@type":"CommentAction","name":"Comment","target":["https:\/\/macite.tg\/?p=17188#respond"]}]},{"@type":"WebPage","@id":"https:\/\/macite.tg\/?p=17188","url":"https:\/\/macite.tg\/?p=17188","name":"SAHARA : Le Burundi r\u00e9affirme son soutien en faveur de l\u2019int\u00e9grit\u00e9 territoriale et de la souverainet\u00e9 du Maroc sur l\u2019ensemble de son territoire -","isPartOf":{"@id":"https:\/\/macite.tg\/#website"},"primaryImageOfPage":{"@id":"https:\/\/macite.tg\/?p=17188#primaryimage"},"image":{"@id":"https:\/\/macite.tg\/?p=17188#primaryimage"},"thumbnailUrl":"https:\/\/macite.tg\/wp-content\/uploads\/2024\/10\/83c31bf9-1285-4509-bef0-1fbcdf4c2fca.jpg","datePublished":"2024-10-11T16:15:50+00:00","dateModified":"2024-10-11T16:16:02+00:00","author":{"@id":"https:\/\/macite.tg\/#\/schema\/person\/e9f2de7e5dbbe7770a9402c7ce82f5c2"},"breadcrumb":{"@id":"https:\/\/macite.tg\/?p=17188#breadcrumb"},"inLanguage":"fr-FR","potentialAction":[{"@type":"ReadAction","target":["https:\/\/macite.tg\/?p=17188"]}]},{"@type":"ImageObject","inLanguage":"fr-FR","@id":"https:\/\/macite.tg\/?p=17188#primaryimage","url":"https:\/\/macite.tg\/wp-content\/uploads\/2024\/10\/83c31bf9-1285-4509-bef0-1fbcdf4c2fca.jpg","contentUrl":"https:\/\/macite.tg\/wp-content\/uploads\/2024\/10\/83c31bf9-1285-4509-bef0-1fbcdf4c2fca.jpg","width":275,"height":183,"caption":"Echange de documents entre les diplomates burundais (g) et marocain (dt) hier \u00e0 Rabat, \u00e0 l'issue de l'entrevue."},{"@type":"BreadcrumbList","@id":"https:\/\/macite.tg\/?p=17188#breadcrumb","itemListElement":[{"@type":"ListItem","position":1,"name":"Accueil","item":"https:\/\/macite.tg\/"},{"@type":"ListItem","position":2,"name":"SAHARA : Le Burundi r\u00e9affirme son soutien en faveur de l\u2019int\u00e9grit\u00e9 territoriale et de la souverainet\u00e9 du Maroc sur l\u2019ensemble de son territoire"}]},{"@type":"WebSite","@id":"https:\/\/macite.tg\/#website","url":"https:\/\/macite.tg\/","name":"","description":"L&#039;information, la bonne!!!","potentialAction":[{"@type":"SearchAction","target":{"@type":"EntryPoint","urlTemplate":"https:\/\/macite.tg\/?s={search_term_string}"},"query-input":{"@type":"PropertyValueSpecification","valueRequired":true,"valueName":"search_term_string"}}],"inLanguage":"fr-FR"},{"@type":"Person","@id":"https:\/\/macite.tg\/#\/schema\/person\/e9f2de7e5dbbe7770a9402c7ce82f5c2","name":"Jean Pierre BAWELA","image":{"@type":"ImageObject","inLanguage":"fr-FR","@id":"https:\/\/macite.tg\/wp-content\/uploads\/2023\/09\/WhatsApp-Image-2023-09-19-at-14.44.41-122x122.jpeg","url":"https:\/\/macite.tg\/wp-content\/uploads\/2023\/09\/WhatsApp-Image-2023-09-19-at-14.44.41-122x122.jpeg","contentUrl":"https:\/\/macite.tg\/wp-content\/uploads\/2023\/09\/WhatsApp-Image-2023-09-19-at-14.44.41-122x122.jpeg","caption":"Jean Pierre BAWELA"},"url":"https:\/\/macite.tg\/?author=2"}]}},"_links":{"self":[{"href":"https:\/\/macite.tg\/index.php?rest_route=\/wp\/v2\/posts\/17188","targetHints":{"allow":["GET"]}}],"collection":[{"href":"https:\/\/macite.tg\/index.php?rest_route=\/wp\/v2\/posts"}],"about":[{"href":"https:\/\/macite.tg\/index.php?rest_route=\/wp\/v2\/types\/post"}],"author":[{"embeddable":true,"href":"https:\/\/macite.tg\/index.php?rest_route=\/wp\/v2\/users\/2"}],"replies":[{"embeddable":true,"href":"https:\/\/macite.tg\/index.php?rest_route=%2Fwp%2Fv2%2Fcomments&post=17188"}],"version-history":[{"count":0,"href":"https:\/\/macite.tg\/index.php?rest_route=\/wp\/v2\/posts\/17188\/revisions"}],"wp:featuredmedia":[{"embeddable":true,"href":"https:\/\/macite.tg\/index.php?rest_route=\/wp\/v2\/media\/17189"}],"wp:attachment":[{"href":"https:\/\/macite.tg\/index.php?rest_route=%2Fwp%2Fv2%2Fmedia&parent=17188"}],"wp:term":[{"taxonomy":"category","embeddable":true,"href":"https:\/\/macite.tg\/index.php?rest_route=%2Fwp%2Fv2%2Fcategories&post=17188"},{"taxonomy":"post_tag","embeddable":true,"href":"https:\/\/macite.tg\/index.php?rest_route=%2Fwp%2Fv2%2Ftags&post=17188"}],"curies":[{"name":"wp","href":"https:\/\/api.w.org\/{rel}","templated":true}]}}