{"id":17180,"date":"2024-10-11T09:00:25","date_gmt":"2024-10-11T09:00:25","guid":{"rendered":"https:\/\/macite.tg\/?p=17180"},"modified":"2024-10-11T09:01:19","modified_gmt":"2024-10-11T09:01:19","slug":"elim-can-maroc-2025-les-eperviers-pourront-il-se-relever-lundi-face-a-cette-meme-equipe-dalgerie","status":"publish","type":"post","link":"https:\/\/macite.tg\/?p=17180","title":{"rendered":"ELIM CAN Maroc 2025 : Les Eperviers pourront-il se relever, lundi, face aux Fennecs mis en confiance ?"},"content":{"rendered":"\n<p class=\"wp-block-paragraph\"><strong><em>Juste apr\u00e8s la d\u00e9sillusion subie \u00e0 Annaba par l&rsquo;\u00e9quipe togolaise (1but contre 5), la question reste pos\u00e9e. Le Togo pourra-t-il renverser la vapeur \u00e0 Lom\u00e9 ?<\/em><\/strong><\/p>\n\n\n\n<p class=\"wp-block-paragraph\">Difficile de r\u00e9pondre \u00e0 cette interrogation. Quand on scrute la spirale des r\u00e9sultats des \u00c9perviers, on peut tout de m\u00eame r\u00e9pondre par la n\u00e9gative. Cependant, le s\u00e9lectionneur des Eperviers du Togo, Nibomb\u00e9 Dar\u00e9 veut bien y croire.<\/p>\n\n\n\n<p class=\"wp-block-paragraph\">Le technicien togolais dans son analyse de cette rencontre, estime qu\u2019il faudra rapidement oublier ce r\u00e9sultat&nbsp;et se pencher sur la manche retour, qui se profile \u00e0 l\u2019horizon dans quelques trois jours.<\/p>\n\n\n<div class=\"wp-block-image\">\n<figure class=\"aligncenter size-large is-resized\"><img loading=\"lazy\" decoding=\"async\" src=\"https:\/\/macite.tg\/wp-content\/uploads\/2024\/10\/214fc1c3-6c7d-4e49-9063-8d70e825b678-780x1024.jpg\" alt=\"\" class=\"wp-image-17116\" width=\"468\" height=\"614\" srcset=\"https:\/\/macite.tg\/wp-content\/uploads\/2024\/10\/214fc1c3-6c7d-4e49-9063-8d70e825b678-780x1024.jpg 780w, https:\/\/macite.tg\/wp-content\/uploads\/2024\/10\/214fc1c3-6c7d-4e49-9063-8d70e825b678-229x300.jpg 229w, https:\/\/macite.tg\/wp-content\/uploads\/2024\/10\/214fc1c3-6c7d-4e49-9063-8d70e825b678-768x1008.jpg 768w, https:\/\/macite.tg\/wp-content\/uploads\/2024\/10\/214fc1c3-6c7d-4e49-9063-8d70e825b678.jpg 823w\" sizes=\"auto, (max-width: 468px) 100vw, 468px\" \/><\/figure>\n<\/div>\n\n\n<p class=\"wp-block-paragraph\"><em>\u00ab&nbsp;On va recevoir l\u2019Alg\u00e9rie dans 72 heures. Il vaut mieux se vider la t\u00eate, tr\u00e8s vite oublier ce match, retenir le positif c\u2019est-\u00e0-dire notre premi\u00e8re partie du match, pour se pr\u00e9parer \u00e0 recevoir l\u2019\u00e9quipe alg\u00e9rienne&nbsp;\u00bb,<\/em> a-t-il d\u00e9clar\u00e9 avant de poursuivre qu\u2019il va falloir <em>\u00ab&nbsp;regarder les vid\u00e9os et voir o\u00f9 se situent vraiment nos erreurs et voir ce qu\u2019on doit am\u00e9liorer. Mais tr\u00e8s vite, puisqu\u2019on n\u2019a pas le temps pour pouvoir rejouer l\u2019Alg\u00e9rie \u00e0 Lom\u00e9. On doit se baser sur ce qui a \u00e9t\u00e9 une r\u00e9ussite, pour pouvoir mieux aborder le match de lundi \u00bb, <\/em>a-t-il confi\u00e9.<\/p>\n\n\n<div class=\"wp-block-image\">\n<figure class=\"aligncenter size-large is-resized\"><img loading=\"lazy\" decoding=\"async\" src=\"https:\/\/macite.tg\/wp-content\/uploads\/2024\/10\/91a7f843-3ed3-4b63-a0c4-589fa9e06d48-780x1024.jpg\" alt=\"\" class=\"wp-image-17115\" width=\"488\" height=\"641\" srcset=\"https:\/\/macite.tg\/wp-content\/uploads\/2024\/10\/91a7f843-3ed3-4b63-a0c4-589fa9e06d48-780x1024.jpg 780w, https:\/\/macite.tg\/wp-content\/uploads\/2024\/10\/91a7f843-3ed3-4b63-a0c4-589fa9e06d48-229x300.jpg 229w, https:\/\/macite.tg\/wp-content\/uploads\/2024\/10\/91a7f843-3ed3-4b63-a0c4-589fa9e06d48-768x1008.jpg 768w, https:\/\/macite.tg\/wp-content\/uploads\/2024\/10\/91a7f843-3ed3-4b63-a0c4-589fa9e06d48.jpg 823w\" sizes=\"auto, (max-width: 488px) 100vw, 488px\" \/><\/figure>\n<\/div>\n\n\n<p class=\"wp-block-paragraph\">La d\u00e9l\u00e9gation togolaise rentre \u00e0 Lom\u00e9 cette nuit par un vol sp\u00e9cial pour se mettre rapidement au travail en vue de pr\u00e9parer au mieux le match du lundi 14 octobre. Pour rappel, le Togo a \u00e9t\u00e9 l&rsquo;\u00e9chine, 5-1, par l\u2019Alg\u00e9rie pour le compte du match aller.<\/p>\n\n\n\n<p class=\"wp-block-paragraph\">\u00c0 la question, pourra-t-il renverser l&rsquo;Alg\u00e9rie, c&rsquo;est du wait and see&nbsp;!<\/p>\n\n\n\n<p class=\"wp-block-paragraph\"><strong>A.D.<\/strong><\/p>\n\n\n\n<p class=\"wp-block-paragraph\"><a><strong><em>@macite.tg&nbsp;&nbsp;&nbsp;&nbsp;&nbsp;&nbsp;&nbsp;&nbsp;<\/em><\/strong><\/a><\/p>\n\n\n\n<p class=\"wp-block-paragraph\"><strong><em>E-mail&nbsp;: <\/em><\/strong><a href=\"mailto:maciteinfo@gmail.com\"><strong><em>maciteinfo@gmail.com<\/em><\/strong><\/a><strong><em>; <\/em><\/strong><a href=\"mailto:bawela1@gmail.com\"><strong><em>bawela1@gmail.com<\/em><\/strong><\/a><strong><em><\/em><\/strong><\/p>\n\n\n\n<p class=\"wp-block-paragraph\"><strong><em>Pour vos annonces, (publi)reportages, etc., joignez-nous au (00228)91515309\/<strong>79872224 <\/strong>www.macite.tg, L\u2019information, la bonne&nbsp;!<\/em><\/strong><\/p>\n","protected":false},"excerpt":{"rendered":"<p class=\"text-justify mb-2\" >Juste apr\u00e8s la d\u00e9sillusion subie \u00e0 Annaba par l&rsquo;\u00e9quipe togolaise (1but contre 5), la question reste pos\u00e9e. Le Togo pourra-t-il renverser la vapeur \u00e0 Lom\u00e9 ? Difficile de r\u00e9pondre \u00e0 cette interrogation. Quand on scrute la spirale des r\u00e9sultats des \u00c9perviers, on peut tout de [&hellip;]<\/p>\n","protected":false},"author":2,"featured_media":17183,"comment_status":"open","ping_status":"open","sticky":false,"template":"","format":"standard","meta":{"footnotes":""},"categories":[20,7],"tags":[],"class_list":["post-17180","post","type-post","status-publish","format-standard","has-post-thumbnail","hentry","category-actualite","category-sports"],"yoast_head":"<!-- This site is optimized with the Yoast SEO plugin v28.4 - https:\/\/yoast.com\/product\/yoast-seo-wordpress\/ -->\n<title>ELIM CAN Maroc 2025 : Les Eperviers pourront-il se relever, lundi, face aux Fennecs mis en confiance ? -<\/title>\n<meta name=\"robots\" content=\"index, follow, max-snippet:-1, max-image-preview:large, max-video-preview:-1\" \/>\n<link rel=\"canonical\" href=\"https:\/\/macite.tg\/?p=17180\" \/>\n<meta property=\"og:locale\" content=\"fr_FR\" \/>\n<meta property=\"og:type\" content=\"article\" \/>\n<meta property=\"og:title\" content=\"ELIM CAN Maroc 2025 : Les Eperviers pourront-il se relever, lundi, face aux Fennecs mis en confiance ? -\" \/>\n<meta property=\"og:description\" content=\"Juste apr\u00e8s la d\u00e9sillusion subie \u00e0 Annaba par l&rsquo;\u00e9quipe togolaise (1but contre 5), la question reste pos\u00e9e. Le Togo pourra-t-il renverser la vapeur \u00e0 Lom\u00e9 ? Difficile de r\u00e9pondre \u00e0 cette interrogation. Quand on scrute la spirale des r\u00e9sultats des \u00c9perviers, on peut tout de [&hellip;]\" \/>\n<meta property=\"og:url\" content=\"https:\/\/macite.tg\/?p=17180\" \/>\n<meta property=\"article:published_time\" content=\"2024-10-11T09:00:25+00:00\" \/>\n<meta property=\"article:modified_time\" content=\"2024-10-11T09:01:19+00:00\" \/>\n<meta property=\"og:image\" content=\"https:\/\/macite.tg\/wp-content\/uploads\/2024\/10\/Eperviers-face-a-lAlgerier-Aller.jpg\" \/>\n\t<meta property=\"og:image:width\" content=\"500\" \/>\n\t<meta property=\"og:image:height\" content=\"247\" \/>\n\t<meta property=\"og:image:type\" content=\"image\/jpeg\" \/>\n<meta name=\"author\" content=\"Jean Pierre BAWELA\" \/>\n<meta name=\"twitter:card\" content=\"summary_large_image\" \/>\n<meta name=\"twitter:label1\" content=\"\u00c9crit par\" \/>\n\t<meta name=\"twitter:data1\" content=\"Jean Pierre BAWELA\" \/>\n\t<meta name=\"twitter:label2\" content=\"Dur\u00e9e de lecture estim\u00e9e\" \/>\n\t<meta name=\"twitter:data2\" content=\"2 minutes\" \/>\n<script type=\"application\/ld+json\" class=\"yoast-schema-graph\">{\"@context\":\"https:\\\/\\\/schema.org\",\"@graph\":[{\"@type\":\"Article\",\"@id\":\"https:\\\/\\\/macite.tg\\\/?p=17180#article\",\"isPartOf\":{\"@id\":\"https:\\\/\\\/macite.tg\\\/?p=17180\"},\"author\":{\"name\":\"Jean Pierre BAWELA\",\"@id\":\"https:\\\/\\\/macite.tg\\\/#\\\/schema\\\/person\\\/e9f2de7e5dbbe7770a9402c7ce82f5c2\"},\"headline\":\"ELIM CAN Maroc 2025 : Les Eperviers pourront-il se relever, lundi, face aux Fennecs mis en confiance ?\",\"datePublished\":\"2024-10-11T09:00:25+00:00\",\"dateModified\":\"2024-10-11T09:01:19+00:00\",\"mainEntityOfPage\":{\"@id\":\"https:\\\/\\\/macite.tg\\\/?p=17180\"},\"wordCount\":335,\"commentCount\":0,\"image\":{\"@id\":\"https:\\\/\\\/macite.tg\\\/?p=17180#primaryimage\"},\"thumbnailUrl\":\"https:\\\/\\\/macite.tg\\\/wp-content\\\/uploads\\\/2024\\\/10\\\/Eperviers-face-a-lAlgerier-Aller.jpg\",\"articleSection\":[\"ACTUALITE\",\"SPORTS\"],\"inLanguage\":\"fr-FR\",\"potentialAction\":[{\"@type\":\"CommentAction\",\"name\":\"Comment\",\"target\":[\"https:\\\/\\\/macite.tg\\\/?p=17180#respond\"]}]},{\"@type\":\"WebPage\",\"@id\":\"https:\\\/\\\/macite.tg\\\/?p=17180\",\"url\":\"https:\\\/\\\/macite.tg\\\/?p=17180\",\"name\":\"ELIM CAN Maroc 2025 : Les Eperviers pourront-il se relever, lundi, face aux Fennecs mis en confiance ? -\",\"isPartOf\":{\"@id\":\"https:\\\/\\\/macite.tg\\\/#website\"},\"primaryImageOfPage\":{\"@id\":\"https:\\\/\\\/macite.tg\\\/?p=17180#primaryimage\"},\"image\":{\"@id\":\"https:\\\/\\\/macite.tg\\\/?p=17180#primaryimage\"},\"thumbnailUrl\":\"https:\\\/\\\/macite.tg\\\/wp-content\\\/uploads\\\/2024\\\/10\\\/Eperviers-face-a-lAlgerier-Aller.jpg\",\"datePublished\":\"2024-10-11T09:00:25+00:00\",\"dateModified\":\"2024-10-11T09:01:19+00:00\",\"author\":{\"@id\":\"https:\\\/\\\/macite.tg\\\/#\\\/schema\\\/person\\\/e9f2de7e5dbbe7770a9402c7ce82f5c2\"},\"breadcrumb\":{\"@id\":\"https:\\\/\\\/macite.tg\\\/?p=17180#breadcrumb\"},\"inLanguage\":\"fr-FR\",\"potentialAction\":[{\"@type\":\"ReadAction\",\"target\":[\"https:\\\/\\\/macite.tg\\\/?p=17180\"]}]},{\"@type\":\"ImageObject\",\"inLanguage\":\"fr-FR\",\"@id\":\"https:\\\/\\\/macite.tg\\\/?p=17180#primaryimage\",\"url\":\"https:\\\/\\\/macite.tg\\\/wp-content\\\/uploads\\\/2024\\\/10\\\/Eperviers-face-a-lAlgerier-Aller.jpg\",\"contentUrl\":\"https:\\\/\\\/macite.tg\\\/wp-content\\\/uploads\\\/2024\\\/10\\\/Eperviers-face-a-lAlgerier-Aller.jpg\",\"width\":500,\"height\":247},{\"@type\":\"BreadcrumbList\",\"@id\":\"https:\\\/\\\/macite.tg\\\/?p=17180#breadcrumb\",\"itemListElement\":[{\"@type\":\"ListItem\",\"position\":1,\"name\":\"Accueil\",\"item\":\"https:\\\/\\\/macite.tg\\\/\"},{\"@type\":\"ListItem\",\"position\":2,\"name\":\"ELIM CAN Maroc 2025 : Les Eperviers pourront-il se relever, lundi, face aux Fennecs mis en confiance ?\"}]},{\"@type\":\"WebSite\",\"@id\":\"https:\\\/\\\/macite.tg\\\/#website\",\"url\":\"https:\\\/\\\/macite.tg\\\/\",\"name\":\"\",\"description\":\"L&#039;information, la bonne!!!\",\"potentialAction\":[{\"@type\":\"SearchAction\",\"target\":{\"@type\":\"EntryPoint\",\"urlTemplate\":\"https:\\\/\\\/macite.tg\\\/?s={search_term_string}\"},\"query-input\":{\"@type\":\"PropertyValueSpecification\",\"valueRequired\":true,\"valueName\":\"search_term_string\"}}],\"inLanguage\":\"fr-FR\"},{\"@type\":\"Person\",\"@id\":\"https:\\\/\\\/macite.tg\\\/#\\\/schema\\\/person\\\/e9f2de7e5dbbe7770a9402c7ce82f5c2\",\"name\":\"Jean Pierre BAWELA\",\"image\":{\"@type\":\"ImageObject\",\"inLanguage\":\"fr-FR\",\"@id\":\"https:\\\/\\\/macite.tg\\\/wp-content\\\/uploads\\\/2023\\\/09\\\/WhatsApp-Image-2023-09-19-at-14.44.41-122x122.jpeg\",\"url\":\"https:\\\/\\\/macite.tg\\\/wp-content\\\/uploads\\\/2023\\\/09\\\/WhatsApp-Image-2023-09-19-at-14.44.41-122x122.jpeg\",\"contentUrl\":\"https:\\\/\\\/macite.tg\\\/wp-content\\\/uploads\\\/2023\\\/09\\\/WhatsApp-Image-2023-09-19-at-14.44.41-122x122.jpeg\",\"caption\":\"Jean Pierre BAWELA\"},\"url\":\"https:\\\/\\\/macite.tg\\\/?author=2\"}]}<\/script>\n<!-- \/ Yoast SEO plugin. -->","yoast_head_json":{"title":"ELIM CAN Maroc 2025 : Les Eperviers pourront-il se relever, lundi, face aux Fennecs mis en confiance ? -","robots":{"index":"index","follow":"follow","max-snippet":"max-snippet:-1","max-image-preview":"max-image-preview:large","max-video-preview":"max-video-preview:-1"},"canonical":"https:\/\/macite.tg\/?p=17180","og_locale":"fr_FR","og_type":"article","og_title":"ELIM CAN Maroc 2025 : Les Eperviers pourront-il se relever, lundi, face aux Fennecs mis en confiance ? -","og_description":"Juste apr\u00e8s la d\u00e9sillusion subie \u00e0 Annaba par l&rsquo;\u00e9quipe togolaise (1but contre 5), la question reste pos\u00e9e. Le Togo pourra-t-il renverser la vapeur \u00e0 Lom\u00e9 ? Difficile de r\u00e9pondre \u00e0 cette interrogation. Quand on scrute la spirale des r\u00e9sultats des \u00c9perviers, on peut tout de [&hellip;]","og_url":"https:\/\/macite.tg\/?p=17180","article_published_time":"2024-10-11T09:00:25+00:00","article_modified_time":"2024-10-11T09:01:19+00:00","og_image":[{"width":500,"height":247,"url":"https:\/\/macite.tg\/wp-content\/uploads\/2024\/10\/Eperviers-face-a-lAlgerier-Aller.jpg","type":"image\/jpeg"}],"author":"Jean Pierre BAWELA","twitter_card":"summary_large_image","twitter_misc":{"\u00c9crit par":"Jean Pierre BAWELA","Dur\u00e9e de lecture estim\u00e9e":"2 minutes"},"schema":{"@context":"https:\/\/schema.org","@graph":[{"@type":"Article","@id":"https:\/\/macite.tg\/?p=17180#article","isPartOf":{"@id":"https:\/\/macite.tg\/?p=17180"},"author":{"name":"Jean Pierre BAWELA","@id":"https:\/\/macite.tg\/#\/schema\/person\/e9f2de7e5dbbe7770a9402c7ce82f5c2"},"headline":"ELIM CAN Maroc 2025 : Les Eperviers pourront-il se relever, lundi, face aux Fennecs mis en confiance ?","datePublished":"2024-10-11T09:00:25+00:00","dateModified":"2024-10-11T09:01:19+00:00","mainEntityOfPage":{"@id":"https:\/\/macite.tg\/?p=17180"},"wordCount":335,"commentCount":0,"image":{"@id":"https:\/\/macite.tg\/?p=17180#primaryimage"},"thumbnailUrl":"https:\/\/macite.tg\/wp-content\/uploads\/2024\/10\/Eperviers-face-a-lAlgerier-Aller.jpg","articleSection":["ACTUALITE","SPORTS"],"inLanguage":"fr-FR","potentialAction":[{"@type":"CommentAction","name":"Comment","target":["https:\/\/macite.tg\/?p=17180#respond"]}]},{"@type":"WebPage","@id":"https:\/\/macite.tg\/?p=17180","url":"https:\/\/macite.tg\/?p=17180","name":"ELIM CAN Maroc 2025 : Les Eperviers pourront-il se relever, lundi, face aux Fennecs mis en confiance ? -","isPartOf":{"@id":"https:\/\/macite.tg\/#website"},"primaryImageOfPage":{"@id":"https:\/\/macite.tg\/?p=17180#primaryimage"},"image":{"@id":"https:\/\/macite.tg\/?p=17180#primaryimage"},"thumbnailUrl":"https:\/\/macite.tg\/wp-content\/uploads\/2024\/10\/Eperviers-face-a-lAlgerier-Aller.jpg","datePublished":"2024-10-11T09:00:25+00:00","dateModified":"2024-10-11T09:01:19+00:00","author":{"@id":"https:\/\/macite.tg\/#\/schema\/person\/e9f2de7e5dbbe7770a9402c7ce82f5c2"},"breadcrumb":{"@id":"https:\/\/macite.tg\/?p=17180#breadcrumb"},"inLanguage":"fr-FR","potentialAction":[{"@type":"ReadAction","target":["https:\/\/macite.tg\/?p=17180"]}]},{"@type":"ImageObject","inLanguage":"fr-FR","@id":"https:\/\/macite.tg\/?p=17180#primaryimage","url":"https:\/\/macite.tg\/wp-content\/uploads\/2024\/10\/Eperviers-face-a-lAlgerier-Aller.jpg","contentUrl":"https:\/\/macite.tg\/wp-content\/uploads\/2024\/10\/Eperviers-face-a-lAlgerier-Aller.jpg","width":500,"height":247},{"@type":"BreadcrumbList","@id":"https:\/\/macite.tg\/?p=17180#breadcrumb","itemListElement":[{"@type":"ListItem","position":1,"name":"Accueil","item":"https:\/\/macite.tg\/"},{"@type":"ListItem","position":2,"name":"ELIM CAN Maroc 2025 : Les Eperviers pourront-il se relever, lundi, face aux Fennecs mis en confiance ?"}]},{"@type":"WebSite","@id":"https:\/\/macite.tg\/#website","url":"https:\/\/macite.tg\/","name":"","description":"L&#039;information, la bonne!!!","potentialAction":[{"@type":"SearchAction","target":{"@type":"EntryPoint","urlTemplate":"https:\/\/macite.tg\/?s={search_term_string}"},"query-input":{"@type":"PropertyValueSpecification","valueRequired":true,"valueName":"search_term_string"}}],"inLanguage":"fr-FR"},{"@type":"Person","@id":"https:\/\/macite.tg\/#\/schema\/person\/e9f2de7e5dbbe7770a9402c7ce82f5c2","name":"Jean Pierre BAWELA","image":{"@type":"ImageObject","inLanguage":"fr-FR","@id":"https:\/\/macite.tg\/wp-content\/uploads\/2023\/09\/WhatsApp-Image-2023-09-19-at-14.44.41-122x122.jpeg","url":"https:\/\/macite.tg\/wp-content\/uploads\/2023\/09\/WhatsApp-Image-2023-09-19-at-14.44.41-122x122.jpeg","contentUrl":"https:\/\/macite.tg\/wp-content\/uploads\/2023\/09\/WhatsApp-Image-2023-09-19-at-14.44.41-122x122.jpeg","caption":"Jean Pierre BAWELA"},"url":"https:\/\/macite.tg\/?author=2"}]}},"_links":{"self":[{"href":"https:\/\/macite.tg\/index.php?rest_route=\/wp\/v2\/posts\/17180","targetHints":{"allow":["GET"]}}],"collection":[{"href":"https:\/\/macite.tg\/index.php?rest_route=\/wp\/v2\/posts"}],"about":[{"href":"https:\/\/macite.tg\/index.php?rest_route=\/wp\/v2\/types\/post"}],"author":[{"embeddable":true,"href":"https:\/\/macite.tg\/index.php?rest_route=\/wp\/v2\/users\/2"}],"replies":[{"embeddable":true,"href":"https:\/\/macite.tg\/index.php?rest_route=%2Fwp%2Fv2%2Fcomments&post=17180"}],"version-history":[{"count":0,"href":"https:\/\/macite.tg\/index.php?rest_route=\/wp\/v2\/posts\/17180\/revisions"}],"wp:featuredmedia":[{"embeddable":true,"href":"https:\/\/macite.tg\/index.php?rest_route=\/wp\/v2\/media\/17183"}],"wp:attachment":[{"href":"https:\/\/macite.tg\/index.php?rest_route=%2Fwp%2Fv2%2Fmedia&parent=17180"}],"wp:term":[{"taxonomy":"category","embeddable":true,"href":"https:\/\/macite.tg\/index.php?rest_route=%2Fwp%2Fv2%2Fcategories&post=17180"},{"taxonomy":"post_tag","embeddable":true,"href":"https:\/\/macite.tg\/index.php?rest_route=%2Fwp%2Fv2%2Ftags&post=17180"}],"curies":[{"name":"wp","href":"https:\/\/api.w.org\/{rel}","templated":true}]}}