{"id":17174,"date":"2024-10-10T18:41:15","date_gmt":"2024-10-10T18:41:15","guid":{"rendered":"https:\/\/macite.tg\/?p=17174"},"modified":"2024-10-10T18:50:22","modified_gmt":"2024-10-10T18:50:22","slug":"obseques-de-lancien-ministre-kwawu-georges-aidam-remerciements","status":"publish","type":"post","link":"https:\/\/macite.tg\/?p=17174","title":{"rendered":"ANNONCE\u00a0: Remerciements des familles A\u00cfDAM, AMAGBEGNON&#8230;"},"content":{"rendered":"\n<p class=\"wp-block-paragraph\"><strong><em>Dieu a donn\u00e9, Dieu a repris&nbsp;! Vous \u00e9tiez nombreux \u00e0 accompagner les familles A\u00efdam, Amagbegnon, lors de leur douloureuse \u00e9preuve, celle des obs\u00e8ques de leur tr\u00e8s cher et regrett\u00e9 Georges Kwawu A\u00efdam, qui s\u2019est \u00e9teint le 09 septembre 2024 et dont l\u2019inhumation a eu lieu le 05 octobre dernier.<\/em><\/strong><\/p>\n\n\n\n<p class=\"wp-block-paragraph\">En retour, <em>\u00ab&nbsp;les familles A\u00cfDAM, AMAGBEGNON, la veuve Akouavi C\u00e9lestine A\u00cfDAM n\u00e9e AMAGBEGNON et les enfants du d\u00e9funt, profond\u00e9ment touch\u00e9s par les diverses marques de soutien et votre pr\u00e9sence r\u00e9confortante \u00e0 leurs c\u00f4t\u00e9s \u00e0 l\u2019occasion des obs\u00e8ques de leur tr\u00e8s cher et regrett\u00e9 KWAWU GEORGES A\u00cfDAM, rappel\u00e9 vers son Cr\u00e9ateur le 09 Septembre 2024 vous adressent leurs tr\u00e8s sinc\u00e8res remerciements.<\/em><\/p>\n\n\n<div class=\"wp-block-image\">\n<figure class=\"aligncenter size-large is-resized\"><img loading=\"lazy\" decoding=\"async\" src=\"https:\/\/macite.tg\/wp-content\/uploads\/2024\/10\/214fc1c3-6c7d-4e49-9063-8d70e825b678-780x1024.jpg\" alt=\"\" class=\"wp-image-17116\" width=\"486\" height=\"638\" srcset=\"https:\/\/macite.tg\/wp-content\/uploads\/2024\/10\/214fc1c3-6c7d-4e49-9063-8d70e825b678-780x1024.jpg 780w, https:\/\/macite.tg\/wp-content\/uploads\/2024\/10\/214fc1c3-6c7d-4e49-9063-8d70e825b678-229x300.jpg 229w, https:\/\/macite.tg\/wp-content\/uploads\/2024\/10\/214fc1c3-6c7d-4e49-9063-8d70e825b678-768x1008.jpg 768w, https:\/\/macite.tg\/wp-content\/uploads\/2024\/10\/214fc1c3-6c7d-4e49-9063-8d70e825b678.jpg 823w\" sizes=\"auto, (max-width: 486px) 100vw, 486px\" \/><\/figure>\n<\/div>\n\n\n<p class=\"wp-block-paragraph\"><em>Puissent vos t\u00e9moignages d\u2019amour et de sympathie s\u2019\u00e9lever vers notre Seigneur comme une pri\u00e8re. Daigne la Providence vous r\u00e9compenser en abondance pour votre attention et votre assistance multiformes. Ainsi soit-il! \u00bb,<\/em> indique la famille du d\u00e9funt.<\/p>\n\n\n\n<p class=\"wp-block-paragraph\"><strong><em>Que l\u2019\u00e2me de l\u2019illustre disparu repose en paix&nbsp;!!!<\/em><\/strong><\/p>\n\n\n\n<p class=\"wp-block-paragraph\"><a><strong><em>@macite.tg&nbsp;&nbsp;&nbsp;&nbsp;&nbsp;&nbsp;&nbsp;&nbsp;<\/em><\/strong><\/a><\/p>\n\n\n\n<p class=\"wp-block-paragraph\"><strong><em>E-mail&nbsp;: <\/em><\/strong><a href=\"mailto:maciteinfo@gmail.com\"><strong><em>maciteinfo@gmail.com<\/em><\/strong><\/a><strong><em>; <\/em><\/strong><a href=\"mailto:bawela1@gmail.com\"><strong><em>bawela1@gmail.com<\/em><\/strong><\/a><strong><em><\/em><\/strong><\/p>\n\n\n\n<p class=\"wp-block-paragraph\"><strong><em>Pour vos annonces, (publi)reportages, etc., joignez-nous au (00228)91515309\/<strong>79872224 <\/strong>www.macite.tg, L\u2019information, la bonne&nbsp;!<\/em><\/strong><\/p>\n","protected":false},"excerpt":{"rendered":"<p class=\"text-justify mb-2\" >Dieu a donn\u00e9, Dieu a repris&nbsp;! Vous \u00e9tiez nombreux \u00e0 accompagner les familles A\u00efdam, Amagbegnon, lors de leur douloureuse \u00e9preuve, celle des obs\u00e8ques de leur tr\u00e8s cher et regrett\u00e9 Georges Kwawu A\u00efdam, qui s\u2019est \u00e9teint le 09 septembre 2024 et dont l\u2019inhumation a eu lieu [&hellip;]<\/p>\n","protected":false},"author":2,"featured_media":17175,"comment_status":"open","ping_status":"open","sticky":false,"template":"","format":"standard","meta":{"footnotes":""},"categories":[20,31],"tags":[],"class_list":["post-17174","post","type-post","status-publish","format-standard","has-post-thumbnail","hentry","category-actualite","category-annonce"],"yoast_head":"<!-- This site is optimized with the Yoast SEO plugin v28.4 - https:\/\/yoast.com\/product\/yoast-seo-wordpress\/ -->\n<title>ANNONCE\u00a0: Remerciements des familles A\u00cfDAM, AMAGBEGNON... -<\/title>\n<meta name=\"robots\" content=\"index, follow, max-snippet:-1, max-image-preview:large, max-video-preview:-1\" \/>\n<link rel=\"canonical\" href=\"https:\/\/macite.tg\/?p=17174\" \/>\n<meta property=\"og:locale\" content=\"fr_FR\" \/>\n<meta property=\"og:type\" content=\"article\" \/>\n<meta property=\"og:title\" content=\"ANNONCE\u00a0: Remerciements des familles A\u00cfDAM, AMAGBEGNON... -\" \/>\n<meta property=\"og:description\" content=\"Dieu a donn\u00e9, Dieu a repris&nbsp;! Vous \u00e9tiez nombreux \u00e0 accompagner les familles A\u00efdam, Amagbegnon, lors de leur douloureuse \u00e9preuve, celle des obs\u00e8ques de leur tr\u00e8s cher et regrett\u00e9 Georges Kwawu A\u00efdam, qui s\u2019est \u00e9teint le 09 septembre 2024 et dont l\u2019inhumation a eu lieu [&hellip;]\" \/>\n<meta property=\"og:url\" content=\"https:\/\/macite.tg\/?p=17174\" \/>\n<meta property=\"article:published_time\" content=\"2024-10-10T18:41:15+00:00\" \/>\n<meta property=\"article:modified_time\" content=\"2024-10-10T18:50:22+00:00\" \/>\n<meta property=\"og:image\" content=\"https:\/\/macite.tg\/wp-content\/uploads\/2024\/10\/Feu-Georges-Aidam.jpg\" \/>\n\t<meta property=\"og:image:width\" content=\"500\" \/>\n\t<meta property=\"og:image:height\" content=\"562\" \/>\n\t<meta property=\"og:image:type\" content=\"image\/jpeg\" \/>\n<meta name=\"author\" content=\"Jean Pierre BAWELA\" \/>\n<meta name=\"twitter:card\" content=\"summary_large_image\" \/>\n<meta name=\"twitter:label1\" content=\"\u00c9crit par\" \/>\n\t<meta name=\"twitter:data1\" content=\"Jean Pierre BAWELA\" \/>\n\t<meta name=\"twitter:label2\" content=\"Dur\u00e9e de lecture estim\u00e9e\" \/>\n\t<meta name=\"twitter:data2\" content=\"1 minute\" \/>\n<script type=\"application\/ld+json\" class=\"yoast-schema-graph\">{\"@context\":\"https:\\\/\\\/schema.org\",\"@graph\":[{\"@type\":\"Article\",\"@id\":\"https:\\\/\\\/macite.tg\\\/?p=17174#article\",\"isPartOf\":{\"@id\":\"https:\\\/\\\/macite.tg\\\/?p=17174\"},\"author\":{\"name\":\"Jean Pierre BAWELA\",\"@id\":\"https:\\\/\\\/macite.tg\\\/#\\\/schema\\\/person\\\/e9f2de7e5dbbe7770a9402c7ce82f5c2\"},\"headline\":\"ANNONCE\u00a0: Remerciements des familles A\u00cfDAM, AMAGBEGNON&#8230;\",\"datePublished\":\"2024-10-10T18:41:15+00:00\",\"dateModified\":\"2024-10-10T18:50:22+00:00\",\"mainEntityOfPage\":{\"@id\":\"https:\\\/\\\/macite.tg\\\/?p=17174\"},\"wordCount\":220,\"commentCount\":0,\"image\":{\"@id\":\"https:\\\/\\\/macite.tg\\\/?p=17174#primaryimage\"},\"thumbnailUrl\":\"https:\\\/\\\/macite.tg\\\/wp-content\\\/uploads\\\/2024\\\/10\\\/Feu-Georges-Aidam.jpg\",\"articleSection\":[\"ACTUALITE\",\"ANNONCE\"],\"inLanguage\":\"fr-FR\",\"potentialAction\":[{\"@type\":\"CommentAction\",\"name\":\"Comment\",\"target\":[\"https:\\\/\\\/macite.tg\\\/?p=17174#respond\"]}]},{\"@type\":\"WebPage\",\"@id\":\"https:\\\/\\\/macite.tg\\\/?p=17174\",\"url\":\"https:\\\/\\\/macite.tg\\\/?p=17174\",\"name\":\"ANNONCE\u00a0: Remerciements des familles A\u00cfDAM, AMAGBEGNON... -\",\"isPartOf\":{\"@id\":\"https:\\\/\\\/macite.tg\\\/#website\"},\"primaryImageOfPage\":{\"@id\":\"https:\\\/\\\/macite.tg\\\/?p=17174#primaryimage\"},\"image\":{\"@id\":\"https:\\\/\\\/macite.tg\\\/?p=17174#primaryimage\"},\"thumbnailUrl\":\"https:\\\/\\\/macite.tg\\\/wp-content\\\/uploads\\\/2024\\\/10\\\/Feu-Georges-Aidam.jpg\",\"datePublished\":\"2024-10-10T18:41:15+00:00\",\"dateModified\":\"2024-10-10T18:50:22+00:00\",\"author\":{\"@id\":\"https:\\\/\\\/macite.tg\\\/#\\\/schema\\\/person\\\/e9f2de7e5dbbe7770a9402c7ce82f5c2\"},\"breadcrumb\":{\"@id\":\"https:\\\/\\\/macite.tg\\\/?p=17174#breadcrumb\"},\"inLanguage\":\"fr-FR\",\"potentialAction\":[{\"@type\":\"ReadAction\",\"target\":[\"https:\\\/\\\/macite.tg\\\/?p=17174\"]}]},{\"@type\":\"ImageObject\",\"inLanguage\":\"fr-FR\",\"@id\":\"https:\\\/\\\/macite.tg\\\/?p=17174#primaryimage\",\"url\":\"https:\\\/\\\/macite.tg\\\/wp-content\\\/uploads\\\/2024\\\/10\\\/Feu-Georges-Aidam.jpg\",\"contentUrl\":\"https:\\\/\\\/macite.tg\\\/wp-content\\\/uploads\\\/2024\\\/10\\\/Feu-Georges-Aidam.jpg\",\"width\":500,\"height\":562},{\"@type\":\"BreadcrumbList\",\"@id\":\"https:\\\/\\\/macite.tg\\\/?p=17174#breadcrumb\",\"itemListElement\":[{\"@type\":\"ListItem\",\"position\":1,\"name\":\"Accueil\",\"item\":\"https:\\\/\\\/macite.tg\\\/\"},{\"@type\":\"ListItem\",\"position\":2,\"name\":\"ANNONCE\u00a0: Remerciements des familles A\u00cfDAM, AMAGBEGNON&#8230;\"}]},{\"@type\":\"WebSite\",\"@id\":\"https:\\\/\\\/macite.tg\\\/#website\",\"url\":\"https:\\\/\\\/macite.tg\\\/\",\"name\":\"\",\"description\":\"L&#039;information, la bonne!!!\",\"potentialAction\":[{\"@type\":\"SearchAction\",\"target\":{\"@type\":\"EntryPoint\",\"urlTemplate\":\"https:\\\/\\\/macite.tg\\\/?s={search_term_string}\"},\"query-input\":{\"@type\":\"PropertyValueSpecification\",\"valueRequired\":true,\"valueName\":\"search_term_string\"}}],\"inLanguage\":\"fr-FR\"},{\"@type\":\"Person\",\"@id\":\"https:\\\/\\\/macite.tg\\\/#\\\/schema\\\/person\\\/e9f2de7e5dbbe7770a9402c7ce82f5c2\",\"name\":\"Jean Pierre BAWELA\",\"image\":{\"@type\":\"ImageObject\",\"inLanguage\":\"fr-FR\",\"@id\":\"https:\\\/\\\/macite.tg\\\/wp-content\\\/uploads\\\/2023\\\/09\\\/WhatsApp-Image-2023-09-19-at-14.44.41-122x122.jpeg\",\"url\":\"https:\\\/\\\/macite.tg\\\/wp-content\\\/uploads\\\/2023\\\/09\\\/WhatsApp-Image-2023-09-19-at-14.44.41-122x122.jpeg\",\"contentUrl\":\"https:\\\/\\\/macite.tg\\\/wp-content\\\/uploads\\\/2023\\\/09\\\/WhatsApp-Image-2023-09-19-at-14.44.41-122x122.jpeg\",\"caption\":\"Jean Pierre BAWELA\"},\"url\":\"https:\\\/\\\/macite.tg\\\/?author=2\"}]}<\/script>\n<!-- \/ Yoast SEO plugin. -->","yoast_head_json":{"title":"ANNONCE\u00a0: Remerciements des familles A\u00cfDAM, AMAGBEGNON... -","robots":{"index":"index","follow":"follow","max-snippet":"max-snippet:-1","max-image-preview":"max-image-preview:large","max-video-preview":"max-video-preview:-1"},"canonical":"https:\/\/macite.tg\/?p=17174","og_locale":"fr_FR","og_type":"article","og_title":"ANNONCE\u00a0: Remerciements des familles A\u00cfDAM, AMAGBEGNON... -","og_description":"Dieu a donn\u00e9, Dieu a repris&nbsp;! Vous \u00e9tiez nombreux \u00e0 accompagner les familles A\u00efdam, Amagbegnon, lors de leur douloureuse \u00e9preuve, celle des obs\u00e8ques de leur tr\u00e8s cher et regrett\u00e9 Georges Kwawu A\u00efdam, qui s\u2019est \u00e9teint le 09 septembre 2024 et dont l\u2019inhumation a eu lieu [&hellip;]","og_url":"https:\/\/macite.tg\/?p=17174","article_published_time":"2024-10-10T18:41:15+00:00","article_modified_time":"2024-10-10T18:50:22+00:00","og_image":[{"width":500,"height":562,"url":"https:\/\/macite.tg\/wp-content\/uploads\/2024\/10\/Feu-Georges-Aidam.jpg","type":"image\/jpeg"}],"author":"Jean Pierre BAWELA","twitter_card":"summary_large_image","twitter_misc":{"\u00c9crit par":"Jean Pierre BAWELA","Dur\u00e9e de lecture estim\u00e9e":"1 minute"},"schema":{"@context":"https:\/\/schema.org","@graph":[{"@type":"Article","@id":"https:\/\/macite.tg\/?p=17174#article","isPartOf":{"@id":"https:\/\/macite.tg\/?p=17174"},"author":{"name":"Jean Pierre BAWELA","@id":"https:\/\/macite.tg\/#\/schema\/person\/e9f2de7e5dbbe7770a9402c7ce82f5c2"},"headline":"ANNONCE\u00a0: Remerciements des familles A\u00cfDAM, AMAGBEGNON&#8230;","datePublished":"2024-10-10T18:41:15+00:00","dateModified":"2024-10-10T18:50:22+00:00","mainEntityOfPage":{"@id":"https:\/\/macite.tg\/?p=17174"},"wordCount":220,"commentCount":0,"image":{"@id":"https:\/\/macite.tg\/?p=17174#primaryimage"},"thumbnailUrl":"https:\/\/macite.tg\/wp-content\/uploads\/2024\/10\/Feu-Georges-Aidam.jpg","articleSection":["ACTUALITE","ANNONCE"],"inLanguage":"fr-FR","potentialAction":[{"@type":"CommentAction","name":"Comment","target":["https:\/\/macite.tg\/?p=17174#respond"]}]},{"@type":"WebPage","@id":"https:\/\/macite.tg\/?p=17174","url":"https:\/\/macite.tg\/?p=17174","name":"ANNONCE\u00a0: Remerciements des familles A\u00cfDAM, AMAGBEGNON... -","isPartOf":{"@id":"https:\/\/macite.tg\/#website"},"primaryImageOfPage":{"@id":"https:\/\/macite.tg\/?p=17174#primaryimage"},"image":{"@id":"https:\/\/macite.tg\/?p=17174#primaryimage"},"thumbnailUrl":"https:\/\/macite.tg\/wp-content\/uploads\/2024\/10\/Feu-Georges-Aidam.jpg","datePublished":"2024-10-10T18:41:15+00:00","dateModified":"2024-10-10T18:50:22+00:00","author":{"@id":"https:\/\/macite.tg\/#\/schema\/person\/e9f2de7e5dbbe7770a9402c7ce82f5c2"},"breadcrumb":{"@id":"https:\/\/macite.tg\/?p=17174#breadcrumb"},"inLanguage":"fr-FR","potentialAction":[{"@type":"ReadAction","target":["https:\/\/macite.tg\/?p=17174"]}]},{"@type":"ImageObject","inLanguage":"fr-FR","@id":"https:\/\/macite.tg\/?p=17174#primaryimage","url":"https:\/\/macite.tg\/wp-content\/uploads\/2024\/10\/Feu-Georges-Aidam.jpg","contentUrl":"https:\/\/macite.tg\/wp-content\/uploads\/2024\/10\/Feu-Georges-Aidam.jpg","width":500,"height":562},{"@type":"BreadcrumbList","@id":"https:\/\/macite.tg\/?p=17174#breadcrumb","itemListElement":[{"@type":"ListItem","position":1,"name":"Accueil","item":"https:\/\/macite.tg\/"},{"@type":"ListItem","position":2,"name":"ANNONCE\u00a0: Remerciements des familles A\u00cfDAM, AMAGBEGNON&#8230;"}]},{"@type":"WebSite","@id":"https:\/\/macite.tg\/#website","url":"https:\/\/macite.tg\/","name":"","description":"L&#039;information, la bonne!!!","potentialAction":[{"@type":"SearchAction","target":{"@type":"EntryPoint","urlTemplate":"https:\/\/macite.tg\/?s={search_term_string}"},"query-input":{"@type":"PropertyValueSpecification","valueRequired":true,"valueName":"search_term_string"}}],"inLanguage":"fr-FR"},{"@type":"Person","@id":"https:\/\/macite.tg\/#\/schema\/person\/e9f2de7e5dbbe7770a9402c7ce82f5c2","name":"Jean Pierre BAWELA","image":{"@type":"ImageObject","inLanguage":"fr-FR","@id":"https:\/\/macite.tg\/wp-content\/uploads\/2023\/09\/WhatsApp-Image-2023-09-19-at-14.44.41-122x122.jpeg","url":"https:\/\/macite.tg\/wp-content\/uploads\/2023\/09\/WhatsApp-Image-2023-09-19-at-14.44.41-122x122.jpeg","contentUrl":"https:\/\/macite.tg\/wp-content\/uploads\/2023\/09\/WhatsApp-Image-2023-09-19-at-14.44.41-122x122.jpeg","caption":"Jean Pierre BAWELA"},"url":"https:\/\/macite.tg\/?author=2"}]}},"_links":{"self":[{"href":"https:\/\/macite.tg\/index.php?rest_route=\/wp\/v2\/posts\/17174","targetHints":{"allow":["GET"]}}],"collection":[{"href":"https:\/\/macite.tg\/index.php?rest_route=\/wp\/v2\/posts"}],"about":[{"href":"https:\/\/macite.tg\/index.php?rest_route=\/wp\/v2\/types\/post"}],"author":[{"embeddable":true,"href":"https:\/\/macite.tg\/index.php?rest_route=\/wp\/v2\/users\/2"}],"replies":[{"embeddable":true,"href":"https:\/\/macite.tg\/index.php?rest_route=%2Fwp%2Fv2%2Fcomments&post=17174"}],"version-history":[{"count":0,"href":"https:\/\/macite.tg\/index.php?rest_route=\/wp\/v2\/posts\/17174\/revisions"}],"wp:featuredmedia":[{"embeddable":true,"href":"https:\/\/macite.tg\/index.php?rest_route=\/wp\/v2\/media\/17175"}],"wp:attachment":[{"href":"https:\/\/macite.tg\/index.php?rest_route=%2Fwp%2Fv2%2Fmedia&parent=17174"}],"wp:term":[{"taxonomy":"category","embeddable":true,"href":"https:\/\/macite.tg\/index.php?rest_route=%2Fwp%2Fv2%2Fcategories&post=17174"},{"taxonomy":"post_tag","embeddable":true,"href":"https:\/\/macite.tg\/index.php?rest_route=%2Fwp%2Fv2%2Ftags&post=17174"}],"curies":[{"name":"wp","href":"https:\/\/api.w.org\/{rel}","templated":true}]}}