{"id":17169,"date":"2024-10-10T18:20:31","date_gmt":"2024-10-10T18:20:31","guid":{"rendered":"https:\/\/macite.tg\/?p=17169"},"modified":"2024-10-10T18:20:43","modified_gmt":"2024-10-10T18:20:43","slug":"politiques-inclusives-et-sensibles-au-genre-lorganisation-mondiale-des-douanes-omd-et-lotr-ont-echange-avec-les-pme-et-petits-commercants-du-togo","status":"publish","type":"post","link":"https:\/\/macite.tg\/?p=17169","title":{"rendered":"POLITIQUES INCLUSIVES ET SENSIBLES AU GENRE\u00a0: L\u2019Organisation mondiale des douanes (Omd) et l\u2019Otr ont \u00e9chang\u00e9 avec les Pme et petits commer\u00e7ants du Togo"},"content":{"rendered":"\n<p class=\"wp-block-paragraph\"><\/p>\n\n\n\n<p class=\"wp-block-paragraph\"><strong><em>Dans le cadre du Projet sur la s\u00e9curit\u00e9 en Afrique occidentale (Wasp), portant sur l&rsquo;\u00e9galit\u00e9 des genres, l\u2019Organisation mondiale des douanes (Omd), en partenariat avec l\u2019Office togolais des recettes (Otr), a organis\u00e9, du 16 au 20 septembre dernier \u00e0 Lom\u00e9, plusieurs activit\u00e9s ciblant les petites et moyennes entreprises commerciales togolaises, et autres parties prenantes.<\/em><\/strong><\/p>\n\n\n\n<p class=\"wp-block-paragraph\">Du 16 au 20 septembre dernier, l\u2019Omd, dans le cadre de son partenariat strat\u00e9gique avec l\u2019Otr, a effectu\u00e9 \u00e0 Lom\u00e9, une mission de suivi sur l&rsquo;\u00e9galit\u00e9 des genres et la diversit\u00e9 (Egd). Cette mission \u00e9tait assortie de plusieurs activit\u00e9s, notamment une r\u00e9union d\u2019engagement des parties prenantes \u00e0 l\u2019endroit des petites et moyennes entreprises (Pme) et les petits commer\u00e7ants, et une autre avec les diff\u00e9rentes unit\u00e9s de l&rsquo;Otr portant sur le projet de plan d&rsquo;action Egd, d\u00e9velopp\u00e9 \u00e0 la suite du soutien au renforcement des capacit\u00e9s exerc\u00e9 dans le cadre du Wash.<\/p>\n\n\n<div class=\"wp-block-image\">\n<figure class=\"aligncenter size-large is-resized\"><img loading=\"lazy\" decoding=\"async\" src=\"https:\/\/macite.tg\/wp-content\/uploads\/2024\/10\/214fc1c3-6c7d-4e49-9063-8d70e825b678-780x1024.jpg\" alt=\"\" class=\"wp-image-17116\" width=\"450\" height=\"591\" srcset=\"https:\/\/macite.tg\/wp-content\/uploads\/2024\/10\/214fc1c3-6c7d-4e49-9063-8d70e825b678-780x1024.jpg 780w, https:\/\/macite.tg\/wp-content\/uploads\/2024\/10\/214fc1c3-6c7d-4e49-9063-8d70e825b678-229x300.jpg 229w, https:\/\/macite.tg\/wp-content\/uploads\/2024\/10\/214fc1c3-6c7d-4e49-9063-8d70e825b678-768x1008.jpg 768w, https:\/\/macite.tg\/wp-content\/uploads\/2024\/10\/214fc1c3-6c7d-4e49-9063-8d70e825b678.jpg 823w\" sizes=\"auto, (max-width: 450px) 100vw, 450px\" \/><\/figure>\n<\/div>\n\n\n<p class=\"wp-block-paragraph\">La premi\u00e8re activit\u00e9 ayant ressembl\u00e9 les Pme et les commer\u00e7ants, est un s\u00e9minaire national qui a mis l\u2019accent sur les femmes commer\u00e7antes. Il a \u00e9t\u00e9 connu la participation du minist\u00e8re du Commerce, de l&rsquo;artisanat et de la consommation locale, de la Direction du commerce ext\u00e9rieur, et de l&rsquo;Association ouest-africaine du commerce transfrontalier des produits alimentaires.<\/p>\n\n\n\n<p class=\"wp-block-paragraph\">Durant deux jours, les participants ont renforc\u00e9 leurs connaissances sur les liens qui existent entre la facilitation des \u00e9changes et le genre, des possibilit\u00e9s offertes par l&rsquo;Accord sur la facilitation des \u00e9changes (Afe) de l&rsquo;Organisation mondiale du commerce (Omc), mais aussi de l\u2019Accord sur la Zone de libre-\u00e9change continentale africaine (Zlecaf). Ils ont \u00e9t\u00e9 aussi outill\u00e9 sur la question des proc\u00e9dures douani\u00e8res d&rsquo;importation et d&rsquo;exportation, mais aussi et surtout sur la question \u00e9pineuse de la s\u00e9curit\u00e9 et de la s\u00fbret\u00e9, abord\u00e9e sous plusieurs angles.<\/p>\n\n\n\n<p class=\"wp-block-paragraph\">La cinquantaine de participants a eu \u00e9galement l\u2019occasion d\u2019\u00eatre inform\u00e9 sur le r\u00f4le des douanes dans le recouvrement des recettes, la facilitation des \u00e9changes, la garantie de la s\u00e9curit\u00e9 et la protection de la soci\u00e9t\u00e9.<\/p>\n\n\n<div class=\"wp-block-image\">\n<figure class=\"aligncenter size-large is-resized\"><img loading=\"lazy\" decoding=\"async\" src=\"https:\/\/macite.tg\/wp-content\/uploads\/2024\/10\/91a7f843-3ed3-4b63-a0c4-589fa9e06d48-780x1024.jpg\" alt=\"\" class=\"wp-image-17115\" width=\"560\" height=\"735\" srcset=\"https:\/\/macite.tg\/wp-content\/uploads\/2024\/10\/91a7f843-3ed3-4b63-a0c4-589fa9e06d48-780x1024.jpg 780w, https:\/\/macite.tg\/wp-content\/uploads\/2024\/10\/91a7f843-3ed3-4b63-a0c4-589fa9e06d48-229x300.jpg 229w, https:\/\/macite.tg\/wp-content\/uploads\/2024\/10\/91a7f843-3ed3-4b63-a0c4-589fa9e06d48-768x1008.jpg 768w, https:\/\/macite.tg\/wp-content\/uploads\/2024\/10\/91a7f843-3ed3-4b63-a0c4-589fa9e06d48.jpg 823w\" sizes=\"auto, (max-width: 560px) 100vw, 560px\" \/><\/figure>\n<\/div>\n\n\n<p class=\"wp-block-paragraph\">Notons \u00e0 l\u2019issue des travaux qui ont permis de mettre en relief la collaboration entre les douanes et les parties prenantes, a d\u00e9bouch\u00e9 sur des recommandations devant permettre d\u2019assurer une coop\u00e9ration future entre l&rsquo;Otr et les parties prenantes.<\/p>\n\n\n\n<p class=\"wp-block-paragraph\">Rappelons que le projet Wash, qui porte sur l&rsquo;\u00e9galit\u00e9 des genres, s\u2019inscrit dans le cadre d\u2019un partenariat entre l&rsquo;Omd et l&rsquo;Autorit\u00e9 centrale allemande des douanes. Ledit projet est&nbsp;financ\u00e9 par le minist\u00e8re f\u00e9d\u00e9ral des Affaires \u00e9trang\u00e8res allemand.<\/p>\n\n\n\n<p class=\"wp-block-paragraph\"><strong>JPB<\/strong><\/p>\n\n\n\n<p class=\"wp-block-paragraph\"><a><strong><em>@macite.tg&nbsp;&nbsp;&nbsp;&nbsp;&nbsp;&nbsp;&nbsp;&nbsp;<\/em><\/strong><\/a><\/p>\n\n\n\n<p class=\"wp-block-paragraph\"><strong><em>E-mail&nbsp;: <\/em><\/strong><a href=\"mailto:maciteinfo@gmail.com\"><strong><em>maciteinfo@gmail.com<\/em><\/strong><\/a><strong><em>; <\/em><\/strong><a href=\"mailto:bawela1@gmail.com\"><strong><em>bawela1@gmail.com<\/em><\/strong><\/a><strong><em><\/em><\/strong><\/p>\n\n\n\n<p class=\"wp-block-paragraph\"><strong><em>Pour vos annonces, (publi)reportages, etc., joignez-nous au (00228)91515309\/<strong>79872224 <\/strong>www.macite.tg, L\u2019information, la bonne&nbsp;!<\/em><\/strong><\/p>\n","protected":false},"excerpt":{"rendered":"<p class=\"text-justify mb-2\" >Dans le cadre du Projet sur la s\u00e9curit\u00e9 en Afrique occidentale (Wasp), portant sur l&rsquo;\u00e9galit\u00e9 des genres, l\u2019Organisation mondiale des douanes (Omd), en partenariat avec l\u2019Office togolais des recettes (Otr), a organis\u00e9, du 16 au 20 septembre dernier \u00e0 Lom\u00e9, plusieurs activit\u00e9s ciblant les petites [&hellip;]<\/p>\n","protected":false},"author":2,"featured_media":17172,"comment_status":"open","ping_status":"open","sticky":false,"template":"","format":"standard","meta":{"footnotes":""},"categories":[20,6],"tags":[],"class_list":["post-17169","post","type-post","status-publish","format-standard","has-post-thumbnail","hentry","category-actualite","category-societe"],"yoast_head":"<!-- This site is optimized with the Yoast SEO plugin v28.4 - https:\/\/yoast.com\/product\/yoast-seo-wordpress\/ -->\n<title>POLITIQUES INCLUSIVES ET SENSIBLES AU GENRE\u00a0: L\u2019Organisation mondiale des douanes (Omd) et l\u2019Otr ont \u00e9chang\u00e9 avec les Pme et petits commer\u00e7ants du Togo -<\/title>\n<meta name=\"robots\" content=\"index, follow, max-snippet:-1, max-image-preview:large, max-video-preview:-1\" \/>\n<link rel=\"canonical\" href=\"https:\/\/macite.tg\/?p=17169\" \/>\n<meta property=\"og:locale\" content=\"fr_FR\" \/>\n<meta property=\"og:type\" content=\"article\" \/>\n<meta property=\"og:title\" content=\"POLITIQUES INCLUSIVES ET SENSIBLES AU GENRE\u00a0: L\u2019Organisation mondiale des douanes (Omd) et l\u2019Otr ont \u00e9chang\u00e9 avec les Pme et petits commer\u00e7ants du Togo -\" \/>\n<meta property=\"og:description\" content=\"Dans le cadre du Projet sur la s\u00e9curit\u00e9 en Afrique occidentale (Wasp), portant sur l&rsquo;\u00e9galit\u00e9 des genres, l\u2019Organisation mondiale des douanes (Omd), en partenariat avec l\u2019Office togolais des recettes (Otr), a organis\u00e9, du 16 au 20 septembre dernier \u00e0 Lom\u00e9, plusieurs activit\u00e9s ciblant les petites [&hellip;]\" \/>\n<meta property=\"og:url\" content=\"https:\/\/macite.tg\/?p=17169\" \/>\n<meta property=\"article:published_time\" content=\"2024-10-10T18:20:31+00:00\" \/>\n<meta property=\"article:modified_time\" content=\"2024-10-10T18:20:43+00:00\" \/>\n<meta property=\"og:image\" content=\"https:\/\/macite.tg\/wp-content\/uploads\/2024\/10\/OTR-seminaire-national.jpg\" \/>\n\t<meta property=\"og:image:width\" content=\"500\" \/>\n\t<meta property=\"og:image:height\" content=\"211\" \/>\n\t<meta property=\"og:image:type\" content=\"image\/jpeg\" \/>\n<meta name=\"author\" content=\"Jean Pierre BAWELA\" \/>\n<meta name=\"twitter:card\" content=\"summary_large_image\" \/>\n<meta name=\"twitter:label1\" content=\"\u00c9crit par\" \/>\n\t<meta name=\"twitter:data1\" content=\"Jean Pierre BAWELA\" \/>\n\t<meta name=\"twitter:label2\" content=\"Dur\u00e9e de lecture estim\u00e9e\" \/>\n\t<meta name=\"twitter:data2\" content=\"2 minutes\" \/>\n<script type=\"application\/ld+json\" class=\"yoast-schema-graph\">{\"@context\":\"https:\\\/\\\/schema.org\",\"@graph\":[{\"@type\":\"Article\",\"@id\":\"https:\\\/\\\/macite.tg\\\/?p=17169#article\",\"isPartOf\":{\"@id\":\"https:\\\/\\\/macite.tg\\\/?p=17169\"},\"author\":{\"name\":\"Jean Pierre BAWELA\",\"@id\":\"https:\\\/\\\/macite.tg\\\/#\\\/schema\\\/person\\\/e9f2de7e5dbbe7770a9402c7ce82f5c2\"},\"headline\":\"POLITIQUES INCLUSIVES ET SENSIBLES AU GENRE\u00a0: L\u2019Organisation mondiale des douanes (Omd) et l\u2019Otr ont \u00e9chang\u00e9 avec les Pme et petits commer\u00e7ants du Togo\",\"datePublished\":\"2024-10-10T18:20:31+00:00\",\"dateModified\":\"2024-10-10T18:20:43+00:00\",\"mainEntityOfPage\":{\"@id\":\"https:\\\/\\\/macite.tg\\\/?p=17169\"},\"wordCount\":507,\"commentCount\":0,\"image\":{\"@id\":\"https:\\\/\\\/macite.tg\\\/?p=17169#primaryimage\"},\"thumbnailUrl\":\"https:\\\/\\\/macite.tg\\\/wp-content\\\/uploads\\\/2024\\\/10\\\/OTR-seminaire-national.jpg\",\"articleSection\":[\"ACTUALITE\",\"SOCIETE\"],\"inLanguage\":\"fr-FR\",\"potentialAction\":[{\"@type\":\"CommentAction\",\"name\":\"Comment\",\"target\":[\"https:\\\/\\\/macite.tg\\\/?p=17169#respond\"]}]},{\"@type\":\"WebPage\",\"@id\":\"https:\\\/\\\/macite.tg\\\/?p=17169\",\"url\":\"https:\\\/\\\/macite.tg\\\/?p=17169\",\"name\":\"POLITIQUES INCLUSIVES ET SENSIBLES AU GENRE\u00a0: L\u2019Organisation mondiale des douanes (Omd) et l\u2019Otr ont \u00e9chang\u00e9 avec les Pme et petits commer\u00e7ants du Togo -\",\"isPartOf\":{\"@id\":\"https:\\\/\\\/macite.tg\\\/#website\"},\"primaryImageOfPage\":{\"@id\":\"https:\\\/\\\/macite.tg\\\/?p=17169#primaryimage\"},\"image\":{\"@id\":\"https:\\\/\\\/macite.tg\\\/?p=17169#primaryimage\"},\"thumbnailUrl\":\"https:\\\/\\\/macite.tg\\\/wp-content\\\/uploads\\\/2024\\\/10\\\/OTR-seminaire-national.jpg\",\"datePublished\":\"2024-10-10T18:20:31+00:00\",\"dateModified\":\"2024-10-10T18:20:43+00:00\",\"author\":{\"@id\":\"https:\\\/\\\/macite.tg\\\/#\\\/schema\\\/person\\\/e9f2de7e5dbbe7770a9402c7ce82f5c2\"},\"breadcrumb\":{\"@id\":\"https:\\\/\\\/macite.tg\\\/?p=17169#breadcrumb\"},\"inLanguage\":\"fr-FR\",\"potentialAction\":[{\"@type\":\"ReadAction\",\"target\":[\"https:\\\/\\\/macite.tg\\\/?p=17169\"]}]},{\"@type\":\"ImageObject\",\"inLanguage\":\"fr-FR\",\"@id\":\"https:\\\/\\\/macite.tg\\\/?p=17169#primaryimage\",\"url\":\"https:\\\/\\\/macite.tg\\\/wp-content\\\/uploads\\\/2024\\\/10\\\/OTR-seminaire-national.jpg\",\"contentUrl\":\"https:\\\/\\\/macite.tg\\\/wp-content\\\/uploads\\\/2024\\\/10\\\/OTR-seminaire-national.jpg\",\"width\":500,\"height\":211},{\"@type\":\"BreadcrumbList\",\"@id\":\"https:\\\/\\\/macite.tg\\\/?p=17169#breadcrumb\",\"itemListElement\":[{\"@type\":\"ListItem\",\"position\":1,\"name\":\"Accueil\",\"item\":\"https:\\\/\\\/macite.tg\\\/\"},{\"@type\":\"ListItem\",\"position\":2,\"name\":\"POLITIQUES INCLUSIVES ET SENSIBLES AU GENRE\u00a0: L\u2019Organisation mondiale des douanes (Omd) et l\u2019Otr ont \u00e9chang\u00e9 avec les Pme et petits commer\u00e7ants du Togo\"}]},{\"@type\":\"WebSite\",\"@id\":\"https:\\\/\\\/macite.tg\\\/#website\",\"url\":\"https:\\\/\\\/macite.tg\\\/\",\"name\":\"\",\"description\":\"L&#039;information, la bonne!!!\",\"potentialAction\":[{\"@type\":\"SearchAction\",\"target\":{\"@type\":\"EntryPoint\",\"urlTemplate\":\"https:\\\/\\\/macite.tg\\\/?s={search_term_string}\"},\"query-input\":{\"@type\":\"PropertyValueSpecification\",\"valueRequired\":true,\"valueName\":\"search_term_string\"}}],\"inLanguage\":\"fr-FR\"},{\"@type\":\"Person\",\"@id\":\"https:\\\/\\\/macite.tg\\\/#\\\/schema\\\/person\\\/e9f2de7e5dbbe7770a9402c7ce82f5c2\",\"name\":\"Jean Pierre BAWELA\",\"image\":{\"@type\":\"ImageObject\",\"inLanguage\":\"fr-FR\",\"@id\":\"https:\\\/\\\/macite.tg\\\/wp-content\\\/uploads\\\/2023\\\/09\\\/WhatsApp-Image-2023-09-19-at-14.44.41-122x122.jpeg\",\"url\":\"https:\\\/\\\/macite.tg\\\/wp-content\\\/uploads\\\/2023\\\/09\\\/WhatsApp-Image-2023-09-19-at-14.44.41-122x122.jpeg\",\"contentUrl\":\"https:\\\/\\\/macite.tg\\\/wp-content\\\/uploads\\\/2023\\\/09\\\/WhatsApp-Image-2023-09-19-at-14.44.41-122x122.jpeg\",\"caption\":\"Jean Pierre BAWELA\"},\"url\":\"https:\\\/\\\/macite.tg\\\/?author=2\"}]}<\/script>\n<!-- \/ Yoast SEO plugin. -->","yoast_head_json":{"title":"POLITIQUES INCLUSIVES ET SENSIBLES AU GENRE\u00a0: L\u2019Organisation mondiale des douanes (Omd) et l\u2019Otr ont \u00e9chang\u00e9 avec les Pme et petits commer\u00e7ants du Togo -","robots":{"index":"index","follow":"follow","max-snippet":"max-snippet:-1","max-image-preview":"max-image-preview:large","max-video-preview":"max-video-preview:-1"},"canonical":"https:\/\/macite.tg\/?p=17169","og_locale":"fr_FR","og_type":"article","og_title":"POLITIQUES INCLUSIVES ET SENSIBLES AU GENRE\u00a0: L\u2019Organisation mondiale des douanes (Omd) et l\u2019Otr ont \u00e9chang\u00e9 avec les Pme et petits commer\u00e7ants du Togo -","og_description":"Dans le cadre du Projet sur la s\u00e9curit\u00e9 en Afrique occidentale (Wasp), portant sur l&rsquo;\u00e9galit\u00e9 des genres, l\u2019Organisation mondiale des douanes (Omd), en partenariat avec l\u2019Office togolais des recettes (Otr), a organis\u00e9, du 16 au 20 septembre dernier \u00e0 Lom\u00e9, plusieurs activit\u00e9s ciblant les petites [&hellip;]","og_url":"https:\/\/macite.tg\/?p=17169","article_published_time":"2024-10-10T18:20:31+00:00","article_modified_time":"2024-10-10T18:20:43+00:00","og_image":[{"width":500,"height":211,"url":"https:\/\/macite.tg\/wp-content\/uploads\/2024\/10\/OTR-seminaire-national.jpg","type":"image\/jpeg"}],"author":"Jean Pierre BAWELA","twitter_card":"summary_large_image","twitter_misc":{"\u00c9crit par":"Jean Pierre BAWELA","Dur\u00e9e de lecture estim\u00e9e":"2 minutes"},"schema":{"@context":"https:\/\/schema.org","@graph":[{"@type":"Article","@id":"https:\/\/macite.tg\/?p=17169#article","isPartOf":{"@id":"https:\/\/macite.tg\/?p=17169"},"author":{"name":"Jean Pierre BAWELA","@id":"https:\/\/macite.tg\/#\/schema\/person\/e9f2de7e5dbbe7770a9402c7ce82f5c2"},"headline":"POLITIQUES INCLUSIVES ET SENSIBLES AU GENRE\u00a0: L\u2019Organisation mondiale des douanes (Omd) et l\u2019Otr ont \u00e9chang\u00e9 avec les Pme et petits commer\u00e7ants du Togo","datePublished":"2024-10-10T18:20:31+00:00","dateModified":"2024-10-10T18:20:43+00:00","mainEntityOfPage":{"@id":"https:\/\/macite.tg\/?p=17169"},"wordCount":507,"commentCount":0,"image":{"@id":"https:\/\/macite.tg\/?p=17169#primaryimage"},"thumbnailUrl":"https:\/\/macite.tg\/wp-content\/uploads\/2024\/10\/OTR-seminaire-national.jpg","articleSection":["ACTUALITE","SOCIETE"],"inLanguage":"fr-FR","potentialAction":[{"@type":"CommentAction","name":"Comment","target":["https:\/\/macite.tg\/?p=17169#respond"]}]},{"@type":"WebPage","@id":"https:\/\/macite.tg\/?p=17169","url":"https:\/\/macite.tg\/?p=17169","name":"POLITIQUES INCLUSIVES ET SENSIBLES AU GENRE\u00a0: L\u2019Organisation mondiale des douanes (Omd) et l\u2019Otr ont \u00e9chang\u00e9 avec les Pme et petits commer\u00e7ants du Togo -","isPartOf":{"@id":"https:\/\/macite.tg\/#website"},"primaryImageOfPage":{"@id":"https:\/\/macite.tg\/?p=17169#primaryimage"},"image":{"@id":"https:\/\/macite.tg\/?p=17169#primaryimage"},"thumbnailUrl":"https:\/\/macite.tg\/wp-content\/uploads\/2024\/10\/OTR-seminaire-national.jpg","datePublished":"2024-10-10T18:20:31+00:00","dateModified":"2024-10-10T18:20:43+00:00","author":{"@id":"https:\/\/macite.tg\/#\/schema\/person\/e9f2de7e5dbbe7770a9402c7ce82f5c2"},"breadcrumb":{"@id":"https:\/\/macite.tg\/?p=17169#breadcrumb"},"inLanguage":"fr-FR","potentialAction":[{"@type":"ReadAction","target":["https:\/\/macite.tg\/?p=17169"]}]},{"@type":"ImageObject","inLanguage":"fr-FR","@id":"https:\/\/macite.tg\/?p=17169#primaryimage","url":"https:\/\/macite.tg\/wp-content\/uploads\/2024\/10\/OTR-seminaire-national.jpg","contentUrl":"https:\/\/macite.tg\/wp-content\/uploads\/2024\/10\/OTR-seminaire-national.jpg","width":500,"height":211},{"@type":"BreadcrumbList","@id":"https:\/\/macite.tg\/?p=17169#breadcrumb","itemListElement":[{"@type":"ListItem","position":1,"name":"Accueil","item":"https:\/\/macite.tg\/"},{"@type":"ListItem","position":2,"name":"POLITIQUES INCLUSIVES ET SENSIBLES AU GENRE\u00a0: L\u2019Organisation mondiale des douanes (Omd) et l\u2019Otr ont \u00e9chang\u00e9 avec les Pme et petits commer\u00e7ants du Togo"}]},{"@type":"WebSite","@id":"https:\/\/macite.tg\/#website","url":"https:\/\/macite.tg\/","name":"","description":"L&#039;information, la bonne!!!","potentialAction":[{"@type":"SearchAction","target":{"@type":"EntryPoint","urlTemplate":"https:\/\/macite.tg\/?s={search_term_string}"},"query-input":{"@type":"PropertyValueSpecification","valueRequired":true,"valueName":"search_term_string"}}],"inLanguage":"fr-FR"},{"@type":"Person","@id":"https:\/\/macite.tg\/#\/schema\/person\/e9f2de7e5dbbe7770a9402c7ce82f5c2","name":"Jean Pierre BAWELA","image":{"@type":"ImageObject","inLanguage":"fr-FR","@id":"https:\/\/macite.tg\/wp-content\/uploads\/2023\/09\/WhatsApp-Image-2023-09-19-at-14.44.41-122x122.jpeg","url":"https:\/\/macite.tg\/wp-content\/uploads\/2023\/09\/WhatsApp-Image-2023-09-19-at-14.44.41-122x122.jpeg","contentUrl":"https:\/\/macite.tg\/wp-content\/uploads\/2023\/09\/WhatsApp-Image-2023-09-19-at-14.44.41-122x122.jpeg","caption":"Jean Pierre BAWELA"},"url":"https:\/\/macite.tg\/?author=2"}]}},"_links":{"self":[{"href":"https:\/\/macite.tg\/index.php?rest_route=\/wp\/v2\/posts\/17169","targetHints":{"allow":["GET"]}}],"collection":[{"href":"https:\/\/macite.tg\/index.php?rest_route=\/wp\/v2\/posts"}],"about":[{"href":"https:\/\/macite.tg\/index.php?rest_route=\/wp\/v2\/types\/post"}],"author":[{"embeddable":true,"href":"https:\/\/macite.tg\/index.php?rest_route=\/wp\/v2\/users\/2"}],"replies":[{"embeddable":true,"href":"https:\/\/macite.tg\/index.php?rest_route=%2Fwp%2Fv2%2Fcomments&post=17169"}],"version-history":[{"count":0,"href":"https:\/\/macite.tg\/index.php?rest_route=\/wp\/v2\/posts\/17169\/revisions"}],"wp:featuredmedia":[{"embeddable":true,"href":"https:\/\/macite.tg\/index.php?rest_route=\/wp\/v2\/media\/17172"}],"wp:attachment":[{"href":"https:\/\/macite.tg\/index.php?rest_route=%2Fwp%2Fv2%2Fmedia&parent=17169"}],"wp:term":[{"taxonomy":"category","embeddable":true,"href":"https:\/\/macite.tg\/index.php?rest_route=%2Fwp%2Fv2%2Fcategories&post=17169"},{"taxonomy":"post_tag","embeddable":true,"href":"https:\/\/macite.tg\/index.php?rest_route=%2Fwp%2Fv2%2Ftags&post=17169"}],"curies":[{"name":"wp","href":"https:\/\/api.w.org\/{rel}","templated":true}]}}