{"id":17158,"date":"2024-10-10T10:51:57","date_gmt":"2024-10-10T10:51:57","guid":{"rendered":"https:\/\/macite.tg\/?p=17158"},"modified":"2024-10-10T10:52:10","modified_gmt":"2024-10-10T10:52:10","slug":"elim-can-2025-alg-tg-on-ne-vient-pas-ici-pour-faire-la-victime-on-va-tout-faire-pour-jacques-alaixys-romao","status":"publish","type":"post","link":"https:\/\/macite.tg\/?p=17158","title":{"rendered":"ELIM CAN 2025\/ALG-TG : \u00ab\u00a0On ne vient pas ici pour faire la victime (\u2026) On va tout faire pour\u2026\u00a0\u00bb (Jacques Alaixys Romao)"},"content":{"rendered":"\n<p class=\"wp-block-paragraph\"><strong><em>C\u2019est le grand jour, entre le Togo et l&rsquo;Alg\u00e9rie, qui se donnent rendez-vous ce jeudi \u00e0 partir de 19h Gmt au stade de 18 Mai 1956 \u00e0 Annaba. Pour cette premi\u00e8re rencontre, fatidique, comptant pour la 3e journ\u00e9e des \u00e9liminatoires de la Can Maroc 2025, le milieu de terrain togolais, Jacques Alaixys Romao, reste prudent, mais pr\u00e9vient les Fennecs d&rsquo;Alg\u00e9rie.<\/em><\/strong><\/p>\n\n\n\n<p class=\"wp-block-paragraph\">Avec deux matchs nuls en autant de sorties, les Eperviers du Togo d\u00e9fient le leader du Groupe E, l\u2019Alg\u00e9rie, qui a six points dans sa gibeci\u00e8re. Les Fennecs, favoris sur cette rencontre, auront l\u2019avantage de jouer devant leur public.<\/p>\n\n\n<div class=\"wp-block-image\">\n<figure class=\"aligncenter size-large is-resized\"><img loading=\"lazy\" decoding=\"async\" src=\"https:\/\/macite.tg\/wp-content\/uploads\/2024\/10\/f9f0acb5-155b-44cb-bdb8-6ab90b2bc8f6-1024x1024.jpg\" alt=\"\" class=\"wp-image-17159\" width=\"496\" height=\"496\" srcset=\"https:\/\/macite.tg\/wp-content\/uploads\/2024\/10\/f9f0acb5-155b-44cb-bdb8-6ab90b2bc8f6-1024x1024.jpg 1024w, https:\/\/macite.tg\/wp-content\/uploads\/2024\/10\/f9f0acb5-155b-44cb-bdb8-6ab90b2bc8f6-300x300.jpg 300w, https:\/\/macite.tg\/wp-content\/uploads\/2024\/10\/f9f0acb5-155b-44cb-bdb8-6ab90b2bc8f6-150x150.jpg 150w, https:\/\/macite.tg\/wp-content\/uploads\/2024\/10\/f9f0acb5-155b-44cb-bdb8-6ab90b2bc8f6-768x768.jpg 768w, https:\/\/macite.tg\/wp-content\/uploads\/2024\/10\/f9f0acb5-155b-44cb-bdb8-6ab90b2bc8f6-122x122.jpg 122w, https:\/\/macite.tg\/wp-content\/uploads\/2024\/10\/f9f0acb5-155b-44cb-bdb8-6ab90b2bc8f6.jpg 1080w\" sizes=\"auto, (max-width: 496px) 100vw, 496px\" \/><\/figure>\n<\/div>\n\n\n<p class=\"wp-block-paragraph\">Malgr\u00e9 ce net avantage, qui reste encore sur le papier, le plus exp\u00e9riment\u00e9 et stabilisateur de cette \u00e9quipe togolaise, Jacques Alaixys Romao, reste ambitieux et veut y croire.<\/p>\n\n\n\n<p class=\"wp-block-paragraph\"><em>\u00ab&nbsp;On sait que l\u2019Alg\u00e9rie est une grande nation de football africain et mondial. On s\u2019attend \u00e0 un match difficile. Ils ont d\u00e9j\u00e0 six points, sur deux matchs. On joue \u00e0 l\u2019ext\u00e9rieur et je pense qu\u2019il y aura des supporters pour soutenir leur \u00e9quipe. Donc, c\u2019est \u00e0 nous d\u2019\u00eatre s\u00e9rieux&nbsp;\u00bb,<\/em> a d\u00e9clar\u00e9 le joueur de 40 ans, avant d\u2019ajouter&nbsp;: \u00ab&nbsp;On ne vient pas ici pour faire la victime, au contraire, on va tout faire pour gagner ce match&nbsp;\u00bb.<\/p>\n\n\n\n<p class=\"wp-block-paragraph\">Le message est donc clair. Il va falloir compter avec les \u00c9perviers du Togo.<\/p>\n\n\n<div class=\"wp-block-image\">\n<figure class=\"aligncenter size-large is-resized\"><img loading=\"lazy\" decoding=\"async\" src=\"https:\/\/macite.tg\/wp-content\/uploads\/2024\/10\/214fc1c3-6c7d-4e49-9063-8d70e825b678-780x1024.jpg\" alt=\"\" class=\"wp-image-17116\" width=\"470\" height=\"617\" srcset=\"https:\/\/macite.tg\/wp-content\/uploads\/2024\/10\/214fc1c3-6c7d-4e49-9063-8d70e825b678-780x1024.jpg 780w, https:\/\/macite.tg\/wp-content\/uploads\/2024\/10\/214fc1c3-6c7d-4e49-9063-8d70e825b678-229x300.jpg 229w, https:\/\/macite.tg\/wp-content\/uploads\/2024\/10\/214fc1c3-6c7d-4e49-9063-8d70e825b678-768x1008.jpg 768w, https:\/\/macite.tg\/wp-content\/uploads\/2024\/10\/214fc1c3-6c7d-4e49-9063-8d70e825b678.jpg 823w\" sizes=\"auto, (max-width: 470px) 100vw, 470px\" \/><\/figure>\n<\/div>\n\n\n<p class=\"wp-block-paragraph\">Pour m\u00e9moire, le match aller se joue \u00e0 Annaba, ce jeudi \u00e0 19h Gmt. Et le lundi 14 octobre prochain, les deux formations se retrouveront du c\u00f4t\u00e9 de la capitale togolaise, au stade de K\u00e9gu\u00e9, \u00e0 Lom\u00e9.<\/p>\n\n\n\n<p class=\"wp-block-paragraph\">Cette double confrontation va marquer un tournant d\u00e9cisif pour les deux nations dans ces qualifications pour la phase finale de la Can Maroc 2025. Pendant ce temps, dans le m\u00eame groupe E, la Guin\u00e9e \u00c9quatoriale et le Lib\u00e9ria se mesurent.<\/p>\n\n\n\n<p class=\"wp-block-paragraph\"><strong>D.A.<\/strong><\/p>\n\n\n\n<p class=\"wp-block-paragraph\"><a><strong><em>@macite.tg&nbsp;&nbsp;&nbsp;&nbsp;&nbsp;&nbsp;&nbsp;&nbsp;<\/em><\/strong><\/a><\/p>\n\n\n\n<p class=\"wp-block-paragraph\"><strong><em>E-mail&nbsp;: <\/em><\/strong><a href=\"mailto:maciteinfo@gmail.com\"><strong><em>maciteinfo@gmail.com<\/em><\/strong><\/a><strong><em>; <\/em><\/strong><a href=\"mailto:bawela1@gmail.com\"><strong><em>bawela1@gmail.com<\/em><\/strong><\/a><strong><em><\/em><\/strong><\/p>\n\n\n\n<p class=\"wp-block-paragraph\"><strong><em>Pour vos annonces, (publi)reportages, etc., joignez-nous au (00228)91515309\/<strong>79872224 <\/strong>www.macite.tg, L\u2019information, la bonne&nbsp;!<\/em><\/strong><\/p>\n","protected":false},"excerpt":{"rendered":"<p class=\"text-justify mb-2\" >C\u2019est le grand jour, entre le Togo et l&rsquo;Alg\u00e9rie, qui se donnent rendez-vous ce jeudi \u00e0 partir de 19h Gmt au stade de 18 Mai 1956 \u00e0 Annaba. Pour cette premi\u00e8re rencontre, fatidique, comptant pour la 3e journ\u00e9e des \u00e9liminatoires de la Can Maroc 2025, [&hellip;]<\/p>\n","protected":false},"author":2,"featured_media":17160,"comment_status":"open","ping_status":"open","sticky":false,"template":"","format":"standard","meta":{"footnotes":""},"categories":[20,7],"tags":[],"class_list":["post-17158","post","type-post","status-publish","format-standard","has-post-thumbnail","hentry","category-actualite","category-sports"],"yoast_head":"<!-- This site is optimized with the Yoast SEO plugin v28.4 - https:\/\/yoast.com\/product\/yoast-seo-wordpress\/ -->\n<title>ELIM CAN 2025\/ALG-TG : \u00ab\u00a0On ne vient pas ici pour faire la victime (\u2026) On va tout faire pour\u2026\u00a0\u00bb (Jacques Alaixys Romao) -<\/title>\n<meta name=\"robots\" content=\"index, follow, max-snippet:-1, max-image-preview:large, max-video-preview:-1\" \/>\n<link rel=\"canonical\" href=\"https:\/\/macite.tg\/?p=17158\" \/>\n<meta property=\"og:locale\" content=\"fr_FR\" \/>\n<meta property=\"og:type\" content=\"article\" \/>\n<meta property=\"og:title\" content=\"ELIM CAN 2025\/ALG-TG : \u00ab\u00a0On ne vient pas ici pour faire la victime (\u2026) On va tout faire pour\u2026\u00a0\u00bb (Jacques Alaixys Romao) -\" \/>\n<meta property=\"og:description\" content=\"C\u2019est le grand jour, entre le Togo et l&rsquo;Alg\u00e9rie, qui se donnent rendez-vous ce jeudi \u00e0 partir de 19h Gmt au stade de 18 Mai 1956 \u00e0 Annaba. Pour cette premi\u00e8re rencontre, fatidique, comptant pour la 3e journ\u00e9e des \u00e9liminatoires de la Can Maroc 2025, [&hellip;]\" \/>\n<meta property=\"og:url\" content=\"https:\/\/macite.tg\/?p=17158\" \/>\n<meta property=\"article:published_time\" content=\"2024-10-10T10:51:57+00:00\" \/>\n<meta property=\"article:modified_time\" content=\"2024-10-10T10:52:10+00:00\" \/>\n<meta property=\"og:image\" content=\"https:\/\/macite.tg\/wp-content\/uploads\/2024\/10\/Alaixis-Romao.jpg\" \/>\n\t<meta property=\"og:image:width\" content=\"414\" \/>\n\t<meta property=\"og:image:height\" content=\"340\" \/>\n\t<meta property=\"og:image:type\" content=\"image\/jpeg\" \/>\n<meta name=\"author\" content=\"Jean Pierre BAWELA\" \/>\n<meta name=\"twitter:card\" content=\"summary_large_image\" \/>\n<meta name=\"twitter:label1\" content=\"\u00c9crit par\" \/>\n\t<meta name=\"twitter:data1\" content=\"Jean Pierre BAWELA\" \/>\n\t<meta name=\"twitter:label2\" content=\"Dur\u00e9e de lecture estim\u00e9e\" \/>\n\t<meta name=\"twitter:data2\" content=\"2 minutes\" \/>\n<script type=\"application\/ld+json\" class=\"yoast-schema-graph\">{\"@context\":\"https:\\\/\\\/schema.org\",\"@graph\":[{\"@type\":\"Article\",\"@id\":\"https:\\\/\\\/macite.tg\\\/?p=17158#article\",\"isPartOf\":{\"@id\":\"https:\\\/\\\/macite.tg\\\/?p=17158\"},\"author\":{\"name\":\"Jean Pierre BAWELA\",\"@id\":\"https:\\\/\\\/macite.tg\\\/#\\\/schema\\\/person\\\/e9f2de7e5dbbe7770a9402c7ce82f5c2\"},\"headline\":\"ELIM CAN 2025\\\/ALG-TG : \u00ab\u00a0On ne vient pas ici pour faire la victime (\u2026) On va tout faire pour\u2026\u00a0\u00bb (Jacques Alaixys Romao)\",\"datePublished\":\"2024-10-10T10:51:57+00:00\",\"dateModified\":\"2024-10-10T10:52:10+00:00\",\"mainEntityOfPage\":{\"@id\":\"https:\\\/\\\/macite.tg\\\/?p=17158\"},\"wordCount\":375,\"commentCount\":0,\"image\":{\"@id\":\"https:\\\/\\\/macite.tg\\\/?p=17158#primaryimage\"},\"thumbnailUrl\":\"https:\\\/\\\/macite.tg\\\/wp-content\\\/uploads\\\/2024\\\/10\\\/Alaixis-Romao.jpg\",\"articleSection\":[\"ACTUALITE\",\"SPORTS\"],\"inLanguage\":\"fr-FR\",\"potentialAction\":[{\"@type\":\"CommentAction\",\"name\":\"Comment\",\"target\":[\"https:\\\/\\\/macite.tg\\\/?p=17158#respond\"]}]},{\"@type\":\"WebPage\",\"@id\":\"https:\\\/\\\/macite.tg\\\/?p=17158\",\"url\":\"https:\\\/\\\/macite.tg\\\/?p=17158\",\"name\":\"ELIM CAN 2025\\\/ALG-TG : \u00ab\u00a0On ne vient pas ici pour faire la victime (\u2026) On va tout faire pour\u2026\u00a0\u00bb (Jacques Alaixys Romao) -\",\"isPartOf\":{\"@id\":\"https:\\\/\\\/macite.tg\\\/#website\"},\"primaryImageOfPage\":{\"@id\":\"https:\\\/\\\/macite.tg\\\/?p=17158#primaryimage\"},\"image\":{\"@id\":\"https:\\\/\\\/macite.tg\\\/?p=17158#primaryimage\"},\"thumbnailUrl\":\"https:\\\/\\\/macite.tg\\\/wp-content\\\/uploads\\\/2024\\\/10\\\/Alaixis-Romao.jpg\",\"datePublished\":\"2024-10-10T10:51:57+00:00\",\"dateModified\":\"2024-10-10T10:52:10+00:00\",\"author\":{\"@id\":\"https:\\\/\\\/macite.tg\\\/#\\\/schema\\\/person\\\/e9f2de7e5dbbe7770a9402c7ce82f5c2\"},\"breadcrumb\":{\"@id\":\"https:\\\/\\\/macite.tg\\\/?p=17158#breadcrumb\"},\"inLanguage\":\"fr-FR\",\"potentialAction\":[{\"@type\":\"ReadAction\",\"target\":[\"https:\\\/\\\/macite.tg\\\/?p=17158\"]}]},{\"@type\":\"ImageObject\",\"inLanguage\":\"fr-FR\",\"@id\":\"https:\\\/\\\/macite.tg\\\/?p=17158#primaryimage\",\"url\":\"https:\\\/\\\/macite.tg\\\/wp-content\\\/uploads\\\/2024\\\/10\\\/Alaixis-Romao.jpg\",\"contentUrl\":\"https:\\\/\\\/macite.tg\\\/wp-content\\\/uploads\\\/2024\\\/10\\\/Alaixis-Romao.jpg\",\"width\":414,\"height\":340,\"caption\":\"Le milieux d\u00e9fensif togolais, Jacques Alaixis Romao\"},{\"@type\":\"BreadcrumbList\",\"@id\":\"https:\\\/\\\/macite.tg\\\/?p=17158#breadcrumb\",\"itemListElement\":[{\"@type\":\"ListItem\",\"position\":1,\"name\":\"Accueil\",\"item\":\"https:\\\/\\\/macite.tg\\\/\"},{\"@type\":\"ListItem\",\"position\":2,\"name\":\"ELIM CAN 2025\\\/ALG-TG : \u00ab\u00a0On ne vient pas ici pour faire la victime (\u2026) On va tout faire pour\u2026\u00a0\u00bb (Jacques Alaixys Romao)\"}]},{\"@type\":\"WebSite\",\"@id\":\"https:\\\/\\\/macite.tg\\\/#website\",\"url\":\"https:\\\/\\\/macite.tg\\\/\",\"name\":\"\",\"description\":\"L&#039;information, la bonne!!!\",\"potentialAction\":[{\"@type\":\"SearchAction\",\"target\":{\"@type\":\"EntryPoint\",\"urlTemplate\":\"https:\\\/\\\/macite.tg\\\/?s={search_term_string}\"},\"query-input\":{\"@type\":\"PropertyValueSpecification\",\"valueRequired\":true,\"valueName\":\"search_term_string\"}}],\"inLanguage\":\"fr-FR\"},{\"@type\":\"Person\",\"@id\":\"https:\\\/\\\/macite.tg\\\/#\\\/schema\\\/person\\\/e9f2de7e5dbbe7770a9402c7ce82f5c2\",\"name\":\"Jean Pierre BAWELA\",\"image\":{\"@type\":\"ImageObject\",\"inLanguage\":\"fr-FR\",\"@id\":\"https:\\\/\\\/macite.tg\\\/wp-content\\\/uploads\\\/2023\\\/09\\\/WhatsApp-Image-2023-09-19-at-14.44.41-122x122.jpeg\",\"url\":\"https:\\\/\\\/macite.tg\\\/wp-content\\\/uploads\\\/2023\\\/09\\\/WhatsApp-Image-2023-09-19-at-14.44.41-122x122.jpeg\",\"contentUrl\":\"https:\\\/\\\/macite.tg\\\/wp-content\\\/uploads\\\/2023\\\/09\\\/WhatsApp-Image-2023-09-19-at-14.44.41-122x122.jpeg\",\"caption\":\"Jean Pierre BAWELA\"},\"url\":\"https:\\\/\\\/macite.tg\\\/?author=2\"}]}<\/script>\n<!-- \/ Yoast SEO plugin. -->","yoast_head_json":{"title":"ELIM CAN 2025\/ALG-TG : \u00ab\u00a0On ne vient pas ici pour faire la victime (\u2026) On va tout faire pour\u2026\u00a0\u00bb (Jacques Alaixys Romao) -","robots":{"index":"index","follow":"follow","max-snippet":"max-snippet:-1","max-image-preview":"max-image-preview:large","max-video-preview":"max-video-preview:-1"},"canonical":"https:\/\/macite.tg\/?p=17158","og_locale":"fr_FR","og_type":"article","og_title":"ELIM CAN 2025\/ALG-TG : \u00ab\u00a0On ne vient pas ici pour faire la victime (\u2026) On va tout faire pour\u2026\u00a0\u00bb (Jacques Alaixys Romao) -","og_description":"C\u2019est le grand jour, entre le Togo et l&rsquo;Alg\u00e9rie, qui se donnent rendez-vous ce jeudi \u00e0 partir de 19h Gmt au stade de 18 Mai 1956 \u00e0 Annaba. Pour cette premi\u00e8re rencontre, fatidique, comptant pour la 3e journ\u00e9e des \u00e9liminatoires de la Can Maroc 2025, [&hellip;]","og_url":"https:\/\/macite.tg\/?p=17158","article_published_time":"2024-10-10T10:51:57+00:00","article_modified_time":"2024-10-10T10:52:10+00:00","og_image":[{"width":414,"height":340,"url":"https:\/\/macite.tg\/wp-content\/uploads\/2024\/10\/Alaixis-Romao.jpg","type":"image\/jpeg"}],"author":"Jean Pierre BAWELA","twitter_card":"summary_large_image","twitter_misc":{"\u00c9crit par":"Jean Pierre BAWELA","Dur\u00e9e de lecture estim\u00e9e":"2 minutes"},"schema":{"@context":"https:\/\/schema.org","@graph":[{"@type":"Article","@id":"https:\/\/macite.tg\/?p=17158#article","isPartOf":{"@id":"https:\/\/macite.tg\/?p=17158"},"author":{"name":"Jean Pierre BAWELA","@id":"https:\/\/macite.tg\/#\/schema\/person\/e9f2de7e5dbbe7770a9402c7ce82f5c2"},"headline":"ELIM CAN 2025\/ALG-TG : \u00ab\u00a0On ne vient pas ici pour faire la victime (\u2026) On va tout faire pour\u2026\u00a0\u00bb (Jacques Alaixys Romao)","datePublished":"2024-10-10T10:51:57+00:00","dateModified":"2024-10-10T10:52:10+00:00","mainEntityOfPage":{"@id":"https:\/\/macite.tg\/?p=17158"},"wordCount":375,"commentCount":0,"image":{"@id":"https:\/\/macite.tg\/?p=17158#primaryimage"},"thumbnailUrl":"https:\/\/macite.tg\/wp-content\/uploads\/2024\/10\/Alaixis-Romao.jpg","articleSection":["ACTUALITE","SPORTS"],"inLanguage":"fr-FR","potentialAction":[{"@type":"CommentAction","name":"Comment","target":["https:\/\/macite.tg\/?p=17158#respond"]}]},{"@type":"WebPage","@id":"https:\/\/macite.tg\/?p=17158","url":"https:\/\/macite.tg\/?p=17158","name":"ELIM CAN 2025\/ALG-TG : \u00ab\u00a0On ne vient pas ici pour faire la victime (\u2026) On va tout faire pour\u2026\u00a0\u00bb (Jacques Alaixys Romao) -","isPartOf":{"@id":"https:\/\/macite.tg\/#website"},"primaryImageOfPage":{"@id":"https:\/\/macite.tg\/?p=17158#primaryimage"},"image":{"@id":"https:\/\/macite.tg\/?p=17158#primaryimage"},"thumbnailUrl":"https:\/\/macite.tg\/wp-content\/uploads\/2024\/10\/Alaixis-Romao.jpg","datePublished":"2024-10-10T10:51:57+00:00","dateModified":"2024-10-10T10:52:10+00:00","author":{"@id":"https:\/\/macite.tg\/#\/schema\/person\/e9f2de7e5dbbe7770a9402c7ce82f5c2"},"breadcrumb":{"@id":"https:\/\/macite.tg\/?p=17158#breadcrumb"},"inLanguage":"fr-FR","potentialAction":[{"@type":"ReadAction","target":["https:\/\/macite.tg\/?p=17158"]}]},{"@type":"ImageObject","inLanguage":"fr-FR","@id":"https:\/\/macite.tg\/?p=17158#primaryimage","url":"https:\/\/macite.tg\/wp-content\/uploads\/2024\/10\/Alaixis-Romao.jpg","contentUrl":"https:\/\/macite.tg\/wp-content\/uploads\/2024\/10\/Alaixis-Romao.jpg","width":414,"height":340,"caption":"Le milieux d\u00e9fensif togolais, Jacques Alaixis Romao"},{"@type":"BreadcrumbList","@id":"https:\/\/macite.tg\/?p=17158#breadcrumb","itemListElement":[{"@type":"ListItem","position":1,"name":"Accueil","item":"https:\/\/macite.tg\/"},{"@type":"ListItem","position":2,"name":"ELIM CAN 2025\/ALG-TG : \u00ab\u00a0On ne vient pas ici pour faire la victime (\u2026) On va tout faire pour\u2026\u00a0\u00bb (Jacques Alaixys Romao)"}]},{"@type":"WebSite","@id":"https:\/\/macite.tg\/#website","url":"https:\/\/macite.tg\/","name":"","description":"L&#039;information, la bonne!!!","potentialAction":[{"@type":"SearchAction","target":{"@type":"EntryPoint","urlTemplate":"https:\/\/macite.tg\/?s={search_term_string}"},"query-input":{"@type":"PropertyValueSpecification","valueRequired":true,"valueName":"search_term_string"}}],"inLanguage":"fr-FR"},{"@type":"Person","@id":"https:\/\/macite.tg\/#\/schema\/person\/e9f2de7e5dbbe7770a9402c7ce82f5c2","name":"Jean Pierre BAWELA","image":{"@type":"ImageObject","inLanguage":"fr-FR","@id":"https:\/\/macite.tg\/wp-content\/uploads\/2023\/09\/WhatsApp-Image-2023-09-19-at-14.44.41-122x122.jpeg","url":"https:\/\/macite.tg\/wp-content\/uploads\/2023\/09\/WhatsApp-Image-2023-09-19-at-14.44.41-122x122.jpeg","contentUrl":"https:\/\/macite.tg\/wp-content\/uploads\/2023\/09\/WhatsApp-Image-2023-09-19-at-14.44.41-122x122.jpeg","caption":"Jean Pierre BAWELA"},"url":"https:\/\/macite.tg\/?author=2"}]}},"_links":{"self":[{"href":"https:\/\/macite.tg\/index.php?rest_route=\/wp\/v2\/posts\/17158","targetHints":{"allow":["GET"]}}],"collection":[{"href":"https:\/\/macite.tg\/index.php?rest_route=\/wp\/v2\/posts"}],"about":[{"href":"https:\/\/macite.tg\/index.php?rest_route=\/wp\/v2\/types\/post"}],"author":[{"embeddable":true,"href":"https:\/\/macite.tg\/index.php?rest_route=\/wp\/v2\/users\/2"}],"replies":[{"embeddable":true,"href":"https:\/\/macite.tg\/index.php?rest_route=%2Fwp%2Fv2%2Fcomments&post=17158"}],"version-history":[{"count":0,"href":"https:\/\/macite.tg\/index.php?rest_route=\/wp\/v2\/posts\/17158\/revisions"}],"wp:featuredmedia":[{"embeddable":true,"href":"https:\/\/macite.tg\/index.php?rest_route=\/wp\/v2\/media\/17160"}],"wp:attachment":[{"href":"https:\/\/macite.tg\/index.php?rest_route=%2Fwp%2Fv2%2Fmedia&parent=17158"}],"wp:term":[{"taxonomy":"category","embeddable":true,"href":"https:\/\/macite.tg\/index.php?rest_route=%2Fwp%2Fv2%2Fcategories&post=17158"},{"taxonomy":"post_tag","embeddable":true,"href":"https:\/\/macite.tg\/index.php?rest_route=%2Fwp%2Fv2%2Ftags&post=17158"}],"curies":[{"name":"wp","href":"https:\/\/api.w.org\/{rel}","templated":true}]}}