{"id":17123,"date":"2024-10-09T12:17:24","date_gmt":"2024-10-09T12:17:24","guid":{"rendered":"https:\/\/macite.tg\/?p=17123"},"modified":"2024-10-09T12:18:31","modified_gmt":"2024-10-09T12:18:31","slug":"senegal-finances-publiques-le-fmi-valide-la-strategie-de-transparence-de-ousmane-sonko-et-de-son-gouvernement","status":"publish","type":"post","link":"https:\/\/macite.tg\/?p=17123","title":{"rendered":"SENEGAL \/FINANCES PUBLIQUES : Le Fmi valide la strat\u00e9gie de \u00ab\u00a0transparence\u00a0\u00bb de Ousmane Sonko et de son gouvernement"},"content":{"rendered":"\n<p class=\"wp-block-paragraph\"><strong><em>Les autorit\u00e9s s\u00e9n\u00e9galaises ont r\u00e9v\u00e9l\u00e9, \u00e0 la fin du mois de septembre, un \u00e9tat des finances publiques plus pr\u00e9occupant qu\u2019anticip\u00e9, affirmant que les chiffres pr\u00e9c\u00e9dents avaient \u00e9t\u00e9 manipul\u00e9s par l\u2019ancien gouvernement. Le Fonds mon\u00e9taire international (Fmi), en r\u00e9ponse \u00e0 cette inqui\u00e9tude, dit avoir pris note de cette situation, et s\u2019engage \u00e0 collaborer avec la nouvelle administration pour en \u00e9valuer les cons\u00e9quences \u00e9conomiques.<\/em><\/strong><\/p>\n\n\n\n<p class=\"wp-block-paragraph\">Lors d\u2019une conf\u00e9rence de presse, Julie Kozack, porte-parole du Fmi, a exprim\u00e9 le soutien de l\u2019institution \u00e0 l\u2019audit g\u00e9n\u00e9ral des finances publiques, command\u00e9 par le nouveau gouvernement s\u00e9n\u00e9galais. Elle a salu\u00e9 l\u2019initiative des autorit\u00e9s de Dakar visant \u00e0 am\u00e9liorer la gouvernance et la transparence des finances publiques, un facteur cl\u00e9 pour restaurer la confiance des investisseurs et des partenaires internationaux.<\/p>\n\n\n\n<p class=\"wp-block-paragraph\"><em>\u00ab Les r\u00e9sultats de cet audit nous ont \u00e9t\u00e9 partag\u00e9s par les autorit\u00e9s s\u00e9n\u00e9galaises, et nous allons travailler en \u00e9troite collaboration avec elles dans les semaines \u00e0 venir pour \u00e9valuer l\u2019impact de ces nouvelles donn\u00e9es sur l\u2019\u00e9conomie du pays \u00bb<\/em>, a d\u00e9clar\u00e9 Mme Kozack le samedi 5 octobre. Elle a ajout\u00e9 que cette coop\u00e9ration aiderait \u00e0 \u00e9laborer des mesures visant \u00e0 assurer une meilleure stabilit\u00e9 macro\u00e9conomique dans le pays.<\/p>\n\n\n<div class=\"wp-block-image\">\n<figure class=\"aligncenter size-large is-resized\"><img loading=\"lazy\" decoding=\"async\" src=\"https:\/\/macite.tg\/wp-content\/uploads\/2024\/10\/214fc1c3-6c7d-4e49-9063-8d70e825b678-780x1024.jpg\" alt=\"\" class=\"wp-image-17116\" width=\"418\" height=\"549\" srcset=\"https:\/\/macite.tg\/wp-content\/uploads\/2024\/10\/214fc1c3-6c7d-4e49-9063-8d70e825b678-780x1024.jpg 780w, https:\/\/macite.tg\/wp-content\/uploads\/2024\/10\/214fc1c3-6c7d-4e49-9063-8d70e825b678-229x300.jpg 229w, https:\/\/macite.tg\/wp-content\/uploads\/2024\/10\/214fc1c3-6c7d-4e49-9063-8d70e825b678-768x1008.jpg 768w, https:\/\/macite.tg\/wp-content\/uploads\/2024\/10\/214fc1c3-6c7d-4e49-9063-8d70e825b678.jpg 823w\" sizes=\"auto, (max-width: 418px) 100vw, 418px\" \/><\/figure>\n<\/div>\n\n\n<p class=\"wp-block-paragraph\">Cette prise de position du Fmi intervient \u00e0 un moment d\u00e9licat, marqu\u00e9 par de nombreuses interrogations autour des chiffres publi\u00e9s par le ministre des Finances, Mamadou Sarr, le 26 septembre. Selon ce rapport, le d\u00e9ficit budg\u00e9taire du S\u00e9n\u00e9gal atteint d\u00e9sormais 10,4 % du produit int\u00e9rieur brut (Pib), bien au-del\u00e0 des 5,5 % initialement annonc\u00e9s par l\u2019ancien gouvernement. La dette publique du pays s\u2019\u00e9l\u00e8ve, quant \u00e0 elle, \u00e0 76,3 % du Pib, surpassant les 65,9 % qui avaient \u00e9t\u00e9 d\u00e9clar\u00e9s pr\u00e9c\u00e9demment.<\/p>\n\n\n\n<p class=\"wp-block-paragraph\">Ces r\u00e9v\u00e9lations ont provoqu\u00e9 un vif d\u00e9bat dans le pays. L\u2019opposition politique et certains m\u00e9dias proches de l\u2019ancien r\u00e9gime ont exprim\u00e9 des doutes quant \u00e0 la v\u00e9racit\u00e9 des chiffres avanc\u00e9s par l\u2019administration du Premier ministre Ousmane Sonko. Plusieurs figures de l\u2019opposition, ainsi que des journalistes, ont \u00e9t\u00e9 convoqu\u00e9es par la brigade de la cybercriminalit\u00e9 pour r\u00e9pondre \u00e0 des interrogations concernant la diffusion de ces informations financi\u00e8res. Si certains ont \u00e9t\u00e9 bri\u00e8vement plac\u00e9s en garde \u00e0 vue, ils ont finalement \u00e9t\u00e9 lib\u00e9r\u00e9s par d\u00e9cision du parquet.<\/p>\n\n\n\n<p class=\"wp-block-paragraph\">Le ministre des Finances, Mamadou Sarr, a \u00e9galement pr\u00e9cis\u00e9 que la dette de l\u2019\u00c9tat central avait atteint 15.664 milliards de francs Cfa \u00e0 la fin de l\u2019ann\u00e9e 2023, soit environ 83,7 % du Pib, un chiffre bien sup\u00e9rieur aux pr\u00e9visions initiales de l\u2019ancien gouvernement. Cette situation met en lumi\u00e8re une gestion des finances publiques plus complexe qu\u2019il n\u2019y paraissait, avec des cons\u00e9quences potentiellement lourdes pour l\u2019\u00e9conomie s\u00e9n\u00e9galaise.<\/p>\n\n\n<div class=\"wp-block-image\">\n<figure class=\"aligncenter size-large is-resized\"><img loading=\"lazy\" decoding=\"async\" src=\"https:\/\/macite.tg\/wp-content\/uploads\/2024\/10\/91a7f843-3ed3-4b63-a0c4-589fa9e06d48-780x1024.jpg\" alt=\"\" class=\"wp-image-17115\" width=\"410\" height=\"538\" srcset=\"https:\/\/macite.tg\/wp-content\/uploads\/2024\/10\/91a7f843-3ed3-4b63-a0c4-589fa9e06d48-780x1024.jpg 780w, https:\/\/macite.tg\/wp-content\/uploads\/2024\/10\/91a7f843-3ed3-4b63-a0c4-589fa9e06d48-229x300.jpg 229w, https:\/\/macite.tg\/wp-content\/uploads\/2024\/10\/91a7f843-3ed3-4b63-a0c4-589fa9e06d48-768x1008.jpg 768w, https:\/\/macite.tg\/wp-content\/uploads\/2024\/10\/91a7f843-3ed3-4b63-a0c4-589fa9e06d48.jpg 823w\" sizes=\"auto, (max-width: 410px) 100vw, 410px\" \/><\/figure>\n<\/div>\n\n\n<p class=\"wp-block-paragraph\">N\u00e9anmoins, malgr\u00e9 l\u2019ampleur de cette crise budg\u00e9taire, le gouvernement s\u00e9n\u00e9galais a choisi de ne pas soumettre son dossier au Fmi pour un examen complet imm\u00e9diat. Cette d\u00e9cision a \u00e9t\u00e9 prise dans un souci d\u2019\u00e9viter que des informations inexactes ne viennent fausser les conclusions du Fonds. Toutefois, le Fmi a r\u00e9affirm\u00e9 son soutien et son engagement \u00e0 travailler de pr\u00e8s avec les autorit\u00e9s du pays pour surmonter cette situation d\u00e9licate.<\/p>\n\n\n\n<p class=\"wp-block-paragraph\">Dans une tentative de redresser la situation financi\u00e8re, le gouvernement s\u00e9n\u00e9galais s\u2019est fix\u00e9 des objectifs ambitieux. Il a promis de r\u00e9duire la dette publique \u00e0 un niveau inf\u00e9rieur \u00e0 70 % du PIB et de ramener le d\u00e9ficit budg\u00e9taire \u00e0 environ 3 % \u00e0 moyen terme. Pour y parvenir, des mesures drastiques devront \u00eatre prises, notamment une r\u00e9vision des projets financ\u00e9s par des emprunts ext\u00e9rieurs, ainsi qu\u2019une r\u00e9duction progressive des subventions dans le secteur de l\u2019\u00e9nergie, souvent co\u00fbteuses pour les finances publiques.<\/p>\n\n\n\n<p class=\"wp-block-paragraph\">Ces r\u00e9formes, bien qu\u2019impopulaires, sont jug\u00e9es n\u00e9cessaires pour restaurer l\u2019\u00e9quilibre \u00e9conomique du pays. L\u2019impact \u00e0 court terme de ces d\u00e9cisions sera scrut\u00e9 de pr\u00e8s par les acteurs \u00e9conomiques nationaux et internationaux, qui attendent des signes de stabilisation pour renouveler leur confiance envers le S\u00e9n\u00e9gal.<\/p>\n\n\n<div class=\"wp-block-image\">\n<figure class=\"aligncenter size-large is-resized\"><img loading=\"lazy\" decoding=\"async\" src=\"https:\/\/macite.tg\/wp-content\/uploads\/2024\/10\/2c0ec07f-e0c0-4480-aa1a-17ba964889b8-721x1024.jpg\" alt=\"\" class=\"wp-image-17114\" width=\"419\" height=\"595\" srcset=\"https:\/\/macite.tg\/wp-content\/uploads\/2024\/10\/2c0ec07f-e0c0-4480-aa1a-17ba964889b8-721x1024.jpg 721w, https:\/\/macite.tg\/wp-content\/uploads\/2024\/10\/2c0ec07f-e0c0-4480-aa1a-17ba964889b8-211x300.jpg 211w, https:\/\/macite.tg\/wp-content\/uploads\/2024\/10\/2c0ec07f-e0c0-4480-aa1a-17ba964889b8.jpg 760w\" sizes=\"auto, (max-width: 419px) 100vw, 419px\" \/><\/figure>\n<\/div>\n\n\n<p class=\"wp-block-paragraph\">L\u2019avenir \u00e9conomique du pays d\u00e9pendra de la capacit\u00e9 du gouvernement \u00e0 mettre en \u0153uvre ces r\u00e9formes tout en g\u00e9rant les tensions politiques et sociales qui pourraient en d\u00e9couler. Le soutien technique et financier du Fmi pourrait jouer un r\u00f4le crucial pour aider le S\u00e9n\u00e9gal \u00e0 surmonter cette crise budg\u00e9taire sans compromettre la croissance \u00e9conomique.<\/p>\n\n\n\n<p class=\"wp-block-paragraph\"><strong>SeneNews<\/strong><\/p>\n\n\n\n<p class=\"wp-block-paragraph\"><a><strong><em>@macite.tg&nbsp;&nbsp;&nbsp;&nbsp;&nbsp;&nbsp;&nbsp;&nbsp;<\/em><\/strong><\/a><\/p>\n\n\n\n<p class=\"wp-block-paragraph\"><strong><em>E-mail&nbsp;: <\/em><\/strong><a href=\"mailto:maciteinfo@gmail.com\"><strong><em>maciteinfo@gmail.com<\/em><\/strong><\/a><strong><em>; <\/em><\/strong><a href=\"mailto:bawela1@gmail.com\"><strong><em>bawela1@gmail.com<\/em><\/strong><\/a><strong><em><\/em><\/strong><\/p>\n\n\n\n<p class=\"wp-block-paragraph\"><strong><em>Pour vos annonces, (publi)reportages, etc., joignez-nous au (00228)91515309\/<strong>79872224 <\/strong>www.macite.tg, L\u2019information, la bonne&nbsp;!<\/em><\/strong><\/p>\n","protected":false},"excerpt":{"rendered":"<p class=\"text-justify mb-2\" >Les autorit\u00e9s s\u00e9n\u00e9galaises ont r\u00e9v\u00e9l\u00e9, \u00e0 la fin du mois de septembre, un \u00e9tat des finances publiques plus pr\u00e9occupant qu\u2019anticip\u00e9, affirmant que les chiffres pr\u00e9c\u00e9dents avaient \u00e9t\u00e9 manipul\u00e9s par l\u2019ancien gouvernement. Le Fonds mon\u00e9taire international (Fmi), en r\u00e9ponse \u00e0 cette inqui\u00e9tude, dit avoir pris note [&hellip;]<\/p>\n","protected":false},"author":2,"featured_media":17124,"comment_status":"open","ping_status":"open","sticky":false,"template":"","format":"standard","meta":{"footnotes":""},"categories":[20,42],"tags":[],"class_list":["post-17123","post","type-post","status-publish","format-standard","has-post-thumbnail","hentry","category-actualite","category-finances"],"yoast_head":"<!-- This site is optimized with the Yoast SEO plugin v28.4 - https:\/\/yoast.com\/product\/yoast-seo-wordpress\/ -->\n<title>SENEGAL \/FINANCES PUBLIQUES : Le Fmi valide la strat\u00e9gie de \u00ab\u00a0transparence\u00a0\u00bb de Ousmane Sonko et de son gouvernement -<\/title>\n<meta name=\"robots\" content=\"index, follow, max-snippet:-1, max-image-preview:large, max-video-preview:-1\" \/>\n<link rel=\"canonical\" href=\"https:\/\/macite.tg\/?p=17123\" \/>\n<meta property=\"og:locale\" content=\"fr_FR\" \/>\n<meta property=\"og:type\" content=\"article\" \/>\n<meta property=\"og:title\" content=\"SENEGAL \/FINANCES PUBLIQUES : Le Fmi valide la strat\u00e9gie de \u00ab\u00a0transparence\u00a0\u00bb de Ousmane Sonko et de son gouvernement -\" \/>\n<meta property=\"og:description\" content=\"Les autorit\u00e9s s\u00e9n\u00e9galaises ont r\u00e9v\u00e9l\u00e9, \u00e0 la fin du mois de septembre, un \u00e9tat des finances publiques plus pr\u00e9occupant qu\u2019anticip\u00e9, affirmant que les chiffres pr\u00e9c\u00e9dents avaient \u00e9t\u00e9 manipul\u00e9s par l\u2019ancien gouvernement. Le Fonds mon\u00e9taire international (Fmi), en r\u00e9ponse \u00e0 cette inqui\u00e9tude, dit avoir pris note [&hellip;]\" \/>\n<meta property=\"og:url\" content=\"https:\/\/macite.tg\/?p=17123\" \/>\n<meta property=\"article:published_time\" content=\"2024-10-09T12:17:24+00:00\" \/>\n<meta property=\"article:modified_time\" content=\"2024-10-09T12:18:31+00:00\" \/>\n<meta property=\"og:image\" content=\"https:\/\/macite.tg\/wp-content\/uploads\/2024\/10\/image-29.png\" \/>\n\t<meta property=\"og:image:width\" content=\"467\" \/>\n\t<meta property=\"og:image:height\" content=\"253\" \/>\n\t<meta property=\"og:image:type\" content=\"image\/png\" \/>\n<meta name=\"author\" content=\"Jean Pierre BAWELA\" \/>\n<meta name=\"twitter:card\" content=\"summary_large_image\" \/>\n<meta name=\"twitter:label1\" content=\"\u00c9crit par\" \/>\n\t<meta name=\"twitter:data1\" content=\"Jean Pierre BAWELA\" \/>\n\t<meta name=\"twitter:label2\" content=\"Dur\u00e9e de lecture estim\u00e9e\" \/>\n\t<meta name=\"twitter:data2\" content=\"4 minutes\" \/>\n<script type=\"application\/ld+json\" class=\"yoast-schema-graph\">{\"@context\":\"https:\\\/\\\/schema.org\",\"@graph\":[{\"@type\":\"Article\",\"@id\":\"https:\\\/\\\/macite.tg\\\/?p=17123#article\",\"isPartOf\":{\"@id\":\"https:\\\/\\\/macite.tg\\\/?p=17123\"},\"author\":{\"name\":\"Jean Pierre BAWELA\",\"@id\":\"https:\\\/\\\/macite.tg\\\/#\\\/schema\\\/person\\\/e9f2de7e5dbbe7770a9402c7ce82f5c2\"},\"headline\":\"SENEGAL \\\/FINANCES PUBLIQUES : Le Fmi valide la strat\u00e9gie de \u00ab\u00a0transparence\u00a0\u00bb de Ousmane Sonko et de son gouvernement\",\"datePublished\":\"2024-10-09T12:17:24+00:00\",\"dateModified\":\"2024-10-09T12:18:31+00:00\",\"mainEntityOfPage\":{\"@id\":\"https:\\\/\\\/macite.tg\\\/?p=17123\"},\"wordCount\":815,\"commentCount\":0,\"image\":{\"@id\":\"https:\\\/\\\/macite.tg\\\/?p=17123#primaryimage\"},\"thumbnailUrl\":\"https:\\\/\\\/macite.tg\\\/wp-content\\\/uploads\\\/2024\\\/10\\\/image-29.png\",\"articleSection\":[\"ACTUALITE\",\"FINANCES\"],\"inLanguage\":\"fr-FR\",\"potentialAction\":[{\"@type\":\"CommentAction\",\"name\":\"Comment\",\"target\":[\"https:\\\/\\\/macite.tg\\\/?p=17123#respond\"]}]},{\"@type\":\"WebPage\",\"@id\":\"https:\\\/\\\/macite.tg\\\/?p=17123\",\"url\":\"https:\\\/\\\/macite.tg\\\/?p=17123\",\"name\":\"SENEGAL \\\/FINANCES PUBLIQUES : Le Fmi valide la strat\u00e9gie de \u00ab\u00a0transparence\u00a0\u00bb de Ousmane Sonko et de son gouvernement -\",\"isPartOf\":{\"@id\":\"https:\\\/\\\/macite.tg\\\/#website\"},\"primaryImageOfPage\":{\"@id\":\"https:\\\/\\\/macite.tg\\\/?p=17123#primaryimage\"},\"image\":{\"@id\":\"https:\\\/\\\/macite.tg\\\/?p=17123#primaryimage\"},\"thumbnailUrl\":\"https:\\\/\\\/macite.tg\\\/wp-content\\\/uploads\\\/2024\\\/10\\\/image-29.png\",\"datePublished\":\"2024-10-09T12:17:24+00:00\",\"dateModified\":\"2024-10-09T12:18:31+00:00\",\"author\":{\"@id\":\"https:\\\/\\\/macite.tg\\\/#\\\/schema\\\/person\\\/e9f2de7e5dbbe7770a9402c7ce82f5c2\"},\"breadcrumb\":{\"@id\":\"https:\\\/\\\/macite.tg\\\/?p=17123#breadcrumb\"},\"inLanguage\":\"fr-FR\",\"potentialAction\":[{\"@type\":\"ReadAction\",\"target\":[\"https:\\\/\\\/macite.tg\\\/?p=17123\"]}]},{\"@type\":\"ImageObject\",\"inLanguage\":\"fr-FR\",\"@id\":\"https:\\\/\\\/macite.tg\\\/?p=17123#primaryimage\",\"url\":\"https:\\\/\\\/macite.tg\\\/wp-content\\\/uploads\\\/2024\\\/10\\\/image-29.png\",\"contentUrl\":\"https:\\\/\\\/macite.tg\\\/wp-content\\\/uploads\\\/2024\\\/10\\\/image-29.png\",\"width\":467,\"height\":253},{\"@type\":\"BreadcrumbList\",\"@id\":\"https:\\\/\\\/macite.tg\\\/?p=17123#breadcrumb\",\"itemListElement\":[{\"@type\":\"ListItem\",\"position\":1,\"name\":\"Accueil\",\"item\":\"https:\\\/\\\/macite.tg\\\/\"},{\"@type\":\"ListItem\",\"position\":2,\"name\":\"SENEGAL \\\/FINANCES PUBLIQUES : Le Fmi valide la strat\u00e9gie de \u00ab\u00a0transparence\u00a0\u00bb de Ousmane Sonko et de son gouvernement\"}]},{\"@type\":\"WebSite\",\"@id\":\"https:\\\/\\\/macite.tg\\\/#website\",\"url\":\"https:\\\/\\\/macite.tg\\\/\",\"name\":\"\",\"description\":\"L&#039;information, la bonne!!!\",\"potentialAction\":[{\"@type\":\"SearchAction\",\"target\":{\"@type\":\"EntryPoint\",\"urlTemplate\":\"https:\\\/\\\/macite.tg\\\/?s={search_term_string}\"},\"query-input\":{\"@type\":\"PropertyValueSpecification\",\"valueRequired\":true,\"valueName\":\"search_term_string\"}}],\"inLanguage\":\"fr-FR\"},{\"@type\":\"Person\",\"@id\":\"https:\\\/\\\/macite.tg\\\/#\\\/schema\\\/person\\\/e9f2de7e5dbbe7770a9402c7ce82f5c2\",\"name\":\"Jean Pierre BAWELA\",\"image\":{\"@type\":\"ImageObject\",\"inLanguage\":\"fr-FR\",\"@id\":\"https:\\\/\\\/macite.tg\\\/wp-content\\\/uploads\\\/2023\\\/09\\\/WhatsApp-Image-2023-09-19-at-14.44.41-122x122.jpeg\",\"url\":\"https:\\\/\\\/macite.tg\\\/wp-content\\\/uploads\\\/2023\\\/09\\\/WhatsApp-Image-2023-09-19-at-14.44.41-122x122.jpeg\",\"contentUrl\":\"https:\\\/\\\/macite.tg\\\/wp-content\\\/uploads\\\/2023\\\/09\\\/WhatsApp-Image-2023-09-19-at-14.44.41-122x122.jpeg\",\"caption\":\"Jean Pierre BAWELA\"},\"url\":\"https:\\\/\\\/macite.tg\\\/?author=2\"}]}<\/script>\n<!-- \/ Yoast SEO plugin. -->","yoast_head_json":{"title":"SENEGAL \/FINANCES PUBLIQUES : Le Fmi valide la strat\u00e9gie de \u00ab\u00a0transparence\u00a0\u00bb de Ousmane Sonko et de son gouvernement -","robots":{"index":"index","follow":"follow","max-snippet":"max-snippet:-1","max-image-preview":"max-image-preview:large","max-video-preview":"max-video-preview:-1"},"canonical":"https:\/\/macite.tg\/?p=17123","og_locale":"fr_FR","og_type":"article","og_title":"SENEGAL \/FINANCES PUBLIQUES : Le Fmi valide la strat\u00e9gie de \u00ab\u00a0transparence\u00a0\u00bb de Ousmane Sonko et de son gouvernement -","og_description":"Les autorit\u00e9s s\u00e9n\u00e9galaises ont r\u00e9v\u00e9l\u00e9, \u00e0 la fin du mois de septembre, un \u00e9tat des finances publiques plus pr\u00e9occupant qu\u2019anticip\u00e9, affirmant que les chiffres pr\u00e9c\u00e9dents avaient \u00e9t\u00e9 manipul\u00e9s par l\u2019ancien gouvernement. Le Fonds mon\u00e9taire international (Fmi), en r\u00e9ponse \u00e0 cette inqui\u00e9tude, dit avoir pris note [&hellip;]","og_url":"https:\/\/macite.tg\/?p=17123","article_published_time":"2024-10-09T12:17:24+00:00","article_modified_time":"2024-10-09T12:18:31+00:00","og_image":[{"width":467,"height":253,"url":"https:\/\/macite.tg\/wp-content\/uploads\/2024\/10\/image-29.png","type":"image\/png"}],"author":"Jean Pierre BAWELA","twitter_card":"summary_large_image","twitter_misc":{"\u00c9crit par":"Jean Pierre BAWELA","Dur\u00e9e de lecture estim\u00e9e":"4 minutes"},"schema":{"@context":"https:\/\/schema.org","@graph":[{"@type":"Article","@id":"https:\/\/macite.tg\/?p=17123#article","isPartOf":{"@id":"https:\/\/macite.tg\/?p=17123"},"author":{"name":"Jean Pierre BAWELA","@id":"https:\/\/macite.tg\/#\/schema\/person\/e9f2de7e5dbbe7770a9402c7ce82f5c2"},"headline":"SENEGAL \/FINANCES PUBLIQUES : Le Fmi valide la strat\u00e9gie de \u00ab\u00a0transparence\u00a0\u00bb de Ousmane Sonko et de son gouvernement","datePublished":"2024-10-09T12:17:24+00:00","dateModified":"2024-10-09T12:18:31+00:00","mainEntityOfPage":{"@id":"https:\/\/macite.tg\/?p=17123"},"wordCount":815,"commentCount":0,"image":{"@id":"https:\/\/macite.tg\/?p=17123#primaryimage"},"thumbnailUrl":"https:\/\/macite.tg\/wp-content\/uploads\/2024\/10\/image-29.png","articleSection":["ACTUALITE","FINANCES"],"inLanguage":"fr-FR","potentialAction":[{"@type":"CommentAction","name":"Comment","target":["https:\/\/macite.tg\/?p=17123#respond"]}]},{"@type":"WebPage","@id":"https:\/\/macite.tg\/?p=17123","url":"https:\/\/macite.tg\/?p=17123","name":"SENEGAL \/FINANCES PUBLIQUES : Le Fmi valide la strat\u00e9gie de \u00ab\u00a0transparence\u00a0\u00bb de Ousmane Sonko et de son gouvernement -","isPartOf":{"@id":"https:\/\/macite.tg\/#website"},"primaryImageOfPage":{"@id":"https:\/\/macite.tg\/?p=17123#primaryimage"},"image":{"@id":"https:\/\/macite.tg\/?p=17123#primaryimage"},"thumbnailUrl":"https:\/\/macite.tg\/wp-content\/uploads\/2024\/10\/image-29.png","datePublished":"2024-10-09T12:17:24+00:00","dateModified":"2024-10-09T12:18:31+00:00","author":{"@id":"https:\/\/macite.tg\/#\/schema\/person\/e9f2de7e5dbbe7770a9402c7ce82f5c2"},"breadcrumb":{"@id":"https:\/\/macite.tg\/?p=17123#breadcrumb"},"inLanguage":"fr-FR","potentialAction":[{"@type":"ReadAction","target":["https:\/\/macite.tg\/?p=17123"]}]},{"@type":"ImageObject","inLanguage":"fr-FR","@id":"https:\/\/macite.tg\/?p=17123#primaryimage","url":"https:\/\/macite.tg\/wp-content\/uploads\/2024\/10\/image-29.png","contentUrl":"https:\/\/macite.tg\/wp-content\/uploads\/2024\/10\/image-29.png","width":467,"height":253},{"@type":"BreadcrumbList","@id":"https:\/\/macite.tg\/?p=17123#breadcrumb","itemListElement":[{"@type":"ListItem","position":1,"name":"Accueil","item":"https:\/\/macite.tg\/"},{"@type":"ListItem","position":2,"name":"SENEGAL \/FINANCES PUBLIQUES : Le Fmi valide la strat\u00e9gie de \u00ab\u00a0transparence\u00a0\u00bb de Ousmane Sonko et de son gouvernement"}]},{"@type":"WebSite","@id":"https:\/\/macite.tg\/#website","url":"https:\/\/macite.tg\/","name":"","description":"L&#039;information, la bonne!!!","potentialAction":[{"@type":"SearchAction","target":{"@type":"EntryPoint","urlTemplate":"https:\/\/macite.tg\/?s={search_term_string}"},"query-input":{"@type":"PropertyValueSpecification","valueRequired":true,"valueName":"search_term_string"}}],"inLanguage":"fr-FR"},{"@type":"Person","@id":"https:\/\/macite.tg\/#\/schema\/person\/e9f2de7e5dbbe7770a9402c7ce82f5c2","name":"Jean Pierre BAWELA","image":{"@type":"ImageObject","inLanguage":"fr-FR","@id":"https:\/\/macite.tg\/wp-content\/uploads\/2023\/09\/WhatsApp-Image-2023-09-19-at-14.44.41-122x122.jpeg","url":"https:\/\/macite.tg\/wp-content\/uploads\/2023\/09\/WhatsApp-Image-2023-09-19-at-14.44.41-122x122.jpeg","contentUrl":"https:\/\/macite.tg\/wp-content\/uploads\/2023\/09\/WhatsApp-Image-2023-09-19-at-14.44.41-122x122.jpeg","caption":"Jean Pierre BAWELA"},"url":"https:\/\/macite.tg\/?author=2"}]}},"_links":{"self":[{"href":"https:\/\/macite.tg\/index.php?rest_route=\/wp\/v2\/posts\/17123","targetHints":{"allow":["GET"]}}],"collection":[{"href":"https:\/\/macite.tg\/index.php?rest_route=\/wp\/v2\/posts"}],"about":[{"href":"https:\/\/macite.tg\/index.php?rest_route=\/wp\/v2\/types\/post"}],"author":[{"embeddable":true,"href":"https:\/\/macite.tg\/index.php?rest_route=\/wp\/v2\/users\/2"}],"replies":[{"embeddable":true,"href":"https:\/\/macite.tg\/index.php?rest_route=%2Fwp%2Fv2%2Fcomments&post=17123"}],"version-history":[{"count":0,"href":"https:\/\/macite.tg\/index.php?rest_route=\/wp\/v2\/posts\/17123\/revisions"}],"wp:featuredmedia":[{"embeddable":true,"href":"https:\/\/macite.tg\/index.php?rest_route=\/wp\/v2\/media\/17124"}],"wp:attachment":[{"href":"https:\/\/macite.tg\/index.php?rest_route=%2Fwp%2Fv2%2Fmedia&parent=17123"}],"wp:term":[{"taxonomy":"category","embeddable":true,"href":"https:\/\/macite.tg\/index.php?rest_route=%2Fwp%2Fv2%2Fcategories&post=17123"},{"taxonomy":"post_tag","embeddable":true,"href":"https:\/\/macite.tg\/index.php?rest_route=%2Fwp%2Fv2%2Ftags&post=17123"}],"curies":[{"name":"wp","href":"https:\/\/api.w.org\/{rel}","templated":true}]}}