{"id":17107,"date":"2024-10-09T10:16:16","date_gmt":"2024-10-09T10:16:16","guid":{"rendered":"https:\/\/macite.tg\/?p=17107"},"modified":"2024-10-09T10:32:23","modified_gmt":"2024-10-09T10:32:23","slug":"annonce-programmes-des-obseques-de-keyewa-bagawa-jules-controleur-technique-de-radio-lome-et-radio-kara-a-la-retraite","status":"publish","type":"post","link":"https:\/\/macite.tg\/?p=17107","title":{"rendered":"ANNONCE\u00a0: Programme des obs\u00e8ques de KEYEWA Bagawa Jules, Contr\u00f4leur technique de radio Lom\u00e9 et radio Kara, \u00e0 la retraite \u00a0"},"content":{"rendered":"\n<p class=\"wp-block-paragraph\">La Ministre de la Communication des m\u00e9dias et de la culture<\/p>\n\n\n\n<p class=\"wp-block-paragraph\">Le Pr\u00e9fet de la Binah<\/p>\n\n\n\n<p class=\"wp-block-paragraph\">Le Maire de la commune Binah 1<\/p>\n\n\n\n<p class=\"wp-block-paragraph\">Le Chef canton de Solla<\/p>\n\n\n\n<p class=\"wp-block-paragraph\">Les familles KEYEWA, SITCHALIM, GNARO, KAGBARA, NASSINI, LOOKY, SABI, KPATALA, BARA, KAY et OKONOKO<\/p>\n\n\n\n<p class=\"wp-block-paragraph\">La grande famille KEYEWA au Togo \u00e9t\u00e9 l\u2019\u00e9tranger<\/p>\n\n\n\n<p class=\"wp-block-paragraph\">M. KEYEWA Oul\u00e9goh Georges, ancien Ministre de la Communication et de la culture sa femme et ses enfants.<\/p>\n\n\n\n<p class=\"wp-block-paragraph\">La veuve AKAWOLO Essow\u00e8 Th\u00e9r\u00e8se, Accoucheuse auxiliaire \u00e0 l\u2019h\u00f4pital M\u00e8re \u2013 enfant SOS KARA<\/p>\n\n\n\n<p class=\"wp-block-paragraph\"><strong><u>Les enfants du d\u00e9funt<\/u><\/strong>&nbsp;:<\/p>\n\n\n\n<ul class=\"wp-block-list\">\n<li>KEYEWA Linerissa Yves, Directeur de Soci\u00e9t\u00e9 \u00e0 Lom\u00e9<\/li>\n\n\n\n<li>KEYEWA Ouyobi Alexis, Employ\u00e9 \u00e0 la CNSS \u00e0 Lom\u00e9<\/li>\n\n\n\n<li>KEYEWA Oussah Edgar, Etudiant au Canada<\/li>\n<\/ul>\n\n\n\n<p class=\"wp-block-paragraph\">Les familles parents, alli\u00e9es et amies, profond\u00e9ment touch\u00e9es par les nombreuses marques de sympathie et d\u2019affection que vous leur avez t\u00e9moign\u00e9 de diverses mani\u00e8res lors de la maladie et du rappel \u00e0 Dieu de leurs tr\u00e8s cher et regrett\u00e9&nbsp;:<\/p>\n\n\n<div class=\"wp-block-image\">\n<figure class=\"aligncenter size-large\"><img loading=\"lazy\" decoding=\"async\" width=\"1024\" height=\"724\" src=\"https:\/\/macite.tg\/wp-content\/uploads\/2024\/10\/8a480fa3-b40a-4a3a-bdc8-1f942661bb79-1024x724.jpg\" alt=\"\" class=\"wp-image-17109\" srcset=\"https:\/\/macite.tg\/wp-content\/uploads\/2024\/10\/8a480fa3-b40a-4a3a-bdc8-1f942661bb79-1024x724.jpg 1024w, https:\/\/macite.tg\/wp-content\/uploads\/2024\/10\/8a480fa3-b40a-4a3a-bdc8-1f942661bb79-300x212.jpg 300w, https:\/\/macite.tg\/wp-content\/uploads\/2024\/10\/8a480fa3-b40a-4a3a-bdc8-1f942661bb79-768x543.jpg 768w, https:\/\/macite.tg\/wp-content\/uploads\/2024\/10\/8a480fa3-b40a-4a3a-bdc8-1f942661bb79-1536x1086.jpg 1536w, https:\/\/macite.tg\/wp-content\/uploads\/2024\/10\/8a480fa3-b40a-4a3a-bdc8-1f942661bb79.jpg 1600w\" sizes=\"auto, (max-width: 1024px) 100vw, 1024px\" \/><\/figure>\n<\/div>\n\n\n<p class=\"has-text-align-center wp-block-paragraph\"><strong>KEYEWA Bagawa Jules<\/strong><\/p>\n\n\n\n<p class=\"has-text-align-center wp-block-paragraph\"><strong><em>Contr\u00f4leur technique (radio Lom\u00e9 et radio Kara) \u00e0 la retraite<\/em><\/strong><\/p>\n\n\n\n<p class=\"has-text-align-center wp-block-paragraph\"><strong><em>D\u00e9c\u00e8s survenu au CHU Kara le 24 Septembre 2024 dans sa 72<sup>\u00e8me<\/sup> ann\u00e9e<\/em><\/strong><\/p>\n\n\n\n<p class=\"wp-block-paragraph\">Vous renouvellent leurs sinc\u00e8res remerciements et vous prient de bien vouloir assister ou de vous unir d\u2019intentions aux obs\u00e8ques qui se d\u00e9rouleront selon le programme ci-apr\u00e8s&nbsp;:<\/p>\n\n\n\n<p class=\"wp-block-paragraph\"><strong>Vendredi 11 Octobre 2024&nbsp;:<\/strong><\/p>\n\n\n\n<p class=\"wp-block-paragraph\"><strong>+ A KARA<\/strong><\/p>\n\n\n\n<p class=\"wp-block-paragraph\"><strong>18h00&nbsp;: <\/strong>Veill\u00e9e de pri\u00e8re et de chants \u00e0 son domicile \u00e0 Kara quartier Tchaloud\u00e8 (en face du CEG Tchaloud\u00e8) suivie de danse traditionnelle.<\/p>\n\n\n\n<p class=\"wp-block-paragraph\"><strong>+ A SOLLA<\/strong><\/p>\n\n\n\n<p class=\"wp-block-paragraph\"><strong>18h00&nbsp;: <\/strong>Veill\u00e9e de pri\u00e8res et de chants \u00e9galement \u00e0 la maison familiale \u00e0 c\u00f4t\u00e9 du march\u00e9 de Solla<\/p>\n\n\n\n<p class=\"wp-block-paragraph\"><strong>Samedi 12 Octobre&nbsp;:<\/strong><\/p>\n\n\n\n<p class=\"wp-block-paragraph\"><strong>++ A KARA<\/strong><\/p>\n\n\n\n<p class=\"wp-block-paragraph\"><strong>05h00&nbsp;: <\/strong>Chapelle ardente au domicile du d\u00e9funt<\/p>\n\n\n\n<p class=\"wp-block-paragraph\"><strong>06h30&nbsp;: <\/strong>Mise en bi\u00e8re et d\u00e9part pour Solla<\/p>\n\n\n<div class=\"wp-block-image\">\n<figure class=\"aligncenter size-full is-resized\"><img loading=\"lazy\" decoding=\"async\" src=\"https:\/\/macite.tg\/wp-content\/uploads\/2024\/09\/IMG-20240313-WA0013-2.jpg\" alt=\"\" class=\"wp-image-16852\" width=\"839\" height=\"207\" srcset=\"https:\/\/macite.tg\/wp-content\/uploads\/2024\/09\/IMG-20240313-WA0013-2.jpg 690w, https:\/\/macite.tg\/wp-content\/uploads\/2024\/09\/IMG-20240313-WA0013-2-300x74.jpg 300w\" sizes=\"auto, (max-width: 839px) 100vw, 839px\" \/><\/figure>\n<\/div>\n\n\n<p class=\"wp-block-paragraph\"><strong>++A SOLLA<\/strong><\/p>\n\n\n\n<p class=\"wp-block-paragraph\"><strong>08h30 \u2013 09h&nbsp;: <\/strong>Passage \u00e0 la maison familiale<\/p>\n\n\n\n<p class=\"wp-block-paragraph\"><strong>08h30&nbsp;: <\/strong>Messe d\u2019enterrement \u00e0 la paroisse St Augustin de Solla, suivie d\u2019inhumation au cimeti\u00e8re Catholique.<\/p>\n\n\n\n<p class=\"wp-block-paragraph\"><strong><em>Les salutations d\u2019usage seront re\u00e7ues sur le parvis de l\u2019Eglise<\/em><\/strong><\/p>\n\n\n\n<p class=\"wp-block-paragraph\"><strong>Maison mortuaire \u00e0 Kara<\/strong>&nbsp;: maison KEYEWA \u00e0 Tchaloud\u00e8, en face de CEG Tchaloud\u00e8, apr\u00e8s h\u00f4tel LEOTA en allant vers le CHR Tomd\u00e8 (H\u00f4pital chinois).<\/p>\n\n\n\n<p class=\"wp-block-paragraph\"><strong>Maison mortuaire \u00e0 SOLLA&nbsp;: <\/strong>Maison KEYEWA \u00e0 c\u00f4t\u00e9 du march\u00e9 de Solla<\/p>\n\n\n\n<p class=\"wp-block-paragraph\"><strong>Dimanche 13 Octobre&nbsp;:<\/strong><\/p>\n\n\n\n<p class=\"wp-block-paragraph\"><strong>08h00&nbsp;: <\/strong>Messe d\u2019action de gr\u00e2ce \u00e0 la paroisse Bon Pasteur de Tchaloud\u00e8 et Bon Berger de Solla.<\/p>\n\n\n\n<p class=\"wp-block-paragraph\"><a><strong><em>@macite.tg&nbsp;&nbsp;&nbsp;&nbsp;&nbsp;&nbsp;&nbsp;&nbsp;<\/em><\/strong><\/a><\/p>\n\n\n\n<p class=\"wp-block-paragraph\"><strong><em>E-mail&nbsp;: <\/em><\/strong><a href=\"mailto:maciteinfo@gmail.com\"><strong><em>maciteinfo@gmail.com<\/em><\/strong><\/a><strong><em>; <\/em><\/strong><a href=\"mailto:bawela1@gmail.com\"><strong><em>bawela1@gmail.com<\/em><\/strong><\/a><strong><em><\/em><\/strong><\/p>\n\n\n\n<p class=\"wp-block-paragraph\"><strong><em>Pour vos annonces, (publi)reportages, etc., joignez-nous au (00228)91515309\/<strong>79872224 <\/strong>www.macite.tg, L\u2019information, la bonne&nbsp;!<\/em><\/strong><\/p>\n","protected":false},"excerpt":{"rendered":"<p class=\"text-justify mb-2\" >La Ministre de la Communication des m\u00e9dias et de la culture Le Pr\u00e9fet de la Binah Le Maire de la commune Binah 1 Le Chef canton de Solla Les familles KEYEWA, SITCHALIM, GNARO, KAGBARA, NASSINI, LOOKY, SABI, KPATALA, BARA, KAY et OKONOKO La grande famille [&hellip;]<\/p>\n","protected":false},"author":2,"featured_media":17108,"comment_status":"open","ping_status":"open","sticky":false,"template":"","format":"standard","meta":{"footnotes":""},"categories":[20,35],"tags":[],"class_list":["post-17107","post","type-post","status-publish","format-standard","has-post-thumbnail","hentry","category-actualite","category-necrologie"],"yoast_head":"<!-- This site is optimized with the Yoast SEO plugin v28.4 - https:\/\/yoast.com\/product\/yoast-seo-wordpress\/ -->\n<title>ANNONCE\u00a0: Programme des obs\u00e8ques de KEYEWA Bagawa Jules, Contr\u00f4leur technique de radio Lom\u00e9 et radio Kara, \u00e0 la retraite \u00a0 -<\/title>\n<meta name=\"robots\" content=\"index, follow, max-snippet:-1, max-image-preview:large, max-video-preview:-1\" \/>\n<link rel=\"canonical\" href=\"https:\/\/macite.tg\/?p=17107\" \/>\n<meta property=\"og:locale\" content=\"fr_FR\" \/>\n<meta property=\"og:type\" content=\"article\" \/>\n<meta property=\"og:title\" content=\"ANNONCE\u00a0: Programme des obs\u00e8ques de KEYEWA Bagawa Jules, Contr\u00f4leur technique de radio Lom\u00e9 et radio Kara, \u00e0 la retraite \u00a0 -\" \/>\n<meta property=\"og:description\" content=\"La Ministre de la Communication des m\u00e9dias et de la culture Le Pr\u00e9fet de la Binah Le Maire de la commune Binah 1 Le Chef canton de Solla Les familles KEYEWA, SITCHALIM, GNARO, KAGBARA, NASSINI, LOOKY, SABI, KPATALA, BARA, KAY et OKONOKO La grande famille [&hellip;]\" \/>\n<meta property=\"og:url\" content=\"https:\/\/macite.tg\/?p=17107\" \/>\n<meta property=\"article:published_time\" content=\"2024-10-09T10:16:16+00:00\" \/>\n<meta property=\"article:modified_time\" content=\"2024-10-09T10:32:23+00:00\" \/>\n<meta property=\"og:image\" content=\"https:\/\/macite.tg\/wp-content\/uploads\/2024\/10\/kKEYEWA-Jules.jpg\" \/>\n\t<meta property=\"og:image:width\" content=\"500\" \/>\n\t<meta property=\"og:image:height\" content=\"349\" \/>\n\t<meta property=\"og:image:type\" content=\"image\/jpeg\" \/>\n<meta name=\"author\" content=\"Jean Pierre BAWELA\" \/>\n<meta name=\"twitter:card\" content=\"summary_large_image\" \/>\n<meta name=\"twitter:label1\" content=\"\u00c9crit par\" \/>\n\t<meta name=\"twitter:data1\" content=\"Jean Pierre BAWELA\" \/>\n\t<meta name=\"twitter:label2\" content=\"Dur\u00e9e de lecture estim\u00e9e\" \/>\n\t<meta name=\"twitter:data2\" content=\"2 minutes\" \/>\n<script type=\"application\/ld+json\" class=\"yoast-schema-graph\">{\"@context\":\"https:\\\/\\\/schema.org\",\"@graph\":[{\"@type\":\"Article\",\"@id\":\"https:\\\/\\\/macite.tg\\\/?p=17107#article\",\"isPartOf\":{\"@id\":\"https:\\\/\\\/macite.tg\\\/?p=17107\"},\"author\":{\"name\":\"Jean Pierre BAWELA\",\"@id\":\"https:\\\/\\\/macite.tg\\\/#\\\/schema\\\/person\\\/e9f2de7e5dbbe7770a9402c7ce82f5c2\"},\"headline\":\"ANNONCE\u00a0: Programme des obs\u00e8ques de KEYEWA Bagawa Jules, Contr\u00f4leur technique de radio Lom\u00e9 et radio Kara, \u00e0 la retraite \u00a0\",\"datePublished\":\"2024-10-09T10:16:16+00:00\",\"dateModified\":\"2024-10-09T10:32:23+00:00\",\"mainEntityOfPage\":{\"@id\":\"https:\\\/\\\/macite.tg\\\/?p=17107\"},\"wordCount\":450,\"commentCount\":0,\"image\":{\"@id\":\"https:\\\/\\\/macite.tg\\\/?p=17107#primaryimage\"},\"thumbnailUrl\":\"https:\\\/\\\/macite.tg\\\/wp-content\\\/uploads\\\/2024\\\/10\\\/kKEYEWA-Jules.jpg\",\"articleSection\":[\"ACTUALITE\",\"NECROLOGIE\"],\"inLanguage\":\"fr-FR\",\"potentialAction\":[{\"@type\":\"CommentAction\",\"name\":\"Comment\",\"target\":[\"https:\\\/\\\/macite.tg\\\/?p=17107#respond\"]}]},{\"@type\":\"WebPage\",\"@id\":\"https:\\\/\\\/macite.tg\\\/?p=17107\",\"url\":\"https:\\\/\\\/macite.tg\\\/?p=17107\",\"name\":\"ANNONCE\u00a0: Programme des obs\u00e8ques de KEYEWA Bagawa Jules, Contr\u00f4leur technique de radio Lom\u00e9 et radio Kara, \u00e0 la retraite \u00a0 -\",\"isPartOf\":{\"@id\":\"https:\\\/\\\/macite.tg\\\/#website\"},\"primaryImageOfPage\":{\"@id\":\"https:\\\/\\\/macite.tg\\\/?p=17107#primaryimage\"},\"image\":{\"@id\":\"https:\\\/\\\/macite.tg\\\/?p=17107#primaryimage\"},\"thumbnailUrl\":\"https:\\\/\\\/macite.tg\\\/wp-content\\\/uploads\\\/2024\\\/10\\\/kKEYEWA-Jules.jpg\",\"datePublished\":\"2024-10-09T10:16:16+00:00\",\"dateModified\":\"2024-10-09T10:32:23+00:00\",\"author\":{\"@id\":\"https:\\\/\\\/macite.tg\\\/#\\\/schema\\\/person\\\/e9f2de7e5dbbe7770a9402c7ce82f5c2\"},\"breadcrumb\":{\"@id\":\"https:\\\/\\\/macite.tg\\\/?p=17107#breadcrumb\"},\"inLanguage\":\"fr-FR\",\"potentialAction\":[{\"@type\":\"ReadAction\",\"target\":[\"https:\\\/\\\/macite.tg\\\/?p=17107\"]}]},{\"@type\":\"ImageObject\",\"inLanguage\":\"fr-FR\",\"@id\":\"https:\\\/\\\/macite.tg\\\/?p=17107#primaryimage\",\"url\":\"https:\\\/\\\/macite.tg\\\/wp-content\\\/uploads\\\/2024\\\/10\\\/kKEYEWA-Jules.jpg\",\"contentUrl\":\"https:\\\/\\\/macite.tg\\\/wp-content\\\/uploads\\\/2024\\\/10\\\/kKEYEWA-Jules.jpg\",\"width\":500,\"height\":349,\"caption\":\"Feu K\u00e9y\u00e9wa Jules\"},{\"@type\":\"BreadcrumbList\",\"@id\":\"https:\\\/\\\/macite.tg\\\/?p=17107#breadcrumb\",\"itemListElement\":[{\"@type\":\"ListItem\",\"position\":1,\"name\":\"Accueil\",\"item\":\"https:\\\/\\\/macite.tg\\\/\"},{\"@type\":\"ListItem\",\"position\":2,\"name\":\"ANNONCE\u00a0: Programme des obs\u00e8ques de KEYEWA Bagawa Jules, Contr\u00f4leur technique de radio Lom\u00e9 et radio Kara, \u00e0 la retraite \u00a0\"}]},{\"@type\":\"WebSite\",\"@id\":\"https:\\\/\\\/macite.tg\\\/#website\",\"url\":\"https:\\\/\\\/macite.tg\\\/\",\"name\":\"\",\"description\":\"L&#039;information, la bonne!!!\",\"potentialAction\":[{\"@type\":\"SearchAction\",\"target\":{\"@type\":\"EntryPoint\",\"urlTemplate\":\"https:\\\/\\\/macite.tg\\\/?s={search_term_string}\"},\"query-input\":{\"@type\":\"PropertyValueSpecification\",\"valueRequired\":true,\"valueName\":\"search_term_string\"}}],\"inLanguage\":\"fr-FR\"},{\"@type\":\"Person\",\"@id\":\"https:\\\/\\\/macite.tg\\\/#\\\/schema\\\/person\\\/e9f2de7e5dbbe7770a9402c7ce82f5c2\",\"name\":\"Jean Pierre BAWELA\",\"image\":{\"@type\":\"ImageObject\",\"inLanguage\":\"fr-FR\",\"@id\":\"https:\\\/\\\/macite.tg\\\/wp-content\\\/uploads\\\/2023\\\/09\\\/WhatsApp-Image-2023-09-19-at-14.44.41-122x122.jpeg\",\"url\":\"https:\\\/\\\/macite.tg\\\/wp-content\\\/uploads\\\/2023\\\/09\\\/WhatsApp-Image-2023-09-19-at-14.44.41-122x122.jpeg\",\"contentUrl\":\"https:\\\/\\\/macite.tg\\\/wp-content\\\/uploads\\\/2023\\\/09\\\/WhatsApp-Image-2023-09-19-at-14.44.41-122x122.jpeg\",\"caption\":\"Jean Pierre BAWELA\"},\"url\":\"https:\\\/\\\/macite.tg\\\/?author=2\"}]}<\/script>\n<!-- \/ Yoast SEO plugin. -->","yoast_head_json":{"title":"ANNONCE\u00a0: Programme des obs\u00e8ques de KEYEWA Bagawa Jules, Contr\u00f4leur technique de radio Lom\u00e9 et radio Kara, \u00e0 la retraite \u00a0 -","robots":{"index":"index","follow":"follow","max-snippet":"max-snippet:-1","max-image-preview":"max-image-preview:large","max-video-preview":"max-video-preview:-1"},"canonical":"https:\/\/macite.tg\/?p=17107","og_locale":"fr_FR","og_type":"article","og_title":"ANNONCE\u00a0: Programme des obs\u00e8ques de KEYEWA Bagawa Jules, Contr\u00f4leur technique de radio Lom\u00e9 et radio Kara, \u00e0 la retraite \u00a0 -","og_description":"La Ministre de la Communication des m\u00e9dias et de la culture Le Pr\u00e9fet de la Binah Le Maire de la commune Binah 1 Le Chef canton de Solla Les familles KEYEWA, SITCHALIM, GNARO, KAGBARA, NASSINI, LOOKY, SABI, KPATALA, BARA, KAY et OKONOKO La grande famille [&hellip;]","og_url":"https:\/\/macite.tg\/?p=17107","article_published_time":"2024-10-09T10:16:16+00:00","article_modified_time":"2024-10-09T10:32:23+00:00","og_image":[{"width":500,"height":349,"url":"https:\/\/macite.tg\/wp-content\/uploads\/2024\/10\/kKEYEWA-Jules.jpg","type":"image\/jpeg"}],"author":"Jean Pierre BAWELA","twitter_card":"summary_large_image","twitter_misc":{"\u00c9crit par":"Jean Pierre BAWELA","Dur\u00e9e de lecture estim\u00e9e":"2 minutes"},"schema":{"@context":"https:\/\/schema.org","@graph":[{"@type":"Article","@id":"https:\/\/macite.tg\/?p=17107#article","isPartOf":{"@id":"https:\/\/macite.tg\/?p=17107"},"author":{"name":"Jean Pierre BAWELA","@id":"https:\/\/macite.tg\/#\/schema\/person\/e9f2de7e5dbbe7770a9402c7ce82f5c2"},"headline":"ANNONCE\u00a0: Programme des obs\u00e8ques de KEYEWA Bagawa Jules, Contr\u00f4leur technique de radio Lom\u00e9 et radio Kara, \u00e0 la retraite \u00a0","datePublished":"2024-10-09T10:16:16+00:00","dateModified":"2024-10-09T10:32:23+00:00","mainEntityOfPage":{"@id":"https:\/\/macite.tg\/?p=17107"},"wordCount":450,"commentCount":0,"image":{"@id":"https:\/\/macite.tg\/?p=17107#primaryimage"},"thumbnailUrl":"https:\/\/macite.tg\/wp-content\/uploads\/2024\/10\/kKEYEWA-Jules.jpg","articleSection":["ACTUALITE","NECROLOGIE"],"inLanguage":"fr-FR","potentialAction":[{"@type":"CommentAction","name":"Comment","target":["https:\/\/macite.tg\/?p=17107#respond"]}]},{"@type":"WebPage","@id":"https:\/\/macite.tg\/?p=17107","url":"https:\/\/macite.tg\/?p=17107","name":"ANNONCE\u00a0: Programme des obs\u00e8ques de KEYEWA Bagawa Jules, Contr\u00f4leur technique de radio Lom\u00e9 et radio Kara, \u00e0 la retraite \u00a0 -","isPartOf":{"@id":"https:\/\/macite.tg\/#website"},"primaryImageOfPage":{"@id":"https:\/\/macite.tg\/?p=17107#primaryimage"},"image":{"@id":"https:\/\/macite.tg\/?p=17107#primaryimage"},"thumbnailUrl":"https:\/\/macite.tg\/wp-content\/uploads\/2024\/10\/kKEYEWA-Jules.jpg","datePublished":"2024-10-09T10:16:16+00:00","dateModified":"2024-10-09T10:32:23+00:00","author":{"@id":"https:\/\/macite.tg\/#\/schema\/person\/e9f2de7e5dbbe7770a9402c7ce82f5c2"},"breadcrumb":{"@id":"https:\/\/macite.tg\/?p=17107#breadcrumb"},"inLanguage":"fr-FR","potentialAction":[{"@type":"ReadAction","target":["https:\/\/macite.tg\/?p=17107"]}]},{"@type":"ImageObject","inLanguage":"fr-FR","@id":"https:\/\/macite.tg\/?p=17107#primaryimage","url":"https:\/\/macite.tg\/wp-content\/uploads\/2024\/10\/kKEYEWA-Jules.jpg","contentUrl":"https:\/\/macite.tg\/wp-content\/uploads\/2024\/10\/kKEYEWA-Jules.jpg","width":500,"height":349,"caption":"Feu K\u00e9y\u00e9wa Jules"},{"@type":"BreadcrumbList","@id":"https:\/\/macite.tg\/?p=17107#breadcrumb","itemListElement":[{"@type":"ListItem","position":1,"name":"Accueil","item":"https:\/\/macite.tg\/"},{"@type":"ListItem","position":2,"name":"ANNONCE\u00a0: Programme des obs\u00e8ques de KEYEWA Bagawa Jules, Contr\u00f4leur technique de radio Lom\u00e9 et radio Kara, \u00e0 la retraite \u00a0"}]},{"@type":"WebSite","@id":"https:\/\/macite.tg\/#website","url":"https:\/\/macite.tg\/","name":"","description":"L&#039;information, la bonne!!!","potentialAction":[{"@type":"SearchAction","target":{"@type":"EntryPoint","urlTemplate":"https:\/\/macite.tg\/?s={search_term_string}"},"query-input":{"@type":"PropertyValueSpecification","valueRequired":true,"valueName":"search_term_string"}}],"inLanguage":"fr-FR"},{"@type":"Person","@id":"https:\/\/macite.tg\/#\/schema\/person\/e9f2de7e5dbbe7770a9402c7ce82f5c2","name":"Jean Pierre BAWELA","image":{"@type":"ImageObject","inLanguage":"fr-FR","@id":"https:\/\/macite.tg\/wp-content\/uploads\/2023\/09\/WhatsApp-Image-2023-09-19-at-14.44.41-122x122.jpeg","url":"https:\/\/macite.tg\/wp-content\/uploads\/2023\/09\/WhatsApp-Image-2023-09-19-at-14.44.41-122x122.jpeg","contentUrl":"https:\/\/macite.tg\/wp-content\/uploads\/2023\/09\/WhatsApp-Image-2023-09-19-at-14.44.41-122x122.jpeg","caption":"Jean Pierre BAWELA"},"url":"https:\/\/macite.tg\/?author=2"}]}},"_links":{"self":[{"href":"https:\/\/macite.tg\/index.php?rest_route=\/wp\/v2\/posts\/17107","targetHints":{"allow":["GET"]}}],"collection":[{"href":"https:\/\/macite.tg\/index.php?rest_route=\/wp\/v2\/posts"}],"about":[{"href":"https:\/\/macite.tg\/index.php?rest_route=\/wp\/v2\/types\/post"}],"author":[{"embeddable":true,"href":"https:\/\/macite.tg\/index.php?rest_route=\/wp\/v2\/users\/2"}],"replies":[{"embeddable":true,"href":"https:\/\/macite.tg\/index.php?rest_route=%2Fwp%2Fv2%2Fcomments&post=17107"}],"version-history":[{"count":0,"href":"https:\/\/macite.tg\/index.php?rest_route=\/wp\/v2\/posts\/17107\/revisions"}],"wp:featuredmedia":[{"embeddable":true,"href":"https:\/\/macite.tg\/index.php?rest_route=\/wp\/v2\/media\/17108"}],"wp:attachment":[{"href":"https:\/\/macite.tg\/index.php?rest_route=%2Fwp%2Fv2%2Fmedia&parent=17107"}],"wp:term":[{"taxonomy":"category","embeddable":true,"href":"https:\/\/macite.tg\/index.php?rest_route=%2Fwp%2Fv2%2Fcategories&post=17107"},{"taxonomy":"post_tag","embeddable":true,"href":"https:\/\/macite.tg\/index.php?rest_route=%2Fwp%2Fv2%2Ftags&post=17107"}],"curies":[{"name":"wp","href":"https:\/\/api.w.org\/{rel}","templated":true}]}}