{"id":17100,"date":"2024-10-08T17:07:39","date_gmt":"2024-10-08T17:07:39","guid":{"rendered":"https:\/\/macite.tg\/?p=17100"},"modified":"2024-10-08T17:07:55","modified_gmt":"2024-10-08T17:07:55","slug":"engagement-en-faveur-de-la-culture-et-democratisation-du-savoir-lunesco-designe-rabat-capitale-mondiale-du-livre-2026","status":"publish","type":"post","link":"https:\/\/macite.tg\/?p=17100","title":{"rendered":"ENGAGEMENT EN FAVEUR DE LA CULTURE ET DEMOCRATISATION DU SAVOIR\u00a0: L\u2019Unesco d\u00e9signe Rabat \u2018\u2019Capitale mondiale du livre\u2019\u2019 2026"},"content":{"rendered":"\n<p class=\"wp-block-paragraph\"><\/p>\n\n\n\n<p class=\"wp-block-paragraph\"><strong><em>La capitale marocaine, Rabat, a \u00e9t\u00e9 d\u00e9sign\u00e9e ce mardi par l\u2019Organisation des nations unies pour l\u2019\u00e9ducation, la science et la culture (Unesco), \u2018\u2019Capitale mondiale du livre\u2019\u2019 pour l\u2019ann\u00e9e 2026. Cette annonce, qui r\u00e9jouit plus d\u2019un, consacre, en effet, l\u2019engagement du Royaume en faveur de la promotion de la culture et de la d\u00e9mocratisation du savoir, conform\u00e9ment aux Hautes Instructions du Souverain marocain.<\/em><\/strong><\/p>\n\n\n\n<p class=\"wp-block-paragraph\">L\u2019Unesco, sur la recommandation du Comit\u00e9 consultatif de la Capitale mondiale du livre, a annonc\u00e9, ce mardi, la d\u00e9signation de Rabat comme \u2018\u2019Capitale mondiale du livre\u2019\u2019 pour l\u2019ann\u00e9e 2026. Cette annonce, selon le minist\u00e8re marocain de la Culture, de la Jeunesse et de la Communication, est une occasion de pr\u00f4ner davantage une prise de conscience collective de l\u2019importance du livre et de la lecture.<\/p>\n\n\n<div class=\"wp-block-image\">\n<figure class=\"aligncenter size-full is-resized\"><img loading=\"lazy\" decoding=\"async\" src=\"https:\/\/macite.tg\/wp-content\/uploads\/2024\/09\/IMG-20240313-WA0013-2.jpg\" alt=\"\" class=\"wp-image-16852\" width=\"841\" height=\"207\" srcset=\"https:\/\/macite.tg\/wp-content\/uploads\/2024\/09\/IMG-20240313-WA0013-2.jpg 690w, https:\/\/macite.tg\/wp-content\/uploads\/2024\/09\/IMG-20240313-WA0013-2-300x74.jpg 300w\" sizes=\"auto, (max-width: 841px) 100vw, 841px\" \/><\/figure>\n<\/div>\n\n\n<p class=\"wp-block-paragraph\">Tout en se f\u00e9licitant que la <em>\u00ab&nbsp;Ville lumi\u00e8re, Capitale marocaine de la Culture, Rabat ajoutera \u00e0 son palmar\u00e8s de reconnaissances mondiales et r\u00e9gionales le titre de Capitale mondiale du livre&nbsp;\u00bb,<\/em> le minist\u00e8re souligne, dans un communiqu\u00e9, que cette distinction est un choix strat\u00e9gique qui va permettre <em>\u00ab&nbsp;de renforcer la synergie entre les instances publiques et les diff\u00e9rentes composantes de la soci\u00e9t\u00e9 civile afin de construire une soci\u00e9t\u00e9 de lecteurs, inclusive et \u00e9quitable, notamment parmi la jeunesse&nbsp;\u00bb<\/em>, ceci conform\u00e9ment aux Hautes Instructions de Sa Majest\u00e9 le Roi.<\/p>\n\n\n\n<p class=\"wp-block-paragraph\">L\u2019officiel marocain ajoute qu\u2019il s\u2019agit l\u00e0 d\u2019une <em>\u00ab&nbsp;opportunit\u00e9 pour pr\u00e9senter la richesse de notre patrimoine culturel et pour organiser des \u00e9v\u00e9nements innovants qui favoriseront le dialogue interculturel \u00e0 travers le langage universel du livre&nbsp;\u00bb.<\/em><\/p>\n\n\n<div class=\"wp-block-image\">\n<figure class=\"aligncenter size-full is-resized\"><img loading=\"lazy\" decoding=\"async\" src=\"https:\/\/macite.tg\/wp-content\/uploads\/2024\/10\/ANNONCES-1-768x319-1.jpg\" alt=\"\" class=\"wp-image-16914\" width=\"837\" height=\"348\" srcset=\"https:\/\/macite.tg\/wp-content\/uploads\/2024\/10\/ANNONCES-1-768x319-1.jpg 768w, https:\/\/macite.tg\/wp-content\/uploads\/2024\/10\/ANNONCES-1-768x319-1-300x125.jpg 300w\" sizes=\"auto, (max-width: 837px) 100vw, 837px\" \/><\/figure>\n<\/div>\n\n\n<p class=\"wp-block-paragraph\">La Directrice g\u00e9n\u00e9rale de l\u2019Unesco, Mme Audrey Azoulay, s\u2019est r\u00e9jouie, pour sa part, du fait que <em>\u00ab&nbsp;Rabat soit un important carrefour culturel o\u00f9 le livre contribue \u00e0 la transmission des savoirs et des arts dans toute leur diversit\u00e9&nbsp;\u00bb, <\/em>avant d\u2019ajouter que <em>\u00ab&nbsp;l\u2019industrie locale du livre, en plein essor, joue aussi un r\u00f4le crucial dans l\u2019am\u00e9lioration de l\u2019\u00e9ducation&nbsp;\u00bb.<\/em><\/p>\n\n\n\n<p class=\"wp-block-paragraph\">Ainsi, durant une ann\u00e9e, <em>\u00ab&nbsp;la litt\u00e9rature marocaine sera mise en valeur sous toutes ses formes, notamment \u00e9criture, ateliers, d\u00e9bats, formations, salons expositions&nbsp;\u00bb<\/em>, dans l\u2019optique de <em>\u00ab&nbsp;p\u00e9renniser la vocation de la ville de Rabat comme capitale du livre et de la lecture, de nouveaux projets \u00e0 caract\u00e8re permanent seront mis en \u0153uvre, notamment \u00e0 travers la mise en place de nouveaux espaces de cr\u00e9ation pour p\u00e9renniser cette cons\u00e9cration\u2026&nbsp;\u00bb<\/em><\/p>\n\n\n<div class=\"wp-block-image\">\n<figure class=\"aligncenter size-full is-resized\"><img loading=\"lazy\" decoding=\"async\" src=\"https:\/\/macite.tg\/wp-content\/uploads\/2024\/10\/Centre-dappel.jpg\" alt=\"\" class=\"wp-image-17088\" width=\"426\" height=\"426\" srcset=\"https:\/\/macite.tg\/wp-content\/uploads\/2024\/10\/Centre-dappel.jpg 1024w, https:\/\/macite.tg\/wp-content\/uploads\/2024\/10\/Centre-dappel-300x300.jpg 300w, https:\/\/macite.tg\/wp-content\/uploads\/2024\/10\/Centre-dappel-150x150.jpg 150w, https:\/\/macite.tg\/wp-content\/uploads\/2024\/10\/Centre-dappel-768x768.jpg 768w, https:\/\/macite.tg\/wp-content\/uploads\/2024\/10\/Centre-dappel-122x122.jpg 122w\" sizes=\"auto, (max-width: 426px) 100vw, 426px\" \/><\/figure>\n<\/div>\n\n\n<p class=\"wp-block-paragraph\">Il s\u2019agit l\u00e0 d\u2019un programme dense, en activit\u00e9s riche et diversifi\u00e9e, qui va contribuer \u00e0 <em>\u00ab&nbsp;consolider la place du Livre en tant que pilier des industries culturelles et cr\u00e9atives et \u00e0 reconnaitre la lecture comme une des cl\u00e9s de r\u00e9ussite du Nouveau mod\u00e8le de d\u00e9veloppement, tout en mettant en avant la diversit\u00e9 culturelle de notre pays&nbsp;\u00bb<\/em>.<\/p>\n\n\n\n<p class=\"wp-block-paragraph\"><strong>MC<\/strong><\/p>\n\n\n\n<p class=\"wp-block-paragraph\"><a><strong><em>@macite.tg&nbsp;&nbsp;&nbsp;&nbsp;&nbsp;&nbsp;&nbsp;&nbsp;<\/em><\/strong><\/a><\/p>\n\n\n\n<p class=\"wp-block-paragraph\"><strong><em>E-mail&nbsp;: <\/em><\/strong><a href=\"mailto:maciteinfo@gmail.com\"><strong><em>maciteinfo@gmail.com<\/em><\/strong><\/a><strong><em>; <\/em><\/strong><a href=\"mailto:bawela1@gmail.com\"><strong><em>bawela1@gmail.com<\/em><\/strong><\/a><strong><em><\/em><\/strong><\/p>\n\n\n\n<p class=\"wp-block-paragraph\"><strong><em>Pour vos annonces, (publi)reportages, etc., joignez-nous au (00228)91515309\/<strong>79872224 <\/strong>www.macite.tg, L\u2019information, la bonne&nbsp;!<\/em><\/strong><\/p>\n","protected":false},"excerpt":{"rendered":"<p class=\"text-justify mb-2\" >La capitale marocaine, Rabat, a \u00e9t\u00e9 d\u00e9sign\u00e9e ce mardi par l\u2019Organisation des nations unies pour l\u2019\u00e9ducation, la science et la culture (Unesco), \u2018\u2019Capitale mondiale du livre\u2019\u2019 pour l\u2019ann\u00e9e 2026. Cette annonce, qui r\u00e9jouit plus d\u2019un, consacre, en effet, l\u2019engagement du Royaume en faveur de la [&hellip;]<\/p>\n","protected":false},"author":2,"featured_media":17101,"comment_status":"open","ping_status":"open","sticky":false,"template":"","format":"standard","meta":{"footnotes":""},"categories":[20,18,32],"tags":[],"class_list":["post-17100","post","type-post","status-publish","format-standard","has-post-thumbnail","hentry","category-actualite","category-culture","category-litterature"],"yoast_head":"<!-- This site is optimized with the Yoast SEO plugin v28.4 - https:\/\/yoast.com\/product\/yoast-seo-wordpress\/ -->\n<title>ENGAGEMENT EN FAVEUR DE LA CULTURE ET DEMOCRATISATION DU SAVOIR\u00a0: L\u2019Unesco d\u00e9signe Rabat \u2018\u2019Capitale mondiale du livre\u2019\u2019 2026 -<\/title>\n<meta name=\"robots\" content=\"index, follow, max-snippet:-1, max-image-preview:large, max-video-preview:-1\" \/>\n<link rel=\"canonical\" href=\"https:\/\/macite.tg\/?p=17100\" \/>\n<meta property=\"og:locale\" content=\"fr_FR\" \/>\n<meta property=\"og:type\" content=\"article\" \/>\n<meta property=\"og:title\" content=\"ENGAGEMENT EN FAVEUR DE LA CULTURE ET DEMOCRATISATION DU SAVOIR\u00a0: L\u2019Unesco d\u00e9signe Rabat \u2018\u2019Capitale mondiale du livre\u2019\u2019 2026 -\" \/>\n<meta property=\"og:description\" content=\"La capitale marocaine, Rabat, a \u00e9t\u00e9 d\u00e9sign\u00e9e ce mardi par l\u2019Organisation des nations unies pour l\u2019\u00e9ducation, la science et la culture (Unesco), \u2018\u2019Capitale mondiale du livre\u2019\u2019 pour l\u2019ann\u00e9e 2026. Cette annonce, qui r\u00e9jouit plus d\u2019un, consacre, en effet, l\u2019engagement du Royaume en faveur de la [&hellip;]\" \/>\n<meta property=\"og:url\" content=\"https:\/\/macite.tg\/?p=17100\" \/>\n<meta property=\"article:published_time\" content=\"2024-10-08T17:07:39+00:00\" \/>\n<meta property=\"article:modified_time\" content=\"2024-10-08T17:07:55+00:00\" \/>\n<meta property=\"og:image\" content=\"https:\/\/macite.tg\/wp-content\/uploads\/2024\/10\/RABAT-capitale-du-livre.jpg\" \/>\n\t<meta property=\"og:image:width\" content=\"500\" \/>\n\t<meta property=\"og:image:height\" content=\"334\" \/>\n\t<meta property=\"og:image:type\" content=\"image\/jpeg\" \/>\n<meta name=\"author\" content=\"Jean Pierre BAWELA\" \/>\n<meta name=\"twitter:card\" content=\"summary_large_image\" \/>\n<meta name=\"twitter:label1\" content=\"\u00c9crit par\" \/>\n\t<meta name=\"twitter:data1\" content=\"Jean Pierre BAWELA\" \/>\n\t<meta name=\"twitter:label2\" content=\"Dur\u00e9e de lecture estim\u00e9e\" \/>\n\t<meta name=\"twitter:data2\" content=\"3 minutes\" \/>\n<script type=\"application\/ld+json\" class=\"yoast-schema-graph\">{\"@context\":\"https:\\\/\\\/schema.org\",\"@graph\":[{\"@type\":\"Article\",\"@id\":\"https:\\\/\\\/macite.tg\\\/?p=17100#article\",\"isPartOf\":{\"@id\":\"https:\\\/\\\/macite.tg\\\/?p=17100\"},\"author\":{\"name\":\"Jean Pierre BAWELA\",\"@id\":\"https:\\\/\\\/macite.tg\\\/#\\\/schema\\\/person\\\/e9f2de7e5dbbe7770a9402c7ce82f5c2\"},\"headline\":\"ENGAGEMENT EN FAVEUR DE LA CULTURE ET DEMOCRATISATION DU SAVOIR\u00a0: L\u2019Unesco d\u00e9signe Rabat \u2018\u2019Capitale mondiale du livre\u2019\u2019 2026\",\"datePublished\":\"2024-10-08T17:07:39+00:00\",\"dateModified\":\"2024-10-08T17:07:55+00:00\",\"mainEntityOfPage\":{\"@id\":\"https:\\\/\\\/macite.tg\\\/?p=17100\"},\"wordCount\":550,\"commentCount\":0,\"image\":{\"@id\":\"https:\\\/\\\/macite.tg\\\/?p=17100#primaryimage\"},\"thumbnailUrl\":\"https:\\\/\\\/macite.tg\\\/wp-content\\\/uploads\\\/2024\\\/10\\\/RABAT-capitale-du-livre.jpg\",\"articleSection\":[\"ACTUALITE\",\"CULTURE\",\"LITTERATURE\"],\"inLanguage\":\"fr-FR\",\"potentialAction\":[{\"@type\":\"CommentAction\",\"name\":\"Comment\",\"target\":[\"https:\\\/\\\/macite.tg\\\/?p=17100#respond\"]}]},{\"@type\":\"WebPage\",\"@id\":\"https:\\\/\\\/macite.tg\\\/?p=17100\",\"url\":\"https:\\\/\\\/macite.tg\\\/?p=17100\",\"name\":\"ENGAGEMENT EN FAVEUR DE LA CULTURE ET DEMOCRATISATION DU SAVOIR\u00a0: L\u2019Unesco d\u00e9signe Rabat \u2018\u2019Capitale mondiale du livre\u2019\u2019 2026 -\",\"isPartOf\":{\"@id\":\"https:\\\/\\\/macite.tg\\\/#website\"},\"primaryImageOfPage\":{\"@id\":\"https:\\\/\\\/macite.tg\\\/?p=17100#primaryimage\"},\"image\":{\"@id\":\"https:\\\/\\\/macite.tg\\\/?p=17100#primaryimage\"},\"thumbnailUrl\":\"https:\\\/\\\/macite.tg\\\/wp-content\\\/uploads\\\/2024\\\/10\\\/RABAT-capitale-du-livre.jpg\",\"datePublished\":\"2024-10-08T17:07:39+00:00\",\"dateModified\":\"2024-10-08T17:07:55+00:00\",\"author\":{\"@id\":\"https:\\\/\\\/macite.tg\\\/#\\\/schema\\\/person\\\/e9f2de7e5dbbe7770a9402c7ce82f5c2\"},\"breadcrumb\":{\"@id\":\"https:\\\/\\\/macite.tg\\\/?p=17100#breadcrumb\"},\"inLanguage\":\"fr-FR\",\"potentialAction\":[{\"@type\":\"ReadAction\",\"target\":[\"https:\\\/\\\/macite.tg\\\/?p=17100\"]}]},{\"@type\":\"ImageObject\",\"inLanguage\":\"fr-FR\",\"@id\":\"https:\\\/\\\/macite.tg\\\/?p=17100#primaryimage\",\"url\":\"https:\\\/\\\/macite.tg\\\/wp-content\\\/uploads\\\/2024\\\/10\\\/RABAT-capitale-du-livre.jpg\",\"contentUrl\":\"https:\\\/\\\/macite.tg\\\/wp-content\\\/uploads\\\/2024\\\/10\\\/RABAT-capitale-du-livre.jpg\",\"width\":500,\"height\":334},{\"@type\":\"BreadcrumbList\",\"@id\":\"https:\\\/\\\/macite.tg\\\/?p=17100#breadcrumb\",\"itemListElement\":[{\"@type\":\"ListItem\",\"position\":1,\"name\":\"Accueil\",\"item\":\"https:\\\/\\\/macite.tg\\\/\"},{\"@type\":\"ListItem\",\"position\":2,\"name\":\"ENGAGEMENT EN FAVEUR DE LA CULTURE ET DEMOCRATISATION DU SAVOIR\u00a0: L\u2019Unesco d\u00e9signe Rabat \u2018\u2019Capitale mondiale du livre\u2019\u2019 2026\"}]},{\"@type\":\"WebSite\",\"@id\":\"https:\\\/\\\/macite.tg\\\/#website\",\"url\":\"https:\\\/\\\/macite.tg\\\/\",\"name\":\"\",\"description\":\"L&#039;information, la bonne!!!\",\"potentialAction\":[{\"@type\":\"SearchAction\",\"target\":{\"@type\":\"EntryPoint\",\"urlTemplate\":\"https:\\\/\\\/macite.tg\\\/?s={search_term_string}\"},\"query-input\":{\"@type\":\"PropertyValueSpecification\",\"valueRequired\":true,\"valueName\":\"search_term_string\"}}],\"inLanguage\":\"fr-FR\"},{\"@type\":\"Person\",\"@id\":\"https:\\\/\\\/macite.tg\\\/#\\\/schema\\\/person\\\/e9f2de7e5dbbe7770a9402c7ce82f5c2\",\"name\":\"Jean Pierre BAWELA\",\"image\":{\"@type\":\"ImageObject\",\"inLanguage\":\"fr-FR\",\"@id\":\"https:\\\/\\\/macite.tg\\\/wp-content\\\/uploads\\\/2023\\\/09\\\/WhatsApp-Image-2023-09-19-at-14.44.41-122x122.jpeg\",\"url\":\"https:\\\/\\\/macite.tg\\\/wp-content\\\/uploads\\\/2023\\\/09\\\/WhatsApp-Image-2023-09-19-at-14.44.41-122x122.jpeg\",\"contentUrl\":\"https:\\\/\\\/macite.tg\\\/wp-content\\\/uploads\\\/2023\\\/09\\\/WhatsApp-Image-2023-09-19-at-14.44.41-122x122.jpeg\",\"caption\":\"Jean Pierre BAWELA\"},\"url\":\"https:\\\/\\\/macite.tg\\\/?author=2\"}]}<\/script>\n<!-- \/ Yoast SEO plugin. -->","yoast_head_json":{"title":"ENGAGEMENT EN FAVEUR DE LA CULTURE ET DEMOCRATISATION DU SAVOIR\u00a0: L\u2019Unesco d\u00e9signe Rabat \u2018\u2019Capitale mondiale du livre\u2019\u2019 2026 -","robots":{"index":"index","follow":"follow","max-snippet":"max-snippet:-1","max-image-preview":"max-image-preview:large","max-video-preview":"max-video-preview:-1"},"canonical":"https:\/\/macite.tg\/?p=17100","og_locale":"fr_FR","og_type":"article","og_title":"ENGAGEMENT EN FAVEUR DE LA CULTURE ET DEMOCRATISATION DU SAVOIR\u00a0: L\u2019Unesco d\u00e9signe Rabat \u2018\u2019Capitale mondiale du livre\u2019\u2019 2026 -","og_description":"La capitale marocaine, Rabat, a \u00e9t\u00e9 d\u00e9sign\u00e9e ce mardi par l\u2019Organisation des nations unies pour l\u2019\u00e9ducation, la science et la culture (Unesco), \u2018\u2019Capitale mondiale du livre\u2019\u2019 pour l\u2019ann\u00e9e 2026. Cette annonce, qui r\u00e9jouit plus d\u2019un, consacre, en effet, l\u2019engagement du Royaume en faveur de la [&hellip;]","og_url":"https:\/\/macite.tg\/?p=17100","article_published_time":"2024-10-08T17:07:39+00:00","article_modified_time":"2024-10-08T17:07:55+00:00","og_image":[{"width":500,"height":334,"url":"https:\/\/macite.tg\/wp-content\/uploads\/2024\/10\/RABAT-capitale-du-livre.jpg","type":"image\/jpeg"}],"author":"Jean Pierre BAWELA","twitter_card":"summary_large_image","twitter_misc":{"\u00c9crit par":"Jean Pierre BAWELA","Dur\u00e9e de lecture estim\u00e9e":"3 minutes"},"schema":{"@context":"https:\/\/schema.org","@graph":[{"@type":"Article","@id":"https:\/\/macite.tg\/?p=17100#article","isPartOf":{"@id":"https:\/\/macite.tg\/?p=17100"},"author":{"name":"Jean Pierre BAWELA","@id":"https:\/\/macite.tg\/#\/schema\/person\/e9f2de7e5dbbe7770a9402c7ce82f5c2"},"headline":"ENGAGEMENT EN FAVEUR DE LA CULTURE ET DEMOCRATISATION DU SAVOIR\u00a0: L\u2019Unesco d\u00e9signe Rabat \u2018\u2019Capitale mondiale du livre\u2019\u2019 2026","datePublished":"2024-10-08T17:07:39+00:00","dateModified":"2024-10-08T17:07:55+00:00","mainEntityOfPage":{"@id":"https:\/\/macite.tg\/?p=17100"},"wordCount":550,"commentCount":0,"image":{"@id":"https:\/\/macite.tg\/?p=17100#primaryimage"},"thumbnailUrl":"https:\/\/macite.tg\/wp-content\/uploads\/2024\/10\/RABAT-capitale-du-livre.jpg","articleSection":["ACTUALITE","CULTURE","LITTERATURE"],"inLanguage":"fr-FR","potentialAction":[{"@type":"CommentAction","name":"Comment","target":["https:\/\/macite.tg\/?p=17100#respond"]}]},{"@type":"WebPage","@id":"https:\/\/macite.tg\/?p=17100","url":"https:\/\/macite.tg\/?p=17100","name":"ENGAGEMENT EN FAVEUR DE LA CULTURE ET DEMOCRATISATION DU SAVOIR\u00a0: L\u2019Unesco d\u00e9signe Rabat \u2018\u2019Capitale mondiale du livre\u2019\u2019 2026 -","isPartOf":{"@id":"https:\/\/macite.tg\/#website"},"primaryImageOfPage":{"@id":"https:\/\/macite.tg\/?p=17100#primaryimage"},"image":{"@id":"https:\/\/macite.tg\/?p=17100#primaryimage"},"thumbnailUrl":"https:\/\/macite.tg\/wp-content\/uploads\/2024\/10\/RABAT-capitale-du-livre.jpg","datePublished":"2024-10-08T17:07:39+00:00","dateModified":"2024-10-08T17:07:55+00:00","author":{"@id":"https:\/\/macite.tg\/#\/schema\/person\/e9f2de7e5dbbe7770a9402c7ce82f5c2"},"breadcrumb":{"@id":"https:\/\/macite.tg\/?p=17100#breadcrumb"},"inLanguage":"fr-FR","potentialAction":[{"@type":"ReadAction","target":["https:\/\/macite.tg\/?p=17100"]}]},{"@type":"ImageObject","inLanguage":"fr-FR","@id":"https:\/\/macite.tg\/?p=17100#primaryimage","url":"https:\/\/macite.tg\/wp-content\/uploads\/2024\/10\/RABAT-capitale-du-livre.jpg","contentUrl":"https:\/\/macite.tg\/wp-content\/uploads\/2024\/10\/RABAT-capitale-du-livre.jpg","width":500,"height":334},{"@type":"BreadcrumbList","@id":"https:\/\/macite.tg\/?p=17100#breadcrumb","itemListElement":[{"@type":"ListItem","position":1,"name":"Accueil","item":"https:\/\/macite.tg\/"},{"@type":"ListItem","position":2,"name":"ENGAGEMENT EN FAVEUR DE LA CULTURE ET DEMOCRATISATION DU SAVOIR\u00a0: L\u2019Unesco d\u00e9signe Rabat \u2018\u2019Capitale mondiale du livre\u2019\u2019 2026"}]},{"@type":"WebSite","@id":"https:\/\/macite.tg\/#website","url":"https:\/\/macite.tg\/","name":"","description":"L&#039;information, la bonne!!!","potentialAction":[{"@type":"SearchAction","target":{"@type":"EntryPoint","urlTemplate":"https:\/\/macite.tg\/?s={search_term_string}"},"query-input":{"@type":"PropertyValueSpecification","valueRequired":true,"valueName":"search_term_string"}}],"inLanguage":"fr-FR"},{"@type":"Person","@id":"https:\/\/macite.tg\/#\/schema\/person\/e9f2de7e5dbbe7770a9402c7ce82f5c2","name":"Jean Pierre BAWELA","image":{"@type":"ImageObject","inLanguage":"fr-FR","@id":"https:\/\/macite.tg\/wp-content\/uploads\/2023\/09\/WhatsApp-Image-2023-09-19-at-14.44.41-122x122.jpeg","url":"https:\/\/macite.tg\/wp-content\/uploads\/2023\/09\/WhatsApp-Image-2023-09-19-at-14.44.41-122x122.jpeg","contentUrl":"https:\/\/macite.tg\/wp-content\/uploads\/2023\/09\/WhatsApp-Image-2023-09-19-at-14.44.41-122x122.jpeg","caption":"Jean Pierre BAWELA"},"url":"https:\/\/macite.tg\/?author=2"}]}},"_links":{"self":[{"href":"https:\/\/macite.tg\/index.php?rest_route=\/wp\/v2\/posts\/17100","targetHints":{"allow":["GET"]}}],"collection":[{"href":"https:\/\/macite.tg\/index.php?rest_route=\/wp\/v2\/posts"}],"about":[{"href":"https:\/\/macite.tg\/index.php?rest_route=\/wp\/v2\/types\/post"}],"author":[{"embeddable":true,"href":"https:\/\/macite.tg\/index.php?rest_route=\/wp\/v2\/users\/2"}],"replies":[{"embeddable":true,"href":"https:\/\/macite.tg\/index.php?rest_route=%2Fwp%2Fv2%2Fcomments&post=17100"}],"version-history":[{"count":0,"href":"https:\/\/macite.tg\/index.php?rest_route=\/wp\/v2\/posts\/17100\/revisions"}],"wp:featuredmedia":[{"embeddable":true,"href":"https:\/\/macite.tg\/index.php?rest_route=\/wp\/v2\/media\/17101"}],"wp:attachment":[{"href":"https:\/\/macite.tg\/index.php?rest_route=%2Fwp%2Fv2%2Fmedia&parent=17100"}],"wp:term":[{"taxonomy":"category","embeddable":true,"href":"https:\/\/macite.tg\/index.php?rest_route=%2Fwp%2Fv2%2Fcategories&post=17100"},{"taxonomy":"post_tag","embeddable":true,"href":"https:\/\/macite.tg\/index.php?rest_route=%2Fwp%2Fv2%2Ftags&post=17100"}],"curies":[{"name":"wp","href":"https:\/\/api.w.org\/{rel}","templated":true}]}}