{"id":17095,"date":"2024-10-08T16:01:16","date_gmt":"2024-10-08T16:01:16","guid":{"rendered":"https:\/\/macite.tg\/?p=17095"},"modified":"2024-10-08T16:01:25","modified_gmt":"2024-10-08T16:01:25","slug":"elim-can-maroc-2025-togo-le-coach-dare-perd-geoffrey-agbolossou-sur-blessure-le-portier-dasko-a-la-rescousse","status":"publish","type":"post","link":"https:\/\/macite.tg\/?p=17095","title":{"rendered":"ELIM CAN MAROC 2025\/TOGO : Le coach Dar\u00e9 perd Geoffrey Agbolossou sur blessure\u2026 le portier d\u2019Asko \u00e0 la rescousse"},"content":{"rendered":"\n<p class=\"wp-block-paragraph\"><strong><em>La cellule de communication de la F\u00e9d\u00e9ration Togolaise de Football (Ftf) a officialis\u00e9 ce mardi matin la blessure de Geoffrey Agbolossou, le gardien des \u00c9perviers. Le portier du FC Balagne en France est forfait pour la double confrontation entre le Togo et l&rsquo;Alg\u00e9rie.<\/em><\/strong><\/p>\n\n\n\n<p class=\"wp-block-paragraph\">Nibomb\u00e9 Dar\u00e9 ne pourra pas compter sur Geoffrey Agbolossou face \u00e0 l&rsquo;Alg\u00e9rie. En effet, la F\u00e9d\u00e9ration Togolaise de Football (Ftf) a annonc\u00e9, ce mardi, la blessure au genou du joueur contract\u00e9e la veille. La Ftf a, par la m\u00eame occasion, fait appel au portier de l&rsquo;Aso de Kara, Sama Mahadihou, <em>\u00ab&nbsp;pour le remplacer&nbsp;\u00bb.<\/em><\/p>\n\n\n<div class=\"wp-block-image\">\n<figure class=\"aligncenter size-full is-resized\"><img loading=\"lazy\" decoding=\"async\" src=\"https:\/\/macite.tg\/wp-content\/uploads\/2024\/09\/IMG-20240313-WA0013-2.jpg\" alt=\"\" class=\"wp-image-16852\" width=\"838\" height=\"206\" srcset=\"https:\/\/macite.tg\/wp-content\/uploads\/2024\/09\/IMG-20240313-WA0013-2.jpg 690w, https:\/\/macite.tg\/wp-content\/uploads\/2024\/09\/IMG-20240313-WA0013-2-300x74.jpg 300w\" sizes=\"auto, (max-width: 838px) 100vw, 838px\" \/><\/figure>\n<\/div>\n\n\n<p class=\"wp-block-paragraph\"><em>\u00ab&nbsp;Nibomb\u00e9 Dar\u00e9 a enregistr\u00e9 le forfait du gardien Agbolossou et a d\u00e9cid\u00e9 de convoquer Mahadihou Sama de l\u2019Asko pour le remplacer&nbsp;\u00bb,<\/em> lit-on dans le communiqu\u00e9 de la F\u00e9d\u00e9ration.<\/p>\n\n\n\n<p class=\"wp-block-paragraph\">Geoffrey Agbolossou s\u2019est bless\u00e9 au genou. Apr\u00e8s les tests effectu\u00e9s, le jeune portier souffre d&rsquo;une l\u00e9sion m\u00e9niscale externe complexe, avec luxation de ses segments moyen et post\u00e9rieur au niveau de l\u2019\u00e9chancrure inter condylienne au contact de son segment ant\u00e9rieur, informe l\u2019instance faiti\u00e8re du football national.<\/p>\n\n\n\n<p class=\"wp-block-paragraph\">Mahadiou Sama va ainsi rejoindre Malcolm Barcola et Wassiou Ouro-Gneni.<\/p>\n\n\n<div class=\"wp-block-image\">\n<figure class=\"aligncenter size-full\"><img loading=\"lazy\" decoding=\"async\" width=\"512\" height=\"640\" src=\"https:\/\/macite.tg\/wp-content\/uploads\/2024\/09\/30-Depreciation-1.jpg\" alt=\"\" class=\"wp-image-16849\" srcset=\"https:\/\/macite.tg\/wp-content\/uploads\/2024\/09\/30-Depreciation-1.jpg 512w, https:\/\/macite.tg\/wp-content\/uploads\/2024\/09\/30-Depreciation-1-240x300.jpg 240w\" sizes=\"auto, (max-width: 512px) 100vw, 512px\" \/><\/figure>\n<\/div>\n\n\n<p class=\"wp-block-paragraph\">Pour rappel le Togo joue l\u2019Alg\u00e9rie, en aller, le 10 octobre \u00e0 Annaba. Le 14 octobre, les Togolais vont \u00e9voluer devant leur public \u00e0 Lom\u00e9, notamment au stade de K\u00e9gu\u00e9, pour le compte de la manche retour.<\/p>\n\n\n\n<p class=\"wp-block-paragraph\"><strong>A.D.<\/strong><\/p>\n\n\n\n<p class=\"wp-block-paragraph\"><a><strong><em>@macite.tg&nbsp;&nbsp;&nbsp;&nbsp;&nbsp;&nbsp;&nbsp;&nbsp;<\/em><\/strong><\/a><\/p>\n\n\n\n<p class=\"wp-block-paragraph\"><strong><em>E-mail&nbsp;: <\/em><\/strong><a href=\"mailto:maciteinfo@gmail.com\"><strong><em>maciteinfo@gmail.com<\/em><\/strong><\/a><strong><em>; <\/em><\/strong><a href=\"mailto:bawela1@gmail.com\"><strong><em>bawela1@gmail.com<\/em><\/strong><\/a><strong><em><\/em><\/strong><\/p>\n\n\n\n<p class=\"wp-block-paragraph\"><strong><em>Pour vos annonces, (publi)reportages, etc., joignez-nous au (00228)91515309\/<strong>79872224 <\/strong>www.macite.tg, L\u2019information, la bonne&nbsp;!<\/em><\/strong><\/p>\n","protected":false},"excerpt":{"rendered":"<p class=\"text-justify mb-2\" >La cellule de communication de la F\u00e9d\u00e9ration Togolaise de Football (Ftf) a officialis\u00e9 ce mardi matin la blessure de Geoffrey Agbolossou, le gardien des \u00c9perviers. Le portier du FC Balagne en France est forfait pour la double confrontation entre le Togo et l&rsquo;Alg\u00e9rie. Nibomb\u00e9 Dar\u00e9 [&hellip;]<\/p>\n","protected":false},"author":2,"featured_media":17098,"comment_status":"open","ping_status":"open","sticky":false,"template":"","format":"standard","meta":{"footnotes":""},"categories":[20,7],"tags":[],"class_list":["post-17095","post","type-post","status-publish","format-standard","has-post-thumbnail","hentry","category-actualite","category-sports"],"yoast_head":"<!-- This site is optimized with the Yoast SEO plugin v28.4 - https:\/\/yoast.com\/product\/yoast-seo-wordpress\/ -->\n<title>ELIM CAN MAROC 2025\/TOGO : Le coach Dar\u00e9 perd Geoffrey Agbolossou sur blessure\u2026 le portier d\u2019Asko \u00e0 la rescousse -<\/title>\n<meta name=\"robots\" content=\"index, follow, max-snippet:-1, max-image-preview:large, max-video-preview:-1\" \/>\n<link rel=\"canonical\" href=\"https:\/\/macite.tg\/?p=17095\" \/>\n<meta property=\"og:locale\" content=\"fr_FR\" \/>\n<meta property=\"og:type\" content=\"article\" \/>\n<meta property=\"og:title\" content=\"ELIM CAN MAROC 2025\/TOGO : Le coach Dar\u00e9 perd Geoffrey Agbolossou sur blessure\u2026 le portier d\u2019Asko \u00e0 la rescousse -\" \/>\n<meta property=\"og:description\" content=\"La cellule de communication de la F\u00e9d\u00e9ration Togolaise de Football (Ftf) a officialis\u00e9 ce mardi matin la blessure de Geoffrey Agbolossou, le gardien des \u00c9perviers. Le portier du FC Balagne en France est forfait pour la double confrontation entre le Togo et l&rsquo;Alg\u00e9rie. Nibomb\u00e9 Dar\u00e9 [&hellip;]\" \/>\n<meta property=\"og:url\" content=\"https:\/\/macite.tg\/?p=17095\" \/>\n<meta property=\"article:published_time\" content=\"2024-10-08T16:01:16+00:00\" \/>\n<meta property=\"article:modified_time\" content=\"2024-10-08T16:01:25+00:00\" \/>\n<meta property=\"og:image\" content=\"https:\/\/macite.tg\/wp-content\/uploads\/2024\/10\/OIF.jpg\" \/>\n\t<meta property=\"og:image:width\" content=\"364\" \/>\n\t<meta property=\"og:image:height\" content=\"270\" \/>\n\t<meta property=\"og:image:type\" content=\"image\/jpeg\" \/>\n<meta name=\"author\" content=\"Jean Pierre BAWELA\" \/>\n<meta name=\"twitter:card\" content=\"summary_large_image\" \/>\n<meta name=\"twitter:label1\" content=\"\u00c9crit par\" \/>\n\t<meta name=\"twitter:data1\" content=\"Jean Pierre BAWELA\" \/>\n\t<meta name=\"twitter:label2\" content=\"Dur\u00e9e de lecture estim\u00e9e\" \/>\n\t<meta name=\"twitter:data2\" content=\"1 minute\" \/>\n<script type=\"application\/ld+json\" class=\"yoast-schema-graph\">{\"@context\":\"https:\\\/\\\/schema.org\",\"@graph\":[{\"@type\":\"Article\",\"@id\":\"https:\\\/\\\/macite.tg\\\/?p=17095#article\",\"isPartOf\":{\"@id\":\"https:\\\/\\\/macite.tg\\\/?p=17095\"},\"author\":{\"name\":\"Jean Pierre BAWELA\",\"@id\":\"https:\\\/\\\/macite.tg\\\/#\\\/schema\\\/person\\\/e9f2de7e5dbbe7770a9402c7ce82f5c2\"},\"headline\":\"ELIM CAN MAROC 2025\\\/TOGO : Le coach Dar\u00e9 perd Geoffrey Agbolossou sur blessure\u2026 le portier d\u2019Asko \u00e0 la rescousse\",\"datePublished\":\"2024-10-08T16:01:16+00:00\",\"dateModified\":\"2024-10-08T16:01:25+00:00\",\"mainEntityOfPage\":{\"@id\":\"https:\\\/\\\/macite.tg\\\/?p=17095\"},\"wordCount\":298,\"commentCount\":0,\"image\":{\"@id\":\"https:\\\/\\\/macite.tg\\\/?p=17095#primaryimage\"},\"thumbnailUrl\":\"https:\\\/\\\/macite.tg\\\/wp-content\\\/uploads\\\/2024\\\/10\\\/OIF.jpg\",\"articleSection\":[\"ACTUALITE\",\"SPORTS\"],\"inLanguage\":\"fr-FR\",\"potentialAction\":[{\"@type\":\"CommentAction\",\"name\":\"Comment\",\"target\":[\"https:\\\/\\\/macite.tg\\\/?p=17095#respond\"]}]},{\"@type\":\"WebPage\",\"@id\":\"https:\\\/\\\/macite.tg\\\/?p=17095\",\"url\":\"https:\\\/\\\/macite.tg\\\/?p=17095\",\"name\":\"ELIM CAN MAROC 2025\\\/TOGO : Le coach Dar\u00e9 perd Geoffrey Agbolossou sur blessure\u2026 le portier d\u2019Asko \u00e0 la rescousse -\",\"isPartOf\":{\"@id\":\"https:\\\/\\\/macite.tg\\\/#website\"},\"primaryImageOfPage\":{\"@id\":\"https:\\\/\\\/macite.tg\\\/?p=17095#primaryimage\"},\"image\":{\"@id\":\"https:\\\/\\\/macite.tg\\\/?p=17095#primaryimage\"},\"thumbnailUrl\":\"https:\\\/\\\/macite.tg\\\/wp-content\\\/uploads\\\/2024\\\/10\\\/OIF.jpg\",\"datePublished\":\"2024-10-08T16:01:16+00:00\",\"dateModified\":\"2024-10-08T16:01:25+00:00\",\"author\":{\"@id\":\"https:\\\/\\\/macite.tg\\\/#\\\/schema\\\/person\\\/e9f2de7e5dbbe7770a9402c7ce82f5c2\"},\"breadcrumb\":{\"@id\":\"https:\\\/\\\/macite.tg\\\/?p=17095#breadcrumb\"},\"inLanguage\":\"fr-FR\",\"potentialAction\":[{\"@type\":\"ReadAction\",\"target\":[\"https:\\\/\\\/macite.tg\\\/?p=17095\"]}]},{\"@type\":\"ImageObject\",\"inLanguage\":\"fr-FR\",\"@id\":\"https:\\\/\\\/macite.tg\\\/?p=17095#primaryimage\",\"url\":\"https:\\\/\\\/macite.tg\\\/wp-content\\\/uploads\\\/2024\\\/10\\\/OIF.jpg\",\"contentUrl\":\"https:\\\/\\\/macite.tg\\\/wp-content\\\/uploads\\\/2024\\\/10\\\/OIF.jpg\",\"width\":364,\"height\":270,\"caption\":\"Le portier togolais Geoffrey Agbolossou\"},{\"@type\":\"BreadcrumbList\",\"@id\":\"https:\\\/\\\/macite.tg\\\/?p=17095#breadcrumb\",\"itemListElement\":[{\"@type\":\"ListItem\",\"position\":1,\"name\":\"Accueil\",\"item\":\"https:\\\/\\\/macite.tg\\\/\"},{\"@type\":\"ListItem\",\"position\":2,\"name\":\"ELIM CAN MAROC 2025\\\/TOGO : Le coach Dar\u00e9 perd Geoffrey Agbolossou sur blessure\u2026 le portier d\u2019Asko \u00e0 la rescousse\"}]},{\"@type\":\"WebSite\",\"@id\":\"https:\\\/\\\/macite.tg\\\/#website\",\"url\":\"https:\\\/\\\/macite.tg\\\/\",\"name\":\"\",\"description\":\"L&#039;information, la bonne!!!\",\"potentialAction\":[{\"@type\":\"SearchAction\",\"target\":{\"@type\":\"EntryPoint\",\"urlTemplate\":\"https:\\\/\\\/macite.tg\\\/?s={search_term_string}\"},\"query-input\":{\"@type\":\"PropertyValueSpecification\",\"valueRequired\":true,\"valueName\":\"search_term_string\"}}],\"inLanguage\":\"fr-FR\"},{\"@type\":\"Person\",\"@id\":\"https:\\\/\\\/macite.tg\\\/#\\\/schema\\\/person\\\/e9f2de7e5dbbe7770a9402c7ce82f5c2\",\"name\":\"Jean Pierre BAWELA\",\"image\":{\"@type\":\"ImageObject\",\"inLanguage\":\"fr-FR\",\"@id\":\"https:\\\/\\\/macite.tg\\\/wp-content\\\/uploads\\\/2023\\\/09\\\/WhatsApp-Image-2023-09-19-at-14.44.41-122x122.jpeg\",\"url\":\"https:\\\/\\\/macite.tg\\\/wp-content\\\/uploads\\\/2023\\\/09\\\/WhatsApp-Image-2023-09-19-at-14.44.41-122x122.jpeg\",\"contentUrl\":\"https:\\\/\\\/macite.tg\\\/wp-content\\\/uploads\\\/2023\\\/09\\\/WhatsApp-Image-2023-09-19-at-14.44.41-122x122.jpeg\",\"caption\":\"Jean Pierre BAWELA\"},\"url\":\"https:\\\/\\\/macite.tg\\\/?author=2\"}]}<\/script>\n<!-- \/ Yoast SEO plugin. -->","yoast_head_json":{"title":"ELIM CAN MAROC 2025\/TOGO : Le coach Dar\u00e9 perd Geoffrey Agbolossou sur blessure\u2026 le portier d\u2019Asko \u00e0 la rescousse -","robots":{"index":"index","follow":"follow","max-snippet":"max-snippet:-1","max-image-preview":"max-image-preview:large","max-video-preview":"max-video-preview:-1"},"canonical":"https:\/\/macite.tg\/?p=17095","og_locale":"fr_FR","og_type":"article","og_title":"ELIM CAN MAROC 2025\/TOGO : Le coach Dar\u00e9 perd Geoffrey Agbolossou sur blessure\u2026 le portier d\u2019Asko \u00e0 la rescousse -","og_description":"La cellule de communication de la F\u00e9d\u00e9ration Togolaise de Football (Ftf) a officialis\u00e9 ce mardi matin la blessure de Geoffrey Agbolossou, le gardien des \u00c9perviers. Le portier du FC Balagne en France est forfait pour la double confrontation entre le Togo et l&rsquo;Alg\u00e9rie. Nibomb\u00e9 Dar\u00e9 [&hellip;]","og_url":"https:\/\/macite.tg\/?p=17095","article_published_time":"2024-10-08T16:01:16+00:00","article_modified_time":"2024-10-08T16:01:25+00:00","og_image":[{"width":364,"height":270,"url":"https:\/\/macite.tg\/wp-content\/uploads\/2024\/10\/OIF.jpg","type":"image\/jpeg"}],"author":"Jean Pierre BAWELA","twitter_card":"summary_large_image","twitter_misc":{"\u00c9crit par":"Jean Pierre BAWELA","Dur\u00e9e de lecture estim\u00e9e":"1 minute"},"schema":{"@context":"https:\/\/schema.org","@graph":[{"@type":"Article","@id":"https:\/\/macite.tg\/?p=17095#article","isPartOf":{"@id":"https:\/\/macite.tg\/?p=17095"},"author":{"name":"Jean Pierre BAWELA","@id":"https:\/\/macite.tg\/#\/schema\/person\/e9f2de7e5dbbe7770a9402c7ce82f5c2"},"headline":"ELIM CAN MAROC 2025\/TOGO : Le coach Dar\u00e9 perd Geoffrey Agbolossou sur blessure\u2026 le portier d\u2019Asko \u00e0 la rescousse","datePublished":"2024-10-08T16:01:16+00:00","dateModified":"2024-10-08T16:01:25+00:00","mainEntityOfPage":{"@id":"https:\/\/macite.tg\/?p=17095"},"wordCount":298,"commentCount":0,"image":{"@id":"https:\/\/macite.tg\/?p=17095#primaryimage"},"thumbnailUrl":"https:\/\/macite.tg\/wp-content\/uploads\/2024\/10\/OIF.jpg","articleSection":["ACTUALITE","SPORTS"],"inLanguage":"fr-FR","potentialAction":[{"@type":"CommentAction","name":"Comment","target":["https:\/\/macite.tg\/?p=17095#respond"]}]},{"@type":"WebPage","@id":"https:\/\/macite.tg\/?p=17095","url":"https:\/\/macite.tg\/?p=17095","name":"ELIM CAN MAROC 2025\/TOGO : Le coach Dar\u00e9 perd Geoffrey Agbolossou sur blessure\u2026 le portier d\u2019Asko \u00e0 la rescousse -","isPartOf":{"@id":"https:\/\/macite.tg\/#website"},"primaryImageOfPage":{"@id":"https:\/\/macite.tg\/?p=17095#primaryimage"},"image":{"@id":"https:\/\/macite.tg\/?p=17095#primaryimage"},"thumbnailUrl":"https:\/\/macite.tg\/wp-content\/uploads\/2024\/10\/OIF.jpg","datePublished":"2024-10-08T16:01:16+00:00","dateModified":"2024-10-08T16:01:25+00:00","author":{"@id":"https:\/\/macite.tg\/#\/schema\/person\/e9f2de7e5dbbe7770a9402c7ce82f5c2"},"breadcrumb":{"@id":"https:\/\/macite.tg\/?p=17095#breadcrumb"},"inLanguage":"fr-FR","potentialAction":[{"@type":"ReadAction","target":["https:\/\/macite.tg\/?p=17095"]}]},{"@type":"ImageObject","inLanguage":"fr-FR","@id":"https:\/\/macite.tg\/?p=17095#primaryimage","url":"https:\/\/macite.tg\/wp-content\/uploads\/2024\/10\/OIF.jpg","contentUrl":"https:\/\/macite.tg\/wp-content\/uploads\/2024\/10\/OIF.jpg","width":364,"height":270,"caption":"Le portier togolais Geoffrey Agbolossou"},{"@type":"BreadcrumbList","@id":"https:\/\/macite.tg\/?p=17095#breadcrumb","itemListElement":[{"@type":"ListItem","position":1,"name":"Accueil","item":"https:\/\/macite.tg\/"},{"@type":"ListItem","position":2,"name":"ELIM CAN MAROC 2025\/TOGO : Le coach Dar\u00e9 perd Geoffrey Agbolossou sur blessure\u2026 le portier d\u2019Asko \u00e0 la rescousse"}]},{"@type":"WebSite","@id":"https:\/\/macite.tg\/#website","url":"https:\/\/macite.tg\/","name":"","description":"L&#039;information, la bonne!!!","potentialAction":[{"@type":"SearchAction","target":{"@type":"EntryPoint","urlTemplate":"https:\/\/macite.tg\/?s={search_term_string}"},"query-input":{"@type":"PropertyValueSpecification","valueRequired":true,"valueName":"search_term_string"}}],"inLanguage":"fr-FR"},{"@type":"Person","@id":"https:\/\/macite.tg\/#\/schema\/person\/e9f2de7e5dbbe7770a9402c7ce82f5c2","name":"Jean Pierre BAWELA","image":{"@type":"ImageObject","inLanguage":"fr-FR","@id":"https:\/\/macite.tg\/wp-content\/uploads\/2023\/09\/WhatsApp-Image-2023-09-19-at-14.44.41-122x122.jpeg","url":"https:\/\/macite.tg\/wp-content\/uploads\/2023\/09\/WhatsApp-Image-2023-09-19-at-14.44.41-122x122.jpeg","contentUrl":"https:\/\/macite.tg\/wp-content\/uploads\/2023\/09\/WhatsApp-Image-2023-09-19-at-14.44.41-122x122.jpeg","caption":"Jean Pierre BAWELA"},"url":"https:\/\/macite.tg\/?author=2"}]}},"_links":{"self":[{"href":"https:\/\/macite.tg\/index.php?rest_route=\/wp\/v2\/posts\/17095","targetHints":{"allow":["GET"]}}],"collection":[{"href":"https:\/\/macite.tg\/index.php?rest_route=\/wp\/v2\/posts"}],"about":[{"href":"https:\/\/macite.tg\/index.php?rest_route=\/wp\/v2\/types\/post"}],"author":[{"embeddable":true,"href":"https:\/\/macite.tg\/index.php?rest_route=\/wp\/v2\/users\/2"}],"replies":[{"embeddable":true,"href":"https:\/\/macite.tg\/index.php?rest_route=%2Fwp%2Fv2%2Fcomments&post=17095"}],"version-history":[{"count":0,"href":"https:\/\/macite.tg\/index.php?rest_route=\/wp\/v2\/posts\/17095\/revisions"}],"wp:featuredmedia":[{"embeddable":true,"href":"https:\/\/macite.tg\/index.php?rest_route=\/wp\/v2\/media\/17098"}],"wp:attachment":[{"href":"https:\/\/macite.tg\/index.php?rest_route=%2Fwp%2Fv2%2Fmedia&parent=17095"}],"wp:term":[{"taxonomy":"category","embeddable":true,"href":"https:\/\/macite.tg\/index.php?rest_route=%2Fwp%2Fv2%2Fcategories&post=17095"},{"taxonomy":"post_tag","embeddable":true,"href":"https:\/\/macite.tg\/index.php?rest_route=%2Fwp%2Fv2%2Ftags&post=17095"}],"curies":[{"name":"wp","href":"https:\/\/api.w.org\/{rel}","templated":true}]}}