{"id":17085,"date":"2024-10-08T12:04:10","date_gmt":"2024-10-08T12:04:10","guid":{"rendered":"https:\/\/macite.tg\/?p=17085"},"modified":"2024-10-08T12:04:25","modified_gmt":"2024-10-08T12:04:25","slug":"religion-les-adieux-non-remarques-de-mgr-nicodeme-barrigah","status":"publish","type":"post","link":"https:\/\/macite.tg\/?p=17085","title":{"rendered":"RELIGION\u00a0: Les Adieux non remarqu\u00e9s de Mgr Nicod\u00e8me Barrigah&#8230;"},"content":{"rendered":"\n<p class=\"wp-block-paragraph\"><em>\u00ab <strong>Notre c\u0153ur n\u2019\u00e9tait-il pas br\u00fblant en nous, tandis qu\u2019il nous parlait sur la route et nous ouvrait les \u00c9critures ? \u00bb Luc 24, 32-34<\/strong><\/em><\/p>\n\n\n\n<p class=\"wp-block-paragraph\"><strong><em>\u00a0Lorsque le soleil s\u2019est lev\u00e9 sur nous ce dimanche matin du 04 Ao\u00fbt 2024, on \u00e9tait loin de savoir que quelque chose de si grave allait nous arriver. L\u2019on ne pouvait s\u2019imaginer que nous allions devenir orphelin dans cette Eglise famille de Dieu \u00e0 Lom\u00e9. L\u2019on ne pouvait jamais imaginer qu\u2019un fil allait se couper d\u00e9finitivement et que notre fiert\u00e9 allait s\u2019\u00e9teindre.<\/em><\/strong> <\/p>\n\n\n\n<p class=\"wp-block-paragraph\">Et pourtant, ce dimanche matin pour annoncer ce grand mais triste \u00e9v\u00e9nement, tout \u00e9tait calme dans le ciel de Lom\u00e9, notre ville archi\u00e9piscopale. L\u2019ambiance \u00e9tait morose comme si nous \u00e9tions en p\u00e9riode d\u2019harmattan. Une certaine lourdeur pesait sur la ville, un calme se faisait sentir m\u00eame sur nos diff\u00e9rentes paroisses.<\/p>\n\n\n\n<p class=\"wp-block-paragraph\">Et pourtant, la veille, il y\u2019avait eu une messe d\u2019ordination sacerdotale d\u2019une quinzaine de religieux sans l\u2019ordinaire des lieux, notre p\u00e8re Archev\u00eaque qui crevait silencieusement sous le poids de cette fichue maladie qui finira par l\u2019emporter.<\/p>\n\n\n\n<p class=\"wp-block-paragraph\">Et soudain, vers 13heures, les premi\u00e8res terribles informations commenc\u00e8rent par circuler. De partout, on se pr\u00e9cipita pour les v\u00e9rifier avec l\u2019espoir qu\u2019elle sera d\u00e9mentie.<\/p>\n\n\n<div class=\"wp-block-image\">\n<figure class=\"aligncenter size-full is-resized\"><img loading=\"lazy\" decoding=\"async\" src=\"https:\/\/macite.tg\/wp-content\/uploads\/2024\/09\/IMG-20240313-WA0013-2.jpg\" alt=\"\" class=\"wp-image-16852\" width=\"838\" height=\"206\" srcset=\"https:\/\/macite.tg\/wp-content\/uploads\/2024\/09\/IMG-20240313-WA0013-2.jpg 690w, https:\/\/macite.tg\/wp-content\/uploads\/2024\/09\/IMG-20240313-WA0013-2-300x74.jpg 300w\" sizes=\"auto, (max-width: 838px) 100vw, 838px\" \/><\/figure>\n<\/div>\n\n\n<p class=\"wp-block-paragraph\">Quelques instants apr\u00e8s, comme en avril 2014 avec Mgr Robert-Casimir Dosseh-Anyron depuis la France et en Janvier 2024 depuis Atakpam\u00e9 pour Mgr Philippe Kpodzro, courageusement, Mgr Beno\u00eet Comlan Alowonou, Pr\u00e9sident en exercice de la CET vint annoncer avec foi et esp\u00e9rance en la r\u00e9surrection malgr\u00e9 le d\u00e9sarroi et l\u2019angoisse, la terrible nouvelle que nous craignions&nbsp;:&nbsp;<em>\u00ab&nbsp;La Conf\u00e9rence des Ev\u00eaques du Togo vient vous annoncer la nouvelle humainement triste et surprenante du rappel \u00e0 Dieu de son serviteur, S.E. Mgr Yves-Nicod\u00e8me Anani Barrigah-Benissan, Archev\u00eaque M\u00e9tropolitain de Lom\u00e9, ce dimanche 04 ao\u00fbt 2024 \u00e0 l\u2019h\u00f4pital Dogta-Lafi\u00e8 \u00e0 Lom\u00e9&nbsp;\u00bb,<\/em> \u00e9crit Mgr Alowonou, tr\u00e8s boulevers\u00e9 et inconsolable. Un v\u00e9ritable coup de tonnerre dans un ciel serein.<\/p>\n\n\n\n<p class=\"wp-block-paragraph\">Des g\u00e9missements, des pleurs, des lamentations et des questionnements sans r\u00e9ponse foisonnent de partout. Pourquoi lui&nbsp;? Qu\u2019est-il arriv\u00e9 \u00e0 notre bien aim\u00e9 P\u00e8re Archev\u00eaque&nbsp;? \u00e9tait-il malade&nbsp;? De quoi souffrait-il&nbsp;? Des questions sans r\u00e9ponses.<\/p>\n\n\n\n<p class=\"wp-block-paragraph\">Au fond de nos larmes, une principale question revenait sur toutes les l\u00e8vres&nbsp;: P\u00e8re bien aim\u00e9, comment pouvais-tu ainsi nous laisser, nous abandonner, nous quitter d\u00e9finitivement sans un seul mot&nbsp;? Sans un seul geste d\u2019au revoir&nbsp;? Nous bl\u00e2mions le ciel en nous apitoyant sur notre triste sort. Et puis subitement, nous vint \u00e0 l\u2019esprit l\u2019\u00e9vangile de saint Luc 24, 18-35 qui rapportait l\u2019apparition de J\u00e9sus ressuscit\u00e9 aux deux disciples d\u2019Emma\u00fcs. Oui, deux mois plus tard apr\u00e8s ton d\u00e9part de ce monde, nous commen\u00e7ons par comprendre. Mgr Nicod\u00e8me nous avait pourtant avertis qu\u2019il partait.<\/p>\n\n\n\n<p class=\"wp-block-paragraph\">Ah, bien aim\u00e9 P\u00e8re, tu nous avais averti que tu partais mais incr\u00e9dules nos c\u0153urs sont rest\u00e9s fermes au message de ton Souverain Ma\u00eetre comme nos p\u00e8res au temps du d\u00e9sert.<\/p>\n\n\n\n<p class=\"wp-block-paragraph\">Oui, les Adieux, il y en a eu de vous \u00e0 nous sans que nous ne nous rendions compte&nbsp;!<\/p>\n\n\n<div class=\"wp-block-image\">\n<figure class=\"aligncenter size-full is-resized\"><img loading=\"lazy\" decoding=\"async\" src=\"https:\/\/macite.tg\/wp-content\/uploads\/2024\/10\/ANNONCES-1-768x319-1.jpg\" alt=\"\" class=\"wp-image-16914\" width=\"858\" height=\"356\" srcset=\"https:\/\/macite.tg\/wp-content\/uploads\/2024\/10\/ANNONCES-1-768x319-1.jpg 768w, https:\/\/macite.tg\/wp-content\/uploads\/2024\/10\/ANNONCES-1-768x319-1-300x125.jpg 300w\" sizes=\"auto, (max-width: 858px) 100vw, 858px\" \/><\/figure>\n<\/div>\n\n\n<p class=\"wp-block-paragraph\">En effet, \u00e0 la rentr\u00e9e pastorale 2023-2024, le th\u00e8me pastoral communiqu\u00e9 \u00e9tait pour la p\u00e9riode 2023 \u00e0 2025. Oui, un th\u00e8me pour deux ann\u00e9es pastorales et cela n\u2019a surpris personne. Notre P\u00e8re Archev\u00eaque bien aim\u00e9, \u00e0 l\u2019\u00e9coute de son Souverain Maitre et pouss\u00e9 par l\u2019esprit \u00e0 son propre insu nous disait qu\u2019il \u00e9tait en train de partir et l\u2019esprit pr\u00e9parait ainsi le vide. Intimement uni \u00e0 son cr\u00e9ateur qui nous savait bient\u00f4t orphelins et lui comme un vrai chef de troupe, un v\u00e9ritable chef de famille, nous laissait de quoi nous entretenir et vivre. Mais, nous autres n\u2019avions rien compris car <em>\u00ab&nbsp;Comme nos p\u00e8res au d\u00e9sert, nos c\u0153urs \u00e9taient ferm\u00e9s&nbsp;\u00bb,<\/em> Psaume 94.<\/p>\n\n\n\n<p class=\"wp-block-paragraph\">Le 27 Mars 2024, c\u2019\u00e9tait la messe chrismale dans notre archidioc\u00e8se.\u00a0 Nombreux nous \u00e9tions venus vivre cette eucharistie et voir le clerg\u00e9 renouveler ses promesses. Curieusement, bien aim\u00e9 P\u00e8re, tu as fait pr\u00e9sider cette historique messe par Mgr Moise Touho, l\u2019\u00e9v\u00eaque du dioc\u00e8se d\u2019Atakpam\u00e9 en ta pr\u00e9sence et en compagnie de Mgr Denis.<\/p>\n\n\n\n<p class=\"wp-block-paragraph\">A l\u2019\u00e9poque, nous parlions d\u2019amabilit\u00e9 et de signe d\u2019encouragement \u00e0 l\u2019endroit de ton jeune confr\u00e8re dans l\u2019\u00e9piscopat. Pouss\u00e9 par l\u2019esprit et \u00e0 son insu, Mgr posait des actes qui aujourd\u2019hui peuvent \u00eatre interpr\u00e9t\u00e9s comme des signes pr\u00e9curseurs de la prochaine vacance du si\u00e8ge archi \u00e9piscopal de Lom\u00e9. Et comme les disciples d\u2019Emma\u00fcs, nos yeux et nos c\u0153urs \u00e9taient ferm\u00e9s \u00e0 tout.<\/p>\n\n\n\n<p class=\"wp-block-paragraph\">Durant tout le triduum pascal, les c\u00e9l\u00e9brations eucharistiques \u00e9taient pr\u00e9sid\u00e9es par le Vicaire G\u00e9n\u00e9ral, l\u2019administrateur de la cath\u00e9drale. Mais, Mgr pourquoi nos c\u0153urs, nos yeux et nos oreilles \u00e9taient si ferm\u00e9s&nbsp;? Nous n\u2019avions m\u00eame pas constat\u00e9 ton absence et nous n\u2019avions pas remarqu\u00e9 que notre bien aim\u00e9 P\u00e8re Archev\u00eaque \u00e9tait l\u00e0 sans \u00eatre l\u00e0.<\/p>\n\n\n\n<p class=\"wp-block-paragraph\">Et vinrent les festivit\u00e9s marquant les dix ans de d\u00e9c\u00e8s de Mgr Dosseh.<\/p>\n\n\n\n<p class=\"wp-block-paragraph\">\u00a0Lorsqu\u2019en Avril 2024, notre P\u00e8re Archev\u00eaque n\u2019a pas pu pr\u00e9sider les diff\u00e9rents \u00e9v\u00e8nements marquant les dix ans de d\u00e9part pour les noces \u00e9ternelles de celui qu\u2019il aimait appeler\u00a0<em>:\u00ab\u00a0notre tr\u00e8s bien aim\u00e9 P\u00e8re Archev\u00eaque Mgr Robert Casimir Dosseh-Anyron\u00a0\u00bb,<\/em> nous ne nous sommes pos\u00e9s aucune question. Et pourtant, la phase introductive de la pr\u00e9face du recueil de souvenir des dix ans de d\u00e9c\u00e8s de Mgr DOSSEH \u00e9tait plus qu\u2019une exhortation \u00e0 l\u2019endroit du peuple\u00a0<em>\u00ab\u00a0Souvenez-vous de ceux qui vous ont dirig\u00e9s, ils vous ont annonc\u00e9 la parole de Dieu. M\u00e9ditez sur l\u2019aboutissement de la vie qu\u2019ils ont men\u00e9 et imitez leur foi\u00a0\u00bb <\/em>H\u00e9breux 13,7.<\/p>\n\n\n<div class=\"wp-block-image\">\n<figure class=\"aligncenter size-full\"><img loading=\"lazy\" decoding=\"async\" width=\"512\" height=\"640\" src=\"https:\/\/macite.tg\/wp-content\/uploads\/2024\/09\/30-Depreciation-1.jpg\" alt=\"\" class=\"wp-image-16849\" srcset=\"https:\/\/macite.tg\/wp-content\/uploads\/2024\/09\/30-Depreciation-1.jpg 512w, https:\/\/macite.tg\/wp-content\/uploads\/2024\/09\/30-Depreciation-1-240x300.jpg 240w\" sizes=\"auto, (max-width: 512px) 100vw, 512px\" \/><\/figure>\n<\/div>\n\n\n<p class=\"wp-block-paragraph\">La citation de ce passage de la lettre aux h\u00e9breux n\u2019est pas fortuite. On le dirait m\u00eame pr\u00e9monitoire. L\u2019esprit nous parlait certainement \u00e0 ton insu et nous autres comme de mauvais veilleurs continuons de somnoler ou de dormir. Oh P\u00e8re bien aim\u00e9, bient\u00f4t notre devoir de prier pour toi, de prier pour ton repos en Dieu va commencer. Mais le sachions-nous \u00e0 l\u2019\u00e9poque&nbsp;?<\/p>\n\n\n\n<p class=\"wp-block-paragraph\">Et puis vint la f\u00eate de la pentec\u00f4te&nbsp;;<\/p>\n\n\n\n<p class=\"wp-block-paragraph\">&nbsp;P\u00e8re, \u00e0 la messe habituelle de 06h \u00e0 la cath\u00e9drale \u00e0 l\u2019occasion de cette solennit\u00e9, tu n\u2019y \u00e9tais pas. Ce jour-l\u00e0, ce dimanche de la Pentec\u00f4te date dite de naissance de la Sainte Eglise Catholique romaine co\u00efncidait avec ton anniversaire de naissance. Et fort curieusement, c\u2019est \u00e0 la messe de 11h g\u00e9n\u00e9ralement r\u00e9serv\u00e9e aux enfants que tu es venu prier avec nous.<\/p>\n\n\n\n<p class=\"wp-block-paragraph\">Oui, P\u00e8re, tu \u00e9tais l\u00e0 pour parler une derni\u00e8re fois \u00e0 tes enfants en Eglise. Aujourd\u2019hui, on dirait que c\u2019\u00e9tait l\u2019image d\u2019un papa donnant des instructions \u00e0 ses enfants \u00e0 la veille d\u2019un voyage important et qui allait durer. Une fois encore, nos c\u0153urs endurcis \u00e9taient ferm\u00e9s<\/p>\n\n\n\n<p class=\"wp-block-paragraph\">Puis, vint ce voyage sur les Etats Unis dans les conditions que nul ne peut d\u00e9crire ici.<\/p>\n\n\n\n<p class=\"wp-block-paragraph\">Oui, P\u00e8re, l\u00e0 encore nos yeux, nos c\u0153urs et nos oreilles \u00e9taient ferm\u00e9s \u00e0 tout.<\/p>\n\n\n\n<p class=\"wp-block-paragraph\">Vos diff\u00e9rents messages \u00e0 diverses occasions \u00e9taient pour nous des sources d\u2019esp\u00e9rance, de proximit\u00e9&nbsp;; de pr\u00e9sence et de r\u00e9confort. On se rappelle particuli\u00e8rement la joie qui nous avait anim\u00e9 lorsqu\u2019\u00e0 la mort du TRP Pierre Dovi N\u2019Danu, nous avons d\u00e9couvert l\u2019annonce du d\u00e9c\u00e8s sign\u00e9e de tes mains. Nous nous sommes sentis r\u00e9confort\u00e9s et nourris de l\u2019espoir de te revoir sous peu.<\/p>\n\n\n\n<p class=\"wp-block-paragraph\">Oh bien aim\u00e9 P\u00e8re, comment pouvions nous comprendre que bient\u00f4t il ne restera que ces messages en souvenir du temps pass\u00e9 ensemble et de ce que nous avons ensemble entrepris.<\/p>\n\n\n\n<p class=\"wp-block-paragraph\">On dirait que sans le savoir, Oh bien aim\u00e9 P\u00e8re, tu nous faisais tes adieux, On dirait que sans le savoir, tu nous as pr\u00e9venu du vide et du silence qui depuis deux mois se sont impos\u00e9s \u00e0 nous. Mais, nous autres, comme les disciples d\u2019Emma\u00fcs ne comprenions rien.<\/p>\n\n\n\n<p class=\"wp-block-paragraph\">Les adieux, tu nous en avais fait. Seulement, nous n\u2019avons pas su comprendre<\/p>\n\n\n\n<p class=\"wp-block-paragraph\">On se rappelle la derni\u00e8re session de la Conf\u00e9rence des Ev\u00eaques du Togo. Oh bien aim\u00e9 P\u00e8re, alors que tu \u00e9tais durement \u00e9prouv\u00e9 par la maladie, tu as tenu \u00e0 y \u00eatre, certainement pouss\u00e9 par l\u2019esprit pour dire adieu \u00e0 tes bienaim\u00e9s fr\u00e8res dans l\u2019\u00e9piscopat.<\/p>\n\n\n<div class=\"wp-block-image\">\n<figure class=\"aligncenter size-full is-resized\"><img loading=\"lazy\" decoding=\"async\" src=\"https:\/\/macite.tg\/wp-content\/uploads\/2024\/09\/2e5452d9-56af-4310-be49-b9192525b106-1.jpg\" alt=\"\" class=\"wp-image-16861\" width=\"450\" height=\"616\" srcset=\"https:\/\/macite.tg\/wp-content\/uploads\/2024\/09\/2e5452d9-56af-4310-be49-b9192525b106-1.jpg 720w, https:\/\/macite.tg\/wp-content\/uploads\/2024\/09\/2e5452d9-56af-4310-be49-b9192525b106-1-219x300.jpg 219w\" sizes=\"auto, (max-width: 450px) 100vw, 450px\" \/><\/figure>\n<\/div>\n\n\n<p class=\"wp-block-paragraph\">D\u00e9j\u00e0 en octobre 2023, alors beaucoup dans ton entourage imm\u00e9diat doutaient de ta capacit\u00e9 \u00e0 voyager, Oh bien aim\u00e9, tu t\u2019es rendu \u00e0 Rome pour la visite ad limina. Certainement sans le savoir et surtout pouss\u00e9 l\u2019esprit, tu es y all\u00e9 dire au revoir \u00e0 beaucoup de personnes. Retourner \u00e0 Rome, la ville \u00e9ternelle, la Roma Amor pour dire au revoir \u00e9tait vraiment important. Et tu l\u2019as fait sans s\u2019en rendre compte.<\/p>\n\n\n\n<p class=\"wp-block-paragraph\">Comme dirait l\u2019autre, il y eut un matin, il y eut un soir et cela fait d\u00e9j\u00e0 deux mois.<\/p>\n\n\n\n<p class=\"wp-block-paragraph\">D\u00e9j\u00e0 deux mois que nous nous sommes r\u00e9veill\u00e9s de notre sommeil pour constater que tu es parti et nous ne te reverrons plus. D\u00e9j\u00e0 deux mois que faisant souvenir, nous nous sommes rendus comptes que nos c\u0153urs \u00e9taient bien ferm\u00e9s \u00e0 tout message que le Seigneur nous envoyait \u00e0 travers tes actes, tes d\u00e9cisions. Oh que c\u2019est triste bien aim\u00e9 P\u00e8re&nbsp;!<\/p>\n\n\n\n<p class=\"wp-block-paragraph\">D\u00e9sar\u00e7onn\u00e9s et perdus au milieu de nos lamentations, notre seul message, \u00e0 toi bien aim\u00e9 P\u00e8re Archev\u00eaque, est celui que tu nous avais laiss\u00e9 il y a quelques ann\u00e9es&nbsp;:<\/p>\n\n\n\n<p class=\"wp-block-paragraph\">\u00ab&nbsp;L\u00e0 o\u00f9 tu vas en quittant ce monde, il n\u2019y a plus de pleurs, ni larmes, car Dieu lui-m\u00eame sera ton bonheur, lui qui t\u2019accueille aupr\u00e8s de lui.<\/p>\n\n\n\n<p class=\"wp-block-paragraph\">L\u00e0 o\u00f9 tu vas sans rien garder avec toi, rien ne pourra jamais te manquer car Dieu lui-m\u00eame sera ton tr\u00e9sor, lui qui t\u2019accueille aupr\u00e8s de lui.&nbsp;<\/p>\n\n\n\n<p class=\"wp-block-paragraph\">Si ton d\u00e9part fait saigner nos c\u0153urs, dans la foi nous gardons l\u2019esp\u00e9rance.<\/p>\n\n\n<div class=\"wp-block-image\">\n<figure class=\"aligncenter size-full is-resized\"><img loading=\"lazy\" decoding=\"async\" src=\"https:\/\/macite.tg\/wp-content\/uploads\/2024\/10\/Centre-dappel.jpg\" alt=\"\" class=\"wp-image-17088\" width=\"552\" height=\"552\" srcset=\"https:\/\/macite.tg\/wp-content\/uploads\/2024\/10\/Centre-dappel.jpg 1024w, https:\/\/macite.tg\/wp-content\/uploads\/2024\/10\/Centre-dappel-300x300.jpg 300w, https:\/\/macite.tg\/wp-content\/uploads\/2024\/10\/Centre-dappel-150x150.jpg 150w, https:\/\/macite.tg\/wp-content\/uploads\/2024\/10\/Centre-dappel-768x768.jpg 768w, https:\/\/macite.tg\/wp-content\/uploads\/2024\/10\/Centre-dappel-122x122.jpg 122w\" sizes=\"auto, (max-width: 552px) 100vw, 552px\" \/><\/figure>\n<\/div>\n\n\n<p class=\"wp-block-paragraph\">Si ton d\u00e9part fait saigner nos c\u0153urs, nous croyons que nous nous reverrons&nbsp;\u00bb.<\/p>\n\n\n\n<p class=\"wp-block-paragraph\">P\u00e8re, pardonne-nous de n\u2019avoir pas remarqu\u00e9 que tu partais,<\/p>\n\n\n\n<p class=\"wp-block-paragraph\">Excuse nous d\u2019avoir \u00e9t\u00e9 si distants et si insensibles \u00e0 cette profonde souffrance que tu endurais. Mais de l\u00e0-haut, laisse ton c\u0153ur te surprendre en train de nous b\u00e9nir \u00e0 nouveau comme tu le faisais depuis ton si\u00e8ge archi\u00e9piscopal.<\/p>\n\n\n\n<p class=\"wp-block-paragraph\">Brave soldat du Christ, repose en paix&nbsp;!!<\/p>\n\n\n\n<p class=\"wp-block-paragraph\"><strong>Gilson D\u00e9sir\u00e9 Amenyo PARKOO <\/strong><strong>(In LE MEDIUM n\u00b0626 du 08 au 14 Octobre 2024)<\/strong><\/p>\n\n\n\n<p class=\"wp-block-paragraph\"><strong><em>@macite.tg&nbsp;&nbsp;&nbsp;&nbsp;&nbsp;&nbsp;&nbsp;&nbsp;<\/em><\/strong><\/p>\n\n\n\n<p class=\"wp-block-paragraph\"><strong><em>E-mail&nbsp;: <\/em><\/strong><a href=\"mailto:maciteinfo@gmail.com\"><strong><em>maciteinfo@gmail.com<\/em><\/strong><\/a><strong><em>; <\/em><\/strong><a href=\"mailto:bawela1@gmail.com\"><strong><em>bawela1@gmail.com<\/em><\/strong><\/a><strong><em><\/em><\/strong><\/p>\n\n\n\n<p class=\"wp-block-paragraph\"><strong><em>Pour vos annonces, (publi)reportages, etc., joignez-nous au (00228)91515309\/<strong>79872224 <\/strong>www.macite.tg, L\u2019information, la bonne&nbsp;!<\/em><\/strong><\/p>\n","protected":false},"excerpt":{"rendered":"<p class=\"text-justify mb-2\" >\u00ab Notre c\u0153ur n\u2019\u00e9tait-il pas br\u00fblant en nous, tandis qu\u2019il nous parlait sur la route et nous ouvrait les \u00c9critures ? \u00bb Luc 24, 32-34 \u00a0Lorsque le soleil s\u2019est lev\u00e9 sur nous ce dimanche matin du 04 Ao\u00fbt 2024, on \u00e9tait loin de savoir que [&hellip;]<\/p>\n","protected":false},"author":2,"featured_media":17089,"comment_status":"open","ping_status":"open","sticky":false,"template":"","format":"standard","meta":{"footnotes":""},"categories":[20,6],"tags":[],"class_list":["post-17085","post","type-post","status-publish","format-standard","has-post-thumbnail","hentry","category-actualite","category-societe"],"yoast_head":"<!-- This site is optimized with the Yoast SEO plugin v28.4 - https:\/\/yoast.com\/product\/yoast-seo-wordpress\/ -->\n<title>RELIGION\u00a0: Les Adieux non remarqu\u00e9s de Mgr Nicod\u00e8me Barrigah... -<\/title>\n<meta name=\"robots\" content=\"index, follow, max-snippet:-1, max-image-preview:large, max-video-preview:-1\" \/>\n<link rel=\"canonical\" href=\"https:\/\/macite.tg\/?p=17085\" \/>\n<meta property=\"og:locale\" content=\"fr_FR\" \/>\n<meta property=\"og:type\" content=\"article\" \/>\n<meta property=\"og:title\" content=\"RELIGION\u00a0: Les Adieux non remarqu\u00e9s de Mgr Nicod\u00e8me Barrigah... -\" \/>\n<meta property=\"og:description\" content=\"\u00ab Notre c\u0153ur n\u2019\u00e9tait-il pas br\u00fblant en nous, tandis qu\u2019il nous parlait sur la route et nous ouvrait les \u00c9critures ? \u00bb Luc 24, 32-34 \u00a0Lorsque le soleil s\u2019est lev\u00e9 sur nous ce dimanche matin du 04 Ao\u00fbt 2024, on \u00e9tait loin de savoir que [&hellip;]\" \/>\n<meta property=\"og:url\" content=\"https:\/\/macite.tg\/?p=17085\" \/>\n<meta property=\"article:published_time\" content=\"2024-10-08T12:04:10+00:00\" \/>\n<meta property=\"article:modified_time\" content=\"2024-10-08T12:04:25+00:00\" \/>\n<meta property=\"og:image\" content=\"https:\/\/macite.tg\/wp-content\/uploads\/2024\/10\/image-26.png\" \/>\n\t<meta property=\"og:image:width\" content=\"381\" \/>\n\t<meta property=\"og:image:height\" content=\"270\" \/>\n\t<meta property=\"og:image:type\" content=\"image\/png\" \/>\n<meta name=\"author\" content=\"Jean Pierre BAWELA\" \/>\n<meta name=\"twitter:card\" content=\"summary_large_image\" \/>\n<meta name=\"twitter:label1\" content=\"\u00c9crit par\" \/>\n\t<meta name=\"twitter:data1\" content=\"Jean Pierre BAWELA\" \/>\n\t<meta name=\"twitter:label2\" content=\"Dur\u00e9e de lecture estim\u00e9e\" \/>\n\t<meta name=\"twitter:data2\" content=\"9 minutes\" \/>\n<script type=\"application\/ld+json\" class=\"yoast-schema-graph\">{\"@context\":\"https:\\\/\\\/schema.org\",\"@graph\":[{\"@type\":\"Article\",\"@id\":\"https:\\\/\\\/macite.tg\\\/?p=17085#article\",\"isPartOf\":{\"@id\":\"https:\\\/\\\/macite.tg\\\/?p=17085\"},\"author\":{\"name\":\"Jean Pierre BAWELA\",\"@id\":\"https:\\\/\\\/macite.tg\\\/#\\\/schema\\\/person\\\/e9f2de7e5dbbe7770a9402c7ce82f5c2\"},\"headline\":\"RELIGION\u00a0: Les Adieux non remarqu\u00e9s de Mgr Nicod\u00e8me Barrigah&#8230;\",\"datePublished\":\"2024-10-08T12:04:10+00:00\",\"dateModified\":\"2024-10-08T12:04:25+00:00\",\"mainEntityOfPage\":{\"@id\":\"https:\\\/\\\/macite.tg\\\/?p=17085\"},\"wordCount\":1909,\"commentCount\":0,\"image\":{\"@id\":\"https:\\\/\\\/macite.tg\\\/?p=17085#primaryimage\"},\"thumbnailUrl\":\"https:\\\/\\\/macite.tg\\\/wp-content\\\/uploads\\\/2024\\\/10\\\/image-26.png\",\"articleSection\":[\"ACTUALITE\",\"SOCIETE\"],\"inLanguage\":\"fr-FR\",\"potentialAction\":[{\"@type\":\"CommentAction\",\"name\":\"Comment\",\"target\":[\"https:\\\/\\\/macite.tg\\\/?p=17085#respond\"]}]},{\"@type\":\"WebPage\",\"@id\":\"https:\\\/\\\/macite.tg\\\/?p=17085\",\"url\":\"https:\\\/\\\/macite.tg\\\/?p=17085\",\"name\":\"RELIGION\u00a0: Les Adieux non remarqu\u00e9s de Mgr Nicod\u00e8me Barrigah... -\",\"isPartOf\":{\"@id\":\"https:\\\/\\\/macite.tg\\\/#website\"},\"primaryImageOfPage\":{\"@id\":\"https:\\\/\\\/macite.tg\\\/?p=17085#primaryimage\"},\"image\":{\"@id\":\"https:\\\/\\\/macite.tg\\\/?p=17085#primaryimage\"},\"thumbnailUrl\":\"https:\\\/\\\/macite.tg\\\/wp-content\\\/uploads\\\/2024\\\/10\\\/image-26.png\",\"datePublished\":\"2024-10-08T12:04:10+00:00\",\"dateModified\":\"2024-10-08T12:04:25+00:00\",\"author\":{\"@id\":\"https:\\\/\\\/macite.tg\\\/#\\\/schema\\\/person\\\/e9f2de7e5dbbe7770a9402c7ce82f5c2\"},\"breadcrumb\":{\"@id\":\"https:\\\/\\\/macite.tg\\\/?p=17085#breadcrumb\"},\"inLanguage\":\"fr-FR\",\"potentialAction\":[{\"@type\":\"ReadAction\",\"target\":[\"https:\\\/\\\/macite.tg\\\/?p=17085\"]}]},{\"@type\":\"ImageObject\",\"inLanguage\":\"fr-FR\",\"@id\":\"https:\\\/\\\/macite.tg\\\/?p=17085#primaryimage\",\"url\":\"https:\\\/\\\/macite.tg\\\/wp-content\\\/uploads\\\/2024\\\/10\\\/image-26.png\",\"contentUrl\":\"https:\\\/\\\/macite.tg\\\/wp-content\\\/uploads\\\/2024\\\/10\\\/image-26.png\",\"width\":381,\"height\":270,\"caption\":\"Feu Mgr Nicod\u00e8me Barrigah-Benissan\"},{\"@type\":\"BreadcrumbList\",\"@id\":\"https:\\\/\\\/macite.tg\\\/?p=17085#breadcrumb\",\"itemListElement\":[{\"@type\":\"ListItem\",\"position\":1,\"name\":\"Accueil\",\"item\":\"https:\\\/\\\/macite.tg\\\/\"},{\"@type\":\"ListItem\",\"position\":2,\"name\":\"RELIGION\u00a0: Les Adieux non remarqu\u00e9s de Mgr Nicod\u00e8me Barrigah&#8230;\"}]},{\"@type\":\"WebSite\",\"@id\":\"https:\\\/\\\/macite.tg\\\/#website\",\"url\":\"https:\\\/\\\/macite.tg\\\/\",\"name\":\"\",\"description\":\"L&#039;information, la bonne!!!\",\"potentialAction\":[{\"@type\":\"SearchAction\",\"target\":{\"@type\":\"EntryPoint\",\"urlTemplate\":\"https:\\\/\\\/macite.tg\\\/?s={search_term_string}\"},\"query-input\":{\"@type\":\"PropertyValueSpecification\",\"valueRequired\":true,\"valueName\":\"search_term_string\"}}],\"inLanguage\":\"fr-FR\"},{\"@type\":\"Person\",\"@id\":\"https:\\\/\\\/macite.tg\\\/#\\\/schema\\\/person\\\/e9f2de7e5dbbe7770a9402c7ce82f5c2\",\"name\":\"Jean Pierre BAWELA\",\"image\":{\"@type\":\"ImageObject\",\"inLanguage\":\"fr-FR\",\"@id\":\"https:\\\/\\\/macite.tg\\\/wp-content\\\/uploads\\\/2023\\\/09\\\/WhatsApp-Image-2023-09-19-at-14.44.41-122x122.jpeg\",\"url\":\"https:\\\/\\\/macite.tg\\\/wp-content\\\/uploads\\\/2023\\\/09\\\/WhatsApp-Image-2023-09-19-at-14.44.41-122x122.jpeg\",\"contentUrl\":\"https:\\\/\\\/macite.tg\\\/wp-content\\\/uploads\\\/2023\\\/09\\\/WhatsApp-Image-2023-09-19-at-14.44.41-122x122.jpeg\",\"caption\":\"Jean Pierre BAWELA\"},\"url\":\"https:\\\/\\\/macite.tg\\\/?author=2\"}]}<\/script>\n<!-- \/ Yoast SEO plugin. -->","yoast_head_json":{"title":"RELIGION\u00a0: Les Adieux non remarqu\u00e9s de Mgr Nicod\u00e8me Barrigah... -","robots":{"index":"index","follow":"follow","max-snippet":"max-snippet:-1","max-image-preview":"max-image-preview:large","max-video-preview":"max-video-preview:-1"},"canonical":"https:\/\/macite.tg\/?p=17085","og_locale":"fr_FR","og_type":"article","og_title":"RELIGION\u00a0: Les Adieux non remarqu\u00e9s de Mgr Nicod\u00e8me Barrigah... -","og_description":"\u00ab Notre c\u0153ur n\u2019\u00e9tait-il pas br\u00fblant en nous, tandis qu\u2019il nous parlait sur la route et nous ouvrait les \u00c9critures ? \u00bb Luc 24, 32-34 \u00a0Lorsque le soleil s\u2019est lev\u00e9 sur nous ce dimanche matin du 04 Ao\u00fbt 2024, on \u00e9tait loin de savoir que [&hellip;]","og_url":"https:\/\/macite.tg\/?p=17085","article_published_time":"2024-10-08T12:04:10+00:00","article_modified_time":"2024-10-08T12:04:25+00:00","og_image":[{"width":381,"height":270,"url":"https:\/\/macite.tg\/wp-content\/uploads\/2024\/10\/image-26.png","type":"image\/png"}],"author":"Jean Pierre BAWELA","twitter_card":"summary_large_image","twitter_misc":{"\u00c9crit par":"Jean Pierre BAWELA","Dur\u00e9e de lecture estim\u00e9e":"9 minutes"},"schema":{"@context":"https:\/\/schema.org","@graph":[{"@type":"Article","@id":"https:\/\/macite.tg\/?p=17085#article","isPartOf":{"@id":"https:\/\/macite.tg\/?p=17085"},"author":{"name":"Jean Pierre BAWELA","@id":"https:\/\/macite.tg\/#\/schema\/person\/e9f2de7e5dbbe7770a9402c7ce82f5c2"},"headline":"RELIGION\u00a0: Les Adieux non remarqu\u00e9s de Mgr Nicod\u00e8me Barrigah&#8230;","datePublished":"2024-10-08T12:04:10+00:00","dateModified":"2024-10-08T12:04:25+00:00","mainEntityOfPage":{"@id":"https:\/\/macite.tg\/?p=17085"},"wordCount":1909,"commentCount":0,"image":{"@id":"https:\/\/macite.tg\/?p=17085#primaryimage"},"thumbnailUrl":"https:\/\/macite.tg\/wp-content\/uploads\/2024\/10\/image-26.png","articleSection":["ACTUALITE","SOCIETE"],"inLanguage":"fr-FR","potentialAction":[{"@type":"CommentAction","name":"Comment","target":["https:\/\/macite.tg\/?p=17085#respond"]}]},{"@type":"WebPage","@id":"https:\/\/macite.tg\/?p=17085","url":"https:\/\/macite.tg\/?p=17085","name":"RELIGION\u00a0: Les Adieux non remarqu\u00e9s de Mgr Nicod\u00e8me Barrigah... -","isPartOf":{"@id":"https:\/\/macite.tg\/#website"},"primaryImageOfPage":{"@id":"https:\/\/macite.tg\/?p=17085#primaryimage"},"image":{"@id":"https:\/\/macite.tg\/?p=17085#primaryimage"},"thumbnailUrl":"https:\/\/macite.tg\/wp-content\/uploads\/2024\/10\/image-26.png","datePublished":"2024-10-08T12:04:10+00:00","dateModified":"2024-10-08T12:04:25+00:00","author":{"@id":"https:\/\/macite.tg\/#\/schema\/person\/e9f2de7e5dbbe7770a9402c7ce82f5c2"},"breadcrumb":{"@id":"https:\/\/macite.tg\/?p=17085#breadcrumb"},"inLanguage":"fr-FR","potentialAction":[{"@type":"ReadAction","target":["https:\/\/macite.tg\/?p=17085"]}]},{"@type":"ImageObject","inLanguage":"fr-FR","@id":"https:\/\/macite.tg\/?p=17085#primaryimage","url":"https:\/\/macite.tg\/wp-content\/uploads\/2024\/10\/image-26.png","contentUrl":"https:\/\/macite.tg\/wp-content\/uploads\/2024\/10\/image-26.png","width":381,"height":270,"caption":"Feu Mgr Nicod\u00e8me Barrigah-Benissan"},{"@type":"BreadcrumbList","@id":"https:\/\/macite.tg\/?p=17085#breadcrumb","itemListElement":[{"@type":"ListItem","position":1,"name":"Accueil","item":"https:\/\/macite.tg\/"},{"@type":"ListItem","position":2,"name":"RELIGION\u00a0: Les Adieux non remarqu\u00e9s de Mgr Nicod\u00e8me Barrigah&#8230;"}]},{"@type":"WebSite","@id":"https:\/\/macite.tg\/#website","url":"https:\/\/macite.tg\/","name":"","description":"L&#039;information, la bonne!!!","potentialAction":[{"@type":"SearchAction","target":{"@type":"EntryPoint","urlTemplate":"https:\/\/macite.tg\/?s={search_term_string}"},"query-input":{"@type":"PropertyValueSpecification","valueRequired":true,"valueName":"search_term_string"}}],"inLanguage":"fr-FR"},{"@type":"Person","@id":"https:\/\/macite.tg\/#\/schema\/person\/e9f2de7e5dbbe7770a9402c7ce82f5c2","name":"Jean Pierre BAWELA","image":{"@type":"ImageObject","inLanguage":"fr-FR","@id":"https:\/\/macite.tg\/wp-content\/uploads\/2023\/09\/WhatsApp-Image-2023-09-19-at-14.44.41-122x122.jpeg","url":"https:\/\/macite.tg\/wp-content\/uploads\/2023\/09\/WhatsApp-Image-2023-09-19-at-14.44.41-122x122.jpeg","contentUrl":"https:\/\/macite.tg\/wp-content\/uploads\/2023\/09\/WhatsApp-Image-2023-09-19-at-14.44.41-122x122.jpeg","caption":"Jean Pierre BAWELA"},"url":"https:\/\/macite.tg\/?author=2"}]}},"_links":{"self":[{"href":"https:\/\/macite.tg\/index.php?rest_route=\/wp\/v2\/posts\/17085","targetHints":{"allow":["GET"]}}],"collection":[{"href":"https:\/\/macite.tg\/index.php?rest_route=\/wp\/v2\/posts"}],"about":[{"href":"https:\/\/macite.tg\/index.php?rest_route=\/wp\/v2\/types\/post"}],"author":[{"embeddable":true,"href":"https:\/\/macite.tg\/index.php?rest_route=\/wp\/v2\/users\/2"}],"replies":[{"embeddable":true,"href":"https:\/\/macite.tg\/index.php?rest_route=%2Fwp%2Fv2%2Fcomments&post=17085"}],"version-history":[{"count":0,"href":"https:\/\/macite.tg\/index.php?rest_route=\/wp\/v2\/posts\/17085\/revisions"}],"wp:featuredmedia":[{"embeddable":true,"href":"https:\/\/macite.tg\/index.php?rest_route=\/wp\/v2\/media\/17089"}],"wp:attachment":[{"href":"https:\/\/macite.tg\/index.php?rest_route=%2Fwp%2Fv2%2Fmedia&parent=17085"}],"wp:term":[{"taxonomy":"category","embeddable":true,"href":"https:\/\/macite.tg\/index.php?rest_route=%2Fwp%2Fv2%2Fcategories&post=17085"},{"taxonomy":"post_tag","embeddable":true,"href":"https:\/\/macite.tg\/index.php?rest_route=%2Fwp%2Fv2%2Ftags&post=17085"}],"curies":[{"name":"wp","href":"https:\/\/api.w.org\/{rel}","templated":true}]}}