{"id":17080,"date":"2024-10-07T15:24:38","date_gmt":"2024-10-07T15:24:38","guid":{"rendered":"https:\/\/macite.tg\/?p=17080"},"modified":"2024-10-07T15:26:51","modified_gmt":"2024-10-07T15:26:51","slug":"partenariat-strategique-ue-maroc-linstitution-europeenne-et-ses-pays-membres-reaffirment-leur-attachement-indefectible","status":"publish","type":"post","link":"https:\/\/macite.tg\/?p=17080","title":{"rendered":"PARTENARIAT STRATEGIQUE UE-MAROC\u00a0: L\u2019institution europ\u00e9enne et ses pays membres r\u00e9affirment leur attachement ind\u00e9fectible"},"content":{"rendered":"\n<p class=\"wp-block-paragraph\"><\/p>\n\n\n\n<p class=\"wp-block-paragraph\"><strong><em>Suite \u00e0 l\u2019arr\u00eat de la Cour de justice de l\u2019Union europ\u00e9enne (Cjue) annulant les accords de p\u00eache et agricole entre l\u2019Union europ\u00e9enne et le Royaume du Maroc, l\u2019Union europ\u00e9enne et plusieurs pays membres sont mont\u00e9 au cr\u00e9neau pour exprimer leur attachement ind\u00e9fectible au partenariat strat\u00e9gique de l\u2019Union avec le Maroc et leur volont\u00e9 de le renforcer davantage.<\/em><\/strong><\/p>\n\n\n\n<p class=\"wp-block-paragraph\">Au lendemain de la d\u00e9cision de la Cjue concernant les accords de p\u00eache et agricole entre l\u2019UE et le Royaume, les hauts responsables europ\u00e9ens, notamment la de la Commission europ\u00e9enne, Ursula von der Leyen, et le Haut-repr\u00e9sentant de l\u2019Union Europ\u00e9enne, Josep Borrell, ont ouvert le bal des d\u00e9clarations contre cette d\u00e9cision de la Cour.<\/p>\n\n\n\n<p class=\"wp-block-paragraph\">Dans une d\u00e9claration conjointe, les deux hauts responsables europ\u00e9ens ont r\u00e9affirm\u00e9 l\u2019engagement de l\u2019Union en faveur davantage de pr\u00e9servation et de renforcement des relations \u00e9troites avec le Maroc dans tous les domaines, conform\u00e9ment au principe \u201cpacta sunt servanda\u201d.<\/p>\n\n\n<div class=\"wp-block-image\">\n<figure class=\"aligncenter size-full is-resized\"><img loading=\"lazy\" decoding=\"async\" src=\"https:\/\/macite.tg\/wp-content\/uploads\/2024\/09\/IMG-20240313-WA0013-2.jpg\" alt=\"\" class=\"wp-image-16852\" width=\"840\" height=\"207\" srcset=\"https:\/\/macite.tg\/wp-content\/uploads\/2024\/09\/IMG-20240313-WA0013-2.jpg 690w, https:\/\/macite.tg\/wp-content\/uploads\/2024\/09\/IMG-20240313-WA0013-2-300x74.jpg 300w\" sizes=\"auto, (max-width: 840px) 100vw, 840px\" \/><\/figure>\n<\/div>\n\n\n<p class=\"wp-block-paragraph\">Tout en relevant que les deux parties ont \u00e9tabli, au fil des ans,<em> \u00ab&nbsp;une profonde amiti\u00e9 et une coop\u00e9ration solide et multiforme, que nous entendons porter \u00e0 un niveau sup\u00e9rieur dans les semaines et les mois \u00e0 venir&nbsp;\u00bb,<\/em> les deux hauts responsables ont, \u00e0 travers cette sortie, acte d\u2019une grande raret\u00e9, rappel\u00e9 aux yeux du monde la place primordiale du Royaume du Maroc, et mat\u00e9rialis\u00e9 ainsi l\u2019importance de ce partenariat entre l\u2019Ue et le Royaume. Ils ont, \u00e0 cet effet, r\u00e9affirm\u00e9 la <em>\u201cgrande valeur\u201d<\/em> que l\u2019Ue attache \u00e0 <em>\u00ab&nbsp;son partenariat strat\u00e9gique avec le Maroc, qui est de longue date, vaste et profond&nbsp;\u00bb.<\/em><\/p>\n\n\n\n<p class=\"wp-block-paragraph\">Dan la foul\u00e9e de cette d\u00e9claration conjointe, plusieurs pays ont emboit\u00e9 le pas \u00e0 l\u2019Ue \u00e0 l\u2019image de l\u2019Espagne, la Belgique, la France, l\u2019Italie, les Pays-Bas, entre autres.<\/p>\n\n\n\n<p class=\"wp-block-paragraph\">Le ministre espagnol des Affaires \u00e9trang\u00e8res, Jos\u00e9 Manuel Albares, a mis en exergue l\u2019importance du partenariat strat\u00e9gique entre l\u2019Ue et le Maroc, sans occulter les <em>\u2018\u2019b\u00e9n\u00e9fices\u2019\u2019<\/em> qu\u2019il a apport\u00e9s aux secteurs de la p\u00eache et de l\u2019agriculture.<\/p>\n\n\n\n<p class=\"wp-block-paragraph\">Tout en soulignant le respect du gouvernement de son pays de la d\u00e9cision de la Cjue, Jos\u00e9 Manuel Albares a d\u2019abord d\u00e9fendu ce <em>\u2018\u2019partenariat strat\u00e9gique\u201d <\/em>avec le Maroc et exprim\u00e9 la volont\u00e9 de le maintenir, avant d\u2019indiquer que Madrid allait continuer \u00e0 <em>\u00ab\u00a0travailler avec l\u2019Ue et le Maroc pour pr\u00e9server et continuer \u00e0 d\u00e9velopper cette relation privil\u00e9gi\u00e9e\u00a0\u00bb<\/em>.<\/p>\n\n\n\n<p class=\"wp-block-paragraph\">La France, quant \u00e0 elle, a, par le biais du minist\u00e8re fran\u00e7ais de l\u2019Europe et des Affaires \u00e9trang\u00e8res, soulign\u00e9 que la relation entre l\u2019Union europ\u00e9enne et le Maroc rev\u00eat un caract\u00e8re strat\u00e9gique. A ce titre, Paris indique continuer d\u2019\u0153uvrer, avec ses partenaires europ\u00e9ens, au renforcement de leurs \u00e9changes, notamment \u00e9conomiques, et \u00e0 la pr\u00e9servation des acquis du partenariat, ceci dans le respect du droit international.<\/p>\n\n\n<div class=\"wp-block-image\">\n<figure class=\"aligncenter size-full is-resized\"><img loading=\"lazy\" decoding=\"async\" src=\"https:\/\/macite.tg\/wp-content\/uploads\/2024\/10\/ANNONCES-1-768x319-1.jpg\" alt=\"\" class=\"wp-image-16914\" width=\"833\" height=\"346\" srcset=\"https:\/\/macite.tg\/wp-content\/uploads\/2024\/10\/ANNONCES-1-768x319-1.jpg 768w, https:\/\/macite.tg\/wp-content\/uploads\/2024\/10\/ANNONCES-1-768x319-1-300x125.jpg 300w\" sizes=\"auto, (max-width: 833px) 100vw, 833px\" \/><\/figure>\n<\/div>\n\n\n<p class=\"wp-block-paragraph\">Dans cet \u00e9lan, le Quai d\u2019Orsay a tenu \u00e0 pr\u00e9ciser le contenu d\u2019un courrier du pr\u00e9sident fran\u00e7ais Emmanuel Marcon \u00e0 Sa Majest\u00e9 le Roi Mohammed VI, que Dieu Le Glorifie, \u00e0 l\u2019occasion de la F\u00eate du Tr\u00f4ne, dans lequel le leader fran\u00e7ais a exprim\u00e9 sa d\u00e9termination \u00e0 <em>\u00ab&nbsp;accompagner les efforts du Maroc en faveur du d\u00e9veloppement \u00e9conomique et social du Sahara, au b\u00e9n\u00e9fice des populations locales&nbsp;\u00bb.<\/em><\/p>\n\n\n\n<p class=\"wp-block-paragraph\">La voix de la Belgique s\u2019est faite entendre par le biais de son ministre des Affaires \u00e9trang\u00e8res, du Commerce ext\u00e9rieur et de la Coop\u00e9ration au d\u00e9veloppement. <em>\u00ab La Belgique r\u00e9it\u00e8re son attachement \u00e0 l\u2019amiti\u00e9 et au partenariat strat\u00e9gique entre l\u2019Ue et le Maroc et continuera \u00e0 \u0153uvrer \u00e0 son approfondissement \u00bb, <\/em>a-t-il affirm\u00e9 sur le compte X du minist\u00e8re, r\u00e9it\u00e9rant ainsi son attachement au partenariat strat\u00e9gique entre l\u2019Union europ\u00e9enne et le Royaume, et son engagement \u00e0 continuer \u00e0 \u0153uvrer \u00e0 son approfondissement. Le Belgique a, de ce fait, exprim\u00e9 son soutien \u00e0 la d\u00e9claration conjointe de la pr\u00e9sidente de la Commission europ\u00e9enne et du Haut-repr\u00e9sentant de l\u2019Union Europ\u00e9enne \u00e0 ce sujet.<\/p>\n\n\n\n<p class=\"wp-block-paragraph\">C\u2019est le m\u00eame son de cloche du c\u00f4t\u00e9 de la Hongrie, de l\u2019Italie, des Pays-Bas, de la Finlande qui, tour \u00e0 tour, ont r\u00e9it\u00e9r\u00e9 leur position <em>\u00ab&nbsp;constante en faveur du renforcement du partenariat strat\u00e9gique entre l\u2019Ue et le Royaume du Maroc qui est \u201cdans notre int\u00e9r\u00eat commun&nbsp;\u00bb<\/em>, tout en mettant en exergue le partenariat strat\u00e9gique \u201cfondamental\u201d entre l\u2019UE et le Maroc.<\/p>\n\n\n<div class=\"wp-block-image\">\n<figure class=\"aligncenter size-full\"><img loading=\"lazy\" decoding=\"async\" width=\"512\" height=\"640\" src=\"https:\/\/macite.tg\/wp-content\/uploads\/2024\/09\/30-Depreciation-1.jpg\" alt=\"\" class=\"wp-image-16849\" srcset=\"https:\/\/macite.tg\/wp-content\/uploads\/2024\/09\/30-Depreciation-1.jpg 512w, https:\/\/macite.tg\/wp-content\/uploads\/2024\/09\/30-Depreciation-1-240x300.jpg 240w\" sizes=\"auto, (max-width: 512px) 100vw, 512px\" \/><\/figure>\n<\/div>\n\n\n<p class=\"wp-block-paragraph\"><em>\u00ab&nbsp;Nous continuerons \u00e0 \u0153uvrer pour servir ces int\u00e9r\u00eats en renfor\u00e7ant les liens et en \u00e9largissant la coop\u00e9ration avec le Maroc \u00e0 de nouveaux domaines&nbsp;\u00bb,<\/em> a d\u00e9clar\u00e9, dans un communiqu\u00e9, le minist\u00e8re hongrois des Affaires \u00c9trang\u00e8res et du Commerce, au moment o\u00f9 le Vice-pr\u00e9sident du Conseil des ministres, Ministre des Affaires \u00e9trang\u00e8res et de la Coop\u00e9ration internationale, Antonio Tajani, sur son compte X , affirme que <em>\u00ab&nbsp;le partenariat strat\u00e9gique est fondamental entre l\u2019UE et le Maroc, y compris dans le domaine de l\u2019agriculture et de la p\u00eache&nbsp;<\/em>\u00bb.<\/p>\n\n\n\n<p class=\"wp-block-paragraph\">Dans le m\u00eame temps, les Pays-Bas et la Finlande, tout en soutenant la d\u00e9claration commune de la Pr\u00e9sidente de la Commission europ\u00e9enne et du Haut-repr\u00e9sentant de l\u2019Union Europ\u00e9enne sur les arr\u00eats de la Cjue, r\u00e9it\u00e8rent leur <em>\u00ab&nbsp;ferme attachement au partenariat strat\u00e9gique entre l\u2019UE et le Maroc&nbsp;\u00bb.<\/em><\/p>\n\n\n\n<p class=\"wp-block-paragraph\"><strong>MC<\/strong><\/p>\n\n\n\n<p class=\"wp-block-paragraph\"><a><strong><em>@macite.tg&nbsp;&nbsp;&nbsp;&nbsp;&nbsp;&nbsp;&nbsp;&nbsp;<\/em><\/strong><\/a><\/p>\n\n\n\n<p class=\"wp-block-paragraph\"><strong><em>E-mail&nbsp;: <\/em><\/strong><a href=\"mailto:maciteinfo@gmail.com\"><strong><em>maciteinfo@gmail.com<\/em><\/strong><\/a><strong><em>; <\/em><\/strong><a href=\"mailto:bawela1@gmail.com\"><strong><em>bawela1@gmail.com<\/em><\/strong><\/a><strong><em><\/em><\/strong><\/p>\n\n\n\n<p class=\"wp-block-paragraph\"><strong><em>Pour vos annonces, (publi)reportages, etc., joignez-nous au (00228)91515309\/<strong>79872224 <\/strong>www.macite.tg, L\u2019information, la bonne&nbsp;!<\/em><\/strong><\/p>\n","protected":false},"excerpt":{"rendered":"<p class=\"text-justify mb-2\" >Suite \u00e0 l\u2019arr\u00eat de la Cour de justice de l\u2019Union europ\u00e9enne (Cjue) annulant les accords de p\u00eache et agricole entre l\u2019Union europ\u00e9enne et le Royaume du Maroc, l\u2019Union europ\u00e9enne et plusieurs pays membres sont mont\u00e9 au cr\u00e9neau pour exprimer leur attachement ind\u00e9fectible au partenariat strat\u00e9gique [&hellip;]<\/p>\n","protected":false},"author":2,"featured_media":17082,"comment_status":"open","ping_status":"open","sticky":false,"template":"","format":"standard","meta":{"footnotes":""},"categories":[20,16],"tags":[],"class_list":["post-17080","post","type-post","status-publish","format-standard","has-post-thumbnail","hentry","category-actualite","category-cooperation"],"yoast_head":"<!-- This site is optimized with the Yoast SEO plugin v28.4 - https:\/\/yoast.com\/product\/yoast-seo-wordpress\/ -->\n<title>PARTENARIAT STRATEGIQUE UE-MAROC\u00a0: L\u2019institution europ\u00e9enne et ses pays membres r\u00e9affirment leur attachement ind\u00e9fectible -<\/title>\n<meta name=\"robots\" content=\"index, follow, max-snippet:-1, max-image-preview:large, max-video-preview:-1\" \/>\n<link rel=\"canonical\" href=\"https:\/\/macite.tg\/?p=17080\" \/>\n<meta property=\"og:locale\" content=\"fr_FR\" \/>\n<meta property=\"og:type\" content=\"article\" \/>\n<meta property=\"og:title\" content=\"PARTENARIAT STRATEGIQUE UE-MAROC\u00a0: L\u2019institution europ\u00e9enne et ses pays membres r\u00e9affirment leur attachement ind\u00e9fectible -\" \/>\n<meta property=\"og:description\" content=\"Suite \u00e0 l\u2019arr\u00eat de la Cour de justice de l\u2019Union europ\u00e9enne (Cjue) annulant les accords de p\u00eache et agricole entre l\u2019Union europ\u00e9enne et le Royaume du Maroc, l\u2019Union europ\u00e9enne et plusieurs pays membres sont mont\u00e9 au cr\u00e9neau pour exprimer leur attachement ind\u00e9fectible au partenariat strat\u00e9gique [&hellip;]\" \/>\n<meta property=\"og:url\" content=\"https:\/\/macite.tg\/?p=17080\" \/>\n<meta property=\"article:published_time\" content=\"2024-10-07T15:24:38+00:00\" \/>\n<meta property=\"article:modified_time\" content=\"2024-10-07T15:26:51+00:00\" \/>\n<meta property=\"og:image\" content=\"https:\/\/macite.tg\/wp-content\/uploads\/2024\/10\/AAaaImage-2024-10-05-at-19.jpg\" \/>\n\t<meta property=\"og:image:width\" content=\"500\" \/>\n\t<meta property=\"og:image:height\" content=\"295\" \/>\n\t<meta property=\"og:image:type\" content=\"image\/jpeg\" \/>\n<meta name=\"author\" content=\"Jean Pierre BAWELA\" \/>\n<meta name=\"twitter:card\" content=\"summary_large_image\" \/>\n<meta name=\"twitter:label1\" content=\"\u00c9crit par\" \/>\n\t<meta name=\"twitter:data1\" content=\"Jean Pierre BAWELA\" \/>\n\t<meta name=\"twitter:label2\" content=\"Dur\u00e9e de lecture estim\u00e9e\" \/>\n\t<meta name=\"twitter:data2\" content=\"5 minutes\" \/>\n<script type=\"application\/ld+json\" class=\"yoast-schema-graph\">{\"@context\":\"https:\\\/\\\/schema.org\",\"@graph\":[{\"@type\":\"Article\",\"@id\":\"https:\\\/\\\/macite.tg\\\/?p=17080#article\",\"isPartOf\":{\"@id\":\"https:\\\/\\\/macite.tg\\\/?p=17080\"},\"author\":{\"name\":\"Jean Pierre BAWELA\",\"@id\":\"https:\\\/\\\/macite.tg\\\/#\\\/schema\\\/person\\\/e9f2de7e5dbbe7770a9402c7ce82f5c2\"},\"headline\":\"PARTENARIAT STRATEGIQUE UE-MAROC\u00a0: L\u2019institution europ\u00e9enne et ses pays membres r\u00e9affirment leur attachement ind\u00e9fectible\",\"datePublished\":\"2024-10-07T15:24:38+00:00\",\"dateModified\":\"2024-10-07T15:26:51+00:00\",\"mainEntityOfPage\":{\"@id\":\"https:\\\/\\\/macite.tg\\\/?p=17080\"},\"wordCount\":994,\"commentCount\":0,\"image\":{\"@id\":\"https:\\\/\\\/macite.tg\\\/?p=17080#primaryimage\"},\"thumbnailUrl\":\"https:\\\/\\\/macite.tg\\\/wp-content\\\/uploads\\\/2024\\\/10\\\/AAaaImage-2024-10-05-at-19.jpg\",\"articleSection\":[\"ACTUALITE\",\"COOPERATION\"],\"inLanguage\":\"fr-FR\",\"potentialAction\":[{\"@type\":\"CommentAction\",\"name\":\"Comment\",\"target\":[\"https:\\\/\\\/macite.tg\\\/?p=17080#respond\"]}]},{\"@type\":\"WebPage\",\"@id\":\"https:\\\/\\\/macite.tg\\\/?p=17080\",\"url\":\"https:\\\/\\\/macite.tg\\\/?p=17080\",\"name\":\"PARTENARIAT STRATEGIQUE UE-MAROC\u00a0: L\u2019institution europ\u00e9enne et ses pays membres r\u00e9affirment leur attachement ind\u00e9fectible -\",\"isPartOf\":{\"@id\":\"https:\\\/\\\/macite.tg\\\/#website\"},\"primaryImageOfPage\":{\"@id\":\"https:\\\/\\\/macite.tg\\\/?p=17080#primaryimage\"},\"image\":{\"@id\":\"https:\\\/\\\/macite.tg\\\/?p=17080#primaryimage\"},\"thumbnailUrl\":\"https:\\\/\\\/macite.tg\\\/wp-content\\\/uploads\\\/2024\\\/10\\\/AAaaImage-2024-10-05-at-19.jpg\",\"datePublished\":\"2024-10-07T15:24:38+00:00\",\"dateModified\":\"2024-10-07T15:26:51+00:00\",\"author\":{\"@id\":\"https:\\\/\\\/macite.tg\\\/#\\\/schema\\\/person\\\/e9f2de7e5dbbe7770a9402c7ce82f5c2\"},\"breadcrumb\":{\"@id\":\"https:\\\/\\\/macite.tg\\\/?p=17080#breadcrumb\"},\"inLanguage\":\"fr-FR\",\"potentialAction\":[{\"@type\":\"ReadAction\",\"target\":[\"https:\\\/\\\/macite.tg\\\/?p=17080\"]}]},{\"@type\":\"ImageObject\",\"inLanguage\":\"fr-FR\",\"@id\":\"https:\\\/\\\/macite.tg\\\/?p=17080#primaryimage\",\"url\":\"https:\\\/\\\/macite.tg\\\/wp-content\\\/uploads\\\/2024\\\/10\\\/AAaaImage-2024-10-05-at-19.jpg\",\"contentUrl\":\"https:\\\/\\\/macite.tg\\\/wp-content\\\/uploads\\\/2024\\\/10\\\/AAaaImage-2024-10-05-at-19.jpg\",\"width\":500,\"height\":295},{\"@type\":\"BreadcrumbList\",\"@id\":\"https:\\\/\\\/macite.tg\\\/?p=17080#breadcrumb\",\"itemListElement\":[{\"@type\":\"ListItem\",\"position\":1,\"name\":\"Accueil\",\"item\":\"https:\\\/\\\/macite.tg\\\/\"},{\"@type\":\"ListItem\",\"position\":2,\"name\":\"PARTENARIAT STRATEGIQUE UE-MAROC\u00a0: L\u2019institution europ\u00e9enne et ses pays membres r\u00e9affirment leur attachement ind\u00e9fectible\"}]},{\"@type\":\"WebSite\",\"@id\":\"https:\\\/\\\/macite.tg\\\/#website\",\"url\":\"https:\\\/\\\/macite.tg\\\/\",\"name\":\"\",\"description\":\"L&#039;information, la bonne!!!\",\"potentialAction\":[{\"@type\":\"SearchAction\",\"target\":{\"@type\":\"EntryPoint\",\"urlTemplate\":\"https:\\\/\\\/macite.tg\\\/?s={search_term_string}\"},\"query-input\":{\"@type\":\"PropertyValueSpecification\",\"valueRequired\":true,\"valueName\":\"search_term_string\"}}],\"inLanguage\":\"fr-FR\"},{\"@type\":\"Person\",\"@id\":\"https:\\\/\\\/macite.tg\\\/#\\\/schema\\\/person\\\/e9f2de7e5dbbe7770a9402c7ce82f5c2\",\"name\":\"Jean Pierre BAWELA\",\"image\":{\"@type\":\"ImageObject\",\"inLanguage\":\"fr-FR\",\"@id\":\"https:\\\/\\\/macite.tg\\\/wp-content\\\/uploads\\\/2023\\\/09\\\/WhatsApp-Image-2023-09-19-at-14.44.41-122x122.jpeg\",\"url\":\"https:\\\/\\\/macite.tg\\\/wp-content\\\/uploads\\\/2023\\\/09\\\/WhatsApp-Image-2023-09-19-at-14.44.41-122x122.jpeg\",\"contentUrl\":\"https:\\\/\\\/macite.tg\\\/wp-content\\\/uploads\\\/2023\\\/09\\\/WhatsApp-Image-2023-09-19-at-14.44.41-122x122.jpeg\",\"caption\":\"Jean Pierre BAWELA\"},\"url\":\"https:\\\/\\\/macite.tg\\\/?author=2\"}]}<\/script>\n<!-- \/ Yoast SEO plugin. -->","yoast_head_json":{"title":"PARTENARIAT STRATEGIQUE UE-MAROC\u00a0: L\u2019institution europ\u00e9enne et ses pays membres r\u00e9affirment leur attachement ind\u00e9fectible -","robots":{"index":"index","follow":"follow","max-snippet":"max-snippet:-1","max-image-preview":"max-image-preview:large","max-video-preview":"max-video-preview:-1"},"canonical":"https:\/\/macite.tg\/?p=17080","og_locale":"fr_FR","og_type":"article","og_title":"PARTENARIAT STRATEGIQUE UE-MAROC\u00a0: L\u2019institution europ\u00e9enne et ses pays membres r\u00e9affirment leur attachement ind\u00e9fectible -","og_description":"Suite \u00e0 l\u2019arr\u00eat de la Cour de justice de l\u2019Union europ\u00e9enne (Cjue) annulant les accords de p\u00eache et agricole entre l\u2019Union europ\u00e9enne et le Royaume du Maroc, l\u2019Union europ\u00e9enne et plusieurs pays membres sont mont\u00e9 au cr\u00e9neau pour exprimer leur attachement ind\u00e9fectible au partenariat strat\u00e9gique [&hellip;]","og_url":"https:\/\/macite.tg\/?p=17080","article_published_time":"2024-10-07T15:24:38+00:00","article_modified_time":"2024-10-07T15:26:51+00:00","og_image":[{"width":500,"height":295,"url":"https:\/\/macite.tg\/wp-content\/uploads\/2024\/10\/AAaaImage-2024-10-05-at-19.jpg","type":"image\/jpeg"}],"author":"Jean Pierre BAWELA","twitter_card":"summary_large_image","twitter_misc":{"\u00c9crit par":"Jean Pierre BAWELA","Dur\u00e9e de lecture estim\u00e9e":"5 minutes"},"schema":{"@context":"https:\/\/schema.org","@graph":[{"@type":"Article","@id":"https:\/\/macite.tg\/?p=17080#article","isPartOf":{"@id":"https:\/\/macite.tg\/?p=17080"},"author":{"name":"Jean Pierre BAWELA","@id":"https:\/\/macite.tg\/#\/schema\/person\/e9f2de7e5dbbe7770a9402c7ce82f5c2"},"headline":"PARTENARIAT STRATEGIQUE UE-MAROC\u00a0: L\u2019institution europ\u00e9enne et ses pays membres r\u00e9affirment leur attachement ind\u00e9fectible","datePublished":"2024-10-07T15:24:38+00:00","dateModified":"2024-10-07T15:26:51+00:00","mainEntityOfPage":{"@id":"https:\/\/macite.tg\/?p=17080"},"wordCount":994,"commentCount":0,"image":{"@id":"https:\/\/macite.tg\/?p=17080#primaryimage"},"thumbnailUrl":"https:\/\/macite.tg\/wp-content\/uploads\/2024\/10\/AAaaImage-2024-10-05-at-19.jpg","articleSection":["ACTUALITE","COOPERATION"],"inLanguage":"fr-FR","potentialAction":[{"@type":"CommentAction","name":"Comment","target":["https:\/\/macite.tg\/?p=17080#respond"]}]},{"@type":"WebPage","@id":"https:\/\/macite.tg\/?p=17080","url":"https:\/\/macite.tg\/?p=17080","name":"PARTENARIAT STRATEGIQUE UE-MAROC\u00a0: L\u2019institution europ\u00e9enne et ses pays membres r\u00e9affirment leur attachement ind\u00e9fectible -","isPartOf":{"@id":"https:\/\/macite.tg\/#website"},"primaryImageOfPage":{"@id":"https:\/\/macite.tg\/?p=17080#primaryimage"},"image":{"@id":"https:\/\/macite.tg\/?p=17080#primaryimage"},"thumbnailUrl":"https:\/\/macite.tg\/wp-content\/uploads\/2024\/10\/AAaaImage-2024-10-05-at-19.jpg","datePublished":"2024-10-07T15:24:38+00:00","dateModified":"2024-10-07T15:26:51+00:00","author":{"@id":"https:\/\/macite.tg\/#\/schema\/person\/e9f2de7e5dbbe7770a9402c7ce82f5c2"},"breadcrumb":{"@id":"https:\/\/macite.tg\/?p=17080#breadcrumb"},"inLanguage":"fr-FR","potentialAction":[{"@type":"ReadAction","target":["https:\/\/macite.tg\/?p=17080"]}]},{"@type":"ImageObject","inLanguage":"fr-FR","@id":"https:\/\/macite.tg\/?p=17080#primaryimage","url":"https:\/\/macite.tg\/wp-content\/uploads\/2024\/10\/AAaaImage-2024-10-05-at-19.jpg","contentUrl":"https:\/\/macite.tg\/wp-content\/uploads\/2024\/10\/AAaaImage-2024-10-05-at-19.jpg","width":500,"height":295},{"@type":"BreadcrumbList","@id":"https:\/\/macite.tg\/?p=17080#breadcrumb","itemListElement":[{"@type":"ListItem","position":1,"name":"Accueil","item":"https:\/\/macite.tg\/"},{"@type":"ListItem","position":2,"name":"PARTENARIAT STRATEGIQUE UE-MAROC\u00a0: L\u2019institution europ\u00e9enne et ses pays membres r\u00e9affirment leur attachement ind\u00e9fectible"}]},{"@type":"WebSite","@id":"https:\/\/macite.tg\/#website","url":"https:\/\/macite.tg\/","name":"","description":"L&#039;information, la bonne!!!","potentialAction":[{"@type":"SearchAction","target":{"@type":"EntryPoint","urlTemplate":"https:\/\/macite.tg\/?s={search_term_string}"},"query-input":{"@type":"PropertyValueSpecification","valueRequired":true,"valueName":"search_term_string"}}],"inLanguage":"fr-FR"},{"@type":"Person","@id":"https:\/\/macite.tg\/#\/schema\/person\/e9f2de7e5dbbe7770a9402c7ce82f5c2","name":"Jean Pierre BAWELA","image":{"@type":"ImageObject","inLanguage":"fr-FR","@id":"https:\/\/macite.tg\/wp-content\/uploads\/2023\/09\/WhatsApp-Image-2023-09-19-at-14.44.41-122x122.jpeg","url":"https:\/\/macite.tg\/wp-content\/uploads\/2023\/09\/WhatsApp-Image-2023-09-19-at-14.44.41-122x122.jpeg","contentUrl":"https:\/\/macite.tg\/wp-content\/uploads\/2023\/09\/WhatsApp-Image-2023-09-19-at-14.44.41-122x122.jpeg","caption":"Jean Pierre BAWELA"},"url":"https:\/\/macite.tg\/?author=2"}]}},"_links":{"self":[{"href":"https:\/\/macite.tg\/index.php?rest_route=\/wp\/v2\/posts\/17080","targetHints":{"allow":["GET"]}}],"collection":[{"href":"https:\/\/macite.tg\/index.php?rest_route=\/wp\/v2\/posts"}],"about":[{"href":"https:\/\/macite.tg\/index.php?rest_route=\/wp\/v2\/types\/post"}],"author":[{"embeddable":true,"href":"https:\/\/macite.tg\/index.php?rest_route=\/wp\/v2\/users\/2"}],"replies":[{"embeddable":true,"href":"https:\/\/macite.tg\/index.php?rest_route=%2Fwp%2Fv2%2Fcomments&post=17080"}],"version-history":[{"count":0,"href":"https:\/\/macite.tg\/index.php?rest_route=\/wp\/v2\/posts\/17080\/revisions"}],"wp:featuredmedia":[{"embeddable":true,"href":"https:\/\/macite.tg\/index.php?rest_route=\/wp\/v2\/media\/17082"}],"wp:attachment":[{"href":"https:\/\/macite.tg\/index.php?rest_route=%2Fwp%2Fv2%2Fmedia&parent=17080"}],"wp:term":[{"taxonomy":"category","embeddable":true,"href":"https:\/\/macite.tg\/index.php?rest_route=%2Fwp%2Fv2%2Fcategories&post=17080"},{"taxonomy":"post_tag","embeddable":true,"href":"https:\/\/macite.tg\/index.php?rest_route=%2Fwp%2Fv2%2Ftags&post=17080"}],"curies":[{"name":"wp","href":"https:\/\/api.w.org\/{rel}","templated":true}]}}