{"id":17056,"date":"2024-10-07T11:20:25","date_gmt":"2024-10-07T11:20:25","guid":{"rendered":"https:\/\/macite.tg\/?p=17056"},"modified":"2024-10-07T12:28:31","modified_gmt":"2024-10-07T12:28:31","slug":"lacte-11-du-sialo-cest-du-08-au-14-octobre-prochain-au-cetef-a-lome","status":"publish","type":"post","link":"https:\/\/macite.tg\/?p=17056","title":{"rendered":"L\u2019ACTE 11 DU SIALO: C\u2019est du 08 au 14 octobre prochain au Cetef de Lom\u00e9"},"content":{"rendered":"\n<p class=\"wp-block-paragraph\"><strong><em>Le Salon international de l\u2019agriculture et de l\u2019agroalimentaire de Lom\u00e9 (Sialo) sera \u00e0 sa 11<sup>\u00e8me<\/sup> \u00e9dition cette ann\u00e9e. L\u2019\u00e9dition 2024 de cet \u00e9v\u00e9nement majeur pour le monde agricole togolais d\u00e9marre d\u00e8s demain 0_ octobre, ce jusqu\u2019au 14 octobre prochain, au Centre des expositions et foires de Lom\u00e9 (Sialo).<\/em><\/strong><\/p>\n\n\n\n<p class=\"wp-block-paragraph\">L\u2019\u00e9dition 2024 du Sialo, qui va se d\u00e9rouler du 08 au 14 octobre prochain au Cetef \u00e0 Lom\u00e9, va mettre un accent particulier sur les acteurs de l\u2019\u00e9levage avec \u00e0 la cl\u00e9 une exposition de leurs produits. <\/p>\n\n\n<div class=\"wp-block-image\">\n<figure class=\"aligncenter size-full is-resized\"><img loading=\"lazy\" decoding=\"async\" src=\"https:\/\/macite.tg\/wp-content\/uploads\/2024\/09\/IMG-20240313-WA0013-2.jpg\" alt=\"\" class=\"wp-image-16852\" width=\"842\" height=\"207\" srcset=\"https:\/\/macite.tg\/wp-content\/uploads\/2024\/09\/IMG-20240313-WA0013-2.jpg 690w, https:\/\/macite.tg\/wp-content\/uploads\/2024\/09\/IMG-20240313-WA0013-2-300x74.jpg 300w\" sizes=\"auto, (max-width: 842px) 100vw, 842px\" \/><\/figure>\n<\/div>\n\n\n<p class=\"wp-block-paragraph\">Espace privil\u00e9gi\u00e9 pour la valorisation et la production des produits agricoles locaux, le Sialo est se veut un cadre pour la mise en relation des acteurs et professionnels des sous-secteurs de l\u2019\u00e9levage, de l\u2019agriculture, de la p\u00eache, de l\u2019agroalimentaire, de la gastronomie, et de la distribution des produits alimentaires.<\/p>\n\n\n<div class=\"wp-block-image\">\n<figure class=\"aligncenter size-full is-resized\"><img loading=\"lazy\" decoding=\"async\" src=\"https:\/\/macite.tg\/wp-content\/uploads\/2024\/10\/ANNONCES-1-768x319-1.jpg\" alt=\"\" class=\"wp-image-16914\" width=\"839\" height=\"348\" srcset=\"https:\/\/macite.tg\/wp-content\/uploads\/2024\/10\/ANNONCES-1-768x319-1.jpg 768w, https:\/\/macite.tg\/wp-content\/uploads\/2024\/10\/ANNONCES-1-768x319-1-300x125.jpg 300w\" sizes=\"auto, (max-width: 839px) 100vw, 839px\" \/><\/figure>\n<\/div>\n\n\n<p class=\"wp-block-paragraph\">Pour ce 11<sup>\u00e8me<\/sup> acte, qui ouvre ses portes demain 08 octobre, c\u2019est la r\u00e9gion Centrale qui est \u00e0 l\u2019honneur de cet \u00e9v\u00e9nement annuel. Au menu de cette \u00e9dition, des marketplaces avec expositions de produits locaux, des rencontres B2B et un concours d\u2019innovation agricole.<\/p>\n\n\n\n<p class=\"wp-block-paragraph\"><strong>JPB<\/strong><\/p>\n\n\n\n<p class=\"wp-block-paragraph\"><a><strong><em>@macite.tg&nbsp;&nbsp;&nbsp;&nbsp;&nbsp;&nbsp;&nbsp;&nbsp;<\/em><\/strong><\/a><\/p>\n\n\n\n<p class=\"wp-block-paragraph\"><strong><em>E-mail&nbsp;: <\/em><\/strong><a href=\"mailto:maciteinfo@gmail.com\"><strong><em>maciteinfo@gmail.com<\/em><\/strong><\/a><strong><em>; <\/em><\/strong><a href=\"mailto:bawela1@gmail.com\"><strong><em>bawela1@gmail.com<\/em><\/strong><\/a><strong><em><\/em><\/strong><\/p>\n\n\n\n<p class=\"wp-block-paragraph\"><strong><em>Pour vos annonces, (publi)reportages, etc., joignez-nous au (00228)91515309\/<strong>79872224 <\/strong>www.macite.tg, L\u2019information, la bonne&nbsp;!<\/em><\/strong><\/p>\n","protected":false},"excerpt":{"rendered":"<p class=\"text-justify mb-2\" >Le Salon international de l\u2019agriculture et de l\u2019agroalimentaire de Lom\u00e9 (Sialo) sera \u00e0 sa 11\u00e8me \u00e9dition cette ann\u00e9e. L\u2019\u00e9dition 2024 de cet \u00e9v\u00e9nement majeur pour le monde agricole togolais d\u00e9marre d\u00e8s demain 0_ octobre, ce jusqu\u2019au 14 octobre prochain, au Centre des expositions et foires [&hellip;]<\/p>\n","protected":false},"author":2,"featured_media":17058,"comment_status":"open","ping_status":"open","sticky":false,"template":"","format":"standard","meta":{"footnotes":""},"categories":[20,22],"tags":[],"class_list":["post-17056","post","type-post","status-publish","format-standard","has-post-thumbnail","hentry","category-actualite","category-agriculture"],"yoast_head":"<!-- This site is optimized with the Yoast SEO plugin v28.4 - https:\/\/yoast.com\/product\/yoast-seo-wordpress\/ -->\n<title>L\u2019ACTE 11 DU SIALO: C\u2019est du 08 au 14 octobre prochain au Cetef de Lom\u00e9 -<\/title>\n<meta name=\"robots\" content=\"index, follow, max-snippet:-1, max-image-preview:large, max-video-preview:-1\" \/>\n<link rel=\"canonical\" href=\"https:\/\/macite.tg\/?p=17056\" \/>\n<meta property=\"og:locale\" content=\"fr_FR\" \/>\n<meta property=\"og:type\" content=\"article\" \/>\n<meta property=\"og:title\" content=\"L\u2019ACTE 11 DU SIALO: C\u2019est du 08 au 14 octobre prochain au Cetef de Lom\u00e9 -\" \/>\n<meta property=\"og:description\" content=\"Le Salon international de l\u2019agriculture et de l\u2019agroalimentaire de Lom\u00e9 (Sialo) sera \u00e0 sa 11\u00e8me \u00e9dition cette ann\u00e9e. L\u2019\u00e9dition 2024 de cet \u00e9v\u00e9nement majeur pour le monde agricole togolais d\u00e9marre d\u00e8s demain 0_ octobre, ce jusqu\u2019au 14 octobre prochain, au Centre des expositions et foires [&hellip;]\" \/>\n<meta property=\"og:url\" content=\"https:\/\/macite.tg\/?p=17056\" \/>\n<meta property=\"article:published_time\" content=\"2024-10-07T11:20:25+00:00\" \/>\n<meta property=\"article:modified_time\" content=\"2024-10-07T12:28:31+00:00\" \/>\n<meta property=\"og:image\" content=\"https:\/\/macite.tg\/wp-content\/uploads\/2024\/10\/image-22.png\" \/>\n\t<meta property=\"og:image:width\" content=\"363\" \/>\n\t<meta property=\"og:image:height\" content=\"270\" \/>\n\t<meta property=\"og:image:type\" content=\"image\/png\" \/>\n<meta name=\"author\" content=\"Jean Pierre BAWELA\" \/>\n<meta name=\"twitter:card\" content=\"summary_large_image\" \/>\n<meta name=\"twitter:label1\" content=\"\u00c9crit par\" \/>\n\t<meta name=\"twitter:data1\" content=\"Jean Pierre BAWELA\" \/>\n\t<meta name=\"twitter:label2\" content=\"Dur\u00e9e de lecture estim\u00e9e\" \/>\n\t<meta name=\"twitter:data2\" content=\"1 minute\" \/>\n<script type=\"application\/ld+json\" class=\"yoast-schema-graph\">{\"@context\":\"https:\\\/\\\/schema.org\",\"@graph\":[{\"@type\":\"Article\",\"@id\":\"https:\\\/\\\/macite.tg\\\/?p=17056#article\",\"isPartOf\":{\"@id\":\"https:\\\/\\\/macite.tg\\\/?p=17056\"},\"author\":{\"name\":\"Jean Pierre BAWELA\",\"@id\":\"https:\\\/\\\/macite.tg\\\/#\\\/schema\\\/person\\\/e9f2de7e5dbbe7770a9402c7ce82f5c2\"},\"headline\":\"L\u2019ACTE 11 DU SIALO: C\u2019est du 08 au 14 octobre prochain au Cetef de Lom\u00e9\",\"datePublished\":\"2024-10-07T11:20:25+00:00\",\"dateModified\":\"2024-10-07T12:28:31+00:00\",\"mainEntityOfPage\":{\"@id\":\"https:\\\/\\\/macite.tg\\\/?p=17056\"},\"wordCount\":237,\"commentCount\":0,\"image\":{\"@id\":\"https:\\\/\\\/macite.tg\\\/?p=17056#primaryimage\"},\"thumbnailUrl\":\"https:\\\/\\\/macite.tg\\\/wp-content\\\/uploads\\\/2024\\\/10\\\/image-22.png\",\"articleSection\":[\"ACTUALITE\",\"AGRICULTURE\"],\"inLanguage\":\"fr-FR\",\"potentialAction\":[{\"@type\":\"CommentAction\",\"name\":\"Comment\",\"target\":[\"https:\\\/\\\/macite.tg\\\/?p=17056#respond\"]}]},{\"@type\":\"WebPage\",\"@id\":\"https:\\\/\\\/macite.tg\\\/?p=17056\",\"url\":\"https:\\\/\\\/macite.tg\\\/?p=17056\",\"name\":\"L\u2019ACTE 11 DU SIALO: C\u2019est du 08 au 14 octobre prochain au Cetef de Lom\u00e9 -\",\"isPartOf\":{\"@id\":\"https:\\\/\\\/macite.tg\\\/#website\"},\"primaryImageOfPage\":{\"@id\":\"https:\\\/\\\/macite.tg\\\/?p=17056#primaryimage\"},\"image\":{\"@id\":\"https:\\\/\\\/macite.tg\\\/?p=17056#primaryimage\"},\"thumbnailUrl\":\"https:\\\/\\\/macite.tg\\\/wp-content\\\/uploads\\\/2024\\\/10\\\/image-22.png\",\"datePublished\":\"2024-10-07T11:20:25+00:00\",\"dateModified\":\"2024-10-07T12:28:31+00:00\",\"author\":{\"@id\":\"https:\\\/\\\/macite.tg\\\/#\\\/schema\\\/person\\\/e9f2de7e5dbbe7770a9402c7ce82f5c2\"},\"breadcrumb\":{\"@id\":\"https:\\\/\\\/macite.tg\\\/?p=17056#breadcrumb\"},\"inLanguage\":\"fr-FR\",\"potentialAction\":[{\"@type\":\"ReadAction\",\"target\":[\"https:\\\/\\\/macite.tg\\\/?p=17056\"]}]},{\"@type\":\"ImageObject\",\"inLanguage\":\"fr-FR\",\"@id\":\"https:\\\/\\\/macite.tg\\\/?p=17056#primaryimage\",\"url\":\"https:\\\/\\\/macite.tg\\\/wp-content\\\/uploads\\\/2024\\\/10\\\/image-22.png\",\"contentUrl\":\"https:\\\/\\\/macite.tg\\\/wp-content\\\/uploads\\\/2024\\\/10\\\/image-22.png\",\"width\":363,\"height\":270},{\"@type\":\"BreadcrumbList\",\"@id\":\"https:\\\/\\\/macite.tg\\\/?p=17056#breadcrumb\",\"itemListElement\":[{\"@type\":\"ListItem\",\"position\":1,\"name\":\"Accueil\",\"item\":\"https:\\\/\\\/macite.tg\\\/\"},{\"@type\":\"ListItem\",\"position\":2,\"name\":\"L\u2019ACTE 11 DU SIALO: C\u2019est du 08 au 14 octobre prochain au Cetef de Lom\u00e9\"}]},{\"@type\":\"WebSite\",\"@id\":\"https:\\\/\\\/macite.tg\\\/#website\",\"url\":\"https:\\\/\\\/macite.tg\\\/\",\"name\":\"\",\"description\":\"L&#039;information, la bonne!!!\",\"potentialAction\":[{\"@type\":\"SearchAction\",\"target\":{\"@type\":\"EntryPoint\",\"urlTemplate\":\"https:\\\/\\\/macite.tg\\\/?s={search_term_string}\"},\"query-input\":{\"@type\":\"PropertyValueSpecification\",\"valueRequired\":true,\"valueName\":\"search_term_string\"}}],\"inLanguage\":\"fr-FR\"},{\"@type\":\"Person\",\"@id\":\"https:\\\/\\\/macite.tg\\\/#\\\/schema\\\/person\\\/e9f2de7e5dbbe7770a9402c7ce82f5c2\",\"name\":\"Jean Pierre BAWELA\",\"image\":{\"@type\":\"ImageObject\",\"inLanguage\":\"fr-FR\",\"@id\":\"https:\\\/\\\/macite.tg\\\/wp-content\\\/uploads\\\/2023\\\/09\\\/WhatsApp-Image-2023-09-19-at-14.44.41-122x122.jpeg\",\"url\":\"https:\\\/\\\/macite.tg\\\/wp-content\\\/uploads\\\/2023\\\/09\\\/WhatsApp-Image-2023-09-19-at-14.44.41-122x122.jpeg\",\"contentUrl\":\"https:\\\/\\\/macite.tg\\\/wp-content\\\/uploads\\\/2023\\\/09\\\/WhatsApp-Image-2023-09-19-at-14.44.41-122x122.jpeg\",\"caption\":\"Jean Pierre BAWELA\"},\"url\":\"https:\\\/\\\/macite.tg\\\/?author=2\"}]}<\/script>\n<!-- \/ Yoast SEO plugin. -->","yoast_head_json":{"title":"L\u2019ACTE 11 DU SIALO: C\u2019est du 08 au 14 octobre prochain au Cetef de Lom\u00e9 -","robots":{"index":"index","follow":"follow","max-snippet":"max-snippet:-1","max-image-preview":"max-image-preview:large","max-video-preview":"max-video-preview:-1"},"canonical":"https:\/\/macite.tg\/?p=17056","og_locale":"fr_FR","og_type":"article","og_title":"L\u2019ACTE 11 DU SIALO: C\u2019est du 08 au 14 octobre prochain au Cetef de Lom\u00e9 -","og_description":"Le Salon international de l\u2019agriculture et de l\u2019agroalimentaire de Lom\u00e9 (Sialo) sera \u00e0 sa 11\u00e8me \u00e9dition cette ann\u00e9e. L\u2019\u00e9dition 2024 de cet \u00e9v\u00e9nement majeur pour le monde agricole togolais d\u00e9marre d\u00e8s demain 0_ octobre, ce jusqu\u2019au 14 octobre prochain, au Centre des expositions et foires [&hellip;]","og_url":"https:\/\/macite.tg\/?p=17056","article_published_time":"2024-10-07T11:20:25+00:00","article_modified_time":"2024-10-07T12:28:31+00:00","og_image":[{"width":363,"height":270,"url":"https:\/\/macite.tg\/wp-content\/uploads\/2024\/10\/image-22.png","type":"image\/png"}],"author":"Jean Pierre BAWELA","twitter_card":"summary_large_image","twitter_misc":{"\u00c9crit par":"Jean Pierre BAWELA","Dur\u00e9e de lecture estim\u00e9e":"1 minute"},"schema":{"@context":"https:\/\/schema.org","@graph":[{"@type":"Article","@id":"https:\/\/macite.tg\/?p=17056#article","isPartOf":{"@id":"https:\/\/macite.tg\/?p=17056"},"author":{"name":"Jean Pierre BAWELA","@id":"https:\/\/macite.tg\/#\/schema\/person\/e9f2de7e5dbbe7770a9402c7ce82f5c2"},"headline":"L\u2019ACTE 11 DU SIALO: C\u2019est du 08 au 14 octobre prochain au Cetef de Lom\u00e9","datePublished":"2024-10-07T11:20:25+00:00","dateModified":"2024-10-07T12:28:31+00:00","mainEntityOfPage":{"@id":"https:\/\/macite.tg\/?p=17056"},"wordCount":237,"commentCount":0,"image":{"@id":"https:\/\/macite.tg\/?p=17056#primaryimage"},"thumbnailUrl":"https:\/\/macite.tg\/wp-content\/uploads\/2024\/10\/image-22.png","articleSection":["ACTUALITE","AGRICULTURE"],"inLanguage":"fr-FR","potentialAction":[{"@type":"CommentAction","name":"Comment","target":["https:\/\/macite.tg\/?p=17056#respond"]}]},{"@type":"WebPage","@id":"https:\/\/macite.tg\/?p=17056","url":"https:\/\/macite.tg\/?p=17056","name":"L\u2019ACTE 11 DU SIALO: C\u2019est du 08 au 14 octobre prochain au Cetef de Lom\u00e9 -","isPartOf":{"@id":"https:\/\/macite.tg\/#website"},"primaryImageOfPage":{"@id":"https:\/\/macite.tg\/?p=17056#primaryimage"},"image":{"@id":"https:\/\/macite.tg\/?p=17056#primaryimage"},"thumbnailUrl":"https:\/\/macite.tg\/wp-content\/uploads\/2024\/10\/image-22.png","datePublished":"2024-10-07T11:20:25+00:00","dateModified":"2024-10-07T12:28:31+00:00","author":{"@id":"https:\/\/macite.tg\/#\/schema\/person\/e9f2de7e5dbbe7770a9402c7ce82f5c2"},"breadcrumb":{"@id":"https:\/\/macite.tg\/?p=17056#breadcrumb"},"inLanguage":"fr-FR","potentialAction":[{"@type":"ReadAction","target":["https:\/\/macite.tg\/?p=17056"]}]},{"@type":"ImageObject","inLanguage":"fr-FR","@id":"https:\/\/macite.tg\/?p=17056#primaryimage","url":"https:\/\/macite.tg\/wp-content\/uploads\/2024\/10\/image-22.png","contentUrl":"https:\/\/macite.tg\/wp-content\/uploads\/2024\/10\/image-22.png","width":363,"height":270},{"@type":"BreadcrumbList","@id":"https:\/\/macite.tg\/?p=17056#breadcrumb","itemListElement":[{"@type":"ListItem","position":1,"name":"Accueil","item":"https:\/\/macite.tg\/"},{"@type":"ListItem","position":2,"name":"L\u2019ACTE 11 DU SIALO: C\u2019est du 08 au 14 octobre prochain au Cetef de Lom\u00e9"}]},{"@type":"WebSite","@id":"https:\/\/macite.tg\/#website","url":"https:\/\/macite.tg\/","name":"","description":"L&#039;information, la bonne!!!","potentialAction":[{"@type":"SearchAction","target":{"@type":"EntryPoint","urlTemplate":"https:\/\/macite.tg\/?s={search_term_string}"},"query-input":{"@type":"PropertyValueSpecification","valueRequired":true,"valueName":"search_term_string"}}],"inLanguage":"fr-FR"},{"@type":"Person","@id":"https:\/\/macite.tg\/#\/schema\/person\/e9f2de7e5dbbe7770a9402c7ce82f5c2","name":"Jean Pierre BAWELA","image":{"@type":"ImageObject","inLanguage":"fr-FR","@id":"https:\/\/macite.tg\/wp-content\/uploads\/2023\/09\/WhatsApp-Image-2023-09-19-at-14.44.41-122x122.jpeg","url":"https:\/\/macite.tg\/wp-content\/uploads\/2023\/09\/WhatsApp-Image-2023-09-19-at-14.44.41-122x122.jpeg","contentUrl":"https:\/\/macite.tg\/wp-content\/uploads\/2023\/09\/WhatsApp-Image-2023-09-19-at-14.44.41-122x122.jpeg","caption":"Jean Pierre BAWELA"},"url":"https:\/\/macite.tg\/?author=2"}]}},"_links":{"self":[{"href":"https:\/\/macite.tg\/index.php?rest_route=\/wp\/v2\/posts\/17056","targetHints":{"allow":["GET"]}}],"collection":[{"href":"https:\/\/macite.tg\/index.php?rest_route=\/wp\/v2\/posts"}],"about":[{"href":"https:\/\/macite.tg\/index.php?rest_route=\/wp\/v2\/types\/post"}],"author":[{"embeddable":true,"href":"https:\/\/macite.tg\/index.php?rest_route=\/wp\/v2\/users\/2"}],"replies":[{"embeddable":true,"href":"https:\/\/macite.tg\/index.php?rest_route=%2Fwp%2Fv2%2Fcomments&post=17056"}],"version-history":[{"count":0,"href":"https:\/\/macite.tg\/index.php?rest_route=\/wp\/v2\/posts\/17056\/revisions"}],"wp:featuredmedia":[{"embeddable":true,"href":"https:\/\/macite.tg\/index.php?rest_route=\/wp\/v2\/media\/17058"}],"wp:attachment":[{"href":"https:\/\/macite.tg\/index.php?rest_route=%2Fwp%2Fv2%2Fmedia&parent=17056"}],"wp:term":[{"taxonomy":"category","embeddable":true,"href":"https:\/\/macite.tg\/index.php?rest_route=%2Fwp%2Fv2%2Fcategories&post=17056"},{"taxonomy":"post_tag","embeddable":true,"href":"https:\/\/macite.tg\/index.php?rest_route=%2Fwp%2Fv2%2Ftags&post=17056"}],"curies":[{"name":"wp","href":"https:\/\/api.w.org\/{rel}","templated":true}]}}