{"id":1698,"date":"2022-11-11T13:18:32","date_gmt":"2022-11-11T13:18:32","guid":{"rendered":"https:\/\/macite.info\/?p=1698"},"modified":"2022-11-11T13:18:33","modified_gmt":"2022-11-11T13:18:33","slug":"federations-sportives-lheure-de-la-professionnalisation","status":"publish","type":"post","link":"https:\/\/macite.tg\/?p=1698","title":{"rendered":"F\u00c9D\u00c9RATIONS SPORTIVES\u00a0: L\u2019heure de la professionnalisation"},"content":{"rendered":"\n<p class=\"wp-block-paragraph\"><\/p>\n\n\n\n<p class=\"wp-block-paragraph\"><strong><em>Les acteurs sportifs de tout bord se sont r\u00e9unis, le 8 novembre 2022 \u00e0 Lom\u00e9, pour valider l\u2019arr\u00eat\u00e9 portant cr\u00e9ation, attributions, organisation et fonctionnement de la direction technique nationale au sein des f\u00e9d\u00e9rations sportives nationales.<\/em><\/strong> <\/p>\n\n\n\n<p class=\"wp-block-paragraph\">Cette rencontre fait suite \u00e0 la rencontre du 26 janvier 2022 dernier avec les directeurs techniques nationaux des F\u00e9d\u00e9rations afin de renforcer leur capacit\u00e9 \u00e0 mieux planifier les activit\u00e9s sportives. Mais force est de constater que malgr\u00e9&nbsp; ses efforts, les r\u00e9sultats des \u00e9quipes ne suivent toujours point. D\u00e9termin\u00e9 \u00e0 faire des Sports nationaux un vecteur de d\u00e9veloppement \u00e9conomique, le ministre en charge des Sports Dr Lidi Bessi Kama par cet arr\u00eat\u00e9 soumis \u00e0 la validation veut mettre les atouts n\u00e9cessaires aux directeurs techniques pour \u00e9lever le niveau de notre sport.<\/p>\n\n\n\n<p class=\"wp-block-paragraph\">Intervenant \u00e0 ce propos, le Secr\u00e9taire g\u00e9n\u00e9ral du minist\u00e8re des Sports, Agano Kodzo repr\u00e9sentant le ministre a soulign\u00e9 que cette rencontre rev\u00eat un caract\u00e8re tr\u00e8s important dans la mesure o\u00f9 l\u2019arr\u00eat\u00e9 doit \u00eatre pass\u00e9 au peigne fin pour \u00eatre pr\u00eat pour la validation. <\/p>\n\n\n<div class=\"wp-block-image\">\n<figure class=\"aligncenter size-large is-resized\"><img loading=\"lazy\" decoding=\"async\" src=\"https:\/\/macite.tg\/wp-content\/uploads\/2022\/11\/IMG-20221106-WA0143-747x1024.jpg\" alt=\"\" class=\"wp-image-1568\" width=\"490\" height=\"672\" srcset=\"https:\/\/macite.tg\/wp-content\/uploads\/2022\/11\/IMG-20221106-WA0143-747x1024.jpg 747w, https:\/\/macite.tg\/wp-content\/uploads\/2022\/11\/IMG-20221106-WA0143-219x300.jpg 219w, https:\/\/macite.tg\/wp-content\/uploads\/2022\/11\/IMG-20221106-WA0143-768x1053.jpg 768w, https:\/\/macite.tg\/wp-content\/uploads\/2022\/11\/IMG-20221106-WA0143.jpg 788w\" sizes=\"auto, (max-width: 490px) 100vw, 490px\" \/><\/figure>\n<\/div>\n\n\n<p class=\"wp-block-paragraph\"><em>\u00ab Ce projet a \u00e9t\u00e9 initi\u00e9 dans l\u2019optique de soigner l\u2019un des maux qui gangr\u00e8nent le sport togolais sinon pallier l\u2019absence d\u2019une direction technique nationale au sein de nos f\u00e9d\u00e9rations parce que le diagnostic du secteur des sports a r\u00e9v\u00e9l\u00e9 que l\u2019absence de comp\u00e9titivit\u00e9 de nos disciplines sportives a pour, entre autres origines, l\u2019inexistence des DTN. Or, il n\u2019est de secret pour personne que la Direction technique nationale est un maillon important dans le paysage de chaque discipline sportive dans la mesure o\u00f9 elle joue un r\u00f4le cardinal dans le d\u00e9veloppement technique de la discipline tout en assurant la coordination des activit\u00e9s des \u00e9quipes nationales \u00bb,<\/em> a-t-il indiqu\u00e9.<\/p>\n\n\n\n<p class=\"wp-block-paragraph\">Parlant de la n\u00e9cessit\u00e9 de cette r\u00e9forme au niveau des f\u00e9d\u00e9rations, le Directeur des Sports et des Loisirs Mr Adamou Bawa a signifi\u00e9 qu\u2019une fois ces textes valid\u00e9s, \u00e7a sera une victoire d\u2019\u00e9tape. <em>\u00ab Nous avons constat\u00e9 qu\u2019au niveau des f\u00e9d\u00e9rations, un manque au niveau de l\u2019aspect technique, en t\u00e9moignent les m\u00e9formes de nos athl\u00e8tes. Il fallait quand m\u00eame r\u00e9fl\u00e9chir et essayer d\u2019organiser ce secteur et pour le faire avec tous les acteurs. Il s\u2019agira d\u2019un changement de taille une fois ces textes vot\u00e9s dans la mesure o\u00f9 que ce soit la d\u00e9tection, l\u2019information et le renforcement des capacit\u00e9s, c\u2019est au sein de cette direction technique que tout va se jouer\u00bb,<\/em> a-t-il d\u00e9clar\u00e9.<\/p>\n\n\n\n<p class=\"wp-block-paragraph\">Pour rappel, Dr Lidi-Bessi Kama a le mercredi dernier donn\u00e9 une communication lors du Conseil des Ministres afin que le sport togolais soit dot\u00e9 d\u2019un fond (FONADES) qui va permettre son essor.<\/p>\n\n\n\n<p class=\"wp-block-paragraph\"><strong>CS. (In CHRONIQUE DE LA SEMAINE n\u00b0674 du 10 Novembre2022)<\/strong><\/p>\n\n\n\n<p class=\"wp-block-paragraph\"><strong><em>@macite.info<\/em><\/strong><\/p>\n\n\n\n<p class=\"wp-block-paragraph\"><strong><em>E-mail&nbsp;: <\/em><\/strong><a href=\"mailto:maciteinfo@gmail.com\"><strong><em>maciteinfo@gmail.com<\/em><\/strong><\/a><strong><em>; <\/em><\/strong><a href=\"mailto:bawela1@gmail.com\"><strong><em>bawela1@gmail.com<\/em><\/strong><\/a><\/p>\n\n\n\n<p class=\"wp-block-paragraph\"><strong><em>Pour vos annonces, (publi)reportages, etc., joignez nous au (00228) 91515309\/<strong>79872224<\/strong><\/em><\/strong><em><\/em><\/p>\n\n\n\n<p class=\"wp-block-paragraph\"><a href=\"http:\/\/www.macite.info\"><strong><em>www.macite.info<\/em><\/strong><\/a><strong><em>, L\u2019information, la bonne&nbsp;!<\/em><\/strong><\/p>\n","protected":false},"excerpt":{"rendered":"<p class=\"text-justify mb-2\" >Les acteurs sportifs de tout bord se sont r\u00e9unis, le 8 novembre 2022 \u00e0 Lom\u00e9, pour valider l\u2019arr\u00eat\u00e9 portant cr\u00e9ation, attributions, organisation et fonctionnement de la direction technique nationale au sein des f\u00e9d\u00e9rations sportives nationales. Cette rencontre fait suite \u00e0 la rencontre du 26 janvier [&hellip;]<\/p>\n","protected":false},"author":2,"featured_media":1699,"comment_status":"open","ping_status":"open","sticky":false,"template":"","format":"standard","meta":{"footnotes":""},"categories":[7],"tags":[],"class_list":["post-1698","post","type-post","status-publish","format-standard","has-post-thumbnail","hentry","category-sports"],"yoast_head":"<!-- This site is optimized with the Yoast SEO plugin v28.4 - https:\/\/yoast.com\/product\/yoast-seo-wordpress\/ -->\n<title>F\u00c9D\u00c9RATIONS SPORTIVES\u00a0: L\u2019heure de la professionnalisation -<\/title>\n<meta name=\"robots\" content=\"index, follow, max-snippet:-1, max-image-preview:large, max-video-preview:-1\" \/>\n<link rel=\"canonical\" href=\"https:\/\/macite.tg\/?p=1698\" \/>\n<meta property=\"og:locale\" content=\"fr_FR\" \/>\n<meta property=\"og:type\" content=\"article\" \/>\n<meta property=\"og:title\" content=\"F\u00c9D\u00c9RATIONS SPORTIVES\u00a0: L\u2019heure de la professionnalisation -\" \/>\n<meta property=\"og:description\" content=\"Les acteurs sportifs de tout bord se sont r\u00e9unis, le 8 novembre 2022 \u00e0 Lom\u00e9, pour valider l\u2019arr\u00eat\u00e9 portant cr\u00e9ation, attributions, organisation et fonctionnement de la direction technique nationale au sein des f\u00e9d\u00e9rations sportives nationales. Cette rencontre fait suite \u00e0 la rencontre du 26 janvier [&hellip;]\" \/>\n<meta property=\"og:url\" content=\"https:\/\/macite.tg\/?p=1698\" \/>\n<meta property=\"article:published_time\" content=\"2022-11-11T13:18:32+00:00\" \/>\n<meta property=\"article:modified_time\" content=\"2022-11-11T13:18:33+00:00\" \/>\n<meta property=\"og:image\" content=\"https:\/\/macite.tg\/wp-content\/uploads\/2022\/11\/Sport.jpg\" \/>\n\t<meta property=\"og:image:width\" content=\"310\" \/>\n\t<meta property=\"og:image:height\" content=\"162\" \/>\n\t<meta property=\"og:image:type\" content=\"image\/jpeg\" \/>\n<meta name=\"author\" content=\"Jean Pierre BAWELA\" \/>\n<meta name=\"twitter:card\" content=\"summary_large_image\" \/>\n<meta name=\"twitter:label1\" content=\"\u00c9crit par\" \/>\n\t<meta name=\"twitter:data1\" content=\"Jean Pierre BAWELA\" \/>\n\t<meta name=\"twitter:label2\" content=\"Dur\u00e9e de lecture estim\u00e9e\" \/>\n\t<meta name=\"twitter:data2\" content=\"3 minutes\" \/>\n<script type=\"application\/ld+json\" class=\"yoast-schema-graph\">{\"@context\":\"https:\\\/\\\/schema.org\",\"@graph\":[{\"@type\":\"Article\",\"@id\":\"https:\\\/\\\/macite.tg\\\/?p=1698#article\",\"isPartOf\":{\"@id\":\"https:\\\/\\\/macite.tg\\\/?p=1698\"},\"author\":{\"name\":\"Jean Pierre BAWELA\",\"@id\":\"https:\\\/\\\/macite.tg\\\/#\\\/schema\\\/person\\\/e9f2de7e5dbbe7770a9402c7ce82f5c2\"},\"headline\":\"F\u00c9D\u00c9RATIONS SPORTIVES\u00a0: L\u2019heure de la professionnalisation\",\"datePublished\":\"2022-11-11T13:18:32+00:00\",\"dateModified\":\"2022-11-11T13:18:33+00:00\",\"mainEntityOfPage\":{\"@id\":\"https:\\\/\\\/macite.tg\\\/?p=1698\"},\"wordCount\":522,\"commentCount\":0,\"image\":{\"@id\":\"https:\\\/\\\/macite.tg\\\/?p=1698#primaryimage\"},\"thumbnailUrl\":\"https:\\\/\\\/macite.tg\\\/wp-content\\\/uploads\\\/2022\\\/11\\\/Sport.jpg\",\"articleSection\":[\"SPORTS\"],\"inLanguage\":\"fr-FR\",\"potentialAction\":[{\"@type\":\"CommentAction\",\"name\":\"Comment\",\"target\":[\"https:\\\/\\\/macite.tg\\\/?p=1698#respond\"]}]},{\"@type\":\"WebPage\",\"@id\":\"https:\\\/\\\/macite.tg\\\/?p=1698\",\"url\":\"https:\\\/\\\/macite.tg\\\/?p=1698\",\"name\":\"F\u00c9D\u00c9RATIONS SPORTIVES\u00a0: L\u2019heure de la professionnalisation -\",\"isPartOf\":{\"@id\":\"https:\\\/\\\/macite.tg\\\/#website\"},\"primaryImageOfPage\":{\"@id\":\"https:\\\/\\\/macite.tg\\\/?p=1698#primaryimage\"},\"image\":{\"@id\":\"https:\\\/\\\/macite.tg\\\/?p=1698#primaryimage\"},\"thumbnailUrl\":\"https:\\\/\\\/macite.tg\\\/wp-content\\\/uploads\\\/2022\\\/11\\\/Sport.jpg\",\"datePublished\":\"2022-11-11T13:18:32+00:00\",\"dateModified\":\"2022-11-11T13:18:33+00:00\",\"author\":{\"@id\":\"https:\\\/\\\/macite.tg\\\/#\\\/schema\\\/person\\\/e9f2de7e5dbbe7770a9402c7ce82f5c2\"},\"breadcrumb\":{\"@id\":\"https:\\\/\\\/macite.tg\\\/?p=1698#breadcrumb\"},\"inLanguage\":\"fr-FR\",\"potentialAction\":[{\"@type\":\"ReadAction\",\"target\":[\"https:\\\/\\\/macite.tg\\\/?p=1698\"]}]},{\"@type\":\"ImageObject\",\"inLanguage\":\"fr-FR\",\"@id\":\"https:\\\/\\\/macite.tg\\\/?p=1698#primaryimage\",\"url\":\"https:\\\/\\\/macite.tg\\\/wp-content\\\/uploads\\\/2022\\\/11\\\/Sport.jpg\",\"contentUrl\":\"https:\\\/\\\/macite.tg\\\/wp-content\\\/uploads\\\/2022\\\/11\\\/Sport.jpg\",\"width\":310,\"height\":162},{\"@type\":\"BreadcrumbList\",\"@id\":\"https:\\\/\\\/macite.tg\\\/?p=1698#breadcrumb\",\"itemListElement\":[{\"@type\":\"ListItem\",\"position\":1,\"name\":\"Accueil\",\"item\":\"https:\\\/\\\/macite.tg\\\/\"},{\"@type\":\"ListItem\",\"position\":2,\"name\":\"F\u00c9D\u00c9RATIONS SPORTIVES\u00a0: L\u2019heure de la professionnalisation\"}]},{\"@type\":\"WebSite\",\"@id\":\"https:\\\/\\\/macite.tg\\\/#website\",\"url\":\"https:\\\/\\\/macite.tg\\\/\",\"name\":\"\",\"description\":\"L&#039;information, la bonne!!!\",\"potentialAction\":[{\"@type\":\"SearchAction\",\"target\":{\"@type\":\"EntryPoint\",\"urlTemplate\":\"https:\\\/\\\/macite.tg\\\/?s={search_term_string}\"},\"query-input\":{\"@type\":\"PropertyValueSpecification\",\"valueRequired\":true,\"valueName\":\"search_term_string\"}}],\"inLanguage\":\"fr-FR\"},{\"@type\":\"Person\",\"@id\":\"https:\\\/\\\/macite.tg\\\/#\\\/schema\\\/person\\\/e9f2de7e5dbbe7770a9402c7ce82f5c2\",\"name\":\"Jean Pierre BAWELA\",\"image\":{\"@type\":\"ImageObject\",\"inLanguage\":\"fr-FR\",\"@id\":\"https:\\\/\\\/macite.tg\\\/wp-content\\\/uploads\\\/2023\\\/09\\\/WhatsApp-Image-2023-09-19-at-14.44.41-122x122.jpeg\",\"url\":\"https:\\\/\\\/macite.tg\\\/wp-content\\\/uploads\\\/2023\\\/09\\\/WhatsApp-Image-2023-09-19-at-14.44.41-122x122.jpeg\",\"contentUrl\":\"https:\\\/\\\/macite.tg\\\/wp-content\\\/uploads\\\/2023\\\/09\\\/WhatsApp-Image-2023-09-19-at-14.44.41-122x122.jpeg\",\"caption\":\"Jean Pierre BAWELA\"},\"url\":\"https:\\\/\\\/macite.tg\\\/?author=2\"}]}<\/script>\n<!-- \/ Yoast SEO plugin. -->","yoast_head_json":{"title":"F\u00c9D\u00c9RATIONS SPORTIVES\u00a0: L\u2019heure de la professionnalisation -","robots":{"index":"index","follow":"follow","max-snippet":"max-snippet:-1","max-image-preview":"max-image-preview:large","max-video-preview":"max-video-preview:-1"},"canonical":"https:\/\/macite.tg\/?p=1698","og_locale":"fr_FR","og_type":"article","og_title":"F\u00c9D\u00c9RATIONS SPORTIVES\u00a0: L\u2019heure de la professionnalisation -","og_description":"Les acteurs sportifs de tout bord se sont r\u00e9unis, le 8 novembre 2022 \u00e0 Lom\u00e9, pour valider l\u2019arr\u00eat\u00e9 portant cr\u00e9ation, attributions, organisation et fonctionnement de la direction technique nationale au sein des f\u00e9d\u00e9rations sportives nationales. Cette rencontre fait suite \u00e0 la rencontre du 26 janvier [&hellip;]","og_url":"https:\/\/macite.tg\/?p=1698","article_published_time":"2022-11-11T13:18:32+00:00","article_modified_time":"2022-11-11T13:18:33+00:00","og_image":[{"width":310,"height":162,"url":"https:\/\/macite.tg\/wp-content\/uploads\/2022\/11\/Sport.jpg","type":"image\/jpeg"}],"author":"Jean Pierre BAWELA","twitter_card":"summary_large_image","twitter_misc":{"\u00c9crit par":"Jean Pierre BAWELA","Dur\u00e9e de lecture estim\u00e9e":"3 minutes"},"schema":{"@context":"https:\/\/schema.org","@graph":[{"@type":"Article","@id":"https:\/\/macite.tg\/?p=1698#article","isPartOf":{"@id":"https:\/\/macite.tg\/?p=1698"},"author":{"name":"Jean Pierre BAWELA","@id":"https:\/\/macite.tg\/#\/schema\/person\/e9f2de7e5dbbe7770a9402c7ce82f5c2"},"headline":"F\u00c9D\u00c9RATIONS SPORTIVES\u00a0: L\u2019heure de la professionnalisation","datePublished":"2022-11-11T13:18:32+00:00","dateModified":"2022-11-11T13:18:33+00:00","mainEntityOfPage":{"@id":"https:\/\/macite.tg\/?p=1698"},"wordCount":522,"commentCount":0,"image":{"@id":"https:\/\/macite.tg\/?p=1698#primaryimage"},"thumbnailUrl":"https:\/\/macite.tg\/wp-content\/uploads\/2022\/11\/Sport.jpg","articleSection":["SPORTS"],"inLanguage":"fr-FR","potentialAction":[{"@type":"CommentAction","name":"Comment","target":["https:\/\/macite.tg\/?p=1698#respond"]}]},{"@type":"WebPage","@id":"https:\/\/macite.tg\/?p=1698","url":"https:\/\/macite.tg\/?p=1698","name":"F\u00c9D\u00c9RATIONS SPORTIVES\u00a0: L\u2019heure de la professionnalisation -","isPartOf":{"@id":"https:\/\/macite.tg\/#website"},"primaryImageOfPage":{"@id":"https:\/\/macite.tg\/?p=1698#primaryimage"},"image":{"@id":"https:\/\/macite.tg\/?p=1698#primaryimage"},"thumbnailUrl":"https:\/\/macite.tg\/wp-content\/uploads\/2022\/11\/Sport.jpg","datePublished":"2022-11-11T13:18:32+00:00","dateModified":"2022-11-11T13:18:33+00:00","author":{"@id":"https:\/\/macite.tg\/#\/schema\/person\/e9f2de7e5dbbe7770a9402c7ce82f5c2"},"breadcrumb":{"@id":"https:\/\/macite.tg\/?p=1698#breadcrumb"},"inLanguage":"fr-FR","potentialAction":[{"@type":"ReadAction","target":["https:\/\/macite.tg\/?p=1698"]}]},{"@type":"ImageObject","inLanguage":"fr-FR","@id":"https:\/\/macite.tg\/?p=1698#primaryimage","url":"https:\/\/macite.tg\/wp-content\/uploads\/2022\/11\/Sport.jpg","contentUrl":"https:\/\/macite.tg\/wp-content\/uploads\/2022\/11\/Sport.jpg","width":310,"height":162},{"@type":"BreadcrumbList","@id":"https:\/\/macite.tg\/?p=1698#breadcrumb","itemListElement":[{"@type":"ListItem","position":1,"name":"Accueil","item":"https:\/\/macite.tg\/"},{"@type":"ListItem","position":2,"name":"F\u00c9D\u00c9RATIONS SPORTIVES\u00a0: L\u2019heure de la professionnalisation"}]},{"@type":"WebSite","@id":"https:\/\/macite.tg\/#website","url":"https:\/\/macite.tg\/","name":"","description":"L&#039;information, la bonne!!!","potentialAction":[{"@type":"SearchAction","target":{"@type":"EntryPoint","urlTemplate":"https:\/\/macite.tg\/?s={search_term_string}"},"query-input":{"@type":"PropertyValueSpecification","valueRequired":true,"valueName":"search_term_string"}}],"inLanguage":"fr-FR"},{"@type":"Person","@id":"https:\/\/macite.tg\/#\/schema\/person\/e9f2de7e5dbbe7770a9402c7ce82f5c2","name":"Jean Pierre BAWELA","image":{"@type":"ImageObject","inLanguage":"fr-FR","@id":"https:\/\/macite.tg\/wp-content\/uploads\/2023\/09\/WhatsApp-Image-2023-09-19-at-14.44.41-122x122.jpeg","url":"https:\/\/macite.tg\/wp-content\/uploads\/2023\/09\/WhatsApp-Image-2023-09-19-at-14.44.41-122x122.jpeg","contentUrl":"https:\/\/macite.tg\/wp-content\/uploads\/2023\/09\/WhatsApp-Image-2023-09-19-at-14.44.41-122x122.jpeg","caption":"Jean Pierre BAWELA"},"url":"https:\/\/macite.tg\/?author=2"}]}},"_links":{"self":[{"href":"https:\/\/macite.tg\/index.php?rest_route=\/wp\/v2\/posts\/1698","targetHints":{"allow":["GET"]}}],"collection":[{"href":"https:\/\/macite.tg\/index.php?rest_route=\/wp\/v2\/posts"}],"about":[{"href":"https:\/\/macite.tg\/index.php?rest_route=\/wp\/v2\/types\/post"}],"author":[{"embeddable":true,"href":"https:\/\/macite.tg\/index.php?rest_route=\/wp\/v2\/users\/2"}],"replies":[{"embeddable":true,"href":"https:\/\/macite.tg\/index.php?rest_route=%2Fwp%2Fv2%2Fcomments&post=1698"}],"version-history":[{"count":0,"href":"https:\/\/macite.tg\/index.php?rest_route=\/wp\/v2\/posts\/1698\/revisions"}],"wp:featuredmedia":[{"embeddable":true,"href":"https:\/\/macite.tg\/index.php?rest_route=\/wp\/v2\/media\/1699"}],"wp:attachment":[{"href":"https:\/\/macite.tg\/index.php?rest_route=%2Fwp%2Fv2%2Fmedia&parent=1698"}],"wp:term":[{"taxonomy":"category","embeddable":true,"href":"https:\/\/macite.tg\/index.php?rest_route=%2Fwp%2Fv2%2Fcategories&post=1698"},{"taxonomy":"post_tag","embeddable":true,"href":"https:\/\/macite.tg\/index.php?rest_route=%2Fwp%2Fv2%2Ftags&post=1698"}],"curies":[{"name":"wp","href":"https:\/\/api.w.org\/{rel}","templated":true}]}}