{"id":16905,"date":"2024-09-30T19:19:27","date_gmt":"2024-09-30T19:19:27","guid":{"rendered":"https:\/\/macite.tg\/?p=16905"},"modified":"2024-09-30T19:19:40","modified_gmt":"2024-09-30T19:19:40","slug":"medias-lujit-condamne-lagression-des-journalistes-dans-lexercice-de-leur-metier","status":"publish","type":"post","link":"https:\/\/macite.tg\/?p=16905","title":{"rendered":"MEDIAS : L\u2019UJIT condamne l\u2019agression des journalistes dans l\u2019exercice de leur m\u00e9tier"},"content":{"rendered":"\n<p class=\"wp-block-paragraph\"><strong><em>L\u2019affaire fait le chou gras des grands m\u00e9dias en ce moment. La rencontre politique non autoris\u00e9e par le pouvoir en place de la Dynamique pour la majorit\u00e9 du Peuple (Dmp) en pr\u00e9sence du d\u00e9put\u00e9 s\u00e9n\u00e9galais Guy Marius Sagna, a tourn\u00e9 court. En plein \u00e9changes, cette rencontre s\u2019est mu\u00e9e en une fourmili\u00e8re avec des jets de projectiles\u2026<\/em><\/strong> <\/p>\n\n\n\n<p class=\"wp-block-paragraph\"><strong><em>On d\u00e9nombre plusieurs bless\u00e9s dont le d\u00e9put\u00e9 s\u00e9n\u00e9galais mais aussi dans les rangs des acteurs des m\u00e9dias pr\u00e9sents lors de cette rencontre.<\/em><\/strong><\/p>\n\n\n\n<p class=\"wp-block-paragraph\"><strong><em>Face \u00e0 cette situation, l\u2019Union des Journalistes Ind\u00e9pendants du Togo (Ujit) est mont\u00e9 au cr\u00e9neau pour d\u00e9noncer avec la derni\u00e8re rigueur, l\u2019agression des confr\u00e8res sur un terrain de reportage.<\/em><\/strong><\/p>\n\n\n\n<p class=\"wp-block-paragraph\"><strong><em>Lisez plut\u00f4t&nbsp;!<\/em><\/strong><\/p>\n\n\n<div class=\"wp-block-image\">\n<figure class=\"aligncenter size-full is-resized\"><img loading=\"lazy\" decoding=\"async\" src=\"https:\/\/macite.tg\/wp-content\/uploads\/2024\/09\/IMG-20240313-WA0013-2.jpg\" alt=\"\" class=\"wp-image-16852\" width=\"834\" height=\"205\" srcset=\"https:\/\/macite.tg\/wp-content\/uploads\/2024\/09\/IMG-20240313-WA0013-2.jpg 690w, https:\/\/macite.tg\/wp-content\/uploads\/2024\/09\/IMG-20240313-WA0013-2-300x74.jpg 300w\" sizes=\"auto, (max-width: 834px) 100vw, 834px\" \/><\/figure>\n<\/div>\n\n\n<p class=\"wp-block-paragraph\"><strong>COMMUNIQUE 01\/2024\/0930\/UJIT<\/strong><\/p>\n\n\n\n<p class=\"has-text-align-center wp-block-paragraph\"><em>(relatif \u00e0 l\u2019agression des journalistes lors de la couverture de la\u00a0rencontre politique de la CDPA, et \u00e0 la saisie de leurs mat\u00e9riels de reportage)\u00a0<\/em><\/p>\n\n\n\n<p class=\"wp-block-paragraph\">Le Bureau Ex\u00e9cutif de l\u2019Union des Journalistes Ind\u00e9pendants du Togo (UJIT) condamne avec fermet\u00e9 les agressions et la saisie des mat\u00e9riels de travail, des journalistes&nbsp;&nbsp;Godfrey Akpa, Hyacinthe Gbloedjro, Yawo Klousse et Romuald Koffi Lansou et d\u2019autres reporters, lors de la couverture d\u2019une rencontre politique, le dimanche 29 septembre 2024, au si\u00e8ge de la Convention D\u00e9mocratique des Peuples Africains (CDPA), \u00e0 Lom\u00e9.&nbsp;<\/p>\n\n\n\n<p class=\"wp-block-paragraph\"><em>Ces agressions des journalistes lors de cette rencontre sont totalement inacceptables.<\/em><\/p>\n\n\n\n<p class=\"wp-block-paragraph\">Le Bureau Ex\u00e9cutif de l\u2019UJIT invite le Gouvernement togolais au renforcement des conditions devant cr\u00e9er un environnement libre et s\u00fbr pour les journalistes et les professionnels des m\u00e9dias au Togo. &nbsp;<em>Tout doit \u00eatre fait pour qu\u2019ils puissent continuer \u00e0 garantir le droit \u00e0 l\u2019information dans des conditions de s\u00e9curit\u00e9 maximale.<\/em><\/p>\n\n\n<div class=\"wp-block-image\">\n<figure class=\"aligncenter size-full\"><img loading=\"lazy\" decoding=\"async\" width=\"512\" height=\"640\" src=\"https:\/\/macite.tg\/wp-content\/uploads\/2024\/09\/30-Depreciation.jpg\" alt=\"\" class=\"wp-image-16664\" srcset=\"https:\/\/macite.tg\/wp-content\/uploads\/2024\/09\/30-Depreciation.jpg 512w, https:\/\/macite.tg\/wp-content\/uploads\/2024\/09\/30-Depreciation-240x300.jpg 240w\" sizes=\"auto, (max-width: 512px) 100vw, 512px\" \/><\/figure>\n<\/div>\n\n\n<p class=\"wp-block-paragraph\">Par ailleurs le Bureau Ex\u00e9cutif de l\u2019UJIT, invite le Gouvernement togolais \u00e0 diligenter une enqu\u00eate impartiale pour retrouver les auteurs de ces actes commis \u00e0 l\u2019int\u00e9rieur du si\u00e8ge de la CDPA.<\/p>\n\n\n\n<p class=\"wp-block-paragraph\">Le Bureau Ex\u00e9cutif de l\u2019UJIT exprime sa compassion aux journalistes bless\u00e9s et autres victimes de ces agressions.&nbsp;&nbsp;&nbsp;&nbsp;&nbsp;&nbsp;&nbsp;&nbsp;&nbsp;&nbsp;&nbsp;&nbsp;&nbsp;&nbsp;&nbsp;&nbsp;&nbsp;&nbsp;&nbsp;&nbsp;&nbsp;&nbsp;&nbsp;&nbsp;&nbsp;&nbsp;&nbsp;&nbsp;&nbsp;&nbsp;&nbsp;&nbsp;&nbsp;&nbsp;&nbsp; &nbsp;&nbsp;&nbsp;&nbsp;&nbsp;&nbsp;<\/p>\n\n\n\n<p class=\"wp-block-paragraph\">&nbsp;&nbsp;&nbsp;&nbsp;&nbsp;&nbsp;&nbsp;&nbsp;&nbsp;&nbsp;&nbsp;&nbsp;&nbsp;&nbsp;&nbsp;&nbsp;&nbsp;&nbsp;&nbsp;&nbsp;&nbsp;&nbsp;&nbsp;&nbsp;&nbsp;&nbsp;&nbsp;&nbsp;&nbsp;&nbsp;&nbsp;&nbsp;&nbsp;&nbsp;&nbsp;&nbsp;&nbsp;&nbsp;&nbsp;&nbsp;&nbsp;&nbsp;&nbsp;&nbsp;&nbsp;&nbsp;&nbsp;&nbsp;&nbsp;&nbsp;&nbsp;&nbsp;&nbsp; Fait \u00e0 Lom\u00e9, le 30 septembre 2024<\/p>\n\n\n\n<p class=\"wp-block-paragraph\">&nbsp;&nbsp;&nbsp;&nbsp;&nbsp;&nbsp;&nbsp;&nbsp;&nbsp;&nbsp;&nbsp;&nbsp;&nbsp;&nbsp;&nbsp;&nbsp;&nbsp;&nbsp;&nbsp;&nbsp;&nbsp;&nbsp;&nbsp;&nbsp;&nbsp;&nbsp;&nbsp;&nbsp;&nbsp;&nbsp;&nbsp;&nbsp;&nbsp;&nbsp;&nbsp;&nbsp;&nbsp;&nbsp;&nbsp;&nbsp;&nbsp;&nbsp;&nbsp;&nbsp;&nbsp;&nbsp;&nbsp;&nbsp;&nbsp;&nbsp;&nbsp;&nbsp;&nbsp;&nbsp;&nbsp;&nbsp;&nbsp;&nbsp;&nbsp;&nbsp;&nbsp;&nbsp;&nbsp;&nbsp;&nbsp;&nbsp;&nbsp; <strong>Le Secr\u00e9taire G\u00e9n\u00e9ral<a><\/a><\/strong><\/p>\n\n\n\n<p class=\"wp-block-paragraph\">\u00a0\u00a0\u00a0\u00a0\u00a0\u00a0\u00a0\u00a0\u00a0\u00a0\u00a0\u00a0\u00a0\u00a0\u00a0\u00a0\u00a0\u00a0\u00a0\u00a0\u00a0\u00a0\u00a0\u00a0\u00a0\u00a0\u00a0\u00a0\u00a0\u00a0\u00a0\u00a0\u00a0\u00a0\u00a0\u00a0\u00a0\u00a0\u00a0\u00a0\u00a0\u00a0\u00a0\u00a0\u00a0\u00a0\u00a0\u00a0\u00a0\u00a0\u00a0\u00a0\u00a0\u00a0\u00a0\u00a0\u00a0 \u00a0\u00a0\u00a0\u00a0\u00a0\u00a0\u00a0\u00a0\u00a0<strong><u>Elikplim GOKA-ADOKANU<\/u><\/strong><\/p>\n\n\n\n<p class=\"wp-block-paragraph\"><a><strong><em>@macite.tg&nbsp;&nbsp;&nbsp;&nbsp;&nbsp;&nbsp;&nbsp;&nbsp;<\/em><\/strong><\/a><\/p>\n\n\n\n<p class=\"wp-block-paragraph\"><strong><em>E-mail&nbsp;: <\/em><\/strong><a href=\"mailto:maciteinfo@gmail.com\"><strong><em>maciteinfo@gmail.com<\/em><\/strong><\/a><strong><em>; <\/em><\/strong><a href=\"mailto:bawela1@gmail.com\"><strong><em>bawela1@gmail.com<\/em><\/strong><\/a><strong><em><\/em><\/strong><\/p>\n\n\n\n<p class=\"wp-block-paragraph\"><strong><em>Pour vos annonces, (publi)reportages, etc., joignez-nous au (00228)91515309\/<strong>79872224 <\/strong>www.macite.tg, L\u2019information, la bonne&nbsp;!<\/em><\/strong><\/p>\n","protected":false},"excerpt":{"rendered":"<p class=\"text-justify mb-2\" >L\u2019affaire fait le chou gras des grands m\u00e9dias en ce moment. La rencontre politique non autoris\u00e9e par le pouvoir en place de la Dynamique pour la majorit\u00e9 du Peuple (Dmp) en pr\u00e9sence du d\u00e9put\u00e9 s\u00e9n\u00e9galais Guy Marius Sagna, a tourn\u00e9 court. En plein \u00e9changes, cette [&hellip;]<\/p>\n","protected":false},"author":2,"featured_media":16909,"comment_status":"open","ping_status":"open","sticky":false,"template":"","format":"standard","meta":{"footnotes":""},"categories":[20,14],"tags":[],"class_list":["post-16905","post","type-post","status-publish","format-standard","has-post-thumbnail","hentry","category-actualite","category-medias"],"yoast_head":"<!-- This site is optimized with the Yoast SEO plugin v28.4 - https:\/\/yoast.com\/product\/yoast-seo-wordpress\/ -->\n<title>MEDIAS : L\u2019UJIT condamne l\u2019agression des journalistes dans l\u2019exercice de leur m\u00e9tier -<\/title>\n<meta name=\"robots\" content=\"index, follow, max-snippet:-1, max-image-preview:large, max-video-preview:-1\" \/>\n<link rel=\"canonical\" href=\"https:\/\/macite.tg\/?p=16905\" \/>\n<meta property=\"og:locale\" content=\"fr_FR\" \/>\n<meta property=\"og:type\" content=\"article\" \/>\n<meta property=\"og:title\" content=\"MEDIAS : L\u2019UJIT condamne l\u2019agression des journalistes dans l\u2019exercice de leur m\u00e9tier -\" \/>\n<meta property=\"og:description\" content=\"L\u2019affaire fait le chou gras des grands m\u00e9dias en ce moment. La rencontre politique non autoris\u00e9e par le pouvoir en place de la Dynamique pour la majorit\u00e9 du Peuple (Dmp) en pr\u00e9sence du d\u00e9put\u00e9 s\u00e9n\u00e9galais Guy Marius Sagna, a tourn\u00e9 court. En plein \u00e9changes, cette [&hellip;]\" \/>\n<meta property=\"og:url\" content=\"https:\/\/macite.tg\/?p=16905\" \/>\n<meta property=\"article:published_time\" content=\"2024-09-30T19:19:27+00:00\" \/>\n<meta property=\"article:modified_time\" content=\"2024-09-30T19:19:40+00:00\" \/>\n<meta property=\"og:image\" content=\"https:\/\/macite.tg\/wp-content\/uploads\/2024\/09\/SG-Ujiit-Eli-Goka.jpg\" \/>\n\t<meta property=\"og:image:width\" content=\"500\" \/>\n\t<meta property=\"og:image:height\" content=\"284\" \/>\n\t<meta property=\"og:image:type\" content=\"image\/jpeg\" \/>\n<meta name=\"author\" content=\"Jean Pierre BAWELA\" \/>\n<meta name=\"twitter:card\" content=\"summary_large_image\" \/>\n<meta name=\"twitter:label1\" content=\"\u00c9crit par\" \/>\n\t<meta name=\"twitter:data1\" content=\"Jean Pierre BAWELA\" \/>\n\t<meta name=\"twitter:label2\" content=\"Dur\u00e9e de lecture estim\u00e9e\" \/>\n\t<meta name=\"twitter:data2\" content=\"3 minutes\" \/>\n<script type=\"application\/ld+json\" class=\"yoast-schema-graph\">{\"@context\":\"https:\\\/\\\/schema.org\",\"@graph\":[{\"@type\":\"Article\",\"@id\":\"https:\\\/\\\/macite.tg\\\/?p=16905#article\",\"isPartOf\":{\"@id\":\"https:\\\/\\\/macite.tg\\\/?p=16905\"},\"author\":{\"name\":\"Jean Pierre BAWELA\",\"@id\":\"https:\\\/\\\/macite.tg\\\/#\\\/schema\\\/person\\\/e9f2de7e5dbbe7770a9402c7ce82f5c2\"},\"headline\":\"MEDIAS : L\u2019UJIT condamne l\u2019agression des journalistes dans l\u2019exercice de leur m\u00e9tier\",\"datePublished\":\"2024-09-30T19:19:27+00:00\",\"dateModified\":\"2024-09-30T19:19:40+00:00\",\"mainEntityOfPage\":{\"@id\":\"https:\\\/\\\/macite.tg\\\/?p=16905\"},\"wordCount\":576,\"commentCount\":0,\"image\":{\"@id\":\"https:\\\/\\\/macite.tg\\\/?p=16905#primaryimage\"},\"thumbnailUrl\":\"https:\\\/\\\/macite.tg\\\/wp-content\\\/uploads\\\/2024\\\/09\\\/SG-Ujiit-Eli-Goka.jpg\",\"articleSection\":[\"ACTUALITE\",\"MEDIAS\"],\"inLanguage\":\"fr-FR\",\"potentialAction\":[{\"@type\":\"CommentAction\",\"name\":\"Comment\",\"target\":[\"https:\\\/\\\/macite.tg\\\/?p=16905#respond\"]}]},{\"@type\":\"WebPage\",\"@id\":\"https:\\\/\\\/macite.tg\\\/?p=16905\",\"url\":\"https:\\\/\\\/macite.tg\\\/?p=16905\",\"name\":\"MEDIAS : L\u2019UJIT condamne l\u2019agression des journalistes dans l\u2019exercice de leur m\u00e9tier -\",\"isPartOf\":{\"@id\":\"https:\\\/\\\/macite.tg\\\/#website\"},\"primaryImageOfPage\":{\"@id\":\"https:\\\/\\\/macite.tg\\\/?p=16905#primaryimage\"},\"image\":{\"@id\":\"https:\\\/\\\/macite.tg\\\/?p=16905#primaryimage\"},\"thumbnailUrl\":\"https:\\\/\\\/macite.tg\\\/wp-content\\\/uploads\\\/2024\\\/09\\\/SG-Ujiit-Eli-Goka.jpg\",\"datePublished\":\"2024-09-30T19:19:27+00:00\",\"dateModified\":\"2024-09-30T19:19:40+00:00\",\"author\":{\"@id\":\"https:\\\/\\\/macite.tg\\\/#\\\/schema\\\/person\\\/e9f2de7e5dbbe7770a9402c7ce82f5c2\"},\"breadcrumb\":{\"@id\":\"https:\\\/\\\/macite.tg\\\/?p=16905#breadcrumb\"},\"inLanguage\":\"fr-FR\",\"potentialAction\":[{\"@type\":\"ReadAction\",\"target\":[\"https:\\\/\\\/macite.tg\\\/?p=16905\"]}]},{\"@type\":\"ImageObject\",\"inLanguage\":\"fr-FR\",\"@id\":\"https:\\\/\\\/macite.tg\\\/?p=16905#primaryimage\",\"url\":\"https:\\\/\\\/macite.tg\\\/wp-content\\\/uploads\\\/2024\\\/09\\\/SG-Ujiit-Eli-Goka.jpg\",\"contentUrl\":\"https:\\\/\\\/macite.tg\\\/wp-content\\\/uploads\\\/2024\\\/09\\\/SG-Ujiit-Eli-Goka.jpg\",\"width\":500,\"height\":284,\"caption\":\"Eli Goka, SG de l'UJIT\"},{\"@type\":\"BreadcrumbList\",\"@id\":\"https:\\\/\\\/macite.tg\\\/?p=16905#breadcrumb\",\"itemListElement\":[{\"@type\":\"ListItem\",\"position\":1,\"name\":\"Accueil\",\"item\":\"https:\\\/\\\/macite.tg\\\/\"},{\"@type\":\"ListItem\",\"position\":2,\"name\":\"MEDIAS : L\u2019UJIT condamne l\u2019agression des journalistes dans l\u2019exercice de leur m\u00e9tier\"}]},{\"@type\":\"WebSite\",\"@id\":\"https:\\\/\\\/macite.tg\\\/#website\",\"url\":\"https:\\\/\\\/macite.tg\\\/\",\"name\":\"\",\"description\":\"L&#039;information, la bonne!!!\",\"potentialAction\":[{\"@type\":\"SearchAction\",\"target\":{\"@type\":\"EntryPoint\",\"urlTemplate\":\"https:\\\/\\\/macite.tg\\\/?s={search_term_string}\"},\"query-input\":{\"@type\":\"PropertyValueSpecification\",\"valueRequired\":true,\"valueName\":\"search_term_string\"}}],\"inLanguage\":\"fr-FR\"},{\"@type\":\"Person\",\"@id\":\"https:\\\/\\\/macite.tg\\\/#\\\/schema\\\/person\\\/e9f2de7e5dbbe7770a9402c7ce82f5c2\",\"name\":\"Jean Pierre BAWELA\",\"image\":{\"@type\":\"ImageObject\",\"inLanguage\":\"fr-FR\",\"@id\":\"https:\\\/\\\/macite.tg\\\/wp-content\\\/uploads\\\/2023\\\/09\\\/WhatsApp-Image-2023-09-19-at-14.44.41-122x122.jpeg\",\"url\":\"https:\\\/\\\/macite.tg\\\/wp-content\\\/uploads\\\/2023\\\/09\\\/WhatsApp-Image-2023-09-19-at-14.44.41-122x122.jpeg\",\"contentUrl\":\"https:\\\/\\\/macite.tg\\\/wp-content\\\/uploads\\\/2023\\\/09\\\/WhatsApp-Image-2023-09-19-at-14.44.41-122x122.jpeg\",\"caption\":\"Jean Pierre BAWELA\"},\"url\":\"https:\\\/\\\/macite.tg\\\/?author=2\"}]}<\/script>\n<!-- \/ Yoast SEO plugin. -->","yoast_head_json":{"title":"MEDIAS : L\u2019UJIT condamne l\u2019agression des journalistes dans l\u2019exercice de leur m\u00e9tier -","robots":{"index":"index","follow":"follow","max-snippet":"max-snippet:-1","max-image-preview":"max-image-preview:large","max-video-preview":"max-video-preview:-1"},"canonical":"https:\/\/macite.tg\/?p=16905","og_locale":"fr_FR","og_type":"article","og_title":"MEDIAS : L\u2019UJIT condamne l\u2019agression des journalistes dans l\u2019exercice de leur m\u00e9tier -","og_description":"L\u2019affaire fait le chou gras des grands m\u00e9dias en ce moment. La rencontre politique non autoris\u00e9e par le pouvoir en place de la Dynamique pour la majorit\u00e9 du Peuple (Dmp) en pr\u00e9sence du d\u00e9put\u00e9 s\u00e9n\u00e9galais Guy Marius Sagna, a tourn\u00e9 court. En plein \u00e9changes, cette [&hellip;]","og_url":"https:\/\/macite.tg\/?p=16905","article_published_time":"2024-09-30T19:19:27+00:00","article_modified_time":"2024-09-30T19:19:40+00:00","og_image":[{"width":500,"height":284,"url":"https:\/\/macite.tg\/wp-content\/uploads\/2024\/09\/SG-Ujiit-Eli-Goka.jpg","type":"image\/jpeg"}],"author":"Jean Pierre BAWELA","twitter_card":"summary_large_image","twitter_misc":{"\u00c9crit par":"Jean Pierre BAWELA","Dur\u00e9e de lecture estim\u00e9e":"3 minutes"},"schema":{"@context":"https:\/\/schema.org","@graph":[{"@type":"Article","@id":"https:\/\/macite.tg\/?p=16905#article","isPartOf":{"@id":"https:\/\/macite.tg\/?p=16905"},"author":{"name":"Jean Pierre BAWELA","@id":"https:\/\/macite.tg\/#\/schema\/person\/e9f2de7e5dbbe7770a9402c7ce82f5c2"},"headline":"MEDIAS : L\u2019UJIT condamne l\u2019agression des journalistes dans l\u2019exercice de leur m\u00e9tier","datePublished":"2024-09-30T19:19:27+00:00","dateModified":"2024-09-30T19:19:40+00:00","mainEntityOfPage":{"@id":"https:\/\/macite.tg\/?p=16905"},"wordCount":576,"commentCount":0,"image":{"@id":"https:\/\/macite.tg\/?p=16905#primaryimage"},"thumbnailUrl":"https:\/\/macite.tg\/wp-content\/uploads\/2024\/09\/SG-Ujiit-Eli-Goka.jpg","articleSection":["ACTUALITE","MEDIAS"],"inLanguage":"fr-FR","potentialAction":[{"@type":"CommentAction","name":"Comment","target":["https:\/\/macite.tg\/?p=16905#respond"]}]},{"@type":"WebPage","@id":"https:\/\/macite.tg\/?p=16905","url":"https:\/\/macite.tg\/?p=16905","name":"MEDIAS : L\u2019UJIT condamne l\u2019agression des journalistes dans l\u2019exercice de leur m\u00e9tier -","isPartOf":{"@id":"https:\/\/macite.tg\/#website"},"primaryImageOfPage":{"@id":"https:\/\/macite.tg\/?p=16905#primaryimage"},"image":{"@id":"https:\/\/macite.tg\/?p=16905#primaryimage"},"thumbnailUrl":"https:\/\/macite.tg\/wp-content\/uploads\/2024\/09\/SG-Ujiit-Eli-Goka.jpg","datePublished":"2024-09-30T19:19:27+00:00","dateModified":"2024-09-30T19:19:40+00:00","author":{"@id":"https:\/\/macite.tg\/#\/schema\/person\/e9f2de7e5dbbe7770a9402c7ce82f5c2"},"breadcrumb":{"@id":"https:\/\/macite.tg\/?p=16905#breadcrumb"},"inLanguage":"fr-FR","potentialAction":[{"@type":"ReadAction","target":["https:\/\/macite.tg\/?p=16905"]}]},{"@type":"ImageObject","inLanguage":"fr-FR","@id":"https:\/\/macite.tg\/?p=16905#primaryimage","url":"https:\/\/macite.tg\/wp-content\/uploads\/2024\/09\/SG-Ujiit-Eli-Goka.jpg","contentUrl":"https:\/\/macite.tg\/wp-content\/uploads\/2024\/09\/SG-Ujiit-Eli-Goka.jpg","width":500,"height":284,"caption":"Eli Goka, SG de l'UJIT"},{"@type":"BreadcrumbList","@id":"https:\/\/macite.tg\/?p=16905#breadcrumb","itemListElement":[{"@type":"ListItem","position":1,"name":"Accueil","item":"https:\/\/macite.tg\/"},{"@type":"ListItem","position":2,"name":"MEDIAS : L\u2019UJIT condamne l\u2019agression des journalistes dans l\u2019exercice de leur m\u00e9tier"}]},{"@type":"WebSite","@id":"https:\/\/macite.tg\/#website","url":"https:\/\/macite.tg\/","name":"","description":"L&#039;information, la bonne!!!","potentialAction":[{"@type":"SearchAction","target":{"@type":"EntryPoint","urlTemplate":"https:\/\/macite.tg\/?s={search_term_string}"},"query-input":{"@type":"PropertyValueSpecification","valueRequired":true,"valueName":"search_term_string"}}],"inLanguage":"fr-FR"},{"@type":"Person","@id":"https:\/\/macite.tg\/#\/schema\/person\/e9f2de7e5dbbe7770a9402c7ce82f5c2","name":"Jean Pierre BAWELA","image":{"@type":"ImageObject","inLanguage":"fr-FR","@id":"https:\/\/macite.tg\/wp-content\/uploads\/2023\/09\/WhatsApp-Image-2023-09-19-at-14.44.41-122x122.jpeg","url":"https:\/\/macite.tg\/wp-content\/uploads\/2023\/09\/WhatsApp-Image-2023-09-19-at-14.44.41-122x122.jpeg","contentUrl":"https:\/\/macite.tg\/wp-content\/uploads\/2023\/09\/WhatsApp-Image-2023-09-19-at-14.44.41-122x122.jpeg","caption":"Jean Pierre BAWELA"},"url":"https:\/\/macite.tg\/?author=2"}]}},"_links":{"self":[{"href":"https:\/\/macite.tg\/index.php?rest_route=\/wp\/v2\/posts\/16905","targetHints":{"allow":["GET"]}}],"collection":[{"href":"https:\/\/macite.tg\/index.php?rest_route=\/wp\/v2\/posts"}],"about":[{"href":"https:\/\/macite.tg\/index.php?rest_route=\/wp\/v2\/types\/post"}],"author":[{"embeddable":true,"href":"https:\/\/macite.tg\/index.php?rest_route=\/wp\/v2\/users\/2"}],"replies":[{"embeddable":true,"href":"https:\/\/macite.tg\/index.php?rest_route=%2Fwp%2Fv2%2Fcomments&post=16905"}],"version-history":[{"count":0,"href":"https:\/\/macite.tg\/index.php?rest_route=\/wp\/v2\/posts\/16905\/revisions"}],"wp:featuredmedia":[{"embeddable":true,"href":"https:\/\/macite.tg\/index.php?rest_route=\/wp\/v2\/media\/16909"}],"wp:attachment":[{"href":"https:\/\/macite.tg\/index.php?rest_route=%2Fwp%2Fv2%2Fmedia&parent=16905"}],"wp:term":[{"taxonomy":"category","embeddable":true,"href":"https:\/\/macite.tg\/index.php?rest_route=%2Fwp%2Fv2%2Fcategories&post=16905"},{"taxonomy":"post_tag","embeddable":true,"href":"https:\/\/macite.tg\/index.php?rest_route=%2Fwp%2Fv2%2Ftags&post=16905"}],"curies":[{"name":"wp","href":"https:\/\/api.w.org\/{rel}","templated":true}]}}