{"id":16876,"date":"2024-09-29T17:07:55","date_gmt":"2024-09-29T17:07:55","guid":{"rendered":"https:\/\/macite.tg\/?p=16876"},"modified":"2024-09-29T17:08:23","modified_gmt":"2024-09-29T17:08:23","slug":"aeroport-de-lome-6-de-hausse-du-trafic-passager-une-dynamique-confirmee","status":"publish","type":"post","link":"https:\/\/macite.tg\/?p=16876","title":{"rendered":"AEROPORT DE LOME : 6 % de hausse du trafic passager, une dynamique confirm\u00e9e"},"content":{"rendered":"\n<p class=\"wp-block-paragraph\"><strong><em>L&rsquo;a\u00e9roport international Gnassingb\u00e9 Eyadema de Lom\u00e9 continue de consolider sa position strat\u00e9gique en Afrique de l&rsquo;Ouest avec une progression marqu\u00e9e de son trafic passager. En effet, une augmentation de 6 % a \u00e9t\u00e9 observ\u00e9e au premier trimestre 2024, compar\u00e9e \u00e0 la m\u00eame p\u00e9riode de l&rsquo;ann\u00e9e pr\u00e9c\u00e9dente.<\/em><\/strong><\/p>\n\n\n\n<p class=\"wp-block-paragraph\">Ce sont ainsi 325.709 voyageurs qui ont transit\u00e9 par la plateforme a\u00e9roportuaire, contre 305.515 au premier trimestre 2023. Ces chiffres confirment l&rsquo;\u00e9lan positif engag\u00e9 par l&rsquo;Aige et les autorit\u00e9s togolaises dans leur ambition de faire de cet a\u00e9roport un hub incontournable pour les liaisons a\u00e9riennes dans la r\u00e9gion.<\/p>\n\n\n<div class=\"wp-block-image\">\n<figure class=\"aligncenter size-full is-resized\"><img loading=\"lazy\" decoding=\"async\" src=\"https:\/\/macite.tg\/wp-content\/uploads\/2024\/09\/IMG-20240313-WA0013-2.jpg\" alt=\"\" class=\"wp-image-16852\" width=\"840\" height=\"207\" srcset=\"https:\/\/macite.tg\/wp-content\/uploads\/2024\/09\/IMG-20240313-WA0013-2.jpg 690w, https:\/\/macite.tg\/wp-content\/uploads\/2024\/09\/IMG-20240313-WA0013-2-300x74.jpg 300w\" sizes=\"auto, (max-width: 840px) 100vw, 840px\" \/><\/figure>\n<\/div>\n\n\n<p class=\"wp-block-paragraph\"><strong>Forte reprise apr\u00e8s la pand\u00e9mie<\/strong><\/p>\n\n\n\n<p class=\"wp-block-paragraph\">Le secteur du transport a\u00e9rien, comme tant d&rsquo;autres, a subi les contrecoups de la pand\u00e9mie de Covid-19. En 2020, le nombre de passagers \u00e0 l&rsquo;a\u00e9roport avait chut\u00e9 drastiquement \u00e0 460.000. Les restrictions sanitaires et la baisse globale des d\u00e9placements avaient largement contribu\u00e9 \u00e0 ce d\u00e9clin.<\/p>\n\n\n\n<p class=\"wp-block-paragraph\">Mais avec l&rsquo;assouplissement progressif de ces mesures et la r\u00e9ouverture des fronti\u00e8res, l&rsquo;a\u00e9roport a su relancer son activit\u00e9. Gr\u00e2ce \u00e0 une gestion efficace et \u00e0 une strat\u00e9gie d&rsquo;expansion bien planifi\u00e9e, le trafic a progressivement augment\u00e9, atteignant un chiffre de 1,4 million de passagers \u00e0 la fin de 2023.<\/p>\n\n\n\n<p class=\"wp-block-paragraph\"><strong>Une strat\u00e9gie d&rsquo;expansion payante<\/strong><\/p>\n\n\n\n<p class=\"wp-block-paragraph\">L&rsquo;augmentation r\u00e9cente de 6 % est en grande partie attribuable \u00e0 l&rsquo;ouverture de nouvelles liaisons a\u00e9riennes. Depuis le d\u00e9but de l&rsquo;ann\u00e9e, six (06) nouvelles lignes ont \u00e9t\u00e9 lanc\u00e9es au d\u00e9part de Lom\u00e9. Parmi celles-ci, deux sont op\u00e9r\u00e9es par Ethiopian Airlines et 4 par Asky Airlines, le fleuron de l&rsquo;aviation togolaise. Ces nouvelles destinations ont permis \u00e0 l&rsquo;Aige de desservir 41 destinations dans le monde.<\/p>\n\n\n\n<p class=\"wp-block-paragraph\">Un autre exemple significatif de cette expansion est l&rsquo;ouverture de la ligne directe entre Lom\u00e9 et Washington, lanc\u00e9e par Ethiopian Airlines en juin 2022. Ce vol direct vers la capitale am\u00e9ricaine a grandement facilit\u00e9 les \u00e9changes \u00e9conomiques et touristiques entre le Togo et les \u00c9tats-Unis. D&rsquo;autres compagnies internationales participent \u00e9galement \u00e0 cette dynamique de croissance, ce qui renforce l&rsquo;offre de vols vers des destinations strat\u00e9giques.<\/p>\n\n\n<div class=\"wp-block-image\">\n<figure class=\"aligncenter size-full\"><img loading=\"lazy\" decoding=\"async\" width=\"512\" height=\"640\" src=\"https:\/\/macite.tg\/wp-content\/uploads\/2024\/09\/30-Depreciation-1.jpg\" alt=\"\" class=\"wp-image-16849\" srcset=\"https:\/\/macite.tg\/wp-content\/uploads\/2024\/09\/30-Depreciation-1.jpg 512w, https:\/\/macite.tg\/wp-content\/uploads\/2024\/09\/30-Depreciation-1-240x300.jpg 240w\" sizes=\"auto, (max-width: 512px) 100vw, 512px\" \/><\/figure>\n<\/div>\n\n\n<p class=\"wp-block-paragraph\"><strong>Modernisation des infrastructures<\/strong><\/p>\n\n\n\n<p class=\"wp-block-paragraph\">En parall\u00e8le de cette augmentation du nombre de liaisons a\u00e9riennes, des efforts continus ont \u00e9t\u00e9 d\u00e9ploy\u00e9s pour moderniser les infrastructures de l&rsquo;a\u00e9roport. L&rsquo;extension de l&rsquo;a\u00e9rogare, inaugur\u00e9e en 2016, a permis \u00e0 l&rsquo;Aige de se doter de capacit\u00e9s adapt\u00e9es \u00e0 la croissance du trafic. Les installations ont \u00e9t\u00e9 con\u00e7ues pour accueillir jusqu&rsquo;\u00e0 2 millions de passagers par an, une capacit\u00e9 qui devrait \u00eatre atteinte d&rsquo;ici 2025 si la tendance actuelle se maintient.<\/p>\n\n\n\n<p class=\"wp-block-paragraph\">Outre l&rsquo;extension des infrastructures physiques, des am\u00e9liorations ont \u00e9galement \u00e9t\u00e9 apport\u00e9es aux services offerts aux passagers.<\/p>\n\n\n\n<p class=\"wp-block-paragraph\"><strong>Impact sur le secteur touristique<\/strong><\/p>\n\n\n\n<p class=\"wp-block-paragraph\">Cette hausse du trafic passager \u00e0 l&rsquo;Aige a eu des r\u00e9percussions positives sur le secteur touristique togolais. Selon des donn\u00e9es r\u00e9centes, pr\u00e8s d&rsquo;un million de touristes ont visit\u00e9 le Togo entre 2021 et 2022, g\u00e9n\u00e9rant des recettes estim\u00e9es \u00e0 25 milliards de francs Cfa.<\/p>\n\n\n\n<p class=\"wp-block-paragraph\">\u00c0 titre de comparaison, au plus fort de la pand\u00e9mie en 2020, le pays n&rsquo;avait accueilli que 480.000 visiteurs, pour des retomb\u00e9es \u00e9conomiques nettement moindres, \u00e9valu\u00e9es \u00e0 19 milliards de francs. L&rsquo;am\u00e9lioration de l&rsquo;offre a\u00e9rienne a ainsi contribu\u00e9 \u00e0 revitaliser le secteur touristique.<\/p>\n\n\n<div class=\"wp-block-image\">\n<figure class=\"aligncenter size-full is-resized\"><img loading=\"lazy\" decoding=\"async\" src=\"https:\/\/macite.tg\/wp-content\/uploads\/2024\/09\/2e5452d9-56af-4310-be49-b9192525b106-1.jpg\" alt=\"\" class=\"wp-image-16861\" width=\"452\" height=\"618\" srcset=\"https:\/\/macite.tg\/wp-content\/uploads\/2024\/09\/2e5452d9-56af-4310-be49-b9192525b106-1.jpg 720w, https:\/\/macite.tg\/wp-content\/uploads\/2024\/09\/2e5452d9-56af-4310-be49-b9192525b106-1-219x300.jpg 219w\" sizes=\"auto, (max-width: 452px) 100vw, 452px\" \/><\/figure>\n<\/div>\n\n\n<p class=\"wp-block-paragraph\">Les autorit\u00e9s comptent sur cette dynamique pour atteindre un objectif encore plus ambitieux : celui de 1,5 million de passagers d&rsquo;ici 2025. Cet objectif repose non seulement sur l&rsquo;expansion des liaisons internationales, mais aussi sur la diversification des destinations desservies et l&rsquo;am\u00e9lioration continue des services aux passagers.<\/p>\n\n\n\n<p class=\"wp-block-paragraph\"><strong>Samir<\/strong><\/p>\n\n\n\n<p class=\"wp-block-paragraph\"><a><strong><em>@macite.tg&nbsp;&nbsp;&nbsp;&nbsp;&nbsp;&nbsp;&nbsp;&nbsp;<\/em><\/strong><\/a><\/p>\n\n\n\n<p class=\"wp-block-paragraph\"><strong><em>E-mail&nbsp;: <\/em><\/strong><a href=\"mailto:maciteinfo@gmail.com\"><strong><em>maciteinfo@gmail.com<\/em><\/strong><\/a><strong><em>; <\/em><\/strong><a href=\"mailto:bawela1@gmail.com\"><strong><em>bawela1@gmail.com<\/em><\/strong><\/a><strong><em><\/em><\/strong><\/p>\n\n\n\n<p class=\"wp-block-paragraph\"><strong><em>Pour vos annonces, (publi)reportages, etc., joignez-nous au (00228)91515309\/<strong>79872224 <\/strong>www.macite.tg, L\u2019information, la bonne&nbsp;!<\/em><\/strong><\/p>\n","protected":false},"excerpt":{"rendered":"<p class=\"text-justify mb-2\" >L&rsquo;a\u00e9roport international Gnassingb\u00e9 Eyadema de Lom\u00e9 continue de consolider sa position strat\u00e9gique en Afrique de l&rsquo;Ouest avec une progression marqu\u00e9e de son trafic passager. En effet, une augmentation de 6 % a \u00e9t\u00e9 observ\u00e9e au premier trimestre 2024, compar\u00e9e \u00e0 la m\u00eame p\u00e9riode de l&rsquo;ann\u00e9e [&hellip;]<\/p>\n","protected":false},"author":2,"featured_media":16877,"comment_status":"open","ping_status":"open","sticky":false,"template":"","format":"standard","meta":{"footnotes":""},"categories":[20,41],"tags":[],"class_list":["post-16876","post","type-post","status-publish","format-standard","has-post-thumbnail","hentry","category-actualite","category-transports"],"yoast_head":"<!-- This site is optimized with the Yoast SEO plugin v28.4 - https:\/\/yoast.com\/product\/yoast-seo-wordpress\/ -->\n<title>AEROPORT DE LOME : 6 % de hausse du trafic passager, une dynamique confirm\u00e9e -<\/title>\n<meta name=\"robots\" content=\"index, follow, max-snippet:-1, max-image-preview:large, max-video-preview:-1\" \/>\n<link rel=\"canonical\" href=\"https:\/\/macite.tg\/?p=16876\" \/>\n<meta property=\"og:locale\" content=\"fr_FR\" \/>\n<meta property=\"og:type\" content=\"article\" \/>\n<meta property=\"og:title\" content=\"AEROPORT DE LOME : 6 % de hausse du trafic passager, une dynamique confirm\u00e9e -\" \/>\n<meta property=\"og:description\" content=\"L&rsquo;a\u00e9roport international Gnassingb\u00e9 Eyadema de Lom\u00e9 continue de consolider sa position strat\u00e9gique en Afrique de l&rsquo;Ouest avec une progression marqu\u00e9e de son trafic passager. En effet, une augmentation de 6 % a \u00e9t\u00e9 observ\u00e9e au premier trimestre 2024, compar\u00e9e \u00e0 la m\u00eame p\u00e9riode de l&rsquo;ann\u00e9e [&hellip;]\" \/>\n<meta property=\"og:url\" content=\"https:\/\/macite.tg\/?p=16876\" \/>\n<meta property=\"article:published_time\" content=\"2024-09-29T17:07:55+00:00\" \/>\n<meta property=\"article:modified_time\" content=\"2024-09-29T17:08:23+00:00\" \/>\n<meta property=\"og:image\" content=\"https:\/\/macite.tg\/wp-content\/uploads\/2024\/09\/image-55.png\" \/>\n\t<meta property=\"og:image:width\" content=\"432\" \/>\n\t<meta property=\"og:image:height\" content=\"266\" \/>\n\t<meta property=\"og:image:type\" content=\"image\/png\" \/>\n<meta name=\"author\" content=\"Jean Pierre BAWELA\" \/>\n<meta name=\"twitter:card\" content=\"summary_large_image\" \/>\n<meta name=\"twitter:label1\" content=\"\u00c9crit par\" \/>\n\t<meta name=\"twitter:data1\" content=\"Jean Pierre BAWELA\" \/>\n\t<meta name=\"twitter:label2\" content=\"Dur\u00e9e de lecture estim\u00e9e\" \/>\n\t<meta name=\"twitter:data2\" content=\"3 minutes\" \/>\n<script type=\"application\/ld+json\" class=\"yoast-schema-graph\">{\"@context\":\"https:\\\/\\\/schema.org\",\"@graph\":[{\"@type\":\"Article\",\"@id\":\"https:\\\/\\\/macite.tg\\\/?p=16876#article\",\"isPartOf\":{\"@id\":\"https:\\\/\\\/macite.tg\\\/?p=16876\"},\"author\":{\"name\":\"Jean Pierre BAWELA\",\"@id\":\"https:\\\/\\\/macite.tg\\\/#\\\/schema\\\/person\\\/e9f2de7e5dbbe7770a9402c7ce82f5c2\"},\"headline\":\"AEROPORT DE LOME : 6 % de hausse du trafic passager, une dynamique confirm\u00e9e\",\"datePublished\":\"2024-09-29T17:07:55+00:00\",\"dateModified\":\"2024-09-29T17:08:23+00:00\",\"mainEntityOfPage\":{\"@id\":\"https:\\\/\\\/macite.tg\\\/?p=16876\"},\"wordCount\":655,\"commentCount\":0,\"image\":{\"@id\":\"https:\\\/\\\/macite.tg\\\/?p=16876#primaryimage\"},\"thumbnailUrl\":\"https:\\\/\\\/macite.tg\\\/wp-content\\\/uploads\\\/2024\\\/09\\\/image-55.png\",\"articleSection\":[\"ACTUALITE\",\"TRANSPORTS\"],\"inLanguage\":\"fr-FR\",\"potentialAction\":[{\"@type\":\"CommentAction\",\"name\":\"Comment\",\"target\":[\"https:\\\/\\\/macite.tg\\\/?p=16876#respond\"]}]},{\"@type\":\"WebPage\",\"@id\":\"https:\\\/\\\/macite.tg\\\/?p=16876\",\"url\":\"https:\\\/\\\/macite.tg\\\/?p=16876\",\"name\":\"AEROPORT DE LOME : 6 % de hausse du trafic passager, une dynamique confirm\u00e9e -\",\"isPartOf\":{\"@id\":\"https:\\\/\\\/macite.tg\\\/#website\"},\"primaryImageOfPage\":{\"@id\":\"https:\\\/\\\/macite.tg\\\/?p=16876#primaryimage\"},\"image\":{\"@id\":\"https:\\\/\\\/macite.tg\\\/?p=16876#primaryimage\"},\"thumbnailUrl\":\"https:\\\/\\\/macite.tg\\\/wp-content\\\/uploads\\\/2024\\\/09\\\/image-55.png\",\"datePublished\":\"2024-09-29T17:07:55+00:00\",\"dateModified\":\"2024-09-29T17:08:23+00:00\",\"author\":{\"@id\":\"https:\\\/\\\/macite.tg\\\/#\\\/schema\\\/person\\\/e9f2de7e5dbbe7770a9402c7ce82f5c2\"},\"breadcrumb\":{\"@id\":\"https:\\\/\\\/macite.tg\\\/?p=16876#breadcrumb\"},\"inLanguage\":\"fr-FR\",\"potentialAction\":[{\"@type\":\"ReadAction\",\"target\":[\"https:\\\/\\\/macite.tg\\\/?p=16876\"]}]},{\"@type\":\"ImageObject\",\"inLanguage\":\"fr-FR\",\"@id\":\"https:\\\/\\\/macite.tg\\\/?p=16876#primaryimage\",\"url\":\"https:\\\/\\\/macite.tg\\\/wp-content\\\/uploads\\\/2024\\\/09\\\/image-55.png\",\"contentUrl\":\"https:\\\/\\\/macite.tg\\\/wp-content\\\/uploads\\\/2024\\\/09\\\/image-55.png\",\"width\":432,\"height\":266,\"caption\":\"Des passagers dans le hall de l'A\u00e9roport Gnassingb\u00e9 Eyad\u00e9ma de Lom\u00e9.\"},{\"@type\":\"BreadcrumbList\",\"@id\":\"https:\\\/\\\/macite.tg\\\/?p=16876#breadcrumb\",\"itemListElement\":[{\"@type\":\"ListItem\",\"position\":1,\"name\":\"Accueil\",\"item\":\"https:\\\/\\\/macite.tg\\\/\"},{\"@type\":\"ListItem\",\"position\":2,\"name\":\"AEROPORT DE LOME : 6 % de hausse du trafic passager, une dynamique confirm\u00e9e\"}]},{\"@type\":\"WebSite\",\"@id\":\"https:\\\/\\\/macite.tg\\\/#website\",\"url\":\"https:\\\/\\\/macite.tg\\\/\",\"name\":\"\",\"description\":\"L&#039;information, la bonne!!!\",\"potentialAction\":[{\"@type\":\"SearchAction\",\"target\":{\"@type\":\"EntryPoint\",\"urlTemplate\":\"https:\\\/\\\/macite.tg\\\/?s={search_term_string}\"},\"query-input\":{\"@type\":\"PropertyValueSpecification\",\"valueRequired\":true,\"valueName\":\"search_term_string\"}}],\"inLanguage\":\"fr-FR\"},{\"@type\":\"Person\",\"@id\":\"https:\\\/\\\/macite.tg\\\/#\\\/schema\\\/person\\\/e9f2de7e5dbbe7770a9402c7ce82f5c2\",\"name\":\"Jean Pierre BAWELA\",\"image\":{\"@type\":\"ImageObject\",\"inLanguage\":\"fr-FR\",\"@id\":\"https:\\\/\\\/macite.tg\\\/wp-content\\\/uploads\\\/2023\\\/09\\\/WhatsApp-Image-2023-09-19-at-14.44.41-122x122.jpeg\",\"url\":\"https:\\\/\\\/macite.tg\\\/wp-content\\\/uploads\\\/2023\\\/09\\\/WhatsApp-Image-2023-09-19-at-14.44.41-122x122.jpeg\",\"contentUrl\":\"https:\\\/\\\/macite.tg\\\/wp-content\\\/uploads\\\/2023\\\/09\\\/WhatsApp-Image-2023-09-19-at-14.44.41-122x122.jpeg\",\"caption\":\"Jean Pierre BAWELA\"},\"url\":\"https:\\\/\\\/macite.tg\\\/?author=2\"}]}<\/script>\n<!-- \/ Yoast SEO plugin. -->","yoast_head_json":{"title":"AEROPORT DE LOME : 6 % de hausse du trafic passager, une dynamique confirm\u00e9e -","robots":{"index":"index","follow":"follow","max-snippet":"max-snippet:-1","max-image-preview":"max-image-preview:large","max-video-preview":"max-video-preview:-1"},"canonical":"https:\/\/macite.tg\/?p=16876","og_locale":"fr_FR","og_type":"article","og_title":"AEROPORT DE LOME : 6 % de hausse du trafic passager, une dynamique confirm\u00e9e -","og_description":"L&rsquo;a\u00e9roport international Gnassingb\u00e9 Eyadema de Lom\u00e9 continue de consolider sa position strat\u00e9gique en Afrique de l&rsquo;Ouest avec une progression marqu\u00e9e de son trafic passager. En effet, une augmentation de 6 % a \u00e9t\u00e9 observ\u00e9e au premier trimestre 2024, compar\u00e9e \u00e0 la m\u00eame p\u00e9riode de l&rsquo;ann\u00e9e [&hellip;]","og_url":"https:\/\/macite.tg\/?p=16876","article_published_time":"2024-09-29T17:07:55+00:00","article_modified_time":"2024-09-29T17:08:23+00:00","og_image":[{"width":432,"height":266,"url":"https:\/\/macite.tg\/wp-content\/uploads\/2024\/09\/image-55.png","type":"image\/png"}],"author":"Jean Pierre BAWELA","twitter_card":"summary_large_image","twitter_misc":{"\u00c9crit par":"Jean Pierre BAWELA","Dur\u00e9e de lecture estim\u00e9e":"3 minutes"},"schema":{"@context":"https:\/\/schema.org","@graph":[{"@type":"Article","@id":"https:\/\/macite.tg\/?p=16876#article","isPartOf":{"@id":"https:\/\/macite.tg\/?p=16876"},"author":{"name":"Jean Pierre BAWELA","@id":"https:\/\/macite.tg\/#\/schema\/person\/e9f2de7e5dbbe7770a9402c7ce82f5c2"},"headline":"AEROPORT DE LOME : 6 % de hausse du trafic passager, une dynamique confirm\u00e9e","datePublished":"2024-09-29T17:07:55+00:00","dateModified":"2024-09-29T17:08:23+00:00","mainEntityOfPage":{"@id":"https:\/\/macite.tg\/?p=16876"},"wordCount":655,"commentCount":0,"image":{"@id":"https:\/\/macite.tg\/?p=16876#primaryimage"},"thumbnailUrl":"https:\/\/macite.tg\/wp-content\/uploads\/2024\/09\/image-55.png","articleSection":["ACTUALITE","TRANSPORTS"],"inLanguage":"fr-FR","potentialAction":[{"@type":"CommentAction","name":"Comment","target":["https:\/\/macite.tg\/?p=16876#respond"]}]},{"@type":"WebPage","@id":"https:\/\/macite.tg\/?p=16876","url":"https:\/\/macite.tg\/?p=16876","name":"AEROPORT DE LOME : 6 % de hausse du trafic passager, une dynamique confirm\u00e9e -","isPartOf":{"@id":"https:\/\/macite.tg\/#website"},"primaryImageOfPage":{"@id":"https:\/\/macite.tg\/?p=16876#primaryimage"},"image":{"@id":"https:\/\/macite.tg\/?p=16876#primaryimage"},"thumbnailUrl":"https:\/\/macite.tg\/wp-content\/uploads\/2024\/09\/image-55.png","datePublished":"2024-09-29T17:07:55+00:00","dateModified":"2024-09-29T17:08:23+00:00","author":{"@id":"https:\/\/macite.tg\/#\/schema\/person\/e9f2de7e5dbbe7770a9402c7ce82f5c2"},"breadcrumb":{"@id":"https:\/\/macite.tg\/?p=16876#breadcrumb"},"inLanguage":"fr-FR","potentialAction":[{"@type":"ReadAction","target":["https:\/\/macite.tg\/?p=16876"]}]},{"@type":"ImageObject","inLanguage":"fr-FR","@id":"https:\/\/macite.tg\/?p=16876#primaryimage","url":"https:\/\/macite.tg\/wp-content\/uploads\/2024\/09\/image-55.png","contentUrl":"https:\/\/macite.tg\/wp-content\/uploads\/2024\/09\/image-55.png","width":432,"height":266,"caption":"Des passagers dans le hall de l'A\u00e9roport Gnassingb\u00e9 Eyad\u00e9ma de Lom\u00e9."},{"@type":"BreadcrumbList","@id":"https:\/\/macite.tg\/?p=16876#breadcrumb","itemListElement":[{"@type":"ListItem","position":1,"name":"Accueil","item":"https:\/\/macite.tg\/"},{"@type":"ListItem","position":2,"name":"AEROPORT DE LOME : 6 % de hausse du trafic passager, une dynamique confirm\u00e9e"}]},{"@type":"WebSite","@id":"https:\/\/macite.tg\/#website","url":"https:\/\/macite.tg\/","name":"","description":"L&#039;information, la bonne!!!","potentialAction":[{"@type":"SearchAction","target":{"@type":"EntryPoint","urlTemplate":"https:\/\/macite.tg\/?s={search_term_string}"},"query-input":{"@type":"PropertyValueSpecification","valueRequired":true,"valueName":"search_term_string"}}],"inLanguage":"fr-FR"},{"@type":"Person","@id":"https:\/\/macite.tg\/#\/schema\/person\/e9f2de7e5dbbe7770a9402c7ce82f5c2","name":"Jean Pierre BAWELA","image":{"@type":"ImageObject","inLanguage":"fr-FR","@id":"https:\/\/macite.tg\/wp-content\/uploads\/2023\/09\/WhatsApp-Image-2023-09-19-at-14.44.41-122x122.jpeg","url":"https:\/\/macite.tg\/wp-content\/uploads\/2023\/09\/WhatsApp-Image-2023-09-19-at-14.44.41-122x122.jpeg","contentUrl":"https:\/\/macite.tg\/wp-content\/uploads\/2023\/09\/WhatsApp-Image-2023-09-19-at-14.44.41-122x122.jpeg","caption":"Jean Pierre BAWELA"},"url":"https:\/\/macite.tg\/?author=2"}]}},"_links":{"self":[{"href":"https:\/\/macite.tg\/index.php?rest_route=\/wp\/v2\/posts\/16876","targetHints":{"allow":["GET"]}}],"collection":[{"href":"https:\/\/macite.tg\/index.php?rest_route=\/wp\/v2\/posts"}],"about":[{"href":"https:\/\/macite.tg\/index.php?rest_route=\/wp\/v2\/types\/post"}],"author":[{"embeddable":true,"href":"https:\/\/macite.tg\/index.php?rest_route=\/wp\/v2\/users\/2"}],"replies":[{"embeddable":true,"href":"https:\/\/macite.tg\/index.php?rest_route=%2Fwp%2Fv2%2Fcomments&post=16876"}],"version-history":[{"count":0,"href":"https:\/\/macite.tg\/index.php?rest_route=\/wp\/v2\/posts\/16876\/revisions"}],"wp:featuredmedia":[{"embeddable":true,"href":"https:\/\/macite.tg\/index.php?rest_route=\/wp\/v2\/media\/16877"}],"wp:attachment":[{"href":"https:\/\/macite.tg\/index.php?rest_route=%2Fwp%2Fv2%2Fmedia&parent=16876"}],"wp:term":[{"taxonomy":"category","embeddable":true,"href":"https:\/\/macite.tg\/index.php?rest_route=%2Fwp%2Fv2%2Fcategories&post=16876"},{"taxonomy":"post_tag","embeddable":true,"href":"https:\/\/macite.tg\/index.php?rest_route=%2Fwp%2Fv2%2Ftags&post=16876"}],"curies":[{"name":"wp","href":"https:\/\/api.w.org\/{rel}","templated":true}]}}