{"id":16854,"date":"2024-09-26T12:43:00","date_gmt":"2024-09-26T12:43:00","guid":{"rendered":"https:\/\/macite.tg\/?p=16854"},"modified":"2024-09-27T17:50:58","modified_gmt":"2024-09-27T17:50:58","slug":"new-york-debat-general-les-convictions-de-faure-gnassingbe-pour-un-monde-radieux","status":"publish","type":"post","link":"https:\/\/macite.tg\/?p=16854","title":{"rendered":"NEW YORK \/ DEBAT GENERAL\u00a0: Les convictions de Faure Gnassingb\u00e9 pour un monde radieux\u2026"},"content":{"rendered":"\n<p class=\"wp-block-paragraph\"><strong><em>La 79<sup>\u00e8me<\/sup> session des Nations unies r\u00e9unit, depuis le dimanche 22 septembre dernier, \u00e0 New York, aux Etats-Unis, les chefs d\u2019Etat et de gouvernement du monde entier, avec au menu plusieurs activit\u00e9s. Le mardi 24 septembre dernier, a eu lieu l\u2019ouverture du D\u00e9bat g\u00e9n\u00e9ral, activit\u00e9 phare, qui permet aux dirigeants du monde de s\u2019exprimer sur divers sujets.<\/em><\/strong><\/p>\n\n\n\n<p class=\"wp-block-paragraph\">Cet exercice de haut niveau a eu pour th\u00e8me&nbsp;: \u00ab&nbsp;<em>Ne laisser personne de c\u00f4t\u00e9 : agir ensemble pour la paix, le d\u00e9veloppement durable et la dignit\u00e9 humaine des g\u00e9n\u00e9rations pr\u00e9sentes et futures<\/em>&nbsp;\u00bb.<\/p>\n\n\n\n<p class=\"wp-block-paragraph\">En pr\u00e9sence de ses homologues africains, am\u00e9ricain, fran\u00e7ais, allemand, turc, bien d\u2019autres encore, le chef de l\u2019Etat togolais, Faure Gnassingb\u00e9, a eu l\u2019occasion de se prononcer, au second jour de ce riche partage d\u2019exp\u00e9riences. Occasion pour le leader togolais d\u2019exprimer son inqui\u00e9tude face aux nouveaux d\u00e9fis mondiaux, et de proposer des pistes de solutions fond\u00e9es sur sa propre conviction pour un monde radieux mais aussi pour son continent qui <em>\u00ab&nbsp;joue pleinement son r\u00f4le dans le concert des Nations&nbsp;\u00bb.<\/em><\/p>\n\n\n<div class=\"wp-block-image\">\n<figure class=\"aligncenter size-full is-resized\"><img loading=\"lazy\" decoding=\"async\" src=\"https:\/\/macite.tg\/wp-content\/uploads\/2024\/09\/30-Depreciation-1.jpg\" alt=\"\" class=\"wp-image-16849\" width=\"384\" height=\"480\" srcset=\"https:\/\/macite.tg\/wp-content\/uploads\/2024\/09\/30-Depreciation-1.jpg 512w, https:\/\/macite.tg\/wp-content\/uploads\/2024\/09\/30-Depreciation-1-240x300.jpg 240w\" sizes=\"auto, (max-width: 384px) 100vw, 384px\" \/><\/figure>\n<\/div>\n\n\n<p class=\"wp-block-paragraph\">D\u2019abord, parlant de sa conviction, le pr\u00e9sident togolais est fort rassur\u00e9 <em>\u00ab&nbsp;qu\u2019un autre chemin est possible&nbsp;\u00bb,<\/em> parlant, en effet, d\u2019une nouvelle d\u00e9marche dans <em>laquelle \u00ab&nbsp;la coop\u00e9ration internationale se revitalise en se faisant plus inclusive et plus respectueuse&nbsp;\u00bb<\/em>. <em>\u00ab&nbsp;Ma vision<\/em>, souligne-t-il, <em>est celle d\u2019une Afrique qui prend pleinement son r\u00f4le de partenaire strat\u00e9gique dans la construction de nouvelles r\u00e8gles de r\u00e9gulation plan\u00e9taire&nbsp;\u00bb<\/em>.<\/p>\n\n\n\n<p class=\"wp-block-paragraph\"><strong>Trois observations pour une issue certaine<\/strong><\/p>\n\n\n\n<p class=\"wp-block-paragraph\">Pour mat\u00e9rialiser cette vision du pr\u00e9sident togolais, trois importantes observations sont \u00e0 prendre en compte, notamment sur son pays le Togo, ensuite sur le continent africain, et enfin sur la coop\u00e9ration internationale.<\/p>\n\n\n\n<p class=\"wp-block-paragraph\">Primo, il convient de noter que le premier aspect prend en compte l\u2019espoir que nourrit le Pr\u00e9sident togolais pour son pays et sa d\u00e9termination \u00e0 \u0153uvrer \u00e0 un d\u00e9veloppement inclusif et durable et \u00e0 la construction d\u2019un Etat fort.<\/p>\n\n\n<div class=\"wp-block-image\">\n<figure class=\"aligncenter size-full is-resized\"><img loading=\"lazy\" decoding=\"async\" src=\"https:\/\/macite.tg\/wp-content\/uploads\/2024\/09\/IMG-20240313-WA0013-2.jpg\" alt=\"\" class=\"wp-image-16852\" width=\"832\" height=\"205\" srcset=\"https:\/\/macite.tg\/wp-content\/uploads\/2024\/09\/IMG-20240313-WA0013-2.jpg 690w, https:\/\/macite.tg\/wp-content\/uploads\/2024\/09\/IMG-20240313-WA0013-2-300x74.jpg 300w\" sizes=\"auto, (max-width: 832px) 100vw, 832px\" \/><\/figure>\n<\/div>\n\n\n<p class=\"wp-block-paragraph\">Selon lui, <em>\u00ab&nbsp;le Togo, regarde vers l\u2019avenir avec espoir et d\u00e9termination. Au Togo, nous travaillons \u00e0 un d\u00e9veloppement qui doit \u00eatre durable mais aussi \u00e9quitable et inclusif&nbsp;\u00bb.<\/em> Pour ce faire, insiste-t-il<em>, \u00ab&nbsp;nous savons qu\u2019il nous faut b\u00e2tir un Etat fort, visionnaire et protecteur. Nous le faisons en tant que nation parce que c\u2019est notre responsabilit\u00e9 envers les g\u00e9n\u00e9rations actuelles et futures&nbsp;\u00bb.<\/em><\/p>\n\n\n\n<p class=\"wp-block-paragraph\">Pour y parvenir, cela n\u00e9cessite un gros investissement dans plusieurs secteurs, notamment dans le syst\u00e8me \u00e9ducatif, sanitaire, la r\u00e9duction de la fracture num\u00e9rique et la promotion de la transition \u00e9cologique et de l\u2019\u00e9quit\u00e9-genre.&nbsp;<\/p>\n\n\n\n<p class=\"wp-block-paragraph\">Pour ce qui est du second volet de son observation, qui concerne l\u2019Afrique, le Chef de l\u2019Etat s\u2019est montr\u00e9 optimiste au regard des innombrables atouts humains, \u00e9conomique et naturel, qui peut positivement transformer le continent en un prochain moteur de la croissance mondiale.<\/p>\n\n\n<div class=\"wp-block-image\">\n<figure class=\"aligncenter size-full is-resized\"><img loading=\"lazy\" decoding=\"async\" src=\"https:\/\/macite.tg\/wp-content\/uploads\/2024\/09\/ANNONCES-1-768x319-2.jpg\" alt=\"\" class=\"wp-image-16637\" width=\"834\" height=\"346\" srcset=\"https:\/\/macite.tg\/wp-content\/uploads\/2024\/09\/ANNONCES-1-768x319-2.jpg 768w, https:\/\/macite.tg\/wp-content\/uploads\/2024\/09\/ANNONCES-1-768x319-2-300x125.jpg 300w\" sizes=\"auto, (max-width: 834px) 100vw, 834px\" \/><\/figure>\n<\/div>\n\n\n<p class=\"wp-block-paragraph\">A ce sujet, Faure Gnassingb\u00e9 pr\u00e9cise&nbsp;: <em>\u00ab&nbsp;(\u2026) regarder vers l\u2019avenir aujourd\u2019hui, c\u2019est regarder vers l\u2019Afrique, notre continent n\u2019est plus seulement une r\u00e9gion en d\u00e9veloppement. C\u2019est tout simplement le prochain moteur de la croissance mondiale&nbsp;\u00bb. A<\/em>insi, la mise en valeur optimale de ces ressources de fa\u00e7on durable, donc au profit des g\u00e9n\u00e9rations futures, doit se faire dans une synergie d\u2019action entre les Etats africains.<\/p>\n\n\n\n<p class=\"wp-block-paragraph\">Tout en notant que la r\u00e9ponse \u00e0 ces d\u00e9fis suppose aussi une coop\u00e9ration multilat\u00e9ral efficace, le Pr\u00e9sident Faure met ainsi \u00e0 l\u2019\u00e9vidence la n\u00e9cessit\u00e9 d\u2019un engagement collectif face aux menaces globales de l\u2019heure, notamment le changement climatique, la crise alimentaire, l\u2019immigration, la paix et la s\u00e9curit\u00e9.<\/p>\n\n\n\n<p class=\"wp-block-paragraph\">Pour ce qui est de sa derni\u00e8re observation, le leader togolais s\u2019est appesanti, notamment sur les strat\u00e9gies de lutte contre les menaces s\u00e9curitaires dans la sous-r\u00e9gion ouest africaine. Il a, de ce fait, pr\u00e9conis\u00e9 un m\u00e9canisme innovant alliant dialogue inclusif, r\u00e9formes s\u00e9curitaires et projets de d\u00e9veloppement socio-\u00e9conomique.&nbsp;<\/p>\n\n\n\n<p class=\"wp-block-paragraph\"><em>\u00ab&nbsp;Nous faisons face aux menaces persistantes du terrorisme. Ce d\u00e9fi s\u00e9curitaire ne peut plus \u00eatre le fardeau des seuls Africains en Afrique de l\u2019Ouest. La r\u00e9ponse repose sur une combinaison de dialogue inclusif, de r\u00e9formes s\u00e9curitaires et d\u2019initiatives de d\u00e9veloppement \u00e9conomique pour \u00e9radiquer les causes profondes de la violence. Seule la coop\u00e9ration multilat\u00e9rale est n\u00e9cessaire pour faire face \u00e0 cette menace collective \u00bb<\/em> a-t-il soulign\u00e9.<\/p>\n\n\n<div class=\"wp-block-image\">\n<figure class=\"aligncenter size-full is-resized\"><img loading=\"lazy\" decoding=\"async\" src=\"https:\/\/macite.tg\/wp-content\/uploads\/2024\/09\/2e5452d9-56af-4310-be49-b9192525b106-1.jpg\" alt=\"\" class=\"wp-image-16861\" width=\"466\" height=\"638\" srcset=\"https:\/\/macite.tg\/wp-content\/uploads\/2024\/09\/2e5452d9-56af-4310-be49-b9192525b106-1.jpg 720w, https:\/\/macite.tg\/wp-content\/uploads\/2024\/09\/2e5452d9-56af-4310-be49-b9192525b106-1-219x300.jpg 219w\" sizes=\"auto, (max-width: 466px) 100vw, 466px\" \/><\/figure>\n<\/div>\n\n\n<p class=\"wp-block-paragraph\">Dans un \u00e9lan d\u2019\u00e9claireur, Faure Gnassingb\u00e9 propose de r\u00e9inventer un mod\u00e8le de multilat\u00e9ralisme dans lequel les Etats africains m\u00e9ritent une meilleure attention, dans la mesure o\u00f9 on ne peut penser \u00e0 une coop\u00e9ration internationale renforc\u00e9e sans un nouveau mod\u00e8le de partenariat qui soit plus \u00e9quitable et plus respectueux des Etats du continent africain.<\/p>\n\n\n\n<p class=\"wp-block-paragraph\"><strong>JPB<\/strong><\/p>\n\n\n\n<p class=\"wp-block-paragraph\"><a><strong><em>@macite.tg&nbsp;&nbsp;&nbsp;&nbsp;&nbsp;&nbsp;&nbsp;&nbsp;<\/em><\/strong><\/a><\/p>\n\n\n\n<p class=\"wp-block-paragraph\"><strong><em>E-mail&nbsp;: <\/em><\/strong><a href=\"mailto:maciteinfo@gmail.com\"><strong><em>maciteinfo@gmail.com<\/em><\/strong><\/a><strong><em>; <\/em><\/strong><a href=\"mailto:bawela1@gmail.com\"><strong><em>bawela1@gmail.com<\/em><\/strong><\/a><strong><em><\/em><\/strong><\/p>\n\n\n\n<p class=\"wp-block-paragraph\"><strong><em>Pour vos annonces, (publi)reportages, etc., joignez-nous au (00228)91515309\/<strong>79872224 <\/strong>www.macite.tg, L\u2019information, la bonne&nbsp;!<\/em><\/strong><\/p>\n","protected":false},"excerpt":{"rendered":"<p class=\"text-justify mb-2\" >La 79\u00e8me session des Nations unies r\u00e9unit, depuis le dimanche 22 septembre dernier, \u00e0 New York, aux Etats-Unis, les chefs d\u2019Etat et de gouvernement du monde entier, avec au menu plusieurs activit\u00e9s. Le mardi 24 septembre dernier, a eu lieu l\u2019ouverture du D\u00e9bat g\u00e9n\u00e9ral, activit\u00e9 [&hellip;]<\/p>\n","protected":false},"author":2,"featured_media":16859,"comment_status":"open","ping_status":"open","sticky":false,"template":"","format":"standard","meta":{"footnotes":""},"categories":[20,1],"tags":[],"class_list":["post-16854","post","type-post","status-publish","format-standard","has-post-thumbnail","hentry","category-actualite","category-politique"],"yoast_head":"<!-- This site is optimized with the Yoast SEO plugin v28.4 - https:\/\/yoast.com\/product\/yoast-seo-wordpress\/ -->\n<title>NEW YORK \/ DEBAT GENERAL\u00a0: Les convictions de Faure Gnassingb\u00e9 pour un monde radieux\u2026 -<\/title>\n<meta name=\"robots\" content=\"index, follow, max-snippet:-1, max-image-preview:large, max-video-preview:-1\" \/>\n<link rel=\"canonical\" href=\"https:\/\/macite.tg\/?p=16854\" \/>\n<meta property=\"og:locale\" content=\"fr_FR\" \/>\n<meta property=\"og:type\" content=\"article\" \/>\n<meta property=\"og:title\" content=\"NEW YORK \/ DEBAT GENERAL\u00a0: Les convictions de Faure Gnassingb\u00e9 pour un monde radieux\u2026 -\" \/>\n<meta property=\"og:description\" content=\"La 79\u00e8me session des Nations unies r\u00e9unit, depuis le dimanche 22 septembre dernier, \u00e0 New York, aux Etats-Unis, les chefs d\u2019Etat et de gouvernement du monde entier, avec au menu plusieurs activit\u00e9s. Le mardi 24 septembre dernier, a eu lieu l\u2019ouverture du D\u00e9bat g\u00e9n\u00e9ral, activit\u00e9 [&hellip;]\" \/>\n<meta property=\"og:url\" content=\"https:\/\/macite.tg\/?p=16854\" \/>\n<meta property=\"article:published_time\" content=\"2024-09-26T12:43:00+00:00\" \/>\n<meta property=\"article:modified_time\" content=\"2024-09-27T17:50:58+00:00\" \/>\n<meta property=\"og:image\" content=\"https:\/\/macite.tg\/wp-content\/uploads\/2024\/09\/feg-a-new-york.jpg\" \/>\n\t<meta property=\"og:image:width\" content=\"500\" \/>\n\t<meta property=\"og:image:height\" content=\"334\" \/>\n\t<meta property=\"og:image:type\" content=\"image\/jpeg\" \/>\n<meta name=\"author\" content=\"Jean Pierre BAWELA\" \/>\n<meta name=\"twitter:card\" content=\"summary_large_image\" \/>\n<meta name=\"twitter:label1\" content=\"\u00c9crit par\" \/>\n\t<meta name=\"twitter:data1\" content=\"Jean Pierre BAWELA\" \/>\n\t<meta name=\"twitter:label2\" content=\"Dur\u00e9e de lecture estim\u00e9e\" \/>\n\t<meta name=\"twitter:data2\" content=\"4 minutes\" \/>\n<script type=\"application\/ld+json\" class=\"yoast-schema-graph\">{\"@context\":\"https:\\\/\\\/schema.org\",\"@graph\":[{\"@type\":\"Article\",\"@id\":\"https:\\\/\\\/macite.tg\\\/?p=16854#article\",\"isPartOf\":{\"@id\":\"https:\\\/\\\/macite.tg\\\/?p=16854\"},\"author\":{\"name\":\"Jean Pierre BAWELA\",\"@id\":\"https:\\\/\\\/macite.tg\\\/#\\\/schema\\\/person\\\/e9f2de7e5dbbe7770a9402c7ce82f5c2\"},\"headline\":\"NEW YORK \\\/ DEBAT GENERAL\u00a0: Les convictions de Faure Gnassingb\u00e9 pour un monde radieux\u2026\",\"datePublished\":\"2024-09-26T12:43:00+00:00\",\"dateModified\":\"2024-09-27T17:50:58+00:00\",\"mainEntityOfPage\":{\"@id\":\"https:\\\/\\\/macite.tg\\\/?p=16854\"},\"wordCount\":888,\"commentCount\":0,\"image\":{\"@id\":\"https:\\\/\\\/macite.tg\\\/?p=16854#primaryimage\"},\"thumbnailUrl\":\"https:\\\/\\\/macite.tg\\\/wp-content\\\/uploads\\\/2024\\\/09\\\/feg-a-new-york.jpg\",\"articleSection\":[\"ACTUALITE\",\"POLITIQUE\"],\"inLanguage\":\"fr-FR\",\"potentialAction\":[{\"@type\":\"CommentAction\",\"name\":\"Comment\",\"target\":[\"https:\\\/\\\/macite.tg\\\/?p=16854#respond\"]}]},{\"@type\":\"WebPage\",\"@id\":\"https:\\\/\\\/macite.tg\\\/?p=16854\",\"url\":\"https:\\\/\\\/macite.tg\\\/?p=16854\",\"name\":\"NEW YORK \\\/ DEBAT GENERAL\u00a0: Les convictions de Faure Gnassingb\u00e9 pour un monde radieux\u2026 -\",\"isPartOf\":{\"@id\":\"https:\\\/\\\/macite.tg\\\/#website\"},\"primaryImageOfPage\":{\"@id\":\"https:\\\/\\\/macite.tg\\\/?p=16854#primaryimage\"},\"image\":{\"@id\":\"https:\\\/\\\/macite.tg\\\/?p=16854#primaryimage\"},\"thumbnailUrl\":\"https:\\\/\\\/macite.tg\\\/wp-content\\\/uploads\\\/2024\\\/09\\\/feg-a-new-york.jpg\",\"datePublished\":\"2024-09-26T12:43:00+00:00\",\"dateModified\":\"2024-09-27T17:50:58+00:00\",\"author\":{\"@id\":\"https:\\\/\\\/macite.tg\\\/#\\\/schema\\\/person\\\/e9f2de7e5dbbe7770a9402c7ce82f5c2\"},\"breadcrumb\":{\"@id\":\"https:\\\/\\\/macite.tg\\\/?p=16854#breadcrumb\"},\"inLanguage\":\"fr-FR\",\"potentialAction\":[{\"@type\":\"ReadAction\",\"target\":[\"https:\\\/\\\/macite.tg\\\/?p=16854\"]}]},{\"@type\":\"ImageObject\",\"inLanguage\":\"fr-FR\",\"@id\":\"https:\\\/\\\/macite.tg\\\/?p=16854#primaryimage\",\"url\":\"https:\\\/\\\/macite.tg\\\/wp-content\\\/uploads\\\/2024\\\/09\\\/feg-a-new-york.jpg\",\"contentUrl\":\"https:\\\/\\\/macite.tg\\\/wp-content\\\/uploads\\\/2024\\\/09\\\/feg-a-new-york.jpg\",\"width\":500,\"height\":334,\"caption\":\"Le Pr\u00e9sident Faure Gnassingb\u00e9 lors de son allocution \u00e0 la tribune des Nations Unies.\"},{\"@type\":\"BreadcrumbList\",\"@id\":\"https:\\\/\\\/macite.tg\\\/?p=16854#breadcrumb\",\"itemListElement\":[{\"@type\":\"ListItem\",\"position\":1,\"name\":\"Accueil\",\"item\":\"https:\\\/\\\/macite.tg\\\/\"},{\"@type\":\"ListItem\",\"position\":2,\"name\":\"NEW YORK \\\/ DEBAT GENERAL\u00a0: Les convictions de Faure Gnassingb\u00e9 pour un monde radieux\u2026\"}]},{\"@type\":\"WebSite\",\"@id\":\"https:\\\/\\\/macite.tg\\\/#website\",\"url\":\"https:\\\/\\\/macite.tg\\\/\",\"name\":\"\",\"description\":\"L&#039;information, la bonne!!!\",\"potentialAction\":[{\"@type\":\"SearchAction\",\"target\":{\"@type\":\"EntryPoint\",\"urlTemplate\":\"https:\\\/\\\/macite.tg\\\/?s={search_term_string}\"},\"query-input\":{\"@type\":\"PropertyValueSpecification\",\"valueRequired\":true,\"valueName\":\"search_term_string\"}}],\"inLanguage\":\"fr-FR\"},{\"@type\":\"Person\",\"@id\":\"https:\\\/\\\/macite.tg\\\/#\\\/schema\\\/person\\\/e9f2de7e5dbbe7770a9402c7ce82f5c2\",\"name\":\"Jean Pierre BAWELA\",\"image\":{\"@type\":\"ImageObject\",\"inLanguage\":\"fr-FR\",\"@id\":\"https:\\\/\\\/macite.tg\\\/wp-content\\\/uploads\\\/2023\\\/09\\\/WhatsApp-Image-2023-09-19-at-14.44.41-122x122.jpeg\",\"url\":\"https:\\\/\\\/macite.tg\\\/wp-content\\\/uploads\\\/2023\\\/09\\\/WhatsApp-Image-2023-09-19-at-14.44.41-122x122.jpeg\",\"contentUrl\":\"https:\\\/\\\/macite.tg\\\/wp-content\\\/uploads\\\/2023\\\/09\\\/WhatsApp-Image-2023-09-19-at-14.44.41-122x122.jpeg\",\"caption\":\"Jean Pierre BAWELA\"},\"url\":\"https:\\\/\\\/macite.tg\\\/?author=2\"}]}<\/script>\n<!-- \/ Yoast SEO plugin. -->","yoast_head_json":{"title":"NEW YORK \/ DEBAT GENERAL\u00a0: Les convictions de Faure Gnassingb\u00e9 pour un monde radieux\u2026 -","robots":{"index":"index","follow":"follow","max-snippet":"max-snippet:-1","max-image-preview":"max-image-preview:large","max-video-preview":"max-video-preview:-1"},"canonical":"https:\/\/macite.tg\/?p=16854","og_locale":"fr_FR","og_type":"article","og_title":"NEW YORK \/ DEBAT GENERAL\u00a0: Les convictions de Faure Gnassingb\u00e9 pour un monde radieux\u2026 -","og_description":"La 79\u00e8me session des Nations unies r\u00e9unit, depuis le dimanche 22 septembre dernier, \u00e0 New York, aux Etats-Unis, les chefs d\u2019Etat et de gouvernement du monde entier, avec au menu plusieurs activit\u00e9s. Le mardi 24 septembre dernier, a eu lieu l\u2019ouverture du D\u00e9bat g\u00e9n\u00e9ral, activit\u00e9 [&hellip;]","og_url":"https:\/\/macite.tg\/?p=16854","article_published_time":"2024-09-26T12:43:00+00:00","article_modified_time":"2024-09-27T17:50:58+00:00","og_image":[{"width":500,"height":334,"url":"https:\/\/macite.tg\/wp-content\/uploads\/2024\/09\/feg-a-new-york.jpg","type":"image\/jpeg"}],"author":"Jean Pierre BAWELA","twitter_card":"summary_large_image","twitter_misc":{"\u00c9crit par":"Jean Pierre BAWELA","Dur\u00e9e de lecture estim\u00e9e":"4 minutes"},"schema":{"@context":"https:\/\/schema.org","@graph":[{"@type":"Article","@id":"https:\/\/macite.tg\/?p=16854#article","isPartOf":{"@id":"https:\/\/macite.tg\/?p=16854"},"author":{"name":"Jean Pierre BAWELA","@id":"https:\/\/macite.tg\/#\/schema\/person\/e9f2de7e5dbbe7770a9402c7ce82f5c2"},"headline":"NEW YORK \/ DEBAT GENERAL\u00a0: Les convictions de Faure Gnassingb\u00e9 pour un monde radieux\u2026","datePublished":"2024-09-26T12:43:00+00:00","dateModified":"2024-09-27T17:50:58+00:00","mainEntityOfPage":{"@id":"https:\/\/macite.tg\/?p=16854"},"wordCount":888,"commentCount":0,"image":{"@id":"https:\/\/macite.tg\/?p=16854#primaryimage"},"thumbnailUrl":"https:\/\/macite.tg\/wp-content\/uploads\/2024\/09\/feg-a-new-york.jpg","articleSection":["ACTUALITE","POLITIQUE"],"inLanguage":"fr-FR","potentialAction":[{"@type":"CommentAction","name":"Comment","target":["https:\/\/macite.tg\/?p=16854#respond"]}]},{"@type":"WebPage","@id":"https:\/\/macite.tg\/?p=16854","url":"https:\/\/macite.tg\/?p=16854","name":"NEW YORK \/ DEBAT GENERAL\u00a0: Les convictions de Faure Gnassingb\u00e9 pour un monde radieux\u2026 -","isPartOf":{"@id":"https:\/\/macite.tg\/#website"},"primaryImageOfPage":{"@id":"https:\/\/macite.tg\/?p=16854#primaryimage"},"image":{"@id":"https:\/\/macite.tg\/?p=16854#primaryimage"},"thumbnailUrl":"https:\/\/macite.tg\/wp-content\/uploads\/2024\/09\/feg-a-new-york.jpg","datePublished":"2024-09-26T12:43:00+00:00","dateModified":"2024-09-27T17:50:58+00:00","author":{"@id":"https:\/\/macite.tg\/#\/schema\/person\/e9f2de7e5dbbe7770a9402c7ce82f5c2"},"breadcrumb":{"@id":"https:\/\/macite.tg\/?p=16854#breadcrumb"},"inLanguage":"fr-FR","potentialAction":[{"@type":"ReadAction","target":["https:\/\/macite.tg\/?p=16854"]}]},{"@type":"ImageObject","inLanguage":"fr-FR","@id":"https:\/\/macite.tg\/?p=16854#primaryimage","url":"https:\/\/macite.tg\/wp-content\/uploads\/2024\/09\/feg-a-new-york.jpg","contentUrl":"https:\/\/macite.tg\/wp-content\/uploads\/2024\/09\/feg-a-new-york.jpg","width":500,"height":334,"caption":"Le Pr\u00e9sident Faure Gnassingb\u00e9 lors de son allocution \u00e0 la tribune des Nations Unies."},{"@type":"BreadcrumbList","@id":"https:\/\/macite.tg\/?p=16854#breadcrumb","itemListElement":[{"@type":"ListItem","position":1,"name":"Accueil","item":"https:\/\/macite.tg\/"},{"@type":"ListItem","position":2,"name":"NEW YORK \/ DEBAT GENERAL\u00a0: Les convictions de Faure Gnassingb\u00e9 pour un monde radieux\u2026"}]},{"@type":"WebSite","@id":"https:\/\/macite.tg\/#website","url":"https:\/\/macite.tg\/","name":"","description":"L&#039;information, la bonne!!!","potentialAction":[{"@type":"SearchAction","target":{"@type":"EntryPoint","urlTemplate":"https:\/\/macite.tg\/?s={search_term_string}"},"query-input":{"@type":"PropertyValueSpecification","valueRequired":true,"valueName":"search_term_string"}}],"inLanguage":"fr-FR"},{"@type":"Person","@id":"https:\/\/macite.tg\/#\/schema\/person\/e9f2de7e5dbbe7770a9402c7ce82f5c2","name":"Jean Pierre BAWELA","image":{"@type":"ImageObject","inLanguage":"fr-FR","@id":"https:\/\/macite.tg\/wp-content\/uploads\/2023\/09\/WhatsApp-Image-2023-09-19-at-14.44.41-122x122.jpeg","url":"https:\/\/macite.tg\/wp-content\/uploads\/2023\/09\/WhatsApp-Image-2023-09-19-at-14.44.41-122x122.jpeg","contentUrl":"https:\/\/macite.tg\/wp-content\/uploads\/2023\/09\/WhatsApp-Image-2023-09-19-at-14.44.41-122x122.jpeg","caption":"Jean Pierre BAWELA"},"url":"https:\/\/macite.tg\/?author=2"}]}},"_links":{"self":[{"href":"https:\/\/macite.tg\/index.php?rest_route=\/wp\/v2\/posts\/16854","targetHints":{"allow":["GET"]}}],"collection":[{"href":"https:\/\/macite.tg\/index.php?rest_route=\/wp\/v2\/posts"}],"about":[{"href":"https:\/\/macite.tg\/index.php?rest_route=\/wp\/v2\/types\/post"}],"author":[{"embeddable":true,"href":"https:\/\/macite.tg\/index.php?rest_route=\/wp\/v2\/users\/2"}],"replies":[{"embeddable":true,"href":"https:\/\/macite.tg\/index.php?rest_route=%2Fwp%2Fv2%2Fcomments&post=16854"}],"version-history":[{"count":0,"href":"https:\/\/macite.tg\/index.php?rest_route=\/wp\/v2\/posts\/16854\/revisions"}],"wp:featuredmedia":[{"embeddable":true,"href":"https:\/\/macite.tg\/index.php?rest_route=\/wp\/v2\/media\/16859"}],"wp:attachment":[{"href":"https:\/\/macite.tg\/index.php?rest_route=%2Fwp%2Fv2%2Fmedia&parent=16854"}],"wp:term":[{"taxonomy":"category","embeddable":true,"href":"https:\/\/macite.tg\/index.php?rest_route=%2Fwp%2Fv2%2Fcategories&post=16854"},{"taxonomy":"post_tag","embeddable":true,"href":"https:\/\/macite.tg\/index.php?rest_route=%2Fwp%2Fv2%2Ftags&post=16854"}],"curies":[{"name":"wp","href":"https:\/\/api.w.org\/{rel}","templated":true}]}}