{"id":16847,"date":"2024-09-27T11:10:29","date_gmt":"2024-09-27T11:10:29","guid":{"rendered":"https:\/\/macite.tg\/?p=16847"},"modified":"2024-09-27T12:50:00","modified_gmt":"2024-09-27T12:50:00","slug":"litterature-togolaise-le-livre-du-mois-une-initiative-du-ministere-de-la-culture-pour-accentuer-la-promotion-des-ouvrages-locaux","status":"publish","type":"post","link":"https:\/\/macite.tg\/?p=16847","title":{"rendered":"LITTERATURE TOGOLAISE\u00a0: \u2018\u2019Le livre du mois\u2019\u2019, une initiative du minist\u00e8re de la Culture pour accentuer la promotion des ouvrages locaux"},"content":{"rendered":"\n<p class=\"wp-block-paragraph\"><strong><em>Mettre la lumi\u00e8re sur les \u00e9crivains togolais et permettre de mieux explorer les \u0153uvres de la litt\u00e9rature togolaise, telles sont, entre autres, les motivations qui ont pouss\u00e9 le minist\u00e8re en charge de la Culture a initi\u00e9, chaque mois, une action d\u00e9nomm\u00e9e \u2018\u2019Le livre du mois\u2019\u2019.<\/em><\/strong><\/p>\n\n\n\n<p class=\"wp-block-paragraph\">Lanc\u00e9e par le minist\u00e8re de la Communication, des m\u00e9dias et de la culture, l\u2019initiative \u2018\u2019Le livre du mois\u2019\u2019 se veut de faire la promotion de la pratique litt\u00e9raire portant sur des \u0153uvres essentiellement togolaises.<\/p>\n\n\n\n<p class=\"wp-block-paragraph\">Chapot\u00e9e par la Direction des biblioth\u00e8ques et de la promotion litt\u00e9raire, cette action vise \u00e0 jeter un coup de projecteur sur les auteurs et \u00e9crivains togolais, en organisant mensuellement la promotion d\u2019un ouvrage togolais.<\/p>\n\n\n\n<figure class=\"wp-block-image size-full\"><img loading=\"lazy\" decoding=\"async\" width=\"690\" height=\"170\" src=\"https:\/\/macite.tg\/wp-content\/uploads\/2024\/09\/IMG-20240313-WA0013-1.jpg\" alt=\"\" class=\"wp-image-16795\" srcset=\"https:\/\/macite.tg\/wp-content\/uploads\/2024\/09\/IMG-20240313-WA0013-1.jpg 690w, https:\/\/macite.tg\/wp-content\/uploads\/2024\/09\/IMG-20240313-WA0013-1-300x74.jpg 300w\" sizes=\"auto, (max-width: 690px) 100vw, 690px\" \/><\/figure>\n\n\n\n<p class=\"wp-block-paragraph\">Ainsi, pour une grande premi\u00e8re, en ce mois de septembre finissant, c\u2019est le recueil de contes intitul\u00e9 \u2018<strong><em>La Gen\u00e8se de toutes choses, Contes Konkomba, Contes du Togo<\/em><\/strong>\u2019 de l\u2019\u00e9crivain Masin-Mba Simon Kata, qui est retenu. Cet ouvrage, il faut le souligner, aborde plusieurs th\u00e9matiques telles que la justice, l\u2019honn\u00eatet\u00e9, le respect de dame nature.<\/p>\n\n\n<div class=\"wp-block-image\">\n<figure class=\"aligncenter size-full\"><img loading=\"lazy\" decoding=\"async\" width=\"512\" height=\"640\" src=\"https:\/\/macite.tg\/wp-content\/uploads\/2024\/09\/30-Depreciation-1.jpg\" alt=\"\" class=\"wp-image-16849\" srcset=\"https:\/\/macite.tg\/wp-content\/uploads\/2024\/09\/30-Depreciation-1.jpg 512w, https:\/\/macite.tg\/wp-content\/uploads\/2024\/09\/30-Depreciation-1-240x300.jpg 240w\" sizes=\"auto, (max-width: 512px) 100vw, 512px\" \/><\/figure>\n<\/div>\n\n\n<p class=\"wp-block-paragraph\">Notons qu\u2019\u00e0 cette initiative s\u2019ajoute un caf\u00e9 litt\u00e9raire, qui aura pour finalit\u00e9 de mieux explorer l\u2019\u0153uvre litt\u00e9raire d\u00e9di\u00e9 gr\u00e2ce \u00e0 l\u2019apport des sp\u00e9cialistes\u2026<\/p>\n\n\n\n<p class=\"wp-block-paragraph\"><strong>JPB<\/strong><\/p>\n\n\n\n<p class=\"wp-block-paragraph\"><a><strong><em>@macite.tg&nbsp;&nbsp;&nbsp;&nbsp;&nbsp;&nbsp;&nbsp;&nbsp;<\/em><\/strong><\/a><\/p>\n\n\n\n<p class=\"wp-block-paragraph\"><strong><em>E-mail&nbsp;: <\/em><\/strong><a href=\"mailto:maciteinfo@gmail.com\"><strong><em>maciteinfo@gmail.com<\/em><\/strong><\/a><strong><em>; <\/em><\/strong><a href=\"mailto:bawela1@gmail.com\"><strong><em>bawela1@gmail.com<\/em><\/strong><\/a><strong><em><\/em><\/strong><\/p>\n\n\n\n<p class=\"wp-block-paragraph\"><strong><em>Pour vos annonces, (publi)reportages, etc., joignez-nous au (00228)91515309\/<strong>79872224 <\/strong>www.macite.tg, L\u2019information, la bonne&nbsp;!<\/em><\/strong><\/p>\n","protected":false},"excerpt":{"rendered":"<p class=\"text-justify mb-2\" >Mettre la lumi\u00e8re sur les \u00e9crivains togolais et permettre de mieux explorer les \u0153uvres de la litt\u00e9rature togolaise, telles sont, entre autres, les motivations qui ont pouss\u00e9 le minist\u00e8re en charge de la Culture a initi\u00e9, chaque mois, une action d\u00e9nomm\u00e9e \u2018\u2019Le livre du mois\u2019\u2019. [&hellip;]<\/p>\n","protected":false},"author":2,"featured_media":16856,"comment_status":"open","ping_status":"open","sticky":false,"template":"","format":"standard","meta":{"footnotes":""},"categories":[20,32],"tags":[],"class_list":["post-16847","post","type-post","status-publish","format-standard","has-post-thumbnail","hentry","category-actualite","category-litterature"],"yoast_head":"<!-- This site is optimized with the Yoast SEO plugin v28.4 - https:\/\/yoast.com\/product\/yoast-seo-wordpress\/ -->\n<title>LITTERATURE TOGOLAISE\u00a0: \u2018\u2019Le livre du mois\u2019\u2019, une initiative du minist\u00e8re de la Culture pour accentuer la promotion des ouvrages locaux -<\/title>\n<meta name=\"robots\" content=\"index, follow, max-snippet:-1, max-image-preview:large, max-video-preview:-1\" \/>\n<link rel=\"canonical\" href=\"https:\/\/macite.tg\/?p=16847\" \/>\n<meta property=\"og:locale\" content=\"fr_FR\" \/>\n<meta property=\"og:type\" content=\"article\" \/>\n<meta property=\"og:title\" content=\"LITTERATURE TOGOLAISE\u00a0: \u2018\u2019Le livre du mois\u2019\u2019, une initiative du minist\u00e8re de la Culture pour accentuer la promotion des ouvrages locaux -\" \/>\n<meta property=\"og:description\" content=\"Mettre la lumi\u00e8re sur les \u00e9crivains togolais et permettre de mieux explorer les \u0153uvres de la litt\u00e9rature togolaise, telles sont, entre autres, les motivations qui ont pouss\u00e9 le minist\u00e8re en charge de la Culture a initi\u00e9, chaque mois, une action d\u00e9nomm\u00e9e \u2018\u2019Le livre du mois\u2019\u2019. [&hellip;]\" \/>\n<meta property=\"og:url\" content=\"https:\/\/macite.tg\/?p=16847\" \/>\n<meta property=\"article:published_time\" content=\"2024-09-27T11:10:29+00:00\" \/>\n<meta property=\"article:modified_time\" content=\"2024-09-27T12:50:00+00:00\" \/>\n<meta property=\"og:image\" content=\"https:\/\/macite.tg\/wp-content\/uploads\/2024\/09\/litterature-togolaise.jpg\" \/>\n\t<meta property=\"og:image:width\" content=\"500\" \/>\n\t<meta property=\"og:image:height\" content=\"308\" \/>\n\t<meta property=\"og:image:type\" content=\"image\/jpeg\" \/>\n<meta name=\"author\" content=\"Jean Pierre BAWELA\" \/>\n<meta name=\"twitter:card\" content=\"summary_large_image\" \/>\n<meta name=\"twitter:label1\" content=\"\u00c9crit par\" \/>\n\t<meta name=\"twitter:data1\" content=\"Jean Pierre BAWELA\" \/>\n\t<meta name=\"twitter:label2\" content=\"Dur\u00e9e de lecture estim\u00e9e\" \/>\n\t<meta name=\"twitter:data2\" content=\"1 minute\" \/>\n<script type=\"application\/ld+json\" class=\"yoast-schema-graph\">{\"@context\":\"https:\\\/\\\/schema.org\",\"@graph\":[{\"@type\":\"Article\",\"@id\":\"https:\\\/\\\/macite.tg\\\/?p=16847#article\",\"isPartOf\":{\"@id\":\"https:\\\/\\\/macite.tg\\\/?p=16847\"},\"author\":{\"name\":\"Jean Pierre BAWELA\",\"@id\":\"https:\\\/\\\/macite.tg\\\/#\\\/schema\\\/person\\\/e9f2de7e5dbbe7770a9402c7ce82f5c2\"},\"headline\":\"LITTERATURE TOGOLAISE\u00a0: \u2018\u2019Le livre du mois\u2019\u2019, une initiative du minist\u00e8re de la Culture pour accentuer la promotion des ouvrages locaux\",\"datePublished\":\"2024-09-27T11:10:29+00:00\",\"dateModified\":\"2024-09-27T12:50:00+00:00\",\"mainEntityOfPage\":{\"@id\":\"https:\\\/\\\/macite.tg\\\/?p=16847\"},\"wordCount\":273,\"commentCount\":0,\"image\":{\"@id\":\"https:\\\/\\\/macite.tg\\\/?p=16847#primaryimage\"},\"thumbnailUrl\":\"https:\\\/\\\/macite.tg\\\/wp-content\\\/uploads\\\/2024\\\/09\\\/litterature-togolaise.jpg\",\"articleSection\":[\"ACTUALITE\",\"LITTERATURE\"],\"inLanguage\":\"fr-FR\",\"potentialAction\":[{\"@type\":\"CommentAction\",\"name\":\"Comment\",\"target\":[\"https:\\\/\\\/macite.tg\\\/?p=16847#respond\"]}]},{\"@type\":\"WebPage\",\"@id\":\"https:\\\/\\\/macite.tg\\\/?p=16847\",\"url\":\"https:\\\/\\\/macite.tg\\\/?p=16847\",\"name\":\"LITTERATURE TOGOLAISE\u00a0: \u2018\u2019Le livre du mois\u2019\u2019, une initiative du minist\u00e8re de la Culture pour accentuer la promotion des ouvrages locaux -\",\"isPartOf\":{\"@id\":\"https:\\\/\\\/macite.tg\\\/#website\"},\"primaryImageOfPage\":{\"@id\":\"https:\\\/\\\/macite.tg\\\/?p=16847#primaryimage\"},\"image\":{\"@id\":\"https:\\\/\\\/macite.tg\\\/?p=16847#primaryimage\"},\"thumbnailUrl\":\"https:\\\/\\\/macite.tg\\\/wp-content\\\/uploads\\\/2024\\\/09\\\/litterature-togolaise.jpg\",\"datePublished\":\"2024-09-27T11:10:29+00:00\",\"dateModified\":\"2024-09-27T12:50:00+00:00\",\"author\":{\"@id\":\"https:\\\/\\\/macite.tg\\\/#\\\/schema\\\/person\\\/e9f2de7e5dbbe7770a9402c7ce82f5c2\"},\"breadcrumb\":{\"@id\":\"https:\\\/\\\/macite.tg\\\/?p=16847#breadcrumb\"},\"inLanguage\":\"fr-FR\",\"potentialAction\":[{\"@type\":\"ReadAction\",\"target\":[\"https:\\\/\\\/macite.tg\\\/?p=16847\"]}]},{\"@type\":\"ImageObject\",\"inLanguage\":\"fr-FR\",\"@id\":\"https:\\\/\\\/macite.tg\\\/?p=16847#primaryimage\",\"url\":\"https:\\\/\\\/macite.tg\\\/wp-content\\\/uploads\\\/2024\\\/09\\\/litterature-togolaise.jpg\",\"contentUrl\":\"https:\\\/\\\/macite.tg\\\/wp-content\\\/uploads\\\/2024\\\/09\\\/litterature-togolaise.jpg\",\"width\":500,\"height\":308},{\"@type\":\"BreadcrumbList\",\"@id\":\"https:\\\/\\\/macite.tg\\\/?p=16847#breadcrumb\",\"itemListElement\":[{\"@type\":\"ListItem\",\"position\":1,\"name\":\"Accueil\",\"item\":\"https:\\\/\\\/macite.tg\\\/\"},{\"@type\":\"ListItem\",\"position\":2,\"name\":\"LITTERATURE TOGOLAISE\u00a0: \u2018\u2019Le livre du mois\u2019\u2019, une initiative du minist\u00e8re de la Culture pour accentuer la promotion des ouvrages locaux\"}]},{\"@type\":\"WebSite\",\"@id\":\"https:\\\/\\\/macite.tg\\\/#website\",\"url\":\"https:\\\/\\\/macite.tg\\\/\",\"name\":\"\",\"description\":\"L&#039;information, la bonne!!!\",\"potentialAction\":[{\"@type\":\"SearchAction\",\"target\":{\"@type\":\"EntryPoint\",\"urlTemplate\":\"https:\\\/\\\/macite.tg\\\/?s={search_term_string}\"},\"query-input\":{\"@type\":\"PropertyValueSpecification\",\"valueRequired\":true,\"valueName\":\"search_term_string\"}}],\"inLanguage\":\"fr-FR\"},{\"@type\":\"Person\",\"@id\":\"https:\\\/\\\/macite.tg\\\/#\\\/schema\\\/person\\\/e9f2de7e5dbbe7770a9402c7ce82f5c2\",\"name\":\"Jean Pierre BAWELA\",\"image\":{\"@type\":\"ImageObject\",\"inLanguage\":\"fr-FR\",\"@id\":\"https:\\\/\\\/macite.tg\\\/wp-content\\\/uploads\\\/2023\\\/09\\\/WhatsApp-Image-2023-09-19-at-14.44.41-122x122.jpeg\",\"url\":\"https:\\\/\\\/macite.tg\\\/wp-content\\\/uploads\\\/2023\\\/09\\\/WhatsApp-Image-2023-09-19-at-14.44.41-122x122.jpeg\",\"contentUrl\":\"https:\\\/\\\/macite.tg\\\/wp-content\\\/uploads\\\/2023\\\/09\\\/WhatsApp-Image-2023-09-19-at-14.44.41-122x122.jpeg\",\"caption\":\"Jean Pierre BAWELA\"},\"url\":\"https:\\\/\\\/macite.tg\\\/?author=2\"}]}<\/script>\n<!-- \/ Yoast SEO plugin. -->","yoast_head_json":{"title":"LITTERATURE TOGOLAISE\u00a0: \u2018\u2019Le livre du mois\u2019\u2019, une initiative du minist\u00e8re de la Culture pour accentuer la promotion des ouvrages locaux -","robots":{"index":"index","follow":"follow","max-snippet":"max-snippet:-1","max-image-preview":"max-image-preview:large","max-video-preview":"max-video-preview:-1"},"canonical":"https:\/\/macite.tg\/?p=16847","og_locale":"fr_FR","og_type":"article","og_title":"LITTERATURE TOGOLAISE\u00a0: \u2018\u2019Le livre du mois\u2019\u2019, une initiative du minist\u00e8re de la Culture pour accentuer la promotion des ouvrages locaux -","og_description":"Mettre la lumi\u00e8re sur les \u00e9crivains togolais et permettre de mieux explorer les \u0153uvres de la litt\u00e9rature togolaise, telles sont, entre autres, les motivations qui ont pouss\u00e9 le minist\u00e8re en charge de la Culture a initi\u00e9, chaque mois, une action d\u00e9nomm\u00e9e \u2018\u2019Le livre du mois\u2019\u2019. [&hellip;]","og_url":"https:\/\/macite.tg\/?p=16847","article_published_time":"2024-09-27T11:10:29+00:00","article_modified_time":"2024-09-27T12:50:00+00:00","og_image":[{"width":500,"height":308,"url":"https:\/\/macite.tg\/wp-content\/uploads\/2024\/09\/litterature-togolaise.jpg","type":"image\/jpeg"}],"author":"Jean Pierre BAWELA","twitter_card":"summary_large_image","twitter_misc":{"\u00c9crit par":"Jean Pierre BAWELA","Dur\u00e9e de lecture estim\u00e9e":"1 minute"},"schema":{"@context":"https:\/\/schema.org","@graph":[{"@type":"Article","@id":"https:\/\/macite.tg\/?p=16847#article","isPartOf":{"@id":"https:\/\/macite.tg\/?p=16847"},"author":{"name":"Jean Pierre BAWELA","@id":"https:\/\/macite.tg\/#\/schema\/person\/e9f2de7e5dbbe7770a9402c7ce82f5c2"},"headline":"LITTERATURE TOGOLAISE\u00a0: \u2018\u2019Le livre du mois\u2019\u2019, une initiative du minist\u00e8re de la Culture pour accentuer la promotion des ouvrages locaux","datePublished":"2024-09-27T11:10:29+00:00","dateModified":"2024-09-27T12:50:00+00:00","mainEntityOfPage":{"@id":"https:\/\/macite.tg\/?p=16847"},"wordCount":273,"commentCount":0,"image":{"@id":"https:\/\/macite.tg\/?p=16847#primaryimage"},"thumbnailUrl":"https:\/\/macite.tg\/wp-content\/uploads\/2024\/09\/litterature-togolaise.jpg","articleSection":["ACTUALITE","LITTERATURE"],"inLanguage":"fr-FR","potentialAction":[{"@type":"CommentAction","name":"Comment","target":["https:\/\/macite.tg\/?p=16847#respond"]}]},{"@type":"WebPage","@id":"https:\/\/macite.tg\/?p=16847","url":"https:\/\/macite.tg\/?p=16847","name":"LITTERATURE TOGOLAISE\u00a0: \u2018\u2019Le livre du mois\u2019\u2019, une initiative du minist\u00e8re de la Culture pour accentuer la promotion des ouvrages locaux -","isPartOf":{"@id":"https:\/\/macite.tg\/#website"},"primaryImageOfPage":{"@id":"https:\/\/macite.tg\/?p=16847#primaryimage"},"image":{"@id":"https:\/\/macite.tg\/?p=16847#primaryimage"},"thumbnailUrl":"https:\/\/macite.tg\/wp-content\/uploads\/2024\/09\/litterature-togolaise.jpg","datePublished":"2024-09-27T11:10:29+00:00","dateModified":"2024-09-27T12:50:00+00:00","author":{"@id":"https:\/\/macite.tg\/#\/schema\/person\/e9f2de7e5dbbe7770a9402c7ce82f5c2"},"breadcrumb":{"@id":"https:\/\/macite.tg\/?p=16847#breadcrumb"},"inLanguage":"fr-FR","potentialAction":[{"@type":"ReadAction","target":["https:\/\/macite.tg\/?p=16847"]}]},{"@type":"ImageObject","inLanguage":"fr-FR","@id":"https:\/\/macite.tg\/?p=16847#primaryimage","url":"https:\/\/macite.tg\/wp-content\/uploads\/2024\/09\/litterature-togolaise.jpg","contentUrl":"https:\/\/macite.tg\/wp-content\/uploads\/2024\/09\/litterature-togolaise.jpg","width":500,"height":308},{"@type":"BreadcrumbList","@id":"https:\/\/macite.tg\/?p=16847#breadcrumb","itemListElement":[{"@type":"ListItem","position":1,"name":"Accueil","item":"https:\/\/macite.tg\/"},{"@type":"ListItem","position":2,"name":"LITTERATURE TOGOLAISE\u00a0: \u2018\u2019Le livre du mois\u2019\u2019, une initiative du minist\u00e8re de la Culture pour accentuer la promotion des ouvrages locaux"}]},{"@type":"WebSite","@id":"https:\/\/macite.tg\/#website","url":"https:\/\/macite.tg\/","name":"","description":"L&#039;information, la bonne!!!","potentialAction":[{"@type":"SearchAction","target":{"@type":"EntryPoint","urlTemplate":"https:\/\/macite.tg\/?s={search_term_string}"},"query-input":{"@type":"PropertyValueSpecification","valueRequired":true,"valueName":"search_term_string"}}],"inLanguage":"fr-FR"},{"@type":"Person","@id":"https:\/\/macite.tg\/#\/schema\/person\/e9f2de7e5dbbe7770a9402c7ce82f5c2","name":"Jean Pierre BAWELA","image":{"@type":"ImageObject","inLanguage":"fr-FR","@id":"https:\/\/macite.tg\/wp-content\/uploads\/2023\/09\/WhatsApp-Image-2023-09-19-at-14.44.41-122x122.jpeg","url":"https:\/\/macite.tg\/wp-content\/uploads\/2023\/09\/WhatsApp-Image-2023-09-19-at-14.44.41-122x122.jpeg","contentUrl":"https:\/\/macite.tg\/wp-content\/uploads\/2023\/09\/WhatsApp-Image-2023-09-19-at-14.44.41-122x122.jpeg","caption":"Jean Pierre BAWELA"},"url":"https:\/\/macite.tg\/?author=2"}]}},"_links":{"self":[{"href":"https:\/\/macite.tg\/index.php?rest_route=\/wp\/v2\/posts\/16847","targetHints":{"allow":["GET"]}}],"collection":[{"href":"https:\/\/macite.tg\/index.php?rest_route=\/wp\/v2\/posts"}],"about":[{"href":"https:\/\/macite.tg\/index.php?rest_route=\/wp\/v2\/types\/post"}],"author":[{"embeddable":true,"href":"https:\/\/macite.tg\/index.php?rest_route=\/wp\/v2\/users\/2"}],"replies":[{"embeddable":true,"href":"https:\/\/macite.tg\/index.php?rest_route=%2Fwp%2Fv2%2Fcomments&post=16847"}],"version-history":[{"count":0,"href":"https:\/\/macite.tg\/index.php?rest_route=\/wp\/v2\/posts\/16847\/revisions"}],"wp:featuredmedia":[{"embeddable":true,"href":"https:\/\/macite.tg\/index.php?rest_route=\/wp\/v2\/media\/16856"}],"wp:attachment":[{"href":"https:\/\/macite.tg\/index.php?rest_route=%2Fwp%2Fv2%2Fmedia&parent=16847"}],"wp:term":[{"taxonomy":"category","embeddable":true,"href":"https:\/\/macite.tg\/index.php?rest_route=%2Fwp%2Fv2%2Fcategories&post=16847"},{"taxonomy":"post_tag","embeddable":true,"href":"https:\/\/macite.tg\/index.php?rest_route=%2Fwp%2Fv2%2Ftags&post=16847"}],"curies":[{"name":"wp","href":"https:\/\/api.w.org\/{rel}","templated":true}]}}