{"id":16837,"date":"2024-09-27T11:07:05","date_gmt":"2024-09-27T11:07:05","guid":{"rendered":"https:\/\/macite.tg\/?p=16837"},"modified":"2024-09-27T11:07:57","modified_gmt":"2024-09-27T11:07:57","slug":"tony-parker-aux-cotes-de-tshisekedi-en-rdc-developper-son-soft-power-via-le-sport-les-ambitions-cachees-dun-nouvel-elephant-blanc","status":"publish","type":"post","link":"https:\/\/macite.tg\/?p=16837","title":{"rendered":"TONY PARKER AUX COTES DE TSHISEKEDI EN RDC\u00a0: D\u00e9velopper son soft power via le sport, les ambitions cach\u00e9es d\u2019un nouvel \u2018\u2019\u00e9l\u00e9phant blanc\u2019\u2019"},"content":{"rendered":"\n<p class=\"wp-block-paragraph\"><strong><em>L\u2019ancien basketteur international, reconverti en homme d\u2019affaires, fait ses premiers pas \u00e0 Kinshasa. Et cela arrange bien l\u2019administration Tshisekedi, qui r\u00eave de d\u00e9velopper son soft power via le sport.<\/em><\/strong><\/p>\n\n\n\n<p class=\"wp-block-paragraph\">Une star s\u2019est pos\u00e9e \u00e0 Kinshasa. Gloire de la Nba, l\u00e9gende du basketball&nbsp;fran\u00e7ais, porteur de la flamme olympique \u00e0 Paris\u2026 Tony Parker a pass\u00e9 soixante-douze heures en Rdc, fin septembre, afin de pr\u00e9senter ses ambitions pour d\u00e9velopper le sport congolais. <em>\u00ab&nbsp;On veut bien s\u00fbr travailler sur les infrastructures, amener le savoir-faire, venir r\u00e9guli\u00e8rement ici avec nos propres coachs, amener notre expertise et puis, apr\u00e8s, d\u00e9velopper [les joueurs] et les faire devenir pros en France&nbsp;\u00bb, <\/em>a d\u00e9clar\u00e9 le champion \u00e0 la presse.<\/p>\n\n\n<div class=\"wp-block-image\">\n<figure class=\"aligncenter size-large is-resized\"><img loading=\"lazy\" decoding=\"async\" src=\"https:\/\/macite.tg\/wp-content\/uploads\/2024\/09\/Bonne-rentree-1024x1024.jpg\" alt=\"\" class=\"wp-image-16699\" width=\"580\" height=\"580\" srcset=\"https:\/\/macite.tg\/wp-content\/uploads\/2024\/09\/Bonne-rentree-1024x1024.jpg 1024w, https:\/\/macite.tg\/wp-content\/uploads\/2024\/09\/Bonne-rentree-300x300.jpg 300w, https:\/\/macite.tg\/wp-content\/uploads\/2024\/09\/Bonne-rentree-150x150.jpg 150w, https:\/\/macite.tg\/wp-content\/uploads\/2024\/09\/Bonne-rentree-768x768.jpg 768w, https:\/\/macite.tg\/wp-content\/uploads\/2024\/09\/Bonne-rentree-122x122.jpg 122w, https:\/\/macite.tg\/wp-content\/uploads\/2024\/09\/Bonne-rentree.jpg 1080w\" sizes=\"auto, (max-width: 580px) 100vw, 580px\" \/><\/figure>\n<\/div>\n\n\n<p class=\"wp-block-paragraph\"><strong>Rencontre avec Tshisekedi<\/strong><\/p>\n\n\n\n<p class=\"wp-block-paragraph\">\u00ab&nbsp;TP&nbsp;\u00bb \u00e9tait accompagn\u00e9 de l\u2019ancien basketteur congolais Yacine Ben Fylla, qui a fait carri\u00e8re en France avant de se consacrer aux affaires en Rdc. Une fili\u00e8re de recrutement pourrait voir le jour entre le club lyonnais de l\u2019Asvel, g\u00e9r\u00e9 par Tony Parker, et Ballers Agency, la structure qui regroupe \u00e0 la fois l\u2019acad\u00e9mie de basket et l\u2019agence de marketing sportif de Yacine Ben Fylla. Le recrutement, en 2023, du joueur congolais Paul Mbiya Kabenga par l\u2019\u00e9quipe Espoirs de l\u2019Asvel est le fruit de ce partenariat. <em>\u00ab&nbsp;Il y a un gros vivier [de joueurs] au Congo, plus qu\u2019au S\u00e9n\u00e9gal, mais eux, ils ont les infrastructures&nbsp;\u00bb,<\/em> alerte Yacine Ben Fylla.<\/p>\n\n\n\n<p class=\"wp-block-paragraph\">Avec Parker, ils proposent aussi de g\u00e9rer des infrastructures comme la future Arena de Kinshasa&nbsp;pour \u00e9viter qu\u2019elle ne devienne <em>\u00ab&nbsp;un \u00e9l\u00e9phant blanc&nbsp;\u00bb, <\/em>\u00e0 l\u2019image de ces stades laiss\u00e9s \u00e0 l\u2019abandon faute d\u2019activit\u00e9 p\u00e9renne. Une telle ambition se devait d\u2019\u00eatre valid\u00e9e au sommet. <em>\u00ab&nbsp;Le Congo est un pays tr\u00e8s politique. Il fallait d\u2019abord voir la t\u00eate, le pr\u00e9sident&nbsp;\u00bb<\/em>, r\u00e9sume Yacine Ben Fylla. Tony Parker a donc pr\u00e9sent\u00e9 sa feuille de route \u00e0 f\u00e9lix Tshisekedi&nbsp;\u00e0 la Cit\u00e9 de l\u2019Union africaine ainsi qu\u2019au ministre de la Communication, Patrick Muyaya.<\/p>\n\n\n<div class=\"wp-block-image\">\n<figure class=\"aligncenter size-full is-resized\"><img loading=\"lazy\" decoding=\"async\" src=\"https:\/\/macite.tg\/wp-content\/uploads\/2024\/09\/IMG-20240313-WA0013-1.jpg\" alt=\"\" class=\"wp-image-16795\" width=\"844\" height=\"208\" srcset=\"https:\/\/macite.tg\/wp-content\/uploads\/2024\/09\/IMG-20240313-WA0013-1.jpg 690w, https:\/\/macite.tg\/wp-content\/uploads\/2024\/09\/IMG-20240313-WA0013-1-300x74.jpg 300w\" sizes=\"auto, (max-width: 844px) 100vw, 844px\" \/><\/figure>\n<\/div>\n\n\n<p class=\"wp-block-paragraph\"><em>\u00ab&nbsp;On voulait voir dans quelle mesure Tony Parker peut accompagner le sport congolais avec son carnet d\u2019adresses&nbsp;\u00bb,<\/em> explique Didier Budimbu, le ministre des Sports, qui \u00e9tait aux c\u00f4t\u00e9s du champion lors de sa visite. La venue d\u2019une telle c\u00e9l\u00e9brit\u00e9 doit permettre de rassurer les investisseurs internationaux. <em>\u00ab&nbsp;Nous mettons en place une certaine diplomatie sportive&nbsp;<\/em>\u00bb, affirme le ministre, qui avait rencontr\u00e9 le basketteur cet \u00e9t\u00e9 lors des Jeux olympiques de Paris.<\/p>\n\n\n\n<p class=\"wp-block-paragraph\">C\u2019est aussi dans cette optique de&nbsp;<em>soft power<\/em>&nbsp;que le gouvernement congolais a approuv\u00e9 un projet de sponsoring avec le club italien de l\u2019AC Milan pour promouvoir la destination Congo. Une d\u00e9marche qui fait \u00e9cho aux campagnes d\u2019influence dans le sport men\u00e9es par le rival rwandais, dont le slogan <em>\u00ab&nbsp;Visit Rwanda&nbsp;\u00bb<\/em> s\u2019affiche sur les maillots des \u00e9quipes du Paris Saint-Germain, d\u2019Arsenal ou du Bayern Munich.<\/p>\n\n\n\n<p class=\"wp-block-paragraph\"><strong>Ambassadeur du Congo<\/strong><\/p>\n\n\n\n<p class=\"wp-block-paragraph\">Kinshasa devrait par ailleurs faire de Tony Parker son ambassadeur avec un passeport en bonne et due forme. Son association avec le gouvernement congolais doit \u00eatre formalis\u00e9e dans un contrat de cinq ans renouvelables, qui n\u2019a pas encore \u00e9t\u00e9 sign\u00e9 et dont le montant n\u2019a pas \u00e9t\u00e9 d\u00e9voil\u00e9. Cet honneur rappelle ceux r\u00e9serv\u00e9s \u00e0&nbsp; Jean-Claude Van Damme<a href=\"https:\/\/www.jeuneafrique.com\/1336971\/politique\/rdc-jean-claude-van-damme-nomme-ambassadeur-par-felix-tshisekedi\/?utm_source=microsoft&amp;utm_medium=feeds&amp;utm_campaign=feeds-microsoft-v1\" target=\"_blank\" rel=\"noreferrer noopener\"><\/a>, d\u00e9sign\u00e9 ambassadeur jeunesse, faune et investissements en 2022, ainsi qu\u2019au chanteur Gims&nbsp;et \u00e0 son fr\u00e8re Dadju, nomm\u00e9s ambassadeurs culturels. Sans r\u00e9sultats connus pour le pays.<\/p>\n\n\n<div class=\"wp-block-image\">\n<figure class=\"aligncenter size-full is-resized\"><img loading=\"lazy\" decoding=\"async\" src=\"https:\/\/macite.tg\/wp-content\/uploads\/2024\/09\/ANNONCES-1-768x319-2.jpg\" alt=\"\" class=\"wp-image-16637\" width=\"840\" height=\"349\" srcset=\"https:\/\/macite.tg\/wp-content\/uploads\/2024\/09\/ANNONCES-1-768x319-2.jpg 768w, https:\/\/macite.tg\/wp-content\/uploads\/2024\/09\/ANNONCES-1-768x319-2-300x125.jpg 300w\" sizes=\"auto, (max-width: 840px) 100vw, 840px\" \/><\/figure>\n<\/div>\n\n\n<p class=\"wp-block-paragraph\"><em>\u00ab&nbsp;On est un pays d\u2019annonces&nbsp;\u00bb,<\/em> conc\u00e8de Yacine Ben Fylla. Il sait que la classe politique peut vouloir profiter d\u2019une c\u00e9l\u00e9brit\u00e9 pour briller sans n\u00e9cessairement s\u2019investir dans le projet mis en avant. Il se souvient avec amertume du coup de com\u2019 d\u2019Ali Bongo Ondimba en 2015, quand celui-ci avait fait venir Lionel Messi pour une visite \u00e9clair factur\u00e9e\u2026 3,5 millions d\u2019euros, selon&nbsp;<em>France Football<\/em>.<\/p>\n\n\n\n<p class=\"wp-block-paragraph\"><strong>Ambitions africaines<\/strong><\/p>\n\n\n\n<p class=\"wp-block-paragraph\">Si Yacine Ben Fylla <em>\u00ab&nbsp;prend des pincettes&nbsp;\u00bb<\/em> quant au soutien des autorit\u00e9s, il se porte garant du s\u00e9rieux de Tony Parker. <em>\u00ab&nbsp;J\u2019ai une relation avec Tony depuis plusieurs ann\u00e9es, on se parle, il a ses ambitions africaines. On a pass\u00e9 une semaine ensemble \u00e0 se voir du matin au soir, je pense le conna\u00eetre un peu mieux. Je pense savoir pourquoi il a r\u00e9ussi \u00e0 tr\u00e8s haut niveau : son attention aux d\u00e9tails, son envie de toujours bien faire les choses, \u00e0 la limite de la manie&nbsp;\u00bb,<\/em> rassure Yacine Ben Fylla.<\/p>\n\n\n\n<p class=\"wp-block-paragraph\">De passage \u00e0 Kinshasa, le bon \u00e9l\u00e8ve Parker a rendu visite aux \u00e9quipes de l\u2019antenne locale de l\u2019Agence fran\u00e7aise de d\u00e9veloppement (Afd). Une visite de courtoisie rendue possible par R\u00e9my Rioux, le directeur g\u00e9n\u00e9ral de l\u2019Afd, qu\u2019il conna\u00eet personnellement. Si l\u2019Afd ne s\u2019est pas engag\u00e9e \u00e0 soutenir le projet de Tony Parker en Rdc, elle a d\u00e9j\u00e0 travaill\u00e9 avec le Fran\u00e7ais en Angola. L\u2019agence et le basketteur soutiennent un club de basket f\u00e9minin, Escola Desportiva Formigas do Cazenga.<\/p>\n\n\n<div class=\"wp-block-image\">\n<figure class=\"aligncenter size-full\"><img loading=\"lazy\" decoding=\"async\" width=\"512\" height=\"640\" src=\"https:\/\/macite.tg\/wp-content\/uploads\/2024\/09\/30-Depreciation-1.jpg\" alt=\"\" class=\"wp-image-16849\" srcset=\"https:\/\/macite.tg\/wp-content\/uploads\/2024\/09\/30-Depreciation-1.jpg 512w, https:\/\/macite.tg\/wp-content\/uploads\/2024\/09\/30-Depreciation-1-240x300.jpg 240w\" sizes=\"auto, (max-width: 512px) 100vw, 512px\" \/><\/figure>\n<\/div>\n\n\n<p class=\"wp-block-paragraph\"><em>\u00ab&nbsp;Je souhaite d\u00e9velopper mon acad\u00e9mie en Afrique&nbsp;\u00bb, d\u00e9clarait Parker lors du sommet Afrique-France de Montpellier auquel il participait le 8 octobre 2021. La Rdc fait figure de prochaine cible, \u00e0 condition que tous les acteurs s\u2019entendent. Son \u00e9quipe est repartie les mains vides, avec \u00ab&nbsp;un go\u00fbt d\u2019inachev\u00e9&nbsp;\u00bb,<\/em> selon Yacine Ben Fylla, qui assure que tout le monde est sur la m\u00eame ligne.<\/p>\n\n\n\n<p class=\"wp-block-paragraph\"><strong>MSN<\/strong><\/p>\n\n\n\n<p class=\"wp-block-paragraph\"><strong><em>@macite.tg&nbsp;&nbsp;&nbsp;&nbsp;&nbsp;&nbsp;&nbsp;&nbsp;<\/em><\/strong><\/p>\n\n\n\n<p class=\"wp-block-paragraph\"><strong><em>E-mail&nbsp;: <\/em><\/strong><a href=\"mailto:maciteinfo@gmail.com\"><strong><em>maciteinfo@gmail.com<\/em><\/strong><\/a><strong><em>; <\/em><\/strong><a href=\"mailto:bawela1@gmail.com\"><strong><em>bawela1@gmail.com<\/em><\/strong><\/a><strong><em><\/em><\/strong><\/p>\n\n\n\n<p class=\"wp-block-paragraph\"><strong><em>Pour vos annonces, (publi)reportages, etc., joignez-nous au (00228)91515309\/<strong>79872224 <\/strong>www.macite.tg, L\u2019information, la bonne&nbsp;!<\/em><\/strong><\/p>\n","protected":false},"excerpt":{"rendered":"<p class=\"text-justify mb-2\" >L\u2019ancien basketteur international, reconverti en homme d\u2019affaires, fait ses premiers pas \u00e0 Kinshasa. Et cela arrange bien l\u2019administration Tshisekedi, qui r\u00eave de d\u00e9velopper son soft power via le sport. Une star s\u2019est pos\u00e9e \u00e0 Kinshasa. Gloire de la Nba, l\u00e9gende du basketball&nbsp;fran\u00e7ais, porteur de la [&hellip;]<\/p>\n","protected":false},"author":2,"featured_media":16848,"comment_status":"open","ping_status":"open","sticky":false,"template":"","format":"standard","meta":{"footnotes":""},"categories":[20,1,7],"tags":[],"class_list":["post-16837","post","type-post","status-publish","format-standard","has-post-thumbnail","hentry","category-actualite","category-politique","category-sports"],"yoast_head":"<!-- This site is optimized with the Yoast SEO plugin v28.4 - https:\/\/yoast.com\/product\/yoast-seo-wordpress\/ -->\n<title>TONY PARKER AUX COTES DE TSHISEKEDI EN RDC\u00a0: D\u00e9velopper son soft power via le sport, les ambitions cach\u00e9es d\u2019un nouvel \u2018\u2019\u00e9l\u00e9phant blanc\u2019\u2019 -<\/title>\n<meta name=\"robots\" content=\"index, follow, max-snippet:-1, max-image-preview:large, max-video-preview:-1\" \/>\n<link rel=\"canonical\" href=\"https:\/\/macite.tg\/?p=16837\" \/>\n<meta property=\"og:locale\" content=\"fr_FR\" \/>\n<meta property=\"og:type\" content=\"article\" \/>\n<meta property=\"og:title\" content=\"TONY PARKER AUX COTES DE TSHISEKEDI EN RDC\u00a0: D\u00e9velopper son soft power via le sport, les ambitions cach\u00e9es d\u2019un nouvel \u2018\u2019\u00e9l\u00e9phant blanc\u2019\u2019 -\" \/>\n<meta property=\"og:description\" content=\"L\u2019ancien basketteur international, reconverti en homme d\u2019affaires, fait ses premiers pas \u00e0 Kinshasa. Et cela arrange bien l\u2019administration Tshisekedi, qui r\u00eave de d\u00e9velopper son soft power via le sport. Une star s\u2019est pos\u00e9e \u00e0 Kinshasa. Gloire de la Nba, l\u00e9gende du basketball&nbsp;fran\u00e7ais, porteur de la [&hellip;]\" \/>\n<meta property=\"og:url\" content=\"https:\/\/macite.tg\/?p=16837\" \/>\n<meta property=\"article:published_time\" content=\"2024-09-27T11:07:05+00:00\" \/>\n<meta property=\"article:modified_time\" content=\"2024-09-27T11:07:57+00:00\" \/>\n<meta property=\"og:image\" content=\"https:\/\/macite.tg\/wp-content\/uploads\/2024\/09\/ambition-africaine-TDR.jpg\" \/>\n\t<meta property=\"og:image:width\" content=\"500\" \/>\n\t<meta property=\"og:image:height\" content=\"250\" \/>\n\t<meta property=\"og:image:type\" content=\"image\/jpeg\" \/>\n<meta name=\"author\" content=\"Jean Pierre BAWELA\" \/>\n<meta name=\"twitter:card\" content=\"summary_large_image\" \/>\n<meta name=\"twitter:label1\" content=\"\u00c9crit par\" \/>\n\t<meta name=\"twitter:data1\" content=\"Jean Pierre BAWELA\" \/>\n\t<meta name=\"twitter:label2\" content=\"Dur\u00e9e de lecture estim\u00e9e\" \/>\n\t<meta name=\"twitter:data2\" content=\"5 minutes\" \/>\n<script type=\"application\/ld+json\" class=\"yoast-schema-graph\">{\"@context\":\"https:\\\/\\\/schema.org\",\"@graph\":[{\"@type\":\"Article\",\"@id\":\"https:\\\/\\\/macite.tg\\\/?p=16837#article\",\"isPartOf\":{\"@id\":\"https:\\\/\\\/macite.tg\\\/?p=16837\"},\"author\":{\"name\":\"Jean Pierre BAWELA\",\"@id\":\"https:\\\/\\\/macite.tg\\\/#\\\/schema\\\/person\\\/e9f2de7e5dbbe7770a9402c7ce82f5c2\"},\"headline\":\"TONY PARKER AUX COTES DE TSHISEKEDI EN RDC\u00a0: D\u00e9velopper son soft power via le sport, les ambitions cach\u00e9es d\u2019un nouvel \u2018\u2019\u00e9l\u00e9phant blanc\u2019\u2019\",\"datePublished\":\"2024-09-27T11:07:05+00:00\",\"dateModified\":\"2024-09-27T11:07:57+00:00\",\"mainEntityOfPage\":{\"@id\":\"https:\\\/\\\/macite.tg\\\/?p=16837\"},\"wordCount\":1014,\"commentCount\":0,\"image\":{\"@id\":\"https:\\\/\\\/macite.tg\\\/?p=16837#primaryimage\"},\"thumbnailUrl\":\"https:\\\/\\\/macite.tg\\\/wp-content\\\/uploads\\\/2024\\\/09\\\/ambition-africaine-TDR.jpg\",\"articleSection\":[\"ACTUALITE\",\"POLITIQUE\",\"SPORTS\"],\"inLanguage\":\"fr-FR\",\"potentialAction\":[{\"@type\":\"CommentAction\",\"name\":\"Comment\",\"target\":[\"https:\\\/\\\/macite.tg\\\/?p=16837#respond\"]}]},{\"@type\":\"WebPage\",\"@id\":\"https:\\\/\\\/macite.tg\\\/?p=16837\",\"url\":\"https:\\\/\\\/macite.tg\\\/?p=16837\",\"name\":\"TONY PARKER AUX COTES DE TSHISEKEDI EN RDC\u00a0: D\u00e9velopper son soft power via le sport, les ambitions cach\u00e9es d\u2019un nouvel \u2018\u2019\u00e9l\u00e9phant blanc\u2019\u2019 -\",\"isPartOf\":{\"@id\":\"https:\\\/\\\/macite.tg\\\/#website\"},\"primaryImageOfPage\":{\"@id\":\"https:\\\/\\\/macite.tg\\\/?p=16837#primaryimage\"},\"image\":{\"@id\":\"https:\\\/\\\/macite.tg\\\/?p=16837#primaryimage\"},\"thumbnailUrl\":\"https:\\\/\\\/macite.tg\\\/wp-content\\\/uploads\\\/2024\\\/09\\\/ambition-africaine-TDR.jpg\",\"datePublished\":\"2024-09-27T11:07:05+00:00\",\"dateModified\":\"2024-09-27T11:07:57+00:00\",\"author\":{\"@id\":\"https:\\\/\\\/macite.tg\\\/#\\\/schema\\\/person\\\/e9f2de7e5dbbe7770a9402c7ce82f5c2\"},\"breadcrumb\":{\"@id\":\"https:\\\/\\\/macite.tg\\\/?p=16837#breadcrumb\"},\"inLanguage\":\"fr-FR\",\"potentialAction\":[{\"@type\":\"ReadAction\",\"target\":[\"https:\\\/\\\/macite.tg\\\/?p=16837\"]}]},{\"@type\":\"ImageObject\",\"inLanguage\":\"fr-FR\",\"@id\":\"https:\\\/\\\/macite.tg\\\/?p=16837#primaryimage\",\"url\":\"https:\\\/\\\/macite.tg\\\/wp-content\\\/uploads\\\/2024\\\/09\\\/ambition-africaine-TDR.jpg\",\"contentUrl\":\"https:\\\/\\\/macite.tg\\\/wp-content\\\/uploads\\\/2024\\\/09\\\/ambition-africaine-TDR.jpg\",\"width\":500,\"height\":250},{\"@type\":\"BreadcrumbList\",\"@id\":\"https:\\\/\\\/macite.tg\\\/?p=16837#breadcrumb\",\"itemListElement\":[{\"@type\":\"ListItem\",\"position\":1,\"name\":\"Accueil\",\"item\":\"https:\\\/\\\/macite.tg\\\/\"},{\"@type\":\"ListItem\",\"position\":2,\"name\":\"TONY PARKER AUX COTES DE TSHISEKEDI EN RDC\u00a0: D\u00e9velopper son soft power via le sport, les ambitions cach\u00e9es d\u2019un nouvel \u2018\u2019\u00e9l\u00e9phant blanc\u2019\u2019\"}]},{\"@type\":\"WebSite\",\"@id\":\"https:\\\/\\\/macite.tg\\\/#website\",\"url\":\"https:\\\/\\\/macite.tg\\\/\",\"name\":\"\",\"description\":\"L&#039;information, la bonne!!!\",\"potentialAction\":[{\"@type\":\"SearchAction\",\"target\":{\"@type\":\"EntryPoint\",\"urlTemplate\":\"https:\\\/\\\/macite.tg\\\/?s={search_term_string}\"},\"query-input\":{\"@type\":\"PropertyValueSpecification\",\"valueRequired\":true,\"valueName\":\"search_term_string\"}}],\"inLanguage\":\"fr-FR\"},{\"@type\":\"Person\",\"@id\":\"https:\\\/\\\/macite.tg\\\/#\\\/schema\\\/person\\\/e9f2de7e5dbbe7770a9402c7ce82f5c2\",\"name\":\"Jean Pierre BAWELA\",\"image\":{\"@type\":\"ImageObject\",\"inLanguage\":\"fr-FR\",\"@id\":\"https:\\\/\\\/macite.tg\\\/wp-content\\\/uploads\\\/2023\\\/09\\\/WhatsApp-Image-2023-09-19-at-14.44.41-122x122.jpeg\",\"url\":\"https:\\\/\\\/macite.tg\\\/wp-content\\\/uploads\\\/2023\\\/09\\\/WhatsApp-Image-2023-09-19-at-14.44.41-122x122.jpeg\",\"contentUrl\":\"https:\\\/\\\/macite.tg\\\/wp-content\\\/uploads\\\/2023\\\/09\\\/WhatsApp-Image-2023-09-19-at-14.44.41-122x122.jpeg\",\"caption\":\"Jean Pierre BAWELA\"},\"url\":\"https:\\\/\\\/macite.tg\\\/?author=2\"}]}<\/script>\n<!-- \/ Yoast SEO plugin. -->","yoast_head_json":{"title":"TONY PARKER AUX COTES DE TSHISEKEDI EN RDC\u00a0: D\u00e9velopper son soft power via le sport, les ambitions cach\u00e9es d\u2019un nouvel \u2018\u2019\u00e9l\u00e9phant blanc\u2019\u2019 -","robots":{"index":"index","follow":"follow","max-snippet":"max-snippet:-1","max-image-preview":"max-image-preview:large","max-video-preview":"max-video-preview:-1"},"canonical":"https:\/\/macite.tg\/?p=16837","og_locale":"fr_FR","og_type":"article","og_title":"TONY PARKER AUX COTES DE TSHISEKEDI EN RDC\u00a0: D\u00e9velopper son soft power via le sport, les ambitions cach\u00e9es d\u2019un nouvel \u2018\u2019\u00e9l\u00e9phant blanc\u2019\u2019 -","og_description":"L\u2019ancien basketteur international, reconverti en homme d\u2019affaires, fait ses premiers pas \u00e0 Kinshasa. Et cela arrange bien l\u2019administration Tshisekedi, qui r\u00eave de d\u00e9velopper son soft power via le sport. Une star s\u2019est pos\u00e9e \u00e0 Kinshasa. Gloire de la Nba, l\u00e9gende du basketball&nbsp;fran\u00e7ais, porteur de la [&hellip;]","og_url":"https:\/\/macite.tg\/?p=16837","article_published_time":"2024-09-27T11:07:05+00:00","article_modified_time":"2024-09-27T11:07:57+00:00","og_image":[{"width":500,"height":250,"url":"https:\/\/macite.tg\/wp-content\/uploads\/2024\/09\/ambition-africaine-TDR.jpg","type":"image\/jpeg"}],"author":"Jean Pierre BAWELA","twitter_card":"summary_large_image","twitter_misc":{"\u00c9crit par":"Jean Pierre BAWELA","Dur\u00e9e de lecture estim\u00e9e":"5 minutes"},"schema":{"@context":"https:\/\/schema.org","@graph":[{"@type":"Article","@id":"https:\/\/macite.tg\/?p=16837#article","isPartOf":{"@id":"https:\/\/macite.tg\/?p=16837"},"author":{"name":"Jean Pierre BAWELA","@id":"https:\/\/macite.tg\/#\/schema\/person\/e9f2de7e5dbbe7770a9402c7ce82f5c2"},"headline":"TONY PARKER AUX COTES DE TSHISEKEDI EN RDC\u00a0: D\u00e9velopper son soft power via le sport, les ambitions cach\u00e9es d\u2019un nouvel \u2018\u2019\u00e9l\u00e9phant blanc\u2019\u2019","datePublished":"2024-09-27T11:07:05+00:00","dateModified":"2024-09-27T11:07:57+00:00","mainEntityOfPage":{"@id":"https:\/\/macite.tg\/?p=16837"},"wordCount":1014,"commentCount":0,"image":{"@id":"https:\/\/macite.tg\/?p=16837#primaryimage"},"thumbnailUrl":"https:\/\/macite.tg\/wp-content\/uploads\/2024\/09\/ambition-africaine-TDR.jpg","articleSection":["ACTUALITE","POLITIQUE","SPORTS"],"inLanguage":"fr-FR","potentialAction":[{"@type":"CommentAction","name":"Comment","target":["https:\/\/macite.tg\/?p=16837#respond"]}]},{"@type":"WebPage","@id":"https:\/\/macite.tg\/?p=16837","url":"https:\/\/macite.tg\/?p=16837","name":"TONY PARKER AUX COTES DE TSHISEKEDI EN RDC\u00a0: D\u00e9velopper son soft power via le sport, les ambitions cach\u00e9es d\u2019un nouvel \u2018\u2019\u00e9l\u00e9phant blanc\u2019\u2019 -","isPartOf":{"@id":"https:\/\/macite.tg\/#website"},"primaryImageOfPage":{"@id":"https:\/\/macite.tg\/?p=16837#primaryimage"},"image":{"@id":"https:\/\/macite.tg\/?p=16837#primaryimage"},"thumbnailUrl":"https:\/\/macite.tg\/wp-content\/uploads\/2024\/09\/ambition-africaine-TDR.jpg","datePublished":"2024-09-27T11:07:05+00:00","dateModified":"2024-09-27T11:07:57+00:00","author":{"@id":"https:\/\/macite.tg\/#\/schema\/person\/e9f2de7e5dbbe7770a9402c7ce82f5c2"},"breadcrumb":{"@id":"https:\/\/macite.tg\/?p=16837#breadcrumb"},"inLanguage":"fr-FR","potentialAction":[{"@type":"ReadAction","target":["https:\/\/macite.tg\/?p=16837"]}]},{"@type":"ImageObject","inLanguage":"fr-FR","@id":"https:\/\/macite.tg\/?p=16837#primaryimage","url":"https:\/\/macite.tg\/wp-content\/uploads\/2024\/09\/ambition-africaine-TDR.jpg","contentUrl":"https:\/\/macite.tg\/wp-content\/uploads\/2024\/09\/ambition-africaine-TDR.jpg","width":500,"height":250},{"@type":"BreadcrumbList","@id":"https:\/\/macite.tg\/?p=16837#breadcrumb","itemListElement":[{"@type":"ListItem","position":1,"name":"Accueil","item":"https:\/\/macite.tg\/"},{"@type":"ListItem","position":2,"name":"TONY PARKER AUX COTES DE TSHISEKEDI EN RDC\u00a0: D\u00e9velopper son soft power via le sport, les ambitions cach\u00e9es d\u2019un nouvel \u2018\u2019\u00e9l\u00e9phant blanc\u2019\u2019"}]},{"@type":"WebSite","@id":"https:\/\/macite.tg\/#website","url":"https:\/\/macite.tg\/","name":"","description":"L&#039;information, la bonne!!!","potentialAction":[{"@type":"SearchAction","target":{"@type":"EntryPoint","urlTemplate":"https:\/\/macite.tg\/?s={search_term_string}"},"query-input":{"@type":"PropertyValueSpecification","valueRequired":true,"valueName":"search_term_string"}}],"inLanguage":"fr-FR"},{"@type":"Person","@id":"https:\/\/macite.tg\/#\/schema\/person\/e9f2de7e5dbbe7770a9402c7ce82f5c2","name":"Jean Pierre BAWELA","image":{"@type":"ImageObject","inLanguage":"fr-FR","@id":"https:\/\/macite.tg\/wp-content\/uploads\/2023\/09\/WhatsApp-Image-2023-09-19-at-14.44.41-122x122.jpeg","url":"https:\/\/macite.tg\/wp-content\/uploads\/2023\/09\/WhatsApp-Image-2023-09-19-at-14.44.41-122x122.jpeg","contentUrl":"https:\/\/macite.tg\/wp-content\/uploads\/2023\/09\/WhatsApp-Image-2023-09-19-at-14.44.41-122x122.jpeg","caption":"Jean Pierre BAWELA"},"url":"https:\/\/macite.tg\/?author=2"}]}},"_links":{"self":[{"href":"https:\/\/macite.tg\/index.php?rest_route=\/wp\/v2\/posts\/16837","targetHints":{"allow":["GET"]}}],"collection":[{"href":"https:\/\/macite.tg\/index.php?rest_route=\/wp\/v2\/posts"}],"about":[{"href":"https:\/\/macite.tg\/index.php?rest_route=\/wp\/v2\/types\/post"}],"author":[{"embeddable":true,"href":"https:\/\/macite.tg\/index.php?rest_route=\/wp\/v2\/users\/2"}],"replies":[{"embeddable":true,"href":"https:\/\/macite.tg\/index.php?rest_route=%2Fwp%2Fv2%2Fcomments&post=16837"}],"version-history":[{"count":0,"href":"https:\/\/macite.tg\/index.php?rest_route=\/wp\/v2\/posts\/16837\/revisions"}],"wp:featuredmedia":[{"embeddable":true,"href":"https:\/\/macite.tg\/index.php?rest_route=\/wp\/v2\/media\/16848"}],"wp:attachment":[{"href":"https:\/\/macite.tg\/index.php?rest_route=%2Fwp%2Fv2%2Fmedia&parent=16837"}],"wp:term":[{"taxonomy":"category","embeddable":true,"href":"https:\/\/macite.tg\/index.php?rest_route=%2Fwp%2Fv2%2Fcategories&post=16837"},{"taxonomy":"post_tag","embeddable":true,"href":"https:\/\/macite.tg\/index.php?rest_route=%2Fwp%2Fv2%2Ftags&post=16837"}],"curies":[{"name":"wp","href":"https:\/\/api.w.org\/{rel}","templated":true}]}}