{"id":16832,"date":"2024-09-26T18:37:16","date_gmt":"2024-09-26T18:37:16","guid":{"rendered":"https:\/\/macite.tg\/?p=16832"},"modified":"2024-09-26T18:49:37","modified_gmt":"2024-09-26T18:49:37","slug":"interview-de-bright-kekeli-woussou-il-faut-que-nos-autorites-soutiennent-veritablement-le-chant-choral-et-surtout-encourager-nos-initiatives-en-matiere-de-festivals-concours-concerts-et-for","status":"publish","type":"post","link":"https:\/\/macite.tg\/?p=16832","title":{"rendered":"INTERVIEW DE BRIGHT KEKELI WOUSSOU : \u00ab Il faut que nos autorit\u00e9s soutiennent v\u00e9ritablement le chant choral et surtout encourager nos initiatives en mati\u00e8re de festivals, concours, concerts et forums \u00bb"},"content":{"rendered":"\n<p class=\"wp-block-paragraph\"><strong><em>Depuis la nuit des temps, le Chant occupe une place importante dans la vie de l\u2019Homme, notamment dans ses dimensions psychosociales, \u00e9motionnelles et affectives. Avant notre \u00e8re, d\u00e9j\u00e0 Aristote (384 avant J.C) \u00e9voquait la Voix comme \u00e9tant \u00ab le reflet de notre \u00catre et de nos \u00e9motions \u00bb. Un propos \u00e9clairant pour signifier notre singularit\u00e9 et notre pr\u00e9sence au Monde !<\/em><\/strong><\/p>\n\n\n\n<p class=\"wp-block-paragraph\"><strong><em>Allant dans le m\u00eame sens, la musique togolaise se veut \u00eatre, de nos jours, l&rsquo;un des maillons non n\u00e9gligeables, de la culture togolaise \u00e0 travers sa diversit\u00e9. Aux c\u00f4t\u00e9s des musiques traditionnelles et modernes, le chant Choral est aussi une importante cat\u00e9gorie de musique qui v\u00e9hicule l&rsquo;identit\u00e9 et la culture des peuples togolais au-del\u00e0 des fronti\u00e8res.&nbsp; Le Ch\u0153ur de l\u2019Unit\u00e9 Togolaise (Cut), est le groupe musical de chant choral, le plus, en vue depuis quelques ann\u00e9es dans notre pays.<\/em><\/strong><\/p>\n\n\n\n<p class=\"wp-block-paragraph\"><strong><em>N\u00e9 en 2013 \u00e0 Lom\u00e9, la capitale du Togo, le Cut est aujourd&rsquo;hui le porte flambeau du drapeau national dans les diff\u00e9rentes comp\u00e9titions internationales sur le plan de chant Choral.&nbsp; Avec un r\u00e9pertoire qui va des chants religieux aux chants profanes en passant par les chants sacr\u00e9s et culturels, le Cut s\u2019est donn\u00e9 pour mission de valoriser les cultures africaines en g\u00e9n\u00e9ral et celles du Togo en particulier.<\/em><\/strong><\/p>\n\n\n\n<p class=\"wp-block-paragraph\"><strong><em>En plein pr\u00e9paratif du festival \u00ab\u00a0Africa Sings\u00a0\u00bb qui est \u00e0 sa 8\u00e8me \u00e9dition cette ann\u00e9e et qui se tiendra \u00e0 Asaba Delta State au Nig\u00e9ria du 8 au 13 Octobre prochain, Bright Kekeli Woussou, Directeur Musical du Ch\u0153ur de l\u2019Unit\u00e9 Togolaise et Directeur Artistique du Festival Africa Sings, a accept\u00e9 s\u2019ouvrir au confr\u00e8re \u2018\u2019Chronique de la Semaine\u2019\u2019 dont nous reprenons pour vous. Lisez plut\u00f4t\u00a0!<\/em><\/strong><\/p>\n\n\n<div class=\"wp-block-image\">\n<figure class=\"aligncenter size-large is-resized\"><img loading=\"lazy\" decoding=\"async\" src=\"https:\/\/macite.tg\/wp-content\/uploads\/2024\/09\/Bonne-rentree-1024x1024.jpg\" alt=\"\" class=\"wp-image-16699\" width=\"570\" height=\"570\" srcset=\"https:\/\/macite.tg\/wp-content\/uploads\/2024\/09\/Bonne-rentree-1024x1024.jpg 1024w, https:\/\/macite.tg\/wp-content\/uploads\/2024\/09\/Bonne-rentree-300x300.jpg 300w, https:\/\/macite.tg\/wp-content\/uploads\/2024\/09\/Bonne-rentree-150x150.jpg 150w, https:\/\/macite.tg\/wp-content\/uploads\/2024\/09\/Bonne-rentree-768x768.jpg 768w, https:\/\/macite.tg\/wp-content\/uploads\/2024\/09\/Bonne-rentree-122x122.jpg 122w, https:\/\/macite.tg\/wp-content\/uploads\/2024\/09\/Bonne-rentree.jpg 1080w\" sizes=\"auto, (max-width: 570px) 100vw, 570px\" \/><\/figure>\n<\/div>\n\n\n<p class=\"wp-block-paragraph\"><strong><em>Faites-nous une br\u00e8ve pr\u00e9sentation du ch\u0153ur de l\u2019Unit\u00e9 Togolaise ?<\/em><\/strong><\/p>\n\n\n\n<p class=\"wp-block-paragraph\">Le Ch\u0153ur de l\u2019Unit\u00e9 Togolaise est un regroupement de jeunes talents de tout bord, passionn\u00e9s de la musique chorale, dans le but de promouvoir le chant choral, d\u2019une part, et la culture Togolaise dans le monde, d\u2019autre part.<\/p>\n\n\n\n<p class=\"wp-block-paragraph\"><\/p>\n\n\n\n<p class=\"wp-block-paragraph\"><strong><em>En tant que Directeur Musical de ce ch\u0153ur, qu\u2019est-ce qui peut inciter quelqu\u2019un \u00e0 int\u00e9grer votre groupe ? Et quels sont les crit\u00e8res pour en \u00eatre membre ?<\/em><\/strong><\/p>\n\n\n\n<p class=\"wp-block-paragraph\">Une fois que vous aimez le beau et l\u2019excellence du chant choral, vous \u00eates appel\u00e9s \u00e0 int\u00e9grer ce ch\u0153ur car, depuis 10 ans nous sommes en train de travailler dur pour donner une tr\u00e8s grande et bonne image \u00e0 ce volet de la musique g\u00e9n\u00e9rale au Togo et en dehors de nos fronti\u00e8res.<\/p>\n\n\n\n<p class=\"wp-block-paragraph\">Avant, les gens croyaient que le chant choral ne peut \u00eatre que religieux et sacr\u00e9e, alors que le volet culturel du chant choral n\u2019est pas aussi \u00e0 n\u00e9gliger.<\/p>\n\n\n\n<p class=\"wp-block-paragraph\"><\/p>\n\n\n\n<p class=\"wp-block-paragraph\"><strong><em>D\u2019apr\u00e8s nos informations, le ch\u0153ur participe \u00e0 des comp\u00e9titions nationales et internationales dont Africa Sings, un festival international dont la 8<sup>\u00e8me<\/sup> \u00e9dition se tiendra du 08 au 13 Octobre 2024 \u00e0 Asaba Delta State (Nigeria). Parlez-nous de la particularit\u00e9 de cet \u00e9v\u00e9nement.<\/em><\/strong><\/p>\n\n\n\n<p class=\"wp-block-paragraph\">Africa Sings est un festival panafricain de musique Choral et Gospel qui est \u00e0 sa 8\u00e8me \u00e9dition cette ann\u00e9e et se tiendra \u00e0 Asaba Delta State au Nig\u00e9ria du 8 au 13 Octobre.<\/p>\n\n\n<div class=\"wp-block-image\">\n<figure class=\"aligncenter size-full\"><img loading=\"lazy\" decoding=\"async\" width=\"500\" height=\"684\" src=\"https:\/\/macite.tg\/wp-content\/uploads\/2024\/09\/horaires.jpg\" alt=\"\" class=\"wp-image-16722\" srcset=\"https:\/\/macite.tg\/wp-content\/uploads\/2024\/09\/horaires.jpg 500w, https:\/\/macite.tg\/wp-content\/uploads\/2024\/09\/horaires-219x300.jpg 219w\" sizes=\"auto, (max-width: 500px) 100vw, 500px\" \/><\/figure>\n<\/div>\n\n\n<p class=\"wp-block-paragraph\">C\u2019est un festival organis\u00e9 par la structure SOPRANO EVENT LTD Dirig\u00e9 par M. Jean Lolonyo Dogb\u00e9, et qui \u00e0 circuler de pays en pays, notamment Lom\u00e9 en 2012 et 2022&nbsp;; Accra en 2013&nbsp;; Burundi en 2014&nbsp;; Londres UK en 2018 ; Strasbourg France en 2019&nbsp;; et Benin en 2023.<\/p>\n\n\n\n<p class=\"wp-block-paragraph\">Cette ann\u00e9e, nous avons 28 chorales inscrites, et 05 cat\u00e9gories de comp\u00e9tition sont pr\u00e9vues, ainsi que des ateliers de formation et des concerts, du sport et du tourisme.<\/p>\n\n\n\n<p class=\"wp-block-paragraph\"><\/p>\n\n\n\n<p class=\"wp-block-paragraph\"><strong><em>Faisant parti du staff du Festival Africa Sings, parlez-nous des projets \u00e0 venir.<\/em><\/strong><\/p>\n\n\n\n<p class=\"wp-block-paragraph\">Pour les projets \u00e0 venir, nous voudrions, notamment inciter les jeunes choristes africains \u00e0 participer \u00e0 de grandes rencontres mondiales de chants chorales afin de faire valoir la culture africaine dans le monde entier&nbsp;; Cr\u00e9er des centres musicaux de recherche sur les compositeurs africains&nbsp;; Permette \u00e0 ce que le Chant choral soit v\u00e9ritablement soutenu par les autorit\u00e9s comp\u00e9tentes de chaque pays africain.<\/p>\n\n\n\n<p class=\"wp-block-paragraph\"><\/p>\n\n\n\n<p class=\"wp-block-paragraph\"><strong><em>Quel message avez-vous \u00e0 l\u2019endroit des autorit\u00e9s comp\u00e9tentes pour promouvoir le chant choral au Togo ?<\/em><\/strong><\/p>\n\n\n\n<p class=\"wp-block-paragraph\">Le chant choral fait partie int\u00e9grante de toutes les c\u00e9r\u00e9monies \u00e9tatiques et sociales. Il faut donc que nos autorit\u00e9s soutiennent v\u00e9ritablement ce chant choral et surtout encourager nos initiatives en mati\u00e8re de festivals, concours, concerts et forums.<\/p>\n\n\n<div class=\"wp-block-image\">\n<figure class=\"aligncenter size-full\"><img loading=\"lazy\" decoding=\"async\" width=\"512\" height=\"640\" src=\"https:\/\/macite.tg\/wp-content\/uploads\/2024\/09\/30-Depreciation.jpg\" alt=\"\" class=\"wp-image-16664\" srcset=\"https:\/\/macite.tg\/wp-content\/uploads\/2024\/09\/30-Depreciation.jpg 512w, https:\/\/macite.tg\/wp-content\/uploads\/2024\/09\/30-Depreciation-240x300.jpg 240w\" sizes=\"auto, (max-width: 512px) 100vw, 512px\" \/><\/figure>\n<\/div>\n\n\n<p class=\"wp-block-paragraph\"><strong><em>Un dernier mot\u2026<\/em><\/strong><\/p>\n\n\n\n<p class=\"wp-block-paragraph\">Je remercie cette initiative qui nous a permis d\u2019\u00e9clairer l\u2019opinion publique de l\u2019\u00e9volution du chant choral au Togo et en Afrique. Soyons unis autour de ce chant choral pour le hisser d\u2019avantage au plus haut sommet. J\u2019aimerais \u00e9galement inviter tous les togolais \u00e0 soutenir le Ch\u0153ur de l\u2019Unit\u00e9 Togolaise dans sa participation au festival Africa Sings de cette ann\u00e9e.<\/p>\n\n\n\n<p class=\"wp-block-paragraph\"><strong>C.A.<\/strong><\/p>\n\n\n\n<p class=\"wp-block-paragraph\"><a><strong><em>@macite.tg&nbsp;&nbsp;&nbsp;&nbsp;&nbsp;&nbsp;&nbsp;&nbsp;<\/em><\/strong><\/a><\/p>\n\n\n\n<p class=\"wp-block-paragraph\"><strong><em>E-mail&nbsp;: <\/em><\/strong><a href=\"mailto:maciteinfo@gmail.com\"><strong><em>maciteinfo@gmail.com<\/em><\/strong><\/a><strong><em>; <\/em><\/strong><a href=\"mailto:bawela1@gmail.com\"><strong><em>bawela1@gmail.com<\/em><\/strong><\/a><strong><em><\/em><\/strong><\/p>\n\n\n\n<p class=\"wp-block-paragraph\"><strong><em>Pour vos annonces, (publi)reportages, etc., joignez-nous au (00228)91515309\/<strong>79872224 <\/strong>www.macite.tg, L\u2019information, la bonne&nbsp;!<\/em><\/strong><\/p>\n","protected":false},"excerpt":{"rendered":"<p class=\"text-justify mb-2\" >Depuis la nuit des temps, le Chant occupe une place importante dans la vie de l\u2019Homme, notamment dans ses dimensions psychosociales, \u00e9motionnelles et affectives. Avant notre \u00e8re, d\u00e9j\u00e0 Aristote (384 avant J.C) \u00e9voquait la Voix comme \u00e9tant \u00ab le reflet de notre \u00catre et de [&hellip;]<\/p>\n","protected":false},"author":2,"featured_media":16833,"comment_status":"open","ping_status":"open","sticky":false,"template":"","format":"standard","meta":{"footnotes":""},"categories":[20,18],"tags":[],"class_list":["post-16832","post","type-post","status-publish","format-standard","has-post-thumbnail","hentry","category-actualite","category-culture"],"yoast_head":"<!-- This site is optimized with the Yoast SEO plugin v28.4 - https:\/\/yoast.com\/product\/yoast-seo-wordpress\/ -->\n<title>INTERVIEW DE BRIGHT KEKELI WOUSSOU : \u00ab Il faut que nos autorit\u00e9s soutiennent v\u00e9ritablement le chant choral et surtout encourager nos initiatives en mati\u00e8re de festivals, concours, concerts et forums \u00bb -<\/title>\n<meta name=\"robots\" content=\"index, follow, max-snippet:-1, max-image-preview:large, max-video-preview:-1\" \/>\n<link rel=\"canonical\" href=\"https:\/\/macite.tg\/?p=16832\" \/>\n<meta property=\"og:locale\" content=\"fr_FR\" \/>\n<meta property=\"og:type\" content=\"article\" \/>\n<meta property=\"og:title\" content=\"INTERVIEW DE BRIGHT KEKELI WOUSSOU : \u00ab Il faut que nos autorit\u00e9s soutiennent v\u00e9ritablement le chant choral et surtout encourager nos initiatives en mati\u00e8re de festivals, concours, concerts et forums \u00bb -\" \/>\n<meta property=\"og:description\" content=\"Depuis la nuit des temps, le Chant occupe une place importante dans la vie de l\u2019Homme, notamment dans ses dimensions psychosociales, \u00e9motionnelles et affectives. Avant notre \u00e8re, d\u00e9j\u00e0 Aristote (384 avant J.C) \u00e9voquait la Voix comme \u00e9tant \u00ab le reflet de notre \u00catre et de [&hellip;]\" \/>\n<meta property=\"og:url\" content=\"https:\/\/macite.tg\/?p=16832\" \/>\n<meta property=\"article:published_time\" content=\"2024-09-26T18:37:16+00:00\" \/>\n<meta property=\"article:modified_time\" content=\"2024-09-26T18:49:37+00:00\" \/>\n<meta property=\"og:image\" content=\"https:\/\/macite.tg\/wp-content\/uploads\/2024\/09\/Chant-choral.jpg\" \/>\n\t<meta property=\"og:image:width\" content=\"500\" \/>\n\t<meta property=\"og:image:height\" content=\"412\" \/>\n\t<meta property=\"og:image:type\" content=\"image\/jpeg\" \/>\n<meta name=\"author\" content=\"Jean Pierre BAWELA\" \/>\n<meta name=\"twitter:card\" content=\"summary_large_image\" \/>\n<meta name=\"twitter:label1\" content=\"\u00c9crit par\" \/>\n\t<meta name=\"twitter:data1\" content=\"Jean Pierre BAWELA\" \/>\n\t<meta name=\"twitter:label2\" content=\"Dur\u00e9e de lecture estim\u00e9e\" \/>\n\t<meta name=\"twitter:data2\" content=\"4 minutes\" \/>\n<script type=\"application\/ld+json\" class=\"yoast-schema-graph\">{\"@context\":\"https:\\\/\\\/schema.org\",\"@graph\":[{\"@type\":\"Article\",\"@id\":\"https:\\\/\\\/macite.tg\\\/?p=16832#article\",\"isPartOf\":{\"@id\":\"https:\\\/\\\/macite.tg\\\/?p=16832\"},\"author\":{\"name\":\"Jean Pierre BAWELA\",\"@id\":\"https:\\\/\\\/macite.tg\\\/#\\\/schema\\\/person\\\/e9f2de7e5dbbe7770a9402c7ce82f5c2\"},\"headline\":\"INTERVIEW DE BRIGHT KEKELI WOUSSOU : \u00ab Il faut que nos autorit\u00e9s soutiennent v\u00e9ritablement le chant choral et surtout encourager nos initiatives en mati\u00e8re de festivals, concours, concerts et forums \u00bb\",\"datePublished\":\"2024-09-26T18:37:16+00:00\",\"dateModified\":\"2024-09-26T18:49:37+00:00\",\"mainEntityOfPage\":{\"@id\":\"https:\\\/\\\/macite.tg\\\/?p=16832\"},\"wordCount\":889,\"commentCount\":0,\"image\":{\"@id\":\"https:\\\/\\\/macite.tg\\\/?p=16832#primaryimage\"},\"thumbnailUrl\":\"https:\\\/\\\/macite.tg\\\/wp-content\\\/uploads\\\/2024\\\/09\\\/Chant-choral.jpg\",\"articleSection\":[\"ACTUALITE\",\"CULTURE\"],\"inLanguage\":\"fr-FR\",\"potentialAction\":[{\"@type\":\"CommentAction\",\"name\":\"Comment\",\"target\":[\"https:\\\/\\\/macite.tg\\\/?p=16832#respond\"]}]},{\"@type\":\"WebPage\",\"@id\":\"https:\\\/\\\/macite.tg\\\/?p=16832\",\"url\":\"https:\\\/\\\/macite.tg\\\/?p=16832\",\"name\":\"INTERVIEW DE BRIGHT KEKELI WOUSSOU : \u00ab Il faut que nos autorit\u00e9s soutiennent v\u00e9ritablement le chant choral et surtout encourager nos initiatives en mati\u00e8re de festivals, concours, concerts et forums \u00bb -\",\"isPartOf\":{\"@id\":\"https:\\\/\\\/macite.tg\\\/#website\"},\"primaryImageOfPage\":{\"@id\":\"https:\\\/\\\/macite.tg\\\/?p=16832#primaryimage\"},\"image\":{\"@id\":\"https:\\\/\\\/macite.tg\\\/?p=16832#primaryimage\"},\"thumbnailUrl\":\"https:\\\/\\\/macite.tg\\\/wp-content\\\/uploads\\\/2024\\\/09\\\/Chant-choral.jpg\",\"datePublished\":\"2024-09-26T18:37:16+00:00\",\"dateModified\":\"2024-09-26T18:49:37+00:00\",\"author\":{\"@id\":\"https:\\\/\\\/macite.tg\\\/#\\\/schema\\\/person\\\/e9f2de7e5dbbe7770a9402c7ce82f5c2\"},\"breadcrumb\":{\"@id\":\"https:\\\/\\\/macite.tg\\\/?p=16832#breadcrumb\"},\"inLanguage\":\"fr-FR\",\"potentialAction\":[{\"@type\":\"ReadAction\",\"target\":[\"https:\\\/\\\/macite.tg\\\/?p=16832\"]}]},{\"@type\":\"ImageObject\",\"inLanguage\":\"fr-FR\",\"@id\":\"https:\\\/\\\/macite.tg\\\/?p=16832#primaryimage\",\"url\":\"https:\\\/\\\/macite.tg\\\/wp-content\\\/uploads\\\/2024\\\/09\\\/Chant-choral.jpg\",\"contentUrl\":\"https:\\\/\\\/macite.tg\\\/wp-content\\\/uploads\\\/2024\\\/09\\\/Chant-choral.jpg\",\"width\":500,\"height\":412,\"caption\":\"Bright Kekeli Woussou, Directeur Musical du Ch\u0153ur de l\u2019Unit\u00e9 Togolaise et Directeur Artistique du Festival Africa Sings\"},{\"@type\":\"BreadcrumbList\",\"@id\":\"https:\\\/\\\/macite.tg\\\/?p=16832#breadcrumb\",\"itemListElement\":[{\"@type\":\"ListItem\",\"position\":1,\"name\":\"Accueil\",\"item\":\"https:\\\/\\\/macite.tg\\\/\"},{\"@type\":\"ListItem\",\"position\":2,\"name\":\"INTERVIEW DE BRIGHT KEKELI WOUSSOU : \u00ab Il faut que nos autorit\u00e9s soutiennent v\u00e9ritablement le chant choral et surtout encourager nos initiatives en mati\u00e8re de festivals, concours, concerts et forums \u00bb\"}]},{\"@type\":\"WebSite\",\"@id\":\"https:\\\/\\\/macite.tg\\\/#website\",\"url\":\"https:\\\/\\\/macite.tg\\\/\",\"name\":\"\",\"description\":\"L&#039;information, la bonne!!!\",\"potentialAction\":[{\"@type\":\"SearchAction\",\"target\":{\"@type\":\"EntryPoint\",\"urlTemplate\":\"https:\\\/\\\/macite.tg\\\/?s={search_term_string}\"},\"query-input\":{\"@type\":\"PropertyValueSpecification\",\"valueRequired\":true,\"valueName\":\"search_term_string\"}}],\"inLanguage\":\"fr-FR\"},{\"@type\":\"Person\",\"@id\":\"https:\\\/\\\/macite.tg\\\/#\\\/schema\\\/person\\\/e9f2de7e5dbbe7770a9402c7ce82f5c2\",\"name\":\"Jean Pierre BAWELA\",\"image\":{\"@type\":\"ImageObject\",\"inLanguage\":\"fr-FR\",\"@id\":\"https:\\\/\\\/macite.tg\\\/wp-content\\\/uploads\\\/2023\\\/09\\\/WhatsApp-Image-2023-09-19-at-14.44.41-122x122.jpeg\",\"url\":\"https:\\\/\\\/macite.tg\\\/wp-content\\\/uploads\\\/2023\\\/09\\\/WhatsApp-Image-2023-09-19-at-14.44.41-122x122.jpeg\",\"contentUrl\":\"https:\\\/\\\/macite.tg\\\/wp-content\\\/uploads\\\/2023\\\/09\\\/WhatsApp-Image-2023-09-19-at-14.44.41-122x122.jpeg\",\"caption\":\"Jean Pierre BAWELA\"},\"url\":\"https:\\\/\\\/macite.tg\\\/?author=2\"}]}<\/script>\n<!-- \/ Yoast SEO plugin. -->","yoast_head_json":{"title":"INTERVIEW DE BRIGHT KEKELI WOUSSOU : \u00ab Il faut que nos autorit\u00e9s soutiennent v\u00e9ritablement le chant choral et surtout encourager nos initiatives en mati\u00e8re de festivals, concours, concerts et forums \u00bb -","robots":{"index":"index","follow":"follow","max-snippet":"max-snippet:-1","max-image-preview":"max-image-preview:large","max-video-preview":"max-video-preview:-1"},"canonical":"https:\/\/macite.tg\/?p=16832","og_locale":"fr_FR","og_type":"article","og_title":"INTERVIEW DE BRIGHT KEKELI WOUSSOU : \u00ab Il faut que nos autorit\u00e9s soutiennent v\u00e9ritablement le chant choral et surtout encourager nos initiatives en mati\u00e8re de festivals, concours, concerts et forums \u00bb -","og_description":"Depuis la nuit des temps, le Chant occupe une place importante dans la vie de l\u2019Homme, notamment dans ses dimensions psychosociales, \u00e9motionnelles et affectives. Avant notre \u00e8re, d\u00e9j\u00e0 Aristote (384 avant J.C) \u00e9voquait la Voix comme \u00e9tant \u00ab le reflet de notre \u00catre et de [&hellip;]","og_url":"https:\/\/macite.tg\/?p=16832","article_published_time":"2024-09-26T18:37:16+00:00","article_modified_time":"2024-09-26T18:49:37+00:00","og_image":[{"width":500,"height":412,"url":"https:\/\/macite.tg\/wp-content\/uploads\/2024\/09\/Chant-choral.jpg","type":"image\/jpeg"}],"author":"Jean Pierre BAWELA","twitter_card":"summary_large_image","twitter_misc":{"\u00c9crit par":"Jean Pierre BAWELA","Dur\u00e9e de lecture estim\u00e9e":"4 minutes"},"schema":{"@context":"https:\/\/schema.org","@graph":[{"@type":"Article","@id":"https:\/\/macite.tg\/?p=16832#article","isPartOf":{"@id":"https:\/\/macite.tg\/?p=16832"},"author":{"name":"Jean Pierre BAWELA","@id":"https:\/\/macite.tg\/#\/schema\/person\/e9f2de7e5dbbe7770a9402c7ce82f5c2"},"headline":"INTERVIEW DE BRIGHT KEKELI WOUSSOU : \u00ab Il faut que nos autorit\u00e9s soutiennent v\u00e9ritablement le chant choral et surtout encourager nos initiatives en mati\u00e8re de festivals, concours, concerts et forums \u00bb","datePublished":"2024-09-26T18:37:16+00:00","dateModified":"2024-09-26T18:49:37+00:00","mainEntityOfPage":{"@id":"https:\/\/macite.tg\/?p=16832"},"wordCount":889,"commentCount":0,"image":{"@id":"https:\/\/macite.tg\/?p=16832#primaryimage"},"thumbnailUrl":"https:\/\/macite.tg\/wp-content\/uploads\/2024\/09\/Chant-choral.jpg","articleSection":["ACTUALITE","CULTURE"],"inLanguage":"fr-FR","potentialAction":[{"@type":"CommentAction","name":"Comment","target":["https:\/\/macite.tg\/?p=16832#respond"]}]},{"@type":"WebPage","@id":"https:\/\/macite.tg\/?p=16832","url":"https:\/\/macite.tg\/?p=16832","name":"INTERVIEW DE BRIGHT KEKELI WOUSSOU : \u00ab Il faut que nos autorit\u00e9s soutiennent v\u00e9ritablement le chant choral et surtout encourager nos initiatives en mati\u00e8re de festivals, concours, concerts et forums \u00bb -","isPartOf":{"@id":"https:\/\/macite.tg\/#website"},"primaryImageOfPage":{"@id":"https:\/\/macite.tg\/?p=16832#primaryimage"},"image":{"@id":"https:\/\/macite.tg\/?p=16832#primaryimage"},"thumbnailUrl":"https:\/\/macite.tg\/wp-content\/uploads\/2024\/09\/Chant-choral.jpg","datePublished":"2024-09-26T18:37:16+00:00","dateModified":"2024-09-26T18:49:37+00:00","author":{"@id":"https:\/\/macite.tg\/#\/schema\/person\/e9f2de7e5dbbe7770a9402c7ce82f5c2"},"breadcrumb":{"@id":"https:\/\/macite.tg\/?p=16832#breadcrumb"},"inLanguage":"fr-FR","potentialAction":[{"@type":"ReadAction","target":["https:\/\/macite.tg\/?p=16832"]}]},{"@type":"ImageObject","inLanguage":"fr-FR","@id":"https:\/\/macite.tg\/?p=16832#primaryimage","url":"https:\/\/macite.tg\/wp-content\/uploads\/2024\/09\/Chant-choral.jpg","contentUrl":"https:\/\/macite.tg\/wp-content\/uploads\/2024\/09\/Chant-choral.jpg","width":500,"height":412,"caption":"Bright Kekeli Woussou, Directeur Musical du Ch\u0153ur de l\u2019Unit\u00e9 Togolaise et Directeur Artistique du Festival Africa Sings"},{"@type":"BreadcrumbList","@id":"https:\/\/macite.tg\/?p=16832#breadcrumb","itemListElement":[{"@type":"ListItem","position":1,"name":"Accueil","item":"https:\/\/macite.tg\/"},{"@type":"ListItem","position":2,"name":"INTERVIEW DE BRIGHT KEKELI WOUSSOU : \u00ab Il faut que nos autorit\u00e9s soutiennent v\u00e9ritablement le chant choral et surtout encourager nos initiatives en mati\u00e8re de festivals, concours, concerts et forums \u00bb"}]},{"@type":"WebSite","@id":"https:\/\/macite.tg\/#website","url":"https:\/\/macite.tg\/","name":"","description":"L&#039;information, la bonne!!!","potentialAction":[{"@type":"SearchAction","target":{"@type":"EntryPoint","urlTemplate":"https:\/\/macite.tg\/?s={search_term_string}"},"query-input":{"@type":"PropertyValueSpecification","valueRequired":true,"valueName":"search_term_string"}}],"inLanguage":"fr-FR"},{"@type":"Person","@id":"https:\/\/macite.tg\/#\/schema\/person\/e9f2de7e5dbbe7770a9402c7ce82f5c2","name":"Jean Pierre BAWELA","image":{"@type":"ImageObject","inLanguage":"fr-FR","@id":"https:\/\/macite.tg\/wp-content\/uploads\/2023\/09\/WhatsApp-Image-2023-09-19-at-14.44.41-122x122.jpeg","url":"https:\/\/macite.tg\/wp-content\/uploads\/2023\/09\/WhatsApp-Image-2023-09-19-at-14.44.41-122x122.jpeg","contentUrl":"https:\/\/macite.tg\/wp-content\/uploads\/2023\/09\/WhatsApp-Image-2023-09-19-at-14.44.41-122x122.jpeg","caption":"Jean Pierre BAWELA"},"url":"https:\/\/macite.tg\/?author=2"}]}},"_links":{"self":[{"href":"https:\/\/macite.tg\/index.php?rest_route=\/wp\/v2\/posts\/16832","targetHints":{"allow":["GET"]}}],"collection":[{"href":"https:\/\/macite.tg\/index.php?rest_route=\/wp\/v2\/posts"}],"about":[{"href":"https:\/\/macite.tg\/index.php?rest_route=\/wp\/v2\/types\/post"}],"author":[{"embeddable":true,"href":"https:\/\/macite.tg\/index.php?rest_route=\/wp\/v2\/users\/2"}],"replies":[{"embeddable":true,"href":"https:\/\/macite.tg\/index.php?rest_route=%2Fwp%2Fv2%2Fcomments&post=16832"}],"version-history":[{"count":0,"href":"https:\/\/macite.tg\/index.php?rest_route=\/wp\/v2\/posts\/16832\/revisions"}],"wp:featuredmedia":[{"embeddable":true,"href":"https:\/\/macite.tg\/index.php?rest_route=\/wp\/v2\/media\/16833"}],"wp:attachment":[{"href":"https:\/\/macite.tg\/index.php?rest_route=%2Fwp%2Fv2%2Fmedia&parent=16832"}],"wp:term":[{"taxonomy":"category","embeddable":true,"href":"https:\/\/macite.tg\/index.php?rest_route=%2Fwp%2Fv2%2Fcategories&post=16832"},{"taxonomy":"post_tag","embeddable":true,"href":"https:\/\/macite.tg\/index.php?rest_route=%2Fwp%2Fv2%2Ftags&post=16832"}],"curies":[{"name":"wp","href":"https:\/\/api.w.org\/{rel}","templated":true}]}}