{"id":16823,"date":"2024-09-26T12:02:28","date_gmt":"2024-09-26T12:02:28","guid":{"rendered":"https:\/\/macite.tg\/?p=16823"},"modified":"2024-09-26T12:02:39","modified_gmt":"2024-09-26T12:02:39","slug":"new-york-usa-fructueux-echanges-entre-le-president-faure-gnassingbe-et-le-secretaire-general-de-lonu-antonio-guterres","status":"publish","type":"post","link":"https:\/\/macite.tg\/?p=16823","title":{"rendered":"NEW YORK (USA) : Fructueux \u00e9changes entre le Pr\u00e9sident Faure Gnassingb\u00e9 et le Secr\u00e9taire g\u00e9n\u00e9ral de l\u2019Onu, Antonio Guterres"},"content":{"rendered":"\n<p class=\"wp-block-paragraph\"><strong><em>Pr\u00e9sent \u00e0 New York, aux Etats-Unis, dans le cadre de la 79<sup>\u00e8me<\/sup> assembl\u00e9e g\u00e9n\u00e9rale des Nations-Unies, le Pr\u00e9sident de la R\u00e9publique, Faure Essozimna Gnassingb\u00e9, s\u2019est entretenu, en marge des travaux, avec le Secr\u00e9taire g\u00e9n\u00e9ral de l\u2019Organisation des nations-unies (Onu), Antonio Guterres.<\/em><\/strong><\/p>\n\n\n\n<p class=\"wp-block-paragraph\">Le lundi 23 septembre dernier, le Chef de l\u2019Etat togolais, Faure Gnassingb\u00e9, a eu, en marge des travaux de la 79<sup>\u00e8me<\/sup> assembl\u00e9e g\u00e9n\u00e9rale des nations-Unies, un entretien avec le Secr\u00e9taire g\u00e9n\u00e9ral de l\u2019Organisation, Antonio Guterres.<\/p>\n\n\n<div class=\"wp-block-image\">\n<figure class=\"aligncenter size-full is-resized\"><img loading=\"lazy\" decoding=\"async\" src=\"https:\/\/macite.tg\/wp-content\/uploads\/2024\/09\/IMG-20240313-WA0013-1.jpg\" alt=\"\" class=\"wp-image-16795\" width=\"841\" height=\"207\" srcset=\"https:\/\/macite.tg\/wp-content\/uploads\/2024\/09\/IMG-20240313-WA0013-1.jpg 690w, https:\/\/macite.tg\/wp-content\/uploads\/2024\/09\/IMG-20240313-WA0013-1-300x74.jpg 300w\" sizes=\"auto, (max-width: 841px) 100vw, 841px\" \/><\/figure>\n<\/div>\n\n\n<p class=\"wp-block-paragraph\">Au menu des \u00e9changes, des questions de s\u00e9curit\u00e9 en Afrique de l\u2019Ouest et du Sahel, mais aussi la situation politique dans cette zone, sans oublier, bien entendu, les efforts du Togo quant aux Objectifs de d\u00e9veloppement durable (Odd).<\/p>\n\n\n\n<p class=\"wp-block-paragraph\">Tout en r\u00e9affirmant l\u2019engagement de la diplomatie togolaise en faveur de la paix et de la stabilit\u00e9 dans la r\u00e9gion ouest-africaine et au Sahel, le leader togolais a exprim\u00e9 sa disponibilit\u00e9 \u00e0 \u0153uvrer pour la promotion de la paix et la consolidation de la s\u00e9curit\u00e9, notamment \u00e0 travers le dialogue et la concertation.<\/p>\n\n\n<div class=\"wp-block-image\">\n<figure class=\"aligncenter size-full\"><img loading=\"lazy\" decoding=\"async\" width=\"500\" height=\"684\" src=\"https:\/\/macite.tg\/wp-content\/uploads\/2024\/09\/horaires.jpg\" alt=\"\" class=\"wp-image-16722\" srcset=\"https:\/\/macite.tg\/wp-content\/uploads\/2024\/09\/horaires.jpg 500w, https:\/\/macite.tg\/wp-content\/uploads\/2024\/09\/horaires-219x300.jpg 219w\" sizes=\"auto, (max-width: 500px) 100vw, 500px\" \/><\/figure>\n<\/div>\n\n\n<p class=\"wp-block-paragraph\">Cet engagement du chef de l\u2019Etat togolais a \u00e9t\u00e9 salu\u00e9 par le Secr\u00e9taire g\u00e9n\u00e9ral de l\u2019Onu, qui \u00e0 son tour, se dit dispos\u00e9 \u00e0 accompagner et \u00e0 soutenir le Togo dans ses initiatives visant \u00e0 promouvoir la paix, la s\u00e9curit\u00e9 et le d\u00e9veloppement durable dans la sous-r\u00e9gion.<\/p>\n\n\n\n<p class=\"wp-block-paragraph\"><strong>JPB<\/strong><\/p>\n\n\n\n<p class=\"wp-block-paragraph\"><a><strong><em>@macite.tg&nbsp;&nbsp;&nbsp;&nbsp;&nbsp;&nbsp;&nbsp;&nbsp;<\/em><\/strong><\/a><\/p>\n\n\n\n<p class=\"wp-block-paragraph\"><strong><em>E-mail&nbsp;: <\/em><\/strong><a href=\"mailto:maciteinfo@gmail.com\"><strong><em>maciteinfo@gmail.com<\/em><\/strong><\/a><strong><em>; <\/em><\/strong><a href=\"mailto:bawela1@gmail.com\"><strong><em>bawela1@gmail.com<\/em><\/strong><\/a><strong><em><\/em><\/strong><\/p>\n\n\n\n<p class=\"wp-block-paragraph\"><strong><em>Pour vos annonces, (publi)reportages, etc., joignez-nous au (00228)91515309\/<strong>79872224 <\/strong>www.macite.tg, L\u2019information, la bonne&nbsp;!<\/em><\/strong><\/p>\n","protected":false},"excerpt":{"rendered":"<p class=\"text-justify mb-2\" >Pr\u00e9sent \u00e0 New York, aux Etats-Unis, dans le cadre de la 79\u00e8me assembl\u00e9e g\u00e9n\u00e9rale des Nations-Unies, le Pr\u00e9sident de la R\u00e9publique, Faure Essozimna Gnassingb\u00e9, s\u2019est entretenu, en marge des travaux, avec le Secr\u00e9taire g\u00e9n\u00e9ral de l\u2019Organisation des nations-unies (Onu), Antonio Guterres. Le lundi 23 septembre [&hellip;]<\/p>\n","protected":false},"author":2,"featured_media":16824,"comment_status":"open","ping_status":"open","sticky":false,"template":"","format":"standard","meta":{"footnotes":""},"categories":[20,8],"tags":[],"class_list":["post-16823","post","type-post","status-publish","format-standard","has-post-thumbnail","hentry","category-actualite","category-diplomatie"],"yoast_head":"<!-- This site is optimized with the Yoast SEO plugin v28.4 - https:\/\/yoast.com\/product\/yoast-seo-wordpress\/ -->\n<title>NEW YORK (USA) : Fructueux \u00e9changes entre le Pr\u00e9sident Faure Gnassingb\u00e9 et le Secr\u00e9taire g\u00e9n\u00e9ral de l\u2019Onu, Antonio Guterres -<\/title>\n<meta name=\"robots\" content=\"index, follow, max-snippet:-1, max-image-preview:large, max-video-preview:-1\" \/>\n<link rel=\"canonical\" href=\"https:\/\/macite.tg\/?p=16823\" \/>\n<meta property=\"og:locale\" content=\"fr_FR\" \/>\n<meta property=\"og:type\" content=\"article\" \/>\n<meta property=\"og:title\" content=\"NEW YORK (USA) : Fructueux \u00e9changes entre le Pr\u00e9sident Faure Gnassingb\u00e9 et le Secr\u00e9taire g\u00e9n\u00e9ral de l\u2019Onu, Antonio Guterres -\" \/>\n<meta property=\"og:description\" content=\"Pr\u00e9sent \u00e0 New York, aux Etats-Unis, dans le cadre de la 79\u00e8me assembl\u00e9e g\u00e9n\u00e9rale des Nations-Unies, le Pr\u00e9sident de la R\u00e9publique, Faure Essozimna Gnassingb\u00e9, s\u2019est entretenu, en marge des travaux, avec le Secr\u00e9taire g\u00e9n\u00e9ral de l\u2019Organisation des nations-unies (Onu), Antonio Guterres. Le lundi 23 septembre [&hellip;]\" \/>\n<meta property=\"og:url\" content=\"https:\/\/macite.tg\/?p=16823\" \/>\n<meta property=\"article:published_time\" content=\"2024-09-26T12:02:28+00:00\" \/>\n<meta property=\"article:modified_time\" content=\"2024-09-26T12:02:39+00:00\" \/>\n<meta property=\"og:image\" content=\"https:\/\/macite.tg\/wp-content\/uploads\/2024\/09\/feg-et-Sg-onu.jpg\" \/>\n\t<meta property=\"og:image:width\" content=\"500\" \/>\n\t<meta property=\"og:image:height\" content=\"353\" \/>\n\t<meta property=\"og:image:type\" content=\"image\/jpeg\" \/>\n<meta name=\"author\" content=\"Jean Pierre BAWELA\" \/>\n<meta name=\"twitter:card\" content=\"summary_large_image\" \/>\n<meta name=\"twitter:label1\" content=\"\u00c9crit par\" \/>\n\t<meta name=\"twitter:data1\" content=\"Jean Pierre BAWELA\" \/>\n\t<meta name=\"twitter:label2\" content=\"Dur\u00e9e de lecture estim\u00e9e\" \/>\n\t<meta name=\"twitter:data2\" content=\"1 minute\" \/>\n<script type=\"application\/ld+json\" class=\"yoast-schema-graph\">{\"@context\":\"https:\\\/\\\/schema.org\",\"@graph\":[{\"@type\":\"Article\",\"@id\":\"https:\\\/\\\/macite.tg\\\/?p=16823#article\",\"isPartOf\":{\"@id\":\"https:\\\/\\\/macite.tg\\\/?p=16823\"},\"author\":{\"name\":\"Jean Pierre BAWELA\",\"@id\":\"https:\\\/\\\/macite.tg\\\/#\\\/schema\\\/person\\\/e9f2de7e5dbbe7770a9402c7ce82f5c2\"},\"headline\":\"NEW YORK (USA) : Fructueux \u00e9changes entre le Pr\u00e9sident Faure Gnassingb\u00e9 et le Secr\u00e9taire g\u00e9n\u00e9ral de l\u2019Onu, Antonio Guterres\",\"datePublished\":\"2024-09-26T12:02:28+00:00\",\"dateModified\":\"2024-09-26T12:02:39+00:00\",\"mainEntityOfPage\":{\"@id\":\"https:\\\/\\\/macite.tg\\\/?p=16823\"},\"wordCount\":298,\"commentCount\":0,\"image\":{\"@id\":\"https:\\\/\\\/macite.tg\\\/?p=16823#primaryimage\"},\"thumbnailUrl\":\"https:\\\/\\\/macite.tg\\\/wp-content\\\/uploads\\\/2024\\\/09\\\/feg-et-Sg-onu.jpg\",\"articleSection\":[\"ACTUALITE\",\"DIPLOMATIE\"],\"inLanguage\":\"fr-FR\",\"potentialAction\":[{\"@type\":\"CommentAction\",\"name\":\"Comment\",\"target\":[\"https:\\\/\\\/macite.tg\\\/?p=16823#respond\"]}]},{\"@type\":\"WebPage\",\"@id\":\"https:\\\/\\\/macite.tg\\\/?p=16823\",\"url\":\"https:\\\/\\\/macite.tg\\\/?p=16823\",\"name\":\"NEW YORK (USA) : Fructueux \u00e9changes entre le Pr\u00e9sident Faure Gnassingb\u00e9 et le Secr\u00e9taire g\u00e9n\u00e9ral de l\u2019Onu, Antonio Guterres -\",\"isPartOf\":{\"@id\":\"https:\\\/\\\/macite.tg\\\/#website\"},\"primaryImageOfPage\":{\"@id\":\"https:\\\/\\\/macite.tg\\\/?p=16823#primaryimage\"},\"image\":{\"@id\":\"https:\\\/\\\/macite.tg\\\/?p=16823#primaryimage\"},\"thumbnailUrl\":\"https:\\\/\\\/macite.tg\\\/wp-content\\\/uploads\\\/2024\\\/09\\\/feg-et-Sg-onu.jpg\",\"datePublished\":\"2024-09-26T12:02:28+00:00\",\"dateModified\":\"2024-09-26T12:02:39+00:00\",\"author\":{\"@id\":\"https:\\\/\\\/macite.tg\\\/#\\\/schema\\\/person\\\/e9f2de7e5dbbe7770a9402c7ce82f5c2\"},\"breadcrumb\":{\"@id\":\"https:\\\/\\\/macite.tg\\\/?p=16823#breadcrumb\"},\"inLanguage\":\"fr-FR\",\"potentialAction\":[{\"@type\":\"ReadAction\",\"target\":[\"https:\\\/\\\/macite.tg\\\/?p=16823\"]}]},{\"@type\":\"ImageObject\",\"inLanguage\":\"fr-FR\",\"@id\":\"https:\\\/\\\/macite.tg\\\/?p=16823#primaryimage\",\"url\":\"https:\\\/\\\/macite.tg\\\/wp-content\\\/uploads\\\/2024\\\/09\\\/feg-et-Sg-onu.jpg\",\"contentUrl\":\"https:\\\/\\\/macite.tg\\\/wp-content\\\/uploads\\\/2024\\\/09\\\/feg-et-Sg-onu.jpg\",\"width\":500,\"height\":353,\"caption\":\"Poign\u00e9e de mains entre le Pr\u00e9sident Faure Gnassingb\u00e9 (g) et le Sg de l'Onu, Antonio Guterres (dt).\"},{\"@type\":\"BreadcrumbList\",\"@id\":\"https:\\\/\\\/macite.tg\\\/?p=16823#breadcrumb\",\"itemListElement\":[{\"@type\":\"ListItem\",\"position\":1,\"name\":\"Accueil\",\"item\":\"https:\\\/\\\/macite.tg\\\/\"},{\"@type\":\"ListItem\",\"position\":2,\"name\":\"NEW YORK (USA) : Fructueux \u00e9changes entre le Pr\u00e9sident Faure Gnassingb\u00e9 et le Secr\u00e9taire g\u00e9n\u00e9ral de l\u2019Onu, Antonio Guterres\"}]},{\"@type\":\"WebSite\",\"@id\":\"https:\\\/\\\/macite.tg\\\/#website\",\"url\":\"https:\\\/\\\/macite.tg\\\/\",\"name\":\"\",\"description\":\"L&#039;information, la bonne!!!\",\"potentialAction\":[{\"@type\":\"SearchAction\",\"target\":{\"@type\":\"EntryPoint\",\"urlTemplate\":\"https:\\\/\\\/macite.tg\\\/?s={search_term_string}\"},\"query-input\":{\"@type\":\"PropertyValueSpecification\",\"valueRequired\":true,\"valueName\":\"search_term_string\"}}],\"inLanguage\":\"fr-FR\"},{\"@type\":\"Person\",\"@id\":\"https:\\\/\\\/macite.tg\\\/#\\\/schema\\\/person\\\/e9f2de7e5dbbe7770a9402c7ce82f5c2\",\"name\":\"Jean Pierre BAWELA\",\"image\":{\"@type\":\"ImageObject\",\"inLanguage\":\"fr-FR\",\"@id\":\"https:\\\/\\\/macite.tg\\\/wp-content\\\/uploads\\\/2023\\\/09\\\/WhatsApp-Image-2023-09-19-at-14.44.41-122x122.jpeg\",\"url\":\"https:\\\/\\\/macite.tg\\\/wp-content\\\/uploads\\\/2023\\\/09\\\/WhatsApp-Image-2023-09-19-at-14.44.41-122x122.jpeg\",\"contentUrl\":\"https:\\\/\\\/macite.tg\\\/wp-content\\\/uploads\\\/2023\\\/09\\\/WhatsApp-Image-2023-09-19-at-14.44.41-122x122.jpeg\",\"caption\":\"Jean Pierre BAWELA\"},\"url\":\"https:\\\/\\\/macite.tg\\\/?author=2\"}]}<\/script>\n<!-- \/ Yoast SEO plugin. -->","yoast_head_json":{"title":"NEW YORK (USA) : Fructueux \u00e9changes entre le Pr\u00e9sident Faure Gnassingb\u00e9 et le Secr\u00e9taire g\u00e9n\u00e9ral de l\u2019Onu, Antonio Guterres -","robots":{"index":"index","follow":"follow","max-snippet":"max-snippet:-1","max-image-preview":"max-image-preview:large","max-video-preview":"max-video-preview:-1"},"canonical":"https:\/\/macite.tg\/?p=16823","og_locale":"fr_FR","og_type":"article","og_title":"NEW YORK (USA) : Fructueux \u00e9changes entre le Pr\u00e9sident Faure Gnassingb\u00e9 et le Secr\u00e9taire g\u00e9n\u00e9ral de l\u2019Onu, Antonio Guterres -","og_description":"Pr\u00e9sent \u00e0 New York, aux Etats-Unis, dans le cadre de la 79\u00e8me assembl\u00e9e g\u00e9n\u00e9rale des Nations-Unies, le Pr\u00e9sident de la R\u00e9publique, Faure Essozimna Gnassingb\u00e9, s\u2019est entretenu, en marge des travaux, avec le Secr\u00e9taire g\u00e9n\u00e9ral de l\u2019Organisation des nations-unies (Onu), Antonio Guterres. Le lundi 23 septembre [&hellip;]","og_url":"https:\/\/macite.tg\/?p=16823","article_published_time":"2024-09-26T12:02:28+00:00","article_modified_time":"2024-09-26T12:02:39+00:00","og_image":[{"width":500,"height":353,"url":"https:\/\/macite.tg\/wp-content\/uploads\/2024\/09\/feg-et-Sg-onu.jpg","type":"image\/jpeg"}],"author":"Jean Pierre BAWELA","twitter_card":"summary_large_image","twitter_misc":{"\u00c9crit par":"Jean Pierre BAWELA","Dur\u00e9e de lecture estim\u00e9e":"1 minute"},"schema":{"@context":"https:\/\/schema.org","@graph":[{"@type":"Article","@id":"https:\/\/macite.tg\/?p=16823#article","isPartOf":{"@id":"https:\/\/macite.tg\/?p=16823"},"author":{"name":"Jean Pierre BAWELA","@id":"https:\/\/macite.tg\/#\/schema\/person\/e9f2de7e5dbbe7770a9402c7ce82f5c2"},"headline":"NEW YORK (USA) : Fructueux \u00e9changes entre le Pr\u00e9sident Faure Gnassingb\u00e9 et le Secr\u00e9taire g\u00e9n\u00e9ral de l\u2019Onu, Antonio Guterres","datePublished":"2024-09-26T12:02:28+00:00","dateModified":"2024-09-26T12:02:39+00:00","mainEntityOfPage":{"@id":"https:\/\/macite.tg\/?p=16823"},"wordCount":298,"commentCount":0,"image":{"@id":"https:\/\/macite.tg\/?p=16823#primaryimage"},"thumbnailUrl":"https:\/\/macite.tg\/wp-content\/uploads\/2024\/09\/feg-et-Sg-onu.jpg","articleSection":["ACTUALITE","DIPLOMATIE"],"inLanguage":"fr-FR","potentialAction":[{"@type":"CommentAction","name":"Comment","target":["https:\/\/macite.tg\/?p=16823#respond"]}]},{"@type":"WebPage","@id":"https:\/\/macite.tg\/?p=16823","url":"https:\/\/macite.tg\/?p=16823","name":"NEW YORK (USA) : Fructueux \u00e9changes entre le Pr\u00e9sident Faure Gnassingb\u00e9 et le Secr\u00e9taire g\u00e9n\u00e9ral de l\u2019Onu, Antonio Guterres -","isPartOf":{"@id":"https:\/\/macite.tg\/#website"},"primaryImageOfPage":{"@id":"https:\/\/macite.tg\/?p=16823#primaryimage"},"image":{"@id":"https:\/\/macite.tg\/?p=16823#primaryimage"},"thumbnailUrl":"https:\/\/macite.tg\/wp-content\/uploads\/2024\/09\/feg-et-Sg-onu.jpg","datePublished":"2024-09-26T12:02:28+00:00","dateModified":"2024-09-26T12:02:39+00:00","author":{"@id":"https:\/\/macite.tg\/#\/schema\/person\/e9f2de7e5dbbe7770a9402c7ce82f5c2"},"breadcrumb":{"@id":"https:\/\/macite.tg\/?p=16823#breadcrumb"},"inLanguage":"fr-FR","potentialAction":[{"@type":"ReadAction","target":["https:\/\/macite.tg\/?p=16823"]}]},{"@type":"ImageObject","inLanguage":"fr-FR","@id":"https:\/\/macite.tg\/?p=16823#primaryimage","url":"https:\/\/macite.tg\/wp-content\/uploads\/2024\/09\/feg-et-Sg-onu.jpg","contentUrl":"https:\/\/macite.tg\/wp-content\/uploads\/2024\/09\/feg-et-Sg-onu.jpg","width":500,"height":353,"caption":"Poign\u00e9e de mains entre le Pr\u00e9sident Faure Gnassingb\u00e9 (g) et le Sg de l'Onu, Antonio Guterres (dt)."},{"@type":"BreadcrumbList","@id":"https:\/\/macite.tg\/?p=16823#breadcrumb","itemListElement":[{"@type":"ListItem","position":1,"name":"Accueil","item":"https:\/\/macite.tg\/"},{"@type":"ListItem","position":2,"name":"NEW YORK (USA) : Fructueux \u00e9changes entre le Pr\u00e9sident Faure Gnassingb\u00e9 et le Secr\u00e9taire g\u00e9n\u00e9ral de l\u2019Onu, Antonio Guterres"}]},{"@type":"WebSite","@id":"https:\/\/macite.tg\/#website","url":"https:\/\/macite.tg\/","name":"","description":"L&#039;information, la bonne!!!","potentialAction":[{"@type":"SearchAction","target":{"@type":"EntryPoint","urlTemplate":"https:\/\/macite.tg\/?s={search_term_string}"},"query-input":{"@type":"PropertyValueSpecification","valueRequired":true,"valueName":"search_term_string"}}],"inLanguage":"fr-FR"},{"@type":"Person","@id":"https:\/\/macite.tg\/#\/schema\/person\/e9f2de7e5dbbe7770a9402c7ce82f5c2","name":"Jean Pierre BAWELA","image":{"@type":"ImageObject","inLanguage":"fr-FR","@id":"https:\/\/macite.tg\/wp-content\/uploads\/2023\/09\/WhatsApp-Image-2023-09-19-at-14.44.41-122x122.jpeg","url":"https:\/\/macite.tg\/wp-content\/uploads\/2023\/09\/WhatsApp-Image-2023-09-19-at-14.44.41-122x122.jpeg","contentUrl":"https:\/\/macite.tg\/wp-content\/uploads\/2023\/09\/WhatsApp-Image-2023-09-19-at-14.44.41-122x122.jpeg","caption":"Jean Pierre BAWELA"},"url":"https:\/\/macite.tg\/?author=2"}]}},"_links":{"self":[{"href":"https:\/\/macite.tg\/index.php?rest_route=\/wp\/v2\/posts\/16823","targetHints":{"allow":["GET"]}}],"collection":[{"href":"https:\/\/macite.tg\/index.php?rest_route=\/wp\/v2\/posts"}],"about":[{"href":"https:\/\/macite.tg\/index.php?rest_route=\/wp\/v2\/types\/post"}],"author":[{"embeddable":true,"href":"https:\/\/macite.tg\/index.php?rest_route=\/wp\/v2\/users\/2"}],"replies":[{"embeddable":true,"href":"https:\/\/macite.tg\/index.php?rest_route=%2Fwp%2Fv2%2Fcomments&post=16823"}],"version-history":[{"count":0,"href":"https:\/\/macite.tg\/index.php?rest_route=\/wp\/v2\/posts\/16823\/revisions"}],"wp:featuredmedia":[{"embeddable":true,"href":"https:\/\/macite.tg\/index.php?rest_route=\/wp\/v2\/media\/16824"}],"wp:attachment":[{"href":"https:\/\/macite.tg\/index.php?rest_route=%2Fwp%2Fv2%2Fmedia&parent=16823"}],"wp:term":[{"taxonomy":"category","embeddable":true,"href":"https:\/\/macite.tg\/index.php?rest_route=%2Fwp%2Fv2%2Fcategories&post=16823"},{"taxonomy":"post_tag","embeddable":true,"href":"https:\/\/macite.tg\/index.php?rest_route=%2Fwp%2Fv2%2Ftags&post=16823"}],"curies":[{"name":"wp","href":"https:\/\/api.w.org\/{rel}","templated":true}]}}