{"id":16822,"date":"2024-09-26T13:07:59","date_gmt":"2024-09-26T13:07:59","guid":{"rendered":"https:\/\/macite.tg\/?p=16822"},"modified":"2024-09-26T13:08:07","modified_gmt":"2024-09-26T13:08:07","slug":"sahara-le-danemark-apporte-son-soutien-au-plan-dautonomie-presente-par-le-maroc-comme-une-contribution-serieuse-et-credible","status":"publish","type":"post","link":"https:\/\/macite.tg\/?p=16822","title":{"rendered":"SAHARA : Le Danemark apporte son soutien au \u00ab\u00a0Plan d\u2019autonomie pr\u00e9sent\u00e9 par le Maroc (\u2026) comme une contribution s\u00e9rieuse et cr\u00e9dible\u2026\u00a0\u00bb"},"content":{"rendered":"\n<p class=\"wp-block-paragraph\"><strong><em>Les soutiens au plan d\u2019autonomie et \u00e0 la souverainet\u00e9 du Maroc sur son Sahara, continuent de parvenir \u00e0 Rabat, et confirme une tendance uniforme et claire de toute l\u2019Europe et de toutes ses r\u00e9gions. Le dernier en date vient du Danemark, qui exprim\u00e9 clairement sa position, ce jeudi 26 septembre, par le biais de son Ministre des Affaires \u00e9trang\u00e8res du Danemark, M. Lars L\u00f8kke Rasmussen.<\/em><\/strong><\/p>\n\n\n\n<p class=\"wp-block-paragraph\">Pr\u00e9sents \u00e0 New York, aux Etats-Unis dans le cadre de la 79\u00e8me session de l\u2019Assembl\u00e9e g\u00e9n\u00e9rale des Nations Unies, le ministre des Affaires \u00e9trang\u00e8res, de la Coop\u00e9ration africaine et des Marocains r\u00e9sidant \u00e0 l&rsquo;\u00e9tranger, M. Nasser Bourita, s&rsquo;est entretenu le mercredi 25 septembre dernier, en marge des travaux, avec le ministre des Affaires \u00e9trang\u00e8res du Danemark, M. Lars L\u00f8kke Rasmussen.<\/p>\n\n\n<div class=\"wp-block-image\">\n<figure class=\"aligncenter size-full\"><img loading=\"lazy\" decoding=\"async\" width=\"512\" height=\"640\" src=\"https:\/\/macite.tg\/wp-content\/uploads\/2024\/09\/30-Depreciation.jpg\" alt=\"\" class=\"wp-image-16664\" srcset=\"https:\/\/macite.tg\/wp-content\/uploads\/2024\/09\/30-Depreciation.jpg 512w, https:\/\/macite.tg\/wp-content\/uploads\/2024\/09\/30-Depreciation-240x300.jpg 240w\" sizes=\"auto, (max-width: 512px) 100vw, 512px\" \/><\/figure>\n<\/div>\n\n\n<p class=\"wp-block-paragraph\">A l\u2019issue de cette rencontre, les deux ministres ont, dans un communiqu\u00e9 conjoint, r\u00e9affirm\u00e9 leur soutien au processus men\u00e9 par les Nations Unies et \u00e0 l&rsquo;Envoy\u00e9 personnel du Secr\u00e9taire g\u00e9n\u00e9ral de l&rsquo;Organisation des nations -Unies (Onu) pour le Sahara occidental, M. Staffan de Mistura. Ils se sont \u00e9galement f\u00e9licit\u00e9s de <em>\u00ab&nbsp;ses efforts pour parvenir \u00e0 une solution pacifique et mutuellement acceptable au conflit, conform\u00e9ment aux r\u00e9solutions du Conseil de s\u00e9curit\u00e9 de l&rsquo;Onu<\/em>&nbsp;\u00bb.<\/p>\n\n\n\n<p class=\"wp-block-paragraph\">Dans cette optique, le diplomate danois a soulign\u00e9 que son pays \u00ab<em>\u00a0Danemark consid\u00e8re le Plan d&rsquo;autonomie pr\u00e9sent\u00e9 par le Maroc en 2007 comme une contribution s\u00e9rieuse et cr\u00e9dible au processus en cours de l&rsquo;Onu et comme une bonne base pour une solution convenue entre les parties\u00a0\u00bb.<\/em><\/p>\n\n\n<div class=\"wp-block-image\">\n<figure class=\"aligncenter size-full\"><img loading=\"lazy\" decoding=\"async\" width=\"500\" height=\"684\" src=\"https:\/\/macite.tg\/wp-content\/uploads\/2024\/09\/horaires.jpg\" alt=\"\" class=\"wp-image-16722\" srcset=\"https:\/\/macite.tg\/wp-content\/uploads\/2024\/09\/horaires.jpg 500w, https:\/\/macite.tg\/wp-content\/uploads\/2024\/09\/horaires-219x300.jpg 219w\" sizes=\"auto, (max-width: 500px) 100vw, 500px\" \/><\/figure>\n<\/div>\n\n\n<p class=\"wp-block-paragraph\">Dans cette dynamique, M. Lars L\u00f8kke Rasmussen a martel\u00e9 que cette nouvelle position du Danemark s\u2019inscrivait dans le cadre de la dynamique internationale impuls\u00e9e par le Souverain marocain, ceci en <em>\u00ab&nbsp;soutien au Plan d\u2019autonomie et \u00e0 la souverainet\u00e9 du Maroc sur son Sahara&nbsp;\u00bb.<\/em> Une tendance qui se g\u00e9n\u00e9ralise d\u2019ailleurs \u00e0 toutes les r\u00e9gions du continent europ\u00e9en, et m\u00eame au-del\u00e0.<\/p>\n\n\n\n<p class=\"wp-block-paragraph\"><strong>MC<\/strong><\/p>\n\n\n\n<p class=\"wp-block-paragraph\"><a><strong><em>@macite.tg&nbsp;&nbsp;&nbsp;&nbsp;&nbsp;&nbsp;&nbsp;&nbsp;<\/em><\/strong><\/a><\/p>\n\n\n\n<p class=\"wp-block-paragraph\"><strong><em>E-mail&nbsp;: <\/em><\/strong><a href=\"mailto:maciteinfo@gmail.com\"><strong><em>maciteinfo@gmail.com<\/em><\/strong><\/a><strong><em>; <\/em><\/strong><a href=\"mailto:bawela1@gmail.com\"><strong><em>bawela1@gmail.com<\/em><\/strong><\/a><strong><em><\/em><\/strong><\/p>\n\n\n\n<p class=\"wp-block-paragraph\"><strong><em>Pour vos annonces, (publi)reportages, etc., joignez-nous au (00228)91515309\/<strong>79872224 <\/strong>www.macite.tg, L\u2019information, la bonne&nbsp;!<\/em><\/strong><\/p>\n","protected":false},"excerpt":{"rendered":"<p class=\"text-justify mb-2\" >Les soutiens au plan d\u2019autonomie et \u00e0 la souverainet\u00e9 du Maroc sur son Sahara, continuent de parvenir \u00e0 Rabat, et confirme une tendance uniforme et claire de toute l\u2019Europe et de toutes ses r\u00e9gions. Le dernier en date vient du Danemark, qui exprim\u00e9 clairement sa [&hellip;]<\/p>\n","protected":false},"author":2,"featured_media":16826,"comment_status":"open","ping_status":"open","sticky":false,"template":"","format":"standard","meta":{"footnotes":""},"categories":[20,8],"tags":[],"class_list":["post-16822","post","type-post","status-publish","format-standard","has-post-thumbnail","hentry","category-actualite","category-diplomatie"],"yoast_head":"<!-- This site is optimized with the Yoast SEO plugin v28.4 - https:\/\/yoast.com\/product\/yoast-seo-wordpress\/ -->\n<title>SAHARA : Le Danemark apporte son soutien au \u00ab\u00a0Plan d\u2019autonomie pr\u00e9sent\u00e9 par le Maroc (\u2026) comme une contribution s\u00e9rieuse et cr\u00e9dible\u2026\u00a0\u00bb -<\/title>\n<meta name=\"robots\" content=\"index, follow, max-snippet:-1, max-image-preview:large, max-video-preview:-1\" \/>\n<link rel=\"canonical\" href=\"https:\/\/macite.tg\/?p=16822\" \/>\n<meta property=\"og:locale\" content=\"fr_FR\" \/>\n<meta property=\"og:type\" content=\"article\" \/>\n<meta property=\"og:title\" content=\"SAHARA : Le Danemark apporte son soutien au \u00ab\u00a0Plan d\u2019autonomie pr\u00e9sent\u00e9 par le Maroc (\u2026) comme une contribution s\u00e9rieuse et cr\u00e9dible\u2026\u00a0\u00bb -\" \/>\n<meta property=\"og:description\" content=\"Les soutiens au plan d\u2019autonomie et \u00e0 la souverainet\u00e9 du Maroc sur son Sahara, continuent de parvenir \u00e0 Rabat, et confirme une tendance uniforme et claire de toute l\u2019Europe et de toutes ses r\u00e9gions. Le dernier en date vient du Danemark, qui exprim\u00e9 clairement sa [&hellip;]\" \/>\n<meta property=\"og:url\" content=\"https:\/\/macite.tg\/?p=16822\" \/>\n<meta property=\"article:published_time\" content=\"2024-09-26T13:07:59+00:00\" \/>\n<meta property=\"article:modified_time\" content=\"2024-09-26T13:08:07+00:00\" \/>\n<meta property=\"og:image\" content=\"https:\/\/macite.tg\/wp-content\/uploads\/2024\/09\/3fe12b88-0b7d-4639-96e0-780c8501d4a2.jpg\" \/>\n\t<meta property=\"og:image:width\" content=\"900\" \/>\n\t<meta property=\"og:image:height\" content=\"500\" \/>\n\t<meta property=\"og:image:type\" content=\"image\/jpeg\" \/>\n<meta name=\"author\" content=\"Jean Pierre BAWELA\" \/>\n<meta name=\"twitter:card\" content=\"summary_large_image\" \/>\n<meta name=\"twitter:label1\" content=\"\u00c9crit par\" \/>\n\t<meta name=\"twitter:data1\" content=\"Jean Pierre BAWELA\" \/>\n\t<meta name=\"twitter:label2\" content=\"Dur\u00e9e de lecture estim\u00e9e\" \/>\n\t<meta name=\"twitter:data2\" content=\"2 minutes\" \/>\n<script type=\"application\/ld+json\" class=\"yoast-schema-graph\">{\"@context\":\"https:\\\/\\\/schema.org\",\"@graph\":[{\"@type\":\"Article\",\"@id\":\"https:\\\/\\\/macite.tg\\\/?p=16822#article\",\"isPartOf\":{\"@id\":\"https:\\\/\\\/macite.tg\\\/?p=16822\"},\"author\":{\"name\":\"Jean Pierre BAWELA\",\"@id\":\"https:\\\/\\\/macite.tg\\\/#\\\/schema\\\/person\\\/e9f2de7e5dbbe7770a9402c7ce82f5c2\"},\"headline\":\"SAHARA : Le Danemark apporte son soutien au \u00ab\u00a0Plan d\u2019autonomie pr\u00e9sent\u00e9 par le Maroc (\u2026) comme une contribution s\u00e9rieuse et cr\u00e9dible\u2026\u00a0\u00bb\",\"datePublished\":\"2024-09-26T13:07:59+00:00\",\"dateModified\":\"2024-09-26T13:08:07+00:00\",\"mainEntityOfPage\":{\"@id\":\"https:\\\/\\\/macite.tg\\\/?p=16822\"},\"wordCount\":399,\"commentCount\":0,\"image\":{\"@id\":\"https:\\\/\\\/macite.tg\\\/?p=16822#primaryimage\"},\"thumbnailUrl\":\"https:\\\/\\\/macite.tg\\\/wp-content\\\/uploads\\\/2024\\\/09\\\/3fe12b88-0b7d-4639-96e0-780c8501d4a2.jpg\",\"articleSection\":[\"ACTUALITE\",\"DIPLOMATIE\"],\"inLanguage\":\"fr-FR\",\"potentialAction\":[{\"@type\":\"CommentAction\",\"name\":\"Comment\",\"target\":[\"https:\\\/\\\/macite.tg\\\/?p=16822#respond\"]}]},{\"@type\":\"WebPage\",\"@id\":\"https:\\\/\\\/macite.tg\\\/?p=16822\",\"url\":\"https:\\\/\\\/macite.tg\\\/?p=16822\",\"name\":\"SAHARA : Le Danemark apporte son soutien au \u00ab\u00a0Plan d\u2019autonomie pr\u00e9sent\u00e9 par le Maroc (\u2026) comme une contribution s\u00e9rieuse et cr\u00e9dible\u2026\u00a0\u00bb -\",\"isPartOf\":{\"@id\":\"https:\\\/\\\/macite.tg\\\/#website\"},\"primaryImageOfPage\":{\"@id\":\"https:\\\/\\\/macite.tg\\\/?p=16822#primaryimage\"},\"image\":{\"@id\":\"https:\\\/\\\/macite.tg\\\/?p=16822#primaryimage\"},\"thumbnailUrl\":\"https:\\\/\\\/macite.tg\\\/wp-content\\\/uploads\\\/2024\\\/09\\\/3fe12b88-0b7d-4639-96e0-780c8501d4a2.jpg\",\"datePublished\":\"2024-09-26T13:07:59+00:00\",\"dateModified\":\"2024-09-26T13:08:07+00:00\",\"author\":{\"@id\":\"https:\\\/\\\/macite.tg\\\/#\\\/schema\\\/person\\\/e9f2de7e5dbbe7770a9402c7ce82f5c2\"},\"breadcrumb\":{\"@id\":\"https:\\\/\\\/macite.tg\\\/?p=16822#breadcrumb\"},\"inLanguage\":\"fr-FR\",\"potentialAction\":[{\"@type\":\"ReadAction\",\"target\":[\"https:\\\/\\\/macite.tg\\\/?p=16822\"]}]},{\"@type\":\"ImageObject\",\"inLanguage\":\"fr-FR\",\"@id\":\"https:\\\/\\\/macite.tg\\\/?p=16822#primaryimage\",\"url\":\"https:\\\/\\\/macite.tg\\\/wp-content\\\/uploads\\\/2024\\\/09\\\/3fe12b88-0b7d-4639-96e0-780c8501d4a2.jpg\",\"contentUrl\":\"https:\\\/\\\/macite.tg\\\/wp-content\\\/uploads\\\/2024\\\/09\\\/3fe12b88-0b7d-4639-96e0-780c8501d4a2.jpg\",\"width\":900,\"height\":500},{\"@type\":\"BreadcrumbList\",\"@id\":\"https:\\\/\\\/macite.tg\\\/?p=16822#breadcrumb\",\"itemListElement\":[{\"@type\":\"ListItem\",\"position\":1,\"name\":\"Accueil\",\"item\":\"https:\\\/\\\/macite.tg\\\/\"},{\"@type\":\"ListItem\",\"position\":2,\"name\":\"SAHARA : Le Danemark apporte son soutien au \u00ab\u00a0Plan d\u2019autonomie pr\u00e9sent\u00e9 par le Maroc (\u2026) comme une contribution s\u00e9rieuse et cr\u00e9dible\u2026\u00a0\u00bb\"}]},{\"@type\":\"WebSite\",\"@id\":\"https:\\\/\\\/macite.tg\\\/#website\",\"url\":\"https:\\\/\\\/macite.tg\\\/\",\"name\":\"\",\"description\":\"L&#039;information, la bonne!!!\",\"potentialAction\":[{\"@type\":\"SearchAction\",\"target\":{\"@type\":\"EntryPoint\",\"urlTemplate\":\"https:\\\/\\\/macite.tg\\\/?s={search_term_string}\"},\"query-input\":{\"@type\":\"PropertyValueSpecification\",\"valueRequired\":true,\"valueName\":\"search_term_string\"}}],\"inLanguage\":\"fr-FR\"},{\"@type\":\"Person\",\"@id\":\"https:\\\/\\\/macite.tg\\\/#\\\/schema\\\/person\\\/e9f2de7e5dbbe7770a9402c7ce82f5c2\",\"name\":\"Jean Pierre BAWELA\",\"image\":{\"@type\":\"ImageObject\",\"inLanguage\":\"fr-FR\",\"@id\":\"https:\\\/\\\/macite.tg\\\/wp-content\\\/uploads\\\/2023\\\/09\\\/WhatsApp-Image-2023-09-19-at-14.44.41-122x122.jpeg\",\"url\":\"https:\\\/\\\/macite.tg\\\/wp-content\\\/uploads\\\/2023\\\/09\\\/WhatsApp-Image-2023-09-19-at-14.44.41-122x122.jpeg\",\"contentUrl\":\"https:\\\/\\\/macite.tg\\\/wp-content\\\/uploads\\\/2023\\\/09\\\/WhatsApp-Image-2023-09-19-at-14.44.41-122x122.jpeg\",\"caption\":\"Jean Pierre BAWELA\"},\"url\":\"https:\\\/\\\/macite.tg\\\/?author=2\"}]}<\/script>\n<!-- \/ Yoast SEO plugin. -->","yoast_head_json":{"title":"SAHARA : Le Danemark apporte son soutien au \u00ab\u00a0Plan d\u2019autonomie pr\u00e9sent\u00e9 par le Maroc (\u2026) comme une contribution s\u00e9rieuse et cr\u00e9dible\u2026\u00a0\u00bb -","robots":{"index":"index","follow":"follow","max-snippet":"max-snippet:-1","max-image-preview":"max-image-preview:large","max-video-preview":"max-video-preview:-1"},"canonical":"https:\/\/macite.tg\/?p=16822","og_locale":"fr_FR","og_type":"article","og_title":"SAHARA : Le Danemark apporte son soutien au \u00ab\u00a0Plan d\u2019autonomie pr\u00e9sent\u00e9 par le Maroc (\u2026) comme une contribution s\u00e9rieuse et cr\u00e9dible\u2026\u00a0\u00bb -","og_description":"Les soutiens au plan d\u2019autonomie et \u00e0 la souverainet\u00e9 du Maroc sur son Sahara, continuent de parvenir \u00e0 Rabat, et confirme une tendance uniforme et claire de toute l\u2019Europe et de toutes ses r\u00e9gions. Le dernier en date vient du Danemark, qui exprim\u00e9 clairement sa [&hellip;]","og_url":"https:\/\/macite.tg\/?p=16822","article_published_time":"2024-09-26T13:07:59+00:00","article_modified_time":"2024-09-26T13:08:07+00:00","og_image":[{"width":900,"height":500,"url":"https:\/\/macite.tg\/wp-content\/uploads\/2024\/09\/3fe12b88-0b7d-4639-96e0-780c8501d4a2.jpg","type":"image\/jpeg"}],"author":"Jean Pierre BAWELA","twitter_card":"summary_large_image","twitter_misc":{"\u00c9crit par":"Jean Pierre BAWELA","Dur\u00e9e de lecture estim\u00e9e":"2 minutes"},"schema":{"@context":"https:\/\/schema.org","@graph":[{"@type":"Article","@id":"https:\/\/macite.tg\/?p=16822#article","isPartOf":{"@id":"https:\/\/macite.tg\/?p=16822"},"author":{"name":"Jean Pierre BAWELA","@id":"https:\/\/macite.tg\/#\/schema\/person\/e9f2de7e5dbbe7770a9402c7ce82f5c2"},"headline":"SAHARA : Le Danemark apporte son soutien au \u00ab\u00a0Plan d\u2019autonomie pr\u00e9sent\u00e9 par le Maroc (\u2026) comme une contribution s\u00e9rieuse et cr\u00e9dible\u2026\u00a0\u00bb","datePublished":"2024-09-26T13:07:59+00:00","dateModified":"2024-09-26T13:08:07+00:00","mainEntityOfPage":{"@id":"https:\/\/macite.tg\/?p=16822"},"wordCount":399,"commentCount":0,"image":{"@id":"https:\/\/macite.tg\/?p=16822#primaryimage"},"thumbnailUrl":"https:\/\/macite.tg\/wp-content\/uploads\/2024\/09\/3fe12b88-0b7d-4639-96e0-780c8501d4a2.jpg","articleSection":["ACTUALITE","DIPLOMATIE"],"inLanguage":"fr-FR","potentialAction":[{"@type":"CommentAction","name":"Comment","target":["https:\/\/macite.tg\/?p=16822#respond"]}]},{"@type":"WebPage","@id":"https:\/\/macite.tg\/?p=16822","url":"https:\/\/macite.tg\/?p=16822","name":"SAHARA : Le Danemark apporte son soutien au \u00ab\u00a0Plan d\u2019autonomie pr\u00e9sent\u00e9 par le Maroc (\u2026) comme une contribution s\u00e9rieuse et cr\u00e9dible\u2026\u00a0\u00bb -","isPartOf":{"@id":"https:\/\/macite.tg\/#website"},"primaryImageOfPage":{"@id":"https:\/\/macite.tg\/?p=16822#primaryimage"},"image":{"@id":"https:\/\/macite.tg\/?p=16822#primaryimage"},"thumbnailUrl":"https:\/\/macite.tg\/wp-content\/uploads\/2024\/09\/3fe12b88-0b7d-4639-96e0-780c8501d4a2.jpg","datePublished":"2024-09-26T13:07:59+00:00","dateModified":"2024-09-26T13:08:07+00:00","author":{"@id":"https:\/\/macite.tg\/#\/schema\/person\/e9f2de7e5dbbe7770a9402c7ce82f5c2"},"breadcrumb":{"@id":"https:\/\/macite.tg\/?p=16822#breadcrumb"},"inLanguage":"fr-FR","potentialAction":[{"@type":"ReadAction","target":["https:\/\/macite.tg\/?p=16822"]}]},{"@type":"ImageObject","inLanguage":"fr-FR","@id":"https:\/\/macite.tg\/?p=16822#primaryimage","url":"https:\/\/macite.tg\/wp-content\/uploads\/2024\/09\/3fe12b88-0b7d-4639-96e0-780c8501d4a2.jpg","contentUrl":"https:\/\/macite.tg\/wp-content\/uploads\/2024\/09\/3fe12b88-0b7d-4639-96e0-780c8501d4a2.jpg","width":900,"height":500},{"@type":"BreadcrumbList","@id":"https:\/\/macite.tg\/?p=16822#breadcrumb","itemListElement":[{"@type":"ListItem","position":1,"name":"Accueil","item":"https:\/\/macite.tg\/"},{"@type":"ListItem","position":2,"name":"SAHARA : Le Danemark apporte son soutien au \u00ab\u00a0Plan d\u2019autonomie pr\u00e9sent\u00e9 par le Maroc (\u2026) comme une contribution s\u00e9rieuse et cr\u00e9dible\u2026\u00a0\u00bb"}]},{"@type":"WebSite","@id":"https:\/\/macite.tg\/#website","url":"https:\/\/macite.tg\/","name":"","description":"L&#039;information, la bonne!!!","potentialAction":[{"@type":"SearchAction","target":{"@type":"EntryPoint","urlTemplate":"https:\/\/macite.tg\/?s={search_term_string}"},"query-input":{"@type":"PropertyValueSpecification","valueRequired":true,"valueName":"search_term_string"}}],"inLanguage":"fr-FR"},{"@type":"Person","@id":"https:\/\/macite.tg\/#\/schema\/person\/e9f2de7e5dbbe7770a9402c7ce82f5c2","name":"Jean Pierre BAWELA","image":{"@type":"ImageObject","inLanguage":"fr-FR","@id":"https:\/\/macite.tg\/wp-content\/uploads\/2023\/09\/WhatsApp-Image-2023-09-19-at-14.44.41-122x122.jpeg","url":"https:\/\/macite.tg\/wp-content\/uploads\/2023\/09\/WhatsApp-Image-2023-09-19-at-14.44.41-122x122.jpeg","contentUrl":"https:\/\/macite.tg\/wp-content\/uploads\/2023\/09\/WhatsApp-Image-2023-09-19-at-14.44.41-122x122.jpeg","caption":"Jean Pierre BAWELA"},"url":"https:\/\/macite.tg\/?author=2"}]}},"_links":{"self":[{"href":"https:\/\/macite.tg\/index.php?rest_route=\/wp\/v2\/posts\/16822","targetHints":{"allow":["GET"]}}],"collection":[{"href":"https:\/\/macite.tg\/index.php?rest_route=\/wp\/v2\/posts"}],"about":[{"href":"https:\/\/macite.tg\/index.php?rest_route=\/wp\/v2\/types\/post"}],"author":[{"embeddable":true,"href":"https:\/\/macite.tg\/index.php?rest_route=\/wp\/v2\/users\/2"}],"replies":[{"embeddable":true,"href":"https:\/\/macite.tg\/index.php?rest_route=%2Fwp%2Fv2%2Fcomments&post=16822"}],"version-history":[{"count":0,"href":"https:\/\/macite.tg\/index.php?rest_route=\/wp\/v2\/posts\/16822\/revisions"}],"wp:featuredmedia":[{"embeddable":true,"href":"https:\/\/macite.tg\/index.php?rest_route=\/wp\/v2\/media\/16826"}],"wp:attachment":[{"href":"https:\/\/macite.tg\/index.php?rest_route=%2Fwp%2Fv2%2Fmedia&parent=16822"}],"wp:term":[{"taxonomy":"category","embeddable":true,"href":"https:\/\/macite.tg\/index.php?rest_route=%2Fwp%2Fv2%2Fcategories&post=16822"},{"taxonomy":"post_tag","embeddable":true,"href":"https:\/\/macite.tg\/index.php?rest_route=%2Fwp%2Fv2%2Ftags&post=16822"}],"curies":[{"name":"wp","href":"https:\/\/api.w.org\/{rel}","templated":true}]}}