{"id":1654,"date":"2022-11-10T12:42:07","date_gmt":"2022-11-10T12:42:07","guid":{"rendered":"https:\/\/macite.info\/?p=1654"},"modified":"2022-11-10T12:42:08","modified_gmt":"2022-11-10T12:42:08","slug":"anniversaire-de-deces-du-lieutenant-amouzou-koffi-un-grand-homme-nous-a-quittes-il-y-a-40-ans-deja","status":"publish","type":"post","link":"https:\/\/macite.tg\/?p=1654","title":{"rendered":"ANNIVERSAIRE DE D\u00c9C\u00c8S DU LIEUTENANT\u00a0 AMOUZOU KOFFI\u00a0: Un grand homme nous a quitt\u00e9s il y a 40 ans d\u00e9j\u00e0"},"content":{"rendered":"\n<p class=\"wp-block-paragraph\"><strong><em>Le lieutenant Amouzou Koffi, digne fils de la pr\u00e9fecture de Yoto, a rejoint le P\u00e8re c\u00e9leste le 11 novembre 1982. En cette date anniversaire, quoi de plus normal de se rem\u00e9morer ce grand Homme, qui \u00e9tait au service de la Nation togolaise.<\/em><\/strong><\/p>\n\n\n\n<p class=\"wp-block-paragraph\">N\u00e9 vers 1938 \u00e0 Sika-Kondji, dans la pr\u00e9fecture de Yoto, il sera recrut\u00e9 dans le Corps d\u2019\u00e9lite&nbsp; de la Gendarmerie Nationale dans les ann\u00e9es 1958, apr\u00e8s avoir particip\u00e9 \u00e0 la lutte pour les ind\u00e9pendances, notamment de son pays.<\/p>\n\n\n\n<p class=\"wp-block-paragraph\">Par sa bravoure et son sens \u00e9lev\u00e9 du service militaire, Amouzou Koffi s\u2019est illustr\u00e9 comme un brillant Gendarme, admir\u00e9 par ses sup\u00e9rieurs hi\u00e9rarchiques. Ces actes de bravoure hautement singuliers, lui ont valu des reconnaissances nationales et des m\u00e9dailles de m\u00e9rite.<\/p>\n\n\n<div class=\"wp-block-image\">\n<figure class=\"aligncenter size-large is-resized\"><img loading=\"lazy\" decoding=\"async\" src=\"https:\/\/macite.tg\/wp-content\/uploads\/2022\/11\/ANNONCES-1-1024x426.jpg\" alt=\"\" class=\"wp-image-1602\" width=\"691\" height=\"287\" srcset=\"https:\/\/macite.tg\/wp-content\/uploads\/2022\/11\/ANNONCES-1-1024x426.jpg 1024w, https:\/\/macite.tg\/wp-content\/uploads\/2022\/11\/ANNONCES-1-300x125.jpg 300w, https:\/\/macite.tg\/wp-content\/uploads\/2022\/11\/ANNONCES-1-768x319.jpg 768w, https:\/\/macite.tg\/wp-content\/uploads\/2022\/11\/ANNONCES-1.jpg 1080w\" sizes=\"auto, (max-width: 691px) 100vw, 691px\" \/><\/figure>\n<\/div>\n\n\n<p class=\"wp-block-paragraph\">Une bravoure et un sens \u00e9lev\u00e9 du travail bien fait qui ont milit\u00e9 pour sa promotion comme Commandant du&nbsp; Service de renseignement, commun\u00e9ment appel\u00e9 le <em>\u2018\u2019Deuxi\u00e8me Bureau\u2019\u2019<\/em>. Un poste qui a permis \u00e0 l\u2019homme d\u2019\u00e9tablir sa \u2018<em>\u2019toile d\u2019araign\u00e9e de s\u00e9curit\u00e9\u2019\u2019<\/em> sur le pays.<\/p>\n\n\n\n<p class=\"wp-block-paragraph\">Mais, comme le dit l\u2019adage&nbsp;:\u2019\u2019Les bonnes choses ne durent jamais\u2019\u2019, ce brillant Gendarme sera arrach\u00e9 \u00e0 l\u2019affection de sa famille et des siens dans la fleur de l\u2019\u00e2ge, \u00e0 44 ans. Une v\u00e9ritable perte pour le pays car, c\u2019est bien au lendemain de son d\u00e9c\u00e8s que le Togo va conna\u00eetre des situations tristes marqu\u00e9es par des attentats terroristes qui ont fait d\u2019\u00e9normes victimes.<\/p>\n\n\n\n<p class=\"wp-block-paragraph\">En cette date anniversaire de sa disparition, le pr\u00e9sident de la R\u00e9publique, Son Excellence Faure Essozimna Gnassingb\u00e9, Madame la Ministre des Arm\u00e9es, Mme Marguerite E. Gnakad\u00e9, le Colonel Agoassoyo Assih, les familles de Feu Lieutenant AMouzou et alli\u00e9es, prient pour que brille \u00e0 ta face la lumi\u00e8re \u00e9ternelle. Repose en paix, cher Papa AMOUZOU KOFFI, combattant de la paix&nbsp;!!!<\/p>\n\n\n\n<p class=\"wp-block-paragraph\"><strong>La R\u00e9daction<\/strong><\/p>\n\n\n\n<p class=\"wp-block-paragraph\"><strong><em>@macite.info<\/em><\/strong><\/p>\n\n\n\n<p class=\"wp-block-paragraph\"><strong><em>E-mail&nbsp;: <\/em><\/strong><a href=\"mailto:maciteinfo@gmail.com\"><strong><em>maciteinfo@gmail.com<\/em><\/strong><\/a><strong><em>; <\/em><\/strong><a href=\"mailto:bawela1@gmail.com\"><strong><em>bawela1@gmail.com<\/em><\/strong><\/a><\/p>\n\n\n\n<p class=\"wp-block-paragraph\"><strong><em>Pour vos annonces, (publi)reportages, etc., joignez nous au (00228) 91515309\/<strong>79872224<\/strong><\/em><\/strong><em><\/em><\/p>\n\n\n\n<p class=\"wp-block-paragraph\"><a href=\"http:\/\/www.macite.info\"><strong><em>www.macite.info<\/em><\/strong><\/a><strong><em>, L\u2019information, la bonne&nbsp;!<\/em><\/strong><\/p>\n","protected":false},"excerpt":{"rendered":"<p class=\"text-justify mb-2\" >Le lieutenant Amouzou Koffi, digne fils de la pr\u00e9fecture de Yoto, a rejoint le P\u00e8re c\u00e9leste le 11 novembre 1982. En cette date anniversaire, quoi de plus normal de se rem\u00e9morer ce grand Homme, qui \u00e9tait au service de la Nation togolaise. N\u00e9 vers 1938 [&hellip;]<\/p>\n","protected":false},"author":2,"featured_media":1656,"comment_status":"open","ping_status":"open","sticky":false,"template":"","format":"standard","meta":{"footnotes":""},"categories":[6],"tags":[],"class_list":["post-1654","post","type-post","status-publish","format-standard","has-post-thumbnail","hentry","category-societe"],"yoast_head":"<!-- This site is optimized with the Yoast SEO plugin v28.4 - https:\/\/yoast.com\/product\/yoast-seo-wordpress\/ -->\n<title>ANNIVERSAIRE DE D\u00c9C\u00c8S DU LIEUTENANT\u00a0 AMOUZOU KOFFI\u00a0: Un grand homme nous a quitt\u00e9s il y a 40 ans d\u00e9j\u00e0 -<\/title>\n<meta name=\"robots\" content=\"index, follow, max-snippet:-1, max-image-preview:large, max-video-preview:-1\" \/>\n<link rel=\"canonical\" href=\"https:\/\/macite.tg\/?p=1654\" \/>\n<meta property=\"og:locale\" content=\"fr_FR\" \/>\n<meta property=\"og:type\" content=\"article\" \/>\n<meta property=\"og:title\" content=\"ANNIVERSAIRE DE D\u00c9C\u00c8S DU LIEUTENANT\u00a0 AMOUZOU KOFFI\u00a0: Un grand homme nous a quitt\u00e9s il y a 40 ans d\u00e9j\u00e0 -\" \/>\n<meta property=\"og:description\" content=\"Le lieutenant Amouzou Koffi, digne fils de la pr\u00e9fecture de Yoto, a rejoint le P\u00e8re c\u00e9leste le 11 novembre 1982. En cette date anniversaire, quoi de plus normal de se rem\u00e9morer ce grand Homme, qui \u00e9tait au service de la Nation togolaise. N\u00e9 vers 1938 [&hellip;]\" \/>\n<meta property=\"og:url\" content=\"https:\/\/macite.tg\/?p=1654\" \/>\n<meta property=\"article:published_time\" content=\"2022-11-10T12:42:07+00:00\" \/>\n<meta property=\"article:modified_time\" content=\"2022-11-10T12:42:08+00:00\" \/>\n<meta property=\"og:image\" content=\"https:\/\/macite.tg\/wp-content\/uploads\/2022\/11\/IMG-20221106-WA0012.jpg\" \/>\n\t<meta property=\"og:image:width\" content=\"1080\" \/>\n\t<meta property=\"og:image:height\" content=\"1080\" \/>\n\t<meta property=\"og:image:type\" content=\"image\/jpeg\" \/>\n<meta name=\"author\" content=\"Jean Pierre BAWELA\" \/>\n<meta name=\"twitter:card\" content=\"summary_large_image\" \/>\n<meta name=\"twitter:label1\" content=\"\u00c9crit par\" \/>\n\t<meta name=\"twitter:data1\" content=\"Jean Pierre BAWELA\" \/>\n\t<meta name=\"twitter:label2\" content=\"Dur\u00e9e de lecture estim\u00e9e\" \/>\n\t<meta name=\"twitter:data2\" content=\"2 minutes\" \/>\n<script type=\"application\/ld+json\" class=\"yoast-schema-graph\">{\"@context\":\"https:\\\/\\\/schema.org\",\"@graph\":[{\"@type\":\"Article\",\"@id\":\"https:\\\/\\\/macite.tg\\\/?p=1654#article\",\"isPartOf\":{\"@id\":\"https:\\\/\\\/macite.tg\\\/?p=1654\"},\"author\":{\"name\":\"Jean Pierre BAWELA\",\"@id\":\"https:\\\/\\\/macite.tg\\\/#\\\/schema\\\/person\\\/e9f2de7e5dbbe7770a9402c7ce82f5c2\"},\"headline\":\"ANNIVERSAIRE DE D\u00c9C\u00c8S DU LIEUTENANT\u00a0 AMOUZOU KOFFI\u00a0: Un grand homme nous a quitt\u00e9s il y a 40 ans d\u00e9j\u00e0\",\"datePublished\":\"2022-11-10T12:42:07+00:00\",\"dateModified\":\"2022-11-10T12:42:08+00:00\",\"mainEntityOfPage\":{\"@id\":\"https:\\\/\\\/macite.tg\\\/?p=1654\"},\"wordCount\":367,\"commentCount\":0,\"image\":{\"@id\":\"https:\\\/\\\/macite.tg\\\/?p=1654#primaryimage\"},\"thumbnailUrl\":\"https:\\\/\\\/macite.tg\\\/wp-content\\\/uploads\\\/2022\\\/11\\\/IMG-20221106-WA0012.jpg\",\"articleSection\":[\"SOCIETE\"],\"inLanguage\":\"fr-FR\",\"potentialAction\":[{\"@type\":\"CommentAction\",\"name\":\"Comment\",\"target\":[\"https:\\\/\\\/macite.tg\\\/?p=1654#respond\"]}]},{\"@type\":\"WebPage\",\"@id\":\"https:\\\/\\\/macite.tg\\\/?p=1654\",\"url\":\"https:\\\/\\\/macite.tg\\\/?p=1654\",\"name\":\"ANNIVERSAIRE DE D\u00c9C\u00c8S DU LIEUTENANT\u00a0 AMOUZOU KOFFI\u00a0: Un grand homme nous a quitt\u00e9s il y a 40 ans d\u00e9j\u00e0 -\",\"isPartOf\":{\"@id\":\"https:\\\/\\\/macite.tg\\\/#website\"},\"primaryImageOfPage\":{\"@id\":\"https:\\\/\\\/macite.tg\\\/?p=1654#primaryimage\"},\"image\":{\"@id\":\"https:\\\/\\\/macite.tg\\\/?p=1654#primaryimage\"},\"thumbnailUrl\":\"https:\\\/\\\/macite.tg\\\/wp-content\\\/uploads\\\/2022\\\/11\\\/IMG-20221106-WA0012.jpg\",\"datePublished\":\"2022-11-10T12:42:07+00:00\",\"dateModified\":\"2022-11-10T12:42:08+00:00\",\"author\":{\"@id\":\"https:\\\/\\\/macite.tg\\\/#\\\/schema\\\/person\\\/e9f2de7e5dbbe7770a9402c7ce82f5c2\"},\"breadcrumb\":{\"@id\":\"https:\\\/\\\/macite.tg\\\/?p=1654#breadcrumb\"},\"inLanguage\":\"fr-FR\",\"potentialAction\":[{\"@type\":\"ReadAction\",\"target\":[\"https:\\\/\\\/macite.tg\\\/?p=1654\"]}]},{\"@type\":\"ImageObject\",\"inLanguage\":\"fr-FR\",\"@id\":\"https:\\\/\\\/macite.tg\\\/?p=1654#primaryimage\",\"url\":\"https:\\\/\\\/macite.tg\\\/wp-content\\\/uploads\\\/2022\\\/11\\\/IMG-20221106-WA0012.jpg\",\"contentUrl\":\"https:\\\/\\\/macite.tg\\\/wp-content\\\/uploads\\\/2022\\\/11\\\/IMG-20221106-WA0012.jpg\",\"width\":1080,\"height\":1080},{\"@type\":\"BreadcrumbList\",\"@id\":\"https:\\\/\\\/macite.tg\\\/?p=1654#breadcrumb\",\"itemListElement\":[{\"@type\":\"ListItem\",\"position\":1,\"name\":\"Accueil\",\"item\":\"https:\\\/\\\/macite.tg\\\/\"},{\"@type\":\"ListItem\",\"position\":2,\"name\":\"ANNIVERSAIRE DE D\u00c9C\u00c8S DU LIEUTENANT\u00a0 AMOUZOU KOFFI\u00a0: Un grand homme nous a quitt\u00e9s il y a 40 ans d\u00e9j\u00e0\"}]},{\"@type\":\"WebSite\",\"@id\":\"https:\\\/\\\/macite.tg\\\/#website\",\"url\":\"https:\\\/\\\/macite.tg\\\/\",\"name\":\"\",\"description\":\"L&#039;information, la bonne!!!\",\"potentialAction\":[{\"@type\":\"SearchAction\",\"target\":{\"@type\":\"EntryPoint\",\"urlTemplate\":\"https:\\\/\\\/macite.tg\\\/?s={search_term_string}\"},\"query-input\":{\"@type\":\"PropertyValueSpecification\",\"valueRequired\":true,\"valueName\":\"search_term_string\"}}],\"inLanguage\":\"fr-FR\"},{\"@type\":\"Person\",\"@id\":\"https:\\\/\\\/macite.tg\\\/#\\\/schema\\\/person\\\/e9f2de7e5dbbe7770a9402c7ce82f5c2\",\"name\":\"Jean Pierre BAWELA\",\"image\":{\"@type\":\"ImageObject\",\"inLanguage\":\"fr-FR\",\"@id\":\"https:\\\/\\\/macite.tg\\\/wp-content\\\/uploads\\\/2023\\\/09\\\/WhatsApp-Image-2023-09-19-at-14.44.41-122x122.jpeg\",\"url\":\"https:\\\/\\\/macite.tg\\\/wp-content\\\/uploads\\\/2023\\\/09\\\/WhatsApp-Image-2023-09-19-at-14.44.41-122x122.jpeg\",\"contentUrl\":\"https:\\\/\\\/macite.tg\\\/wp-content\\\/uploads\\\/2023\\\/09\\\/WhatsApp-Image-2023-09-19-at-14.44.41-122x122.jpeg\",\"caption\":\"Jean Pierre BAWELA\"},\"url\":\"https:\\\/\\\/macite.tg\\\/?author=2\"}]}<\/script>\n<!-- \/ Yoast SEO plugin. -->","yoast_head_json":{"title":"ANNIVERSAIRE DE D\u00c9C\u00c8S DU LIEUTENANT\u00a0 AMOUZOU KOFFI\u00a0: Un grand homme nous a quitt\u00e9s il y a 40 ans d\u00e9j\u00e0 -","robots":{"index":"index","follow":"follow","max-snippet":"max-snippet:-1","max-image-preview":"max-image-preview:large","max-video-preview":"max-video-preview:-1"},"canonical":"https:\/\/macite.tg\/?p=1654","og_locale":"fr_FR","og_type":"article","og_title":"ANNIVERSAIRE DE D\u00c9C\u00c8S DU LIEUTENANT\u00a0 AMOUZOU KOFFI\u00a0: Un grand homme nous a quitt\u00e9s il y a 40 ans d\u00e9j\u00e0 -","og_description":"Le lieutenant Amouzou Koffi, digne fils de la pr\u00e9fecture de Yoto, a rejoint le P\u00e8re c\u00e9leste le 11 novembre 1982. En cette date anniversaire, quoi de plus normal de se rem\u00e9morer ce grand Homme, qui \u00e9tait au service de la Nation togolaise. N\u00e9 vers 1938 [&hellip;]","og_url":"https:\/\/macite.tg\/?p=1654","article_published_time":"2022-11-10T12:42:07+00:00","article_modified_time":"2022-11-10T12:42:08+00:00","og_image":[{"width":1080,"height":1080,"url":"https:\/\/macite.tg\/wp-content\/uploads\/2022\/11\/IMG-20221106-WA0012.jpg","type":"image\/jpeg"}],"author":"Jean Pierre BAWELA","twitter_card":"summary_large_image","twitter_misc":{"\u00c9crit par":"Jean Pierre BAWELA","Dur\u00e9e de lecture estim\u00e9e":"2 minutes"},"schema":{"@context":"https:\/\/schema.org","@graph":[{"@type":"Article","@id":"https:\/\/macite.tg\/?p=1654#article","isPartOf":{"@id":"https:\/\/macite.tg\/?p=1654"},"author":{"name":"Jean Pierre BAWELA","@id":"https:\/\/macite.tg\/#\/schema\/person\/e9f2de7e5dbbe7770a9402c7ce82f5c2"},"headline":"ANNIVERSAIRE DE D\u00c9C\u00c8S DU LIEUTENANT\u00a0 AMOUZOU KOFFI\u00a0: Un grand homme nous a quitt\u00e9s il y a 40 ans d\u00e9j\u00e0","datePublished":"2022-11-10T12:42:07+00:00","dateModified":"2022-11-10T12:42:08+00:00","mainEntityOfPage":{"@id":"https:\/\/macite.tg\/?p=1654"},"wordCount":367,"commentCount":0,"image":{"@id":"https:\/\/macite.tg\/?p=1654#primaryimage"},"thumbnailUrl":"https:\/\/macite.tg\/wp-content\/uploads\/2022\/11\/IMG-20221106-WA0012.jpg","articleSection":["SOCIETE"],"inLanguage":"fr-FR","potentialAction":[{"@type":"CommentAction","name":"Comment","target":["https:\/\/macite.tg\/?p=1654#respond"]}]},{"@type":"WebPage","@id":"https:\/\/macite.tg\/?p=1654","url":"https:\/\/macite.tg\/?p=1654","name":"ANNIVERSAIRE DE D\u00c9C\u00c8S DU LIEUTENANT\u00a0 AMOUZOU KOFFI\u00a0: Un grand homme nous a quitt\u00e9s il y a 40 ans d\u00e9j\u00e0 -","isPartOf":{"@id":"https:\/\/macite.tg\/#website"},"primaryImageOfPage":{"@id":"https:\/\/macite.tg\/?p=1654#primaryimage"},"image":{"@id":"https:\/\/macite.tg\/?p=1654#primaryimage"},"thumbnailUrl":"https:\/\/macite.tg\/wp-content\/uploads\/2022\/11\/IMG-20221106-WA0012.jpg","datePublished":"2022-11-10T12:42:07+00:00","dateModified":"2022-11-10T12:42:08+00:00","author":{"@id":"https:\/\/macite.tg\/#\/schema\/person\/e9f2de7e5dbbe7770a9402c7ce82f5c2"},"breadcrumb":{"@id":"https:\/\/macite.tg\/?p=1654#breadcrumb"},"inLanguage":"fr-FR","potentialAction":[{"@type":"ReadAction","target":["https:\/\/macite.tg\/?p=1654"]}]},{"@type":"ImageObject","inLanguage":"fr-FR","@id":"https:\/\/macite.tg\/?p=1654#primaryimage","url":"https:\/\/macite.tg\/wp-content\/uploads\/2022\/11\/IMG-20221106-WA0012.jpg","contentUrl":"https:\/\/macite.tg\/wp-content\/uploads\/2022\/11\/IMG-20221106-WA0012.jpg","width":1080,"height":1080},{"@type":"BreadcrumbList","@id":"https:\/\/macite.tg\/?p=1654#breadcrumb","itemListElement":[{"@type":"ListItem","position":1,"name":"Accueil","item":"https:\/\/macite.tg\/"},{"@type":"ListItem","position":2,"name":"ANNIVERSAIRE DE D\u00c9C\u00c8S DU LIEUTENANT\u00a0 AMOUZOU KOFFI\u00a0: Un grand homme nous a quitt\u00e9s il y a 40 ans d\u00e9j\u00e0"}]},{"@type":"WebSite","@id":"https:\/\/macite.tg\/#website","url":"https:\/\/macite.tg\/","name":"","description":"L&#039;information, la bonne!!!","potentialAction":[{"@type":"SearchAction","target":{"@type":"EntryPoint","urlTemplate":"https:\/\/macite.tg\/?s={search_term_string}"},"query-input":{"@type":"PropertyValueSpecification","valueRequired":true,"valueName":"search_term_string"}}],"inLanguage":"fr-FR"},{"@type":"Person","@id":"https:\/\/macite.tg\/#\/schema\/person\/e9f2de7e5dbbe7770a9402c7ce82f5c2","name":"Jean Pierre BAWELA","image":{"@type":"ImageObject","inLanguage":"fr-FR","@id":"https:\/\/macite.tg\/wp-content\/uploads\/2023\/09\/WhatsApp-Image-2023-09-19-at-14.44.41-122x122.jpeg","url":"https:\/\/macite.tg\/wp-content\/uploads\/2023\/09\/WhatsApp-Image-2023-09-19-at-14.44.41-122x122.jpeg","contentUrl":"https:\/\/macite.tg\/wp-content\/uploads\/2023\/09\/WhatsApp-Image-2023-09-19-at-14.44.41-122x122.jpeg","caption":"Jean Pierre BAWELA"},"url":"https:\/\/macite.tg\/?author=2"}]}},"_links":{"self":[{"href":"https:\/\/macite.tg\/index.php?rest_route=\/wp\/v2\/posts\/1654","targetHints":{"allow":["GET"]}}],"collection":[{"href":"https:\/\/macite.tg\/index.php?rest_route=\/wp\/v2\/posts"}],"about":[{"href":"https:\/\/macite.tg\/index.php?rest_route=\/wp\/v2\/types\/post"}],"author":[{"embeddable":true,"href":"https:\/\/macite.tg\/index.php?rest_route=\/wp\/v2\/users\/2"}],"replies":[{"embeddable":true,"href":"https:\/\/macite.tg\/index.php?rest_route=%2Fwp%2Fv2%2Fcomments&post=1654"}],"version-history":[{"count":0,"href":"https:\/\/macite.tg\/index.php?rest_route=\/wp\/v2\/posts\/1654\/revisions"}],"wp:featuredmedia":[{"embeddable":true,"href":"https:\/\/macite.tg\/index.php?rest_route=\/wp\/v2\/media\/1656"}],"wp:attachment":[{"href":"https:\/\/macite.tg\/index.php?rest_route=%2Fwp%2Fv2%2Fmedia&parent=1654"}],"wp:term":[{"taxonomy":"category","embeddable":true,"href":"https:\/\/macite.tg\/index.php?rest_route=%2Fwp%2Fv2%2Fcategories&post=1654"},{"taxonomy":"post_tag","embeddable":true,"href":"https:\/\/macite.tg\/index.php?rest_route=%2Fwp%2Fv2%2Ftags&post=1654"}],"curies":[{"name":"wp","href":"https:\/\/api.w.org\/{rel}","templated":true}]}}