{"id":1649,"date":"2022-11-10T12:19:34","date_gmt":"2022-11-10T12:19:34","guid":{"rendered":"https:\/\/macite.info\/?p=1649"},"modified":"2022-11-10T12:19:35","modified_gmt":"2022-11-10T12:19:35","slug":"dialogue-togo-et-ue-la-lutte-contre-le-terrorisme-la-situation-securitaire-dans-les-savanes-limpact-de-la-guerre-en-ukraineau-menu-de-la-23e-session","status":"publish","type":"post","link":"https:\/\/macite.tg\/?p=1649","title":{"rendered":"DIALOGUE TOGO ET UE\u00a0: La lutte contre le terrorisme, la situation s\u00e9curitaire dans les Savanes, l\u2019impact de la guerre en Ukraine\u2026au menu de la 23\u00e8 session"},"content":{"rendered":"\n<p class=\"wp-block-paragraph\"><strong><em>Le Togo et son partenaire privil\u00e9gi\u00e9, l\u2019Union europ\u00e9enne, ont tenu le 23\u00e8 round du dialogue, le lundi 07 novembre dernier \u00e0 Lom\u00e9. Plusieurs sujets d\u2019int\u00e9r\u00eat commun, \u00e9taient au menu de ces discussions co-pr\u00e9sid\u00e9es par le Chef de la diplomatie togolaise et l\u2019Ambassadeur de l\u2019UE.<\/em><\/strong><\/p>\n\n\n\n<p class=\"wp-block-paragraph\">Le Togo et l\u2019Union europ\u00e9enne ont tenu, le lundi 07 novembre dernier, le 23<sup>e<\/sup> round du dialogue politique entre les deux parties, le premier du genre qui intervient au lendemain de la signature du nouvel accord de partenariat entre l\u2019Organisation des Etats d\u2019Afrique, des Cara\u00efbes et du Pacifique et l\u2019Union Europ\u00e9enne (OEACP-UE), le 16 avril 2021 \u00e0 Bruxelles.<\/p>\n\n\n\n<p class=\"wp-block-paragraph\">Plusieurs sujets d\u2019int\u00e9r\u00eat commun, \u00e9taient au menu de ce dialogue, \u00e0 savoir&nbsp;: la lutte contre le terrorisme, la situation s\u00e9curitaire dans les Savanes, l\u2019impact de la guerre en Ukraine et les mesures sociales, la d\u00e9centralisation et les prochaines \u00e9lections, la gouvernance \u00e9conomique et la lutte contre la corruption, le suivi de l\u2019examen p\u00e9riodique universel du Togo, etc.<\/p>\n\n\n<div class=\"wp-block-image\">\n<figure class=\"aligncenter size-large is-resized\"><img loading=\"lazy\" decoding=\"async\" src=\"https:\/\/macite.tg\/wp-content\/uploads\/2022\/11\/ANNONCES-1-1024x426.jpg\" alt=\"\" class=\"wp-image-1602\" width=\"804\" height=\"334\" srcset=\"https:\/\/macite.tg\/wp-content\/uploads\/2022\/11\/ANNONCES-1-1024x426.jpg 1024w, https:\/\/macite.tg\/wp-content\/uploads\/2022\/11\/ANNONCES-1-300x125.jpg 300w, https:\/\/macite.tg\/wp-content\/uploads\/2022\/11\/ANNONCES-1-768x319.jpg 768w, https:\/\/macite.tg\/wp-content\/uploads\/2022\/11\/ANNONCES-1.jpg 1080w\" sizes=\"auto, (max-width: 804px) 100vw, 804px\" \/><\/figure>\n<\/div>\n\n\n<p class=\"wp-block-paragraph\">Tout en renouvelant sa solidarit\u00e9 avec les victimes et son engagement \u00e0 accompagner le Togo dans sa d\u00e9termination \u00e0 intensifier les efforts multidimensionnels pour \u00e9radiquer les diff\u00e9rents fl\u00e9aux (terrorisme, extr\u00e9misme violent, acc\u00e8s aux services de base, \u2026), la parte europ\u00e9enne a salu\u00e9 les mesures prises par le gouvernement togolais pour minimiser les impacts de la vie ch\u00e8re sur les populations vuln\u00e9rables. Elle a ensuite encourag\u00e9 l\u2019ex\u00e9cutif \u00e0 redoubler les efforts pour lutter contre l\u2019impunit\u00e9, et r\u00e9it\u00e9r\u00e9 sa disponibilit\u00e9 sa disponibilit\u00e9 \u00e0 consid\u00e9rer un appui sp\u00e9cifique au parquet.<\/p>\n\n\n\n<p class=\"wp-block-paragraph\">Le Togo a saisi cette occasion pour exprimer sa gratitude aux partenaires europ\u00e9ens pour leur accompagnement technique multiforme tout au long de ce processus. Le ministre Dussey a salu\u00e9 les efforts de l\u2019UE pour att\u00e9nuer les effets du conflit en Ukraine, tant \u00e0 niveau multilat\u00e9ral comme bilat\u00e9ral, ceci afin de renforcer la r\u00e9silience de ses syst\u00e8mes alimentaires.<\/p>\n\n\n\n<p class=\"wp-block-paragraph\"><em>Selon de la Chef de la diplomatie togolaise, \u00ab&nbsp;le Togo est toujours dispos\u00e9 \u00e0 dialoguer avec ses partenaires pour le bien \u00eatre de chacune de nos populations&nbsp;\u00bb.<\/em><\/p>\n\n\n\n<p class=\"wp-block-paragraph\"><em>Pour le diplomate de l\u2019UE, &nbsp;<\/em>Joaquin Tasso Villalonga,&nbsp; ces \u00e9changes \u00e9taient \u00ab&nbsp;<em>productifs, et marqu\u00e9s par une volont\u00e9 d\u2019avancer ensemble&nbsp;\u00bb.<\/em><\/p>\n\n\n\n<p class=\"wp-block-paragraph\"><strong>JPB<\/strong><\/p>\n\n\n\n<p class=\"wp-block-paragraph\"><strong><em>@macite.info<\/em><\/strong><\/p>\n\n\n\n<p class=\"wp-block-paragraph\"><strong><em>E-mail&nbsp;: <\/em><\/strong><a href=\"mailto:maciteinfo@gmail.com\"><strong><em>maciteinfo@gmail.com<\/em><\/strong><\/a><strong><em>; <\/em><\/strong><a href=\"mailto:bawela1@gmail.com\"><strong><em>bawela1@gmail.com<\/em><\/strong><\/a><strong><em><\/em><\/strong><\/p>\n\n\n\n<p class=\"wp-block-paragraph\"><strong><em>Pour vos annonces, (publi)reportages, etc., joignez nous au (00228) 91515309\/<strong>79872224<\/strong><\/em><\/strong><em><\/em><\/p>\n\n\n\n<p class=\"wp-block-paragraph\"><a href=\"http:\/\/www.macite.info\"><strong><em>www.macite.info<\/em><\/strong><\/a><strong><em>, L\u2019information, la bonne&nbsp;!<\/em><\/strong><\/p>\n","protected":false},"excerpt":{"rendered":"<p class=\"text-justify mb-2\" >Le Togo et son partenaire privil\u00e9gi\u00e9, l\u2019Union europ\u00e9enne, ont tenu le 23\u00e8 round du dialogue, le lundi 07 novembre dernier \u00e0 Lom\u00e9. Plusieurs sujets d\u2019int\u00e9r\u00eat commun, \u00e9taient au menu de ces discussions co-pr\u00e9sid\u00e9es par le Chef de la diplomatie togolaise et l\u2019Ambassadeur de l\u2019UE. Le [&hellip;]<\/p>\n","protected":false},"author":2,"featured_media":1651,"comment_status":"open","ping_status":"open","sticky":false,"template":"","format":"standard","meta":{"footnotes":""},"categories":[1],"tags":[],"class_list":["post-1649","post","type-post","status-publish","format-standard","has-post-thumbnail","hentry","category-politique"],"yoast_head":"<!-- This site is optimized with the Yoast SEO plugin v28.4 - https:\/\/yoast.com\/product\/yoast-seo-wordpress\/ -->\n<title>DIALOGUE TOGO ET UE\u00a0: La lutte contre le terrorisme, la situation s\u00e9curitaire dans les Savanes, l\u2019impact de la guerre en Ukraine\u2026au menu de la 23\u00e8 session -<\/title>\n<meta name=\"robots\" content=\"index, follow, max-snippet:-1, max-image-preview:large, max-video-preview:-1\" \/>\n<link rel=\"canonical\" href=\"https:\/\/macite.tg\/?p=1649\" \/>\n<meta property=\"og:locale\" content=\"fr_FR\" \/>\n<meta property=\"og:type\" content=\"article\" \/>\n<meta property=\"og:title\" content=\"DIALOGUE TOGO ET UE\u00a0: La lutte contre le terrorisme, la situation s\u00e9curitaire dans les Savanes, l\u2019impact de la guerre en Ukraine\u2026au menu de la 23\u00e8 session -\" \/>\n<meta property=\"og:description\" content=\"Le Togo et son partenaire privil\u00e9gi\u00e9, l\u2019Union europ\u00e9enne, ont tenu le 23\u00e8 round du dialogue, le lundi 07 novembre dernier \u00e0 Lom\u00e9. Plusieurs sujets d\u2019int\u00e9r\u00eat commun, \u00e9taient au menu de ces discussions co-pr\u00e9sid\u00e9es par le Chef de la diplomatie togolaise et l\u2019Ambassadeur de l\u2019UE. Le [&hellip;]\" \/>\n<meta property=\"og:url\" content=\"https:\/\/macite.tg\/?p=1649\" \/>\n<meta property=\"article:published_time\" content=\"2022-11-10T12:19:34+00:00\" \/>\n<meta property=\"article:modified_time\" content=\"2022-11-10T12:19:35+00:00\" \/>\n<meta property=\"og:image\" content=\"https:\/\/macite.tg\/wp-content\/uploads\/2022\/11\/D1.jpeg\" \/>\n\t<meta property=\"og:image:width\" content=\"660\" \/>\n\t<meta property=\"og:image:height\" content=\"400\" \/>\n\t<meta property=\"og:image:type\" content=\"image\/jpeg\" \/>\n<meta name=\"author\" content=\"Jean Pierre BAWELA\" \/>\n<meta name=\"twitter:card\" content=\"summary_large_image\" \/>\n<meta name=\"twitter:label1\" content=\"\u00c9crit par\" \/>\n\t<meta name=\"twitter:data1\" content=\"Jean Pierre BAWELA\" \/>\n\t<meta name=\"twitter:label2\" content=\"Dur\u00e9e de lecture estim\u00e9e\" \/>\n\t<meta name=\"twitter:data2\" content=\"3 minutes\" \/>\n<script type=\"application\/ld+json\" class=\"yoast-schema-graph\">{\"@context\":\"https:\\\/\\\/schema.org\",\"@graph\":[{\"@type\":\"Article\",\"@id\":\"https:\\\/\\\/macite.tg\\\/?p=1649#article\",\"isPartOf\":{\"@id\":\"https:\\\/\\\/macite.tg\\\/?p=1649\"},\"author\":{\"name\":\"Jean Pierre BAWELA\",\"@id\":\"https:\\\/\\\/macite.tg\\\/#\\\/schema\\\/person\\\/e9f2de7e5dbbe7770a9402c7ce82f5c2\"},\"headline\":\"DIALOGUE TOGO ET UE\u00a0: La lutte contre le terrorisme, la situation s\u00e9curitaire dans les Savanes, l\u2019impact de la guerre en Ukraine\u2026au menu de la 23\u00e8 session\",\"datePublished\":\"2022-11-10T12:19:34+00:00\",\"dateModified\":\"2022-11-10T12:19:35+00:00\",\"mainEntityOfPage\":{\"@id\":\"https:\\\/\\\/macite.tg\\\/?p=1649\"},\"wordCount\":447,\"commentCount\":0,\"image\":{\"@id\":\"https:\\\/\\\/macite.tg\\\/?p=1649#primaryimage\"},\"thumbnailUrl\":\"https:\\\/\\\/macite.tg\\\/wp-content\\\/uploads\\\/2022\\\/11\\\/D1.jpeg\",\"articleSection\":[\"POLITIQUE\"],\"inLanguage\":\"fr-FR\",\"potentialAction\":[{\"@type\":\"CommentAction\",\"name\":\"Comment\",\"target\":[\"https:\\\/\\\/macite.tg\\\/?p=1649#respond\"]}]},{\"@type\":\"WebPage\",\"@id\":\"https:\\\/\\\/macite.tg\\\/?p=1649\",\"url\":\"https:\\\/\\\/macite.tg\\\/?p=1649\",\"name\":\"DIALOGUE TOGO ET UE\u00a0: La lutte contre le terrorisme, la situation s\u00e9curitaire dans les Savanes, l\u2019impact de la guerre en Ukraine\u2026au menu de la 23\u00e8 session -\",\"isPartOf\":{\"@id\":\"https:\\\/\\\/macite.tg\\\/#website\"},\"primaryImageOfPage\":{\"@id\":\"https:\\\/\\\/macite.tg\\\/?p=1649#primaryimage\"},\"image\":{\"@id\":\"https:\\\/\\\/macite.tg\\\/?p=1649#primaryimage\"},\"thumbnailUrl\":\"https:\\\/\\\/macite.tg\\\/wp-content\\\/uploads\\\/2022\\\/11\\\/D1.jpeg\",\"datePublished\":\"2022-11-10T12:19:34+00:00\",\"dateModified\":\"2022-11-10T12:19:35+00:00\",\"author\":{\"@id\":\"https:\\\/\\\/macite.tg\\\/#\\\/schema\\\/person\\\/e9f2de7e5dbbe7770a9402c7ce82f5c2\"},\"breadcrumb\":{\"@id\":\"https:\\\/\\\/macite.tg\\\/?p=1649#breadcrumb\"},\"inLanguage\":\"fr-FR\",\"potentialAction\":[{\"@type\":\"ReadAction\",\"target\":[\"https:\\\/\\\/macite.tg\\\/?p=1649\"]}]},{\"@type\":\"ImageObject\",\"inLanguage\":\"fr-FR\",\"@id\":\"https:\\\/\\\/macite.tg\\\/?p=1649#primaryimage\",\"url\":\"https:\\\/\\\/macite.tg\\\/wp-content\\\/uploads\\\/2022\\\/11\\\/D1.jpeg\",\"contentUrl\":\"https:\\\/\\\/macite.tg\\\/wp-content\\\/uploads\\\/2022\\\/11\\\/D1.jpeg\",\"width\":660,\"height\":400},{\"@type\":\"BreadcrumbList\",\"@id\":\"https:\\\/\\\/macite.tg\\\/?p=1649#breadcrumb\",\"itemListElement\":[{\"@type\":\"ListItem\",\"position\":1,\"name\":\"Accueil\",\"item\":\"https:\\\/\\\/macite.tg\\\/\"},{\"@type\":\"ListItem\",\"position\":2,\"name\":\"DIALOGUE TOGO ET UE\u00a0: La lutte contre le terrorisme, la situation s\u00e9curitaire dans les Savanes, l\u2019impact de la guerre en Ukraine\u2026au menu de la 23\u00e8 session\"}]},{\"@type\":\"WebSite\",\"@id\":\"https:\\\/\\\/macite.tg\\\/#website\",\"url\":\"https:\\\/\\\/macite.tg\\\/\",\"name\":\"\",\"description\":\"L&#039;information, la bonne!!!\",\"potentialAction\":[{\"@type\":\"SearchAction\",\"target\":{\"@type\":\"EntryPoint\",\"urlTemplate\":\"https:\\\/\\\/macite.tg\\\/?s={search_term_string}\"},\"query-input\":{\"@type\":\"PropertyValueSpecification\",\"valueRequired\":true,\"valueName\":\"search_term_string\"}}],\"inLanguage\":\"fr-FR\"},{\"@type\":\"Person\",\"@id\":\"https:\\\/\\\/macite.tg\\\/#\\\/schema\\\/person\\\/e9f2de7e5dbbe7770a9402c7ce82f5c2\",\"name\":\"Jean Pierre BAWELA\",\"image\":{\"@type\":\"ImageObject\",\"inLanguage\":\"fr-FR\",\"@id\":\"https:\\\/\\\/macite.tg\\\/wp-content\\\/uploads\\\/2023\\\/09\\\/WhatsApp-Image-2023-09-19-at-14.44.41-122x122.jpeg\",\"url\":\"https:\\\/\\\/macite.tg\\\/wp-content\\\/uploads\\\/2023\\\/09\\\/WhatsApp-Image-2023-09-19-at-14.44.41-122x122.jpeg\",\"contentUrl\":\"https:\\\/\\\/macite.tg\\\/wp-content\\\/uploads\\\/2023\\\/09\\\/WhatsApp-Image-2023-09-19-at-14.44.41-122x122.jpeg\",\"caption\":\"Jean Pierre BAWELA\"},\"url\":\"https:\\\/\\\/macite.tg\\\/?author=2\"}]}<\/script>\n<!-- \/ Yoast SEO plugin. -->","yoast_head_json":{"title":"DIALOGUE TOGO ET UE\u00a0: La lutte contre le terrorisme, la situation s\u00e9curitaire dans les Savanes, l\u2019impact de la guerre en Ukraine\u2026au menu de la 23\u00e8 session -","robots":{"index":"index","follow":"follow","max-snippet":"max-snippet:-1","max-image-preview":"max-image-preview:large","max-video-preview":"max-video-preview:-1"},"canonical":"https:\/\/macite.tg\/?p=1649","og_locale":"fr_FR","og_type":"article","og_title":"DIALOGUE TOGO ET UE\u00a0: La lutte contre le terrorisme, la situation s\u00e9curitaire dans les Savanes, l\u2019impact de la guerre en Ukraine\u2026au menu de la 23\u00e8 session -","og_description":"Le Togo et son partenaire privil\u00e9gi\u00e9, l\u2019Union europ\u00e9enne, ont tenu le 23\u00e8 round du dialogue, le lundi 07 novembre dernier \u00e0 Lom\u00e9. Plusieurs sujets d\u2019int\u00e9r\u00eat commun, \u00e9taient au menu de ces discussions co-pr\u00e9sid\u00e9es par le Chef de la diplomatie togolaise et l\u2019Ambassadeur de l\u2019UE. Le [&hellip;]","og_url":"https:\/\/macite.tg\/?p=1649","article_published_time":"2022-11-10T12:19:34+00:00","article_modified_time":"2022-11-10T12:19:35+00:00","og_image":[{"width":660,"height":400,"url":"https:\/\/macite.tg\/wp-content\/uploads\/2022\/11\/D1.jpeg","type":"image\/jpeg"}],"author":"Jean Pierre BAWELA","twitter_card":"summary_large_image","twitter_misc":{"\u00c9crit par":"Jean Pierre BAWELA","Dur\u00e9e de lecture estim\u00e9e":"3 minutes"},"schema":{"@context":"https:\/\/schema.org","@graph":[{"@type":"Article","@id":"https:\/\/macite.tg\/?p=1649#article","isPartOf":{"@id":"https:\/\/macite.tg\/?p=1649"},"author":{"name":"Jean Pierre BAWELA","@id":"https:\/\/macite.tg\/#\/schema\/person\/e9f2de7e5dbbe7770a9402c7ce82f5c2"},"headline":"DIALOGUE TOGO ET UE\u00a0: La lutte contre le terrorisme, la situation s\u00e9curitaire dans les Savanes, l\u2019impact de la guerre en Ukraine\u2026au menu de la 23\u00e8 session","datePublished":"2022-11-10T12:19:34+00:00","dateModified":"2022-11-10T12:19:35+00:00","mainEntityOfPage":{"@id":"https:\/\/macite.tg\/?p=1649"},"wordCount":447,"commentCount":0,"image":{"@id":"https:\/\/macite.tg\/?p=1649#primaryimage"},"thumbnailUrl":"https:\/\/macite.tg\/wp-content\/uploads\/2022\/11\/D1.jpeg","articleSection":["POLITIQUE"],"inLanguage":"fr-FR","potentialAction":[{"@type":"CommentAction","name":"Comment","target":["https:\/\/macite.tg\/?p=1649#respond"]}]},{"@type":"WebPage","@id":"https:\/\/macite.tg\/?p=1649","url":"https:\/\/macite.tg\/?p=1649","name":"DIALOGUE TOGO ET UE\u00a0: La lutte contre le terrorisme, la situation s\u00e9curitaire dans les Savanes, l\u2019impact de la guerre en Ukraine\u2026au menu de la 23\u00e8 session -","isPartOf":{"@id":"https:\/\/macite.tg\/#website"},"primaryImageOfPage":{"@id":"https:\/\/macite.tg\/?p=1649#primaryimage"},"image":{"@id":"https:\/\/macite.tg\/?p=1649#primaryimage"},"thumbnailUrl":"https:\/\/macite.tg\/wp-content\/uploads\/2022\/11\/D1.jpeg","datePublished":"2022-11-10T12:19:34+00:00","dateModified":"2022-11-10T12:19:35+00:00","author":{"@id":"https:\/\/macite.tg\/#\/schema\/person\/e9f2de7e5dbbe7770a9402c7ce82f5c2"},"breadcrumb":{"@id":"https:\/\/macite.tg\/?p=1649#breadcrumb"},"inLanguage":"fr-FR","potentialAction":[{"@type":"ReadAction","target":["https:\/\/macite.tg\/?p=1649"]}]},{"@type":"ImageObject","inLanguage":"fr-FR","@id":"https:\/\/macite.tg\/?p=1649#primaryimage","url":"https:\/\/macite.tg\/wp-content\/uploads\/2022\/11\/D1.jpeg","contentUrl":"https:\/\/macite.tg\/wp-content\/uploads\/2022\/11\/D1.jpeg","width":660,"height":400},{"@type":"BreadcrumbList","@id":"https:\/\/macite.tg\/?p=1649#breadcrumb","itemListElement":[{"@type":"ListItem","position":1,"name":"Accueil","item":"https:\/\/macite.tg\/"},{"@type":"ListItem","position":2,"name":"DIALOGUE TOGO ET UE\u00a0: La lutte contre le terrorisme, la situation s\u00e9curitaire dans les Savanes, l\u2019impact de la guerre en Ukraine\u2026au menu de la 23\u00e8 session"}]},{"@type":"WebSite","@id":"https:\/\/macite.tg\/#website","url":"https:\/\/macite.tg\/","name":"","description":"L&#039;information, la bonne!!!","potentialAction":[{"@type":"SearchAction","target":{"@type":"EntryPoint","urlTemplate":"https:\/\/macite.tg\/?s={search_term_string}"},"query-input":{"@type":"PropertyValueSpecification","valueRequired":true,"valueName":"search_term_string"}}],"inLanguage":"fr-FR"},{"@type":"Person","@id":"https:\/\/macite.tg\/#\/schema\/person\/e9f2de7e5dbbe7770a9402c7ce82f5c2","name":"Jean Pierre BAWELA","image":{"@type":"ImageObject","inLanguage":"fr-FR","@id":"https:\/\/macite.tg\/wp-content\/uploads\/2023\/09\/WhatsApp-Image-2023-09-19-at-14.44.41-122x122.jpeg","url":"https:\/\/macite.tg\/wp-content\/uploads\/2023\/09\/WhatsApp-Image-2023-09-19-at-14.44.41-122x122.jpeg","contentUrl":"https:\/\/macite.tg\/wp-content\/uploads\/2023\/09\/WhatsApp-Image-2023-09-19-at-14.44.41-122x122.jpeg","caption":"Jean Pierre BAWELA"},"url":"https:\/\/macite.tg\/?author=2"}]}},"_links":{"self":[{"href":"https:\/\/macite.tg\/index.php?rest_route=\/wp\/v2\/posts\/1649","targetHints":{"allow":["GET"]}}],"collection":[{"href":"https:\/\/macite.tg\/index.php?rest_route=\/wp\/v2\/posts"}],"about":[{"href":"https:\/\/macite.tg\/index.php?rest_route=\/wp\/v2\/types\/post"}],"author":[{"embeddable":true,"href":"https:\/\/macite.tg\/index.php?rest_route=\/wp\/v2\/users\/2"}],"replies":[{"embeddable":true,"href":"https:\/\/macite.tg\/index.php?rest_route=%2Fwp%2Fv2%2Fcomments&post=1649"}],"version-history":[{"count":0,"href":"https:\/\/macite.tg\/index.php?rest_route=\/wp\/v2\/posts\/1649\/revisions"}],"wp:featuredmedia":[{"embeddable":true,"href":"https:\/\/macite.tg\/index.php?rest_route=\/wp\/v2\/media\/1651"}],"wp:attachment":[{"href":"https:\/\/macite.tg\/index.php?rest_route=%2Fwp%2Fv2%2Fmedia&parent=1649"}],"wp:term":[{"taxonomy":"category","embeddable":true,"href":"https:\/\/macite.tg\/index.php?rest_route=%2Fwp%2Fv2%2Fcategories&post=1649"},{"taxonomy":"post_tag","embeddable":true,"href":"https:\/\/macite.tg\/index.php?rest_route=%2Fwp%2Fv2%2Ftags&post=1649"}],"curies":[{"name":"wp","href":"https:\/\/api.w.org\/{rel}","templated":true}]}}