{"id":16401,"date":"2024-09-05T13:18:49","date_gmt":"2024-09-05T13:18:49","guid":{"rendered":"https:\/\/macite.tg\/?p=16401"},"modified":"2024-09-05T13:19:06","modified_gmt":"2024-09-05T13:19:06","slug":"a-beijing-le-president-faure-gnassingbe-a-echange-avec-les-leaders-du-parti-communiste-chinois-pcc","status":"publish","type":"post","link":"https:\/\/macite.tg\/?p=16401","title":{"rendered":"A BEIJING : Le Pr\u00e9sident Faure Gnassingb\u00e9 a \u00e9chang\u00e9 avec les leaders du Parti communiste chinois (Pcc)"},"content":{"rendered":"\n<p class=\"wp-block-paragraph\"><strong><em>Pr\u00e9sent \u00e0 Beijing, en Chine, dans le cadre du neuvi\u00e8me sommet du Forum sur la coop\u00e9ration sino-africaine (Focac), le chef de l\u2019Etat togolais, Faure Gnassingb\u00e9, a saisi l\u2019occasion pour \u00e9changer avec des sommit\u00e9s de \u2018\u2019l\u2019Empire du milieu\u2019\u2019. Apr\u00e8s le leader chinois, XI Jinping, le 02 septembre, le pr\u00e9sident Faure Gnassingb\u00e9 a \u00e9chang\u00e9 avec Wang Huning, un leader politique de premier plan. C\u2019\u00e9tait au cours d\u2019un d\u00e9jeuner organis\u00e9 en son honneur, le 03 septembre dernier.<\/em><\/strong><\/p>\n\n\n\n<p class=\"wp-block-paragraph\">Au lendemain de son entretien avec le leader chinois, XI Jinping, le chef de l\u2019Etat togolais, Faure Gnassingb\u00e9, a rencontr\u00e9, au cours d\u2019un d\u00e9jeuner organis\u00e9 en son honneur, une d\u00e9l\u00e9gation des leaders des partis politiques chinois, conduite par Wang Huning, membre du Comit\u00e9 permanent du bureau politique du Parti communiste chinois (Pcc), et pr\u00e9sident du Comit\u00e9 national de la Conf\u00e9rence consultative politique du peuple chinois.<\/p>\n\n\n<div class=\"wp-block-image\">\n<figure class=\"aligncenter size-full\"><img loading=\"lazy\" decoding=\"async\" width=\"512\" height=\"640\" src=\"https:\/\/macite.tg\/wp-content\/uploads\/2024\/09\/458322479_1061864072615065_9024736760689607284_n.jpg\" alt=\"\" class=\"wp-image-16392\" srcset=\"https:\/\/macite.tg\/wp-content\/uploads\/2024\/09\/458322479_1061864072615065_9024736760689607284_n.jpg 512w, https:\/\/macite.tg\/wp-content\/uploads\/2024\/09\/458322479_1061864072615065_9024736760689607284_n-240x300.jpg 240w\" sizes=\"auto, (max-width: 512px) 100vw, 512px\" \/><\/figure>\n<\/div>\n\n\n<p class=\"wp-block-paragraph\">Avec ce haut responsable politique chinois, le num\u00e9ro 1 togolais a \u00e9chang\u00e9 sur les relations sino-togolaises marqu\u00e9es, ces derni\u00e8res ann\u00e9es, par le renforcement de la coop\u00e9ration, notamment.<\/p>\n\n\n\n<p class=\"wp-block-paragraph\">Tout en qualifiant le Togo \u201c<em>d\u2019ami sinc\u00e8re<\/em>\u201d, le pr\u00e9sident du Comit\u00e9 national de la Conf\u00e9rence consultative politique du peuple chinois a indiqu\u00e9 que, gr\u00e2ce \u00e0 l\u2019engagement et la convergence de vues des leaders des deux pays, notamment le Togo et la Chine, des relations exceptionnelles lient d\u00e9sormais les deux pays.<\/p>\n\n\n<div class=\"wp-block-image\">\n<figure class=\"aligncenter size-full is-resized\"><img loading=\"lazy\" decoding=\"async\" src=\"https:\/\/macite.tg\/wp-content\/uploads\/2024\/08\/IMG-20240313-WA0013-2.jpg\" alt=\"\" class=\"wp-image-16318\" width=\"839\" height=\"207\" srcset=\"https:\/\/macite.tg\/wp-content\/uploads\/2024\/08\/IMG-20240313-WA0013-2.jpg 690w, https:\/\/macite.tg\/wp-content\/uploads\/2024\/08\/IMG-20240313-WA0013-2-300x74.jpg 300w\" sizes=\"auto, (max-width: 839px) 100vw, 839px\" \/><\/figure>\n<\/div>\n\n\n<p class=\"wp-block-paragraph\">Wang Huning a, en outre saisi l\u2019occasion, pour saluer les r\u00e9alisations obtenues par le Togo, ceci sous le leadership du Pr\u00e9sident de la R\u00e9publique, Faure Gnassingb\u00e9. Il faut noter que depuis quelques ann\u00e9es d\u00e9j\u00e0, l\u2019axe Lom\u00e9 &#8211; P\u00e9kin est davantage renforc\u00e9, gr\u00e2ce \u00e0 des consultations r\u00e9guli\u00e8res entre les deux leaders.<\/p>\n\n\n<div class=\"wp-block-image\">\n<figure class=\"aligncenter size-large is-resized\"><img loading=\"lazy\" decoding=\"async\" src=\"https:\/\/macite.tg\/wp-content\/uploads\/2024\/08\/9766832a-ca7c-4101-b6ec-9e3130ecb2aa-742x1024.jpg\" alt=\"\" class=\"wp-image-16245\" width=\"452\" height=\"624\" srcset=\"https:\/\/macite.tg\/wp-content\/uploads\/2024\/08\/9766832a-ca7c-4101-b6ec-9e3130ecb2aa-742x1024.jpg 742w, https:\/\/macite.tg\/wp-content\/uploads\/2024\/08\/9766832a-ca7c-4101-b6ec-9e3130ecb2aa-218x300.jpg 218w, https:\/\/macite.tg\/wp-content\/uploads\/2024\/08\/9766832a-ca7c-4101-b6ec-9e3130ecb2aa-768x1059.jpg 768w, https:\/\/macite.tg\/wp-content\/uploads\/2024\/08\/9766832a-ca7c-4101-b6ec-9e3130ecb2aa-1114x1536.jpg 1114w, https:\/\/macite.tg\/wp-content\/uploads\/2024\/08\/9766832a-ca7c-4101-b6ec-9e3130ecb2aa.jpg 1160w\" sizes=\"auto, (max-width: 452px) 100vw, 452px\" \/><\/figure>\n<\/div>\n\n\n<p class=\"wp-block-paragraph\">Soulignons au passage, qu\u2019en 2019, le Togo avait \u00e9t\u00e9 choisi par le Parti communiste chinois (Pcc), pour le lancement officiel de la version fran\u00e7aise du lire du dirigeant chinois, Xi Jinping. Cet ouvrage, qui a fait le tour du monde, expose aux yeux du monde les grandes lignes de la diplomatie chinoise mais aussi explique le concept de la \u2018\u2019communaut\u00e9 de destin\u2019\u2019 de l\u2019humanit\u00e9 v\u00e9hicul\u00e9e par \u2018\u2019l\u2019Empire du milieu\u2019\u2019.<\/p>\n\n\n\n<p class=\"wp-block-paragraph\"><strong>La R\u00e9daction<\/strong><\/p>\n\n\n\n<p class=\"wp-block-paragraph\"><a><strong><em>@macite.tg&nbsp;&nbsp;&nbsp;&nbsp;&nbsp;&nbsp;&nbsp;&nbsp;<\/em><\/strong><\/a><\/p>\n\n\n\n<p class=\"wp-block-paragraph\"><strong><em>E-mail&nbsp;: <\/em><\/strong><a href=\"mailto:maciteinfo@gmail.com\"><strong><em>maciteinfo@gmail.com<\/em><\/strong><\/a><strong><em>; <\/em><\/strong><a href=\"mailto:bawela1@gmail.com\"><strong><em>bawela1@gmail.com<\/em><\/strong><\/a><strong><em><\/em><\/strong><\/p>\n\n\n\n<p class=\"wp-block-paragraph\"><strong><em>Pour vos annonces, (publi)reportages, etc., joignez-nous au (00228)91515309\/<strong>79872224 <\/strong>www.macite.tg, L\u2019information, la bonne&nbsp;!<\/em><\/strong><\/p>\n","protected":false},"excerpt":{"rendered":"<p class=\"text-justify mb-2\" >Pr\u00e9sent \u00e0 Beijing, en Chine, dans le cadre du neuvi\u00e8me sommet du Forum sur la coop\u00e9ration sino-africaine (Focac), le chef de l\u2019Etat togolais, Faure Gnassingb\u00e9, a saisi l\u2019occasion pour \u00e9changer avec des sommit\u00e9s de \u2018\u2019l\u2019Empire du milieu\u2019\u2019. Apr\u00e8s le leader chinois, XI Jinping, le 02 [&hellip;]<\/p>\n","protected":false},"author":2,"featured_media":16406,"comment_status":"open","ping_status":"open","sticky":false,"template":"","format":"standard","meta":{"footnotes":""},"categories":[20,8],"tags":[],"class_list":["post-16401","post","type-post","status-publish","format-standard","has-post-thumbnail","hentry","category-actualite","category-diplomatie"],"yoast_head":"<!-- This site is optimized with the Yoast SEO plugin v28.4 - https:\/\/yoast.com\/product\/yoast-seo-wordpress\/ -->\n<title>A BEIJING : Le Pr\u00e9sident Faure Gnassingb\u00e9 a \u00e9chang\u00e9 avec les leaders du Parti communiste chinois (Pcc) -<\/title>\n<meta name=\"robots\" content=\"index, follow, max-snippet:-1, max-image-preview:large, max-video-preview:-1\" \/>\n<link rel=\"canonical\" href=\"https:\/\/macite.tg\/?p=16401\" \/>\n<meta property=\"og:locale\" content=\"fr_FR\" \/>\n<meta property=\"og:type\" content=\"article\" \/>\n<meta property=\"og:title\" content=\"A BEIJING : Le Pr\u00e9sident Faure Gnassingb\u00e9 a \u00e9chang\u00e9 avec les leaders du Parti communiste chinois (Pcc) -\" \/>\n<meta property=\"og:description\" content=\"Pr\u00e9sent \u00e0 Beijing, en Chine, dans le cadre du neuvi\u00e8me sommet du Forum sur la coop\u00e9ration sino-africaine (Focac), le chef de l\u2019Etat togolais, Faure Gnassingb\u00e9, a saisi l\u2019occasion pour \u00e9changer avec des sommit\u00e9s de \u2018\u2019l\u2019Empire du milieu\u2019\u2019. Apr\u00e8s le leader chinois, XI Jinping, le 02 [&hellip;]\" \/>\n<meta property=\"og:url\" content=\"https:\/\/macite.tg\/?p=16401\" \/>\n<meta property=\"article:published_time\" content=\"2024-09-05T13:18:49+00:00\" \/>\n<meta property=\"article:modified_time\" content=\"2024-09-05T13:19:06+00:00\" \/>\n<meta property=\"og:image\" content=\"https:\/\/macite.tg\/wp-content\/uploads\/2024\/09\/FOCAC2.jpg\" \/>\n\t<meta property=\"og:image:width\" content=\"500\" \/>\n\t<meta property=\"og:image:height\" content=\"372\" \/>\n\t<meta property=\"og:image:type\" content=\"image\/jpeg\" \/>\n<meta name=\"author\" content=\"Jean Pierre BAWELA\" \/>\n<meta name=\"twitter:card\" content=\"summary_large_image\" \/>\n<meta name=\"twitter:label1\" content=\"\u00c9crit par\" \/>\n\t<meta name=\"twitter:data1\" content=\"Jean Pierre BAWELA\" \/>\n\t<meta name=\"twitter:label2\" content=\"Dur\u00e9e de lecture estim\u00e9e\" \/>\n\t<meta name=\"twitter:data2\" content=\"2 minutes\" \/>\n<script type=\"application\/ld+json\" class=\"yoast-schema-graph\">{\"@context\":\"https:\\\/\\\/schema.org\",\"@graph\":[{\"@type\":\"Article\",\"@id\":\"https:\\\/\\\/macite.tg\\\/?p=16401#article\",\"isPartOf\":{\"@id\":\"https:\\\/\\\/macite.tg\\\/?p=16401\"},\"author\":{\"name\":\"Jean Pierre BAWELA\",\"@id\":\"https:\\\/\\\/macite.tg\\\/#\\\/schema\\\/person\\\/e9f2de7e5dbbe7770a9402c7ce82f5c2\"},\"headline\":\"A BEIJING : Le Pr\u00e9sident Faure Gnassingb\u00e9 a \u00e9chang\u00e9 avec les leaders du Parti communiste chinois (Pcc)\",\"datePublished\":\"2024-09-05T13:18:49+00:00\",\"dateModified\":\"2024-09-05T13:19:06+00:00\",\"mainEntityOfPage\":{\"@id\":\"https:\\\/\\\/macite.tg\\\/?p=16401\"},\"wordCount\":430,\"commentCount\":0,\"image\":{\"@id\":\"https:\\\/\\\/macite.tg\\\/?p=16401#primaryimage\"},\"thumbnailUrl\":\"https:\\\/\\\/macite.tg\\\/wp-content\\\/uploads\\\/2024\\\/09\\\/FOCAC2.jpg\",\"articleSection\":[\"ACTUALITE\",\"DIPLOMATIE\"],\"inLanguage\":\"fr-FR\",\"potentialAction\":[{\"@type\":\"CommentAction\",\"name\":\"Comment\",\"target\":[\"https:\\\/\\\/macite.tg\\\/?p=16401#respond\"]}]},{\"@type\":\"WebPage\",\"@id\":\"https:\\\/\\\/macite.tg\\\/?p=16401\",\"url\":\"https:\\\/\\\/macite.tg\\\/?p=16401\",\"name\":\"A BEIJING : Le Pr\u00e9sident Faure Gnassingb\u00e9 a \u00e9chang\u00e9 avec les leaders du Parti communiste chinois (Pcc) -\",\"isPartOf\":{\"@id\":\"https:\\\/\\\/macite.tg\\\/#website\"},\"primaryImageOfPage\":{\"@id\":\"https:\\\/\\\/macite.tg\\\/?p=16401#primaryimage\"},\"image\":{\"@id\":\"https:\\\/\\\/macite.tg\\\/?p=16401#primaryimage\"},\"thumbnailUrl\":\"https:\\\/\\\/macite.tg\\\/wp-content\\\/uploads\\\/2024\\\/09\\\/FOCAC2.jpg\",\"datePublished\":\"2024-09-05T13:18:49+00:00\",\"dateModified\":\"2024-09-05T13:19:06+00:00\",\"author\":{\"@id\":\"https:\\\/\\\/macite.tg\\\/#\\\/schema\\\/person\\\/e9f2de7e5dbbe7770a9402c7ce82f5c2\"},\"breadcrumb\":{\"@id\":\"https:\\\/\\\/macite.tg\\\/?p=16401#breadcrumb\"},\"inLanguage\":\"fr-FR\",\"potentialAction\":[{\"@type\":\"ReadAction\",\"target\":[\"https:\\\/\\\/macite.tg\\\/?p=16401\"]}]},{\"@type\":\"ImageObject\",\"inLanguage\":\"fr-FR\",\"@id\":\"https:\\\/\\\/macite.tg\\\/?p=16401#primaryimage\",\"url\":\"https:\\\/\\\/macite.tg\\\/wp-content\\\/uploads\\\/2024\\\/09\\\/FOCAC2.jpg\",\"contentUrl\":\"https:\\\/\\\/macite.tg\\\/wp-content\\\/uploads\\\/2024\\\/09\\\/FOCAC2.jpg\",\"width\":500,\"height\":372,\"caption\":\"Echange avec le chef de la d\u00e9l\u00e9gation des acteurs politiques chinois\"},{\"@type\":\"BreadcrumbList\",\"@id\":\"https:\\\/\\\/macite.tg\\\/?p=16401#breadcrumb\",\"itemListElement\":[{\"@type\":\"ListItem\",\"position\":1,\"name\":\"Accueil\",\"item\":\"https:\\\/\\\/macite.tg\\\/\"},{\"@type\":\"ListItem\",\"position\":2,\"name\":\"A BEIJING : Le Pr\u00e9sident Faure Gnassingb\u00e9 a \u00e9chang\u00e9 avec les leaders du Parti communiste chinois (Pcc)\"}]},{\"@type\":\"WebSite\",\"@id\":\"https:\\\/\\\/macite.tg\\\/#website\",\"url\":\"https:\\\/\\\/macite.tg\\\/\",\"name\":\"\",\"description\":\"L&#039;information, la bonne!!!\",\"potentialAction\":[{\"@type\":\"SearchAction\",\"target\":{\"@type\":\"EntryPoint\",\"urlTemplate\":\"https:\\\/\\\/macite.tg\\\/?s={search_term_string}\"},\"query-input\":{\"@type\":\"PropertyValueSpecification\",\"valueRequired\":true,\"valueName\":\"search_term_string\"}}],\"inLanguage\":\"fr-FR\"},{\"@type\":\"Person\",\"@id\":\"https:\\\/\\\/macite.tg\\\/#\\\/schema\\\/person\\\/e9f2de7e5dbbe7770a9402c7ce82f5c2\",\"name\":\"Jean Pierre BAWELA\",\"image\":{\"@type\":\"ImageObject\",\"inLanguage\":\"fr-FR\",\"@id\":\"https:\\\/\\\/macite.tg\\\/wp-content\\\/uploads\\\/2023\\\/09\\\/WhatsApp-Image-2023-09-19-at-14.44.41-122x122.jpeg\",\"url\":\"https:\\\/\\\/macite.tg\\\/wp-content\\\/uploads\\\/2023\\\/09\\\/WhatsApp-Image-2023-09-19-at-14.44.41-122x122.jpeg\",\"contentUrl\":\"https:\\\/\\\/macite.tg\\\/wp-content\\\/uploads\\\/2023\\\/09\\\/WhatsApp-Image-2023-09-19-at-14.44.41-122x122.jpeg\",\"caption\":\"Jean Pierre BAWELA\"},\"url\":\"https:\\\/\\\/macite.tg\\\/?author=2\"}]}<\/script>\n<!-- \/ Yoast SEO plugin. -->","yoast_head_json":{"title":"A BEIJING : Le Pr\u00e9sident Faure Gnassingb\u00e9 a \u00e9chang\u00e9 avec les leaders du Parti communiste chinois (Pcc) -","robots":{"index":"index","follow":"follow","max-snippet":"max-snippet:-1","max-image-preview":"max-image-preview:large","max-video-preview":"max-video-preview:-1"},"canonical":"https:\/\/macite.tg\/?p=16401","og_locale":"fr_FR","og_type":"article","og_title":"A BEIJING : Le Pr\u00e9sident Faure Gnassingb\u00e9 a \u00e9chang\u00e9 avec les leaders du Parti communiste chinois (Pcc) -","og_description":"Pr\u00e9sent \u00e0 Beijing, en Chine, dans le cadre du neuvi\u00e8me sommet du Forum sur la coop\u00e9ration sino-africaine (Focac), le chef de l\u2019Etat togolais, Faure Gnassingb\u00e9, a saisi l\u2019occasion pour \u00e9changer avec des sommit\u00e9s de \u2018\u2019l\u2019Empire du milieu\u2019\u2019. Apr\u00e8s le leader chinois, XI Jinping, le 02 [&hellip;]","og_url":"https:\/\/macite.tg\/?p=16401","article_published_time":"2024-09-05T13:18:49+00:00","article_modified_time":"2024-09-05T13:19:06+00:00","og_image":[{"width":500,"height":372,"url":"https:\/\/macite.tg\/wp-content\/uploads\/2024\/09\/FOCAC2.jpg","type":"image\/jpeg"}],"author":"Jean Pierre BAWELA","twitter_card":"summary_large_image","twitter_misc":{"\u00c9crit par":"Jean Pierre BAWELA","Dur\u00e9e de lecture estim\u00e9e":"2 minutes"},"schema":{"@context":"https:\/\/schema.org","@graph":[{"@type":"Article","@id":"https:\/\/macite.tg\/?p=16401#article","isPartOf":{"@id":"https:\/\/macite.tg\/?p=16401"},"author":{"name":"Jean Pierre BAWELA","@id":"https:\/\/macite.tg\/#\/schema\/person\/e9f2de7e5dbbe7770a9402c7ce82f5c2"},"headline":"A BEIJING : Le Pr\u00e9sident Faure Gnassingb\u00e9 a \u00e9chang\u00e9 avec les leaders du Parti communiste chinois (Pcc)","datePublished":"2024-09-05T13:18:49+00:00","dateModified":"2024-09-05T13:19:06+00:00","mainEntityOfPage":{"@id":"https:\/\/macite.tg\/?p=16401"},"wordCount":430,"commentCount":0,"image":{"@id":"https:\/\/macite.tg\/?p=16401#primaryimage"},"thumbnailUrl":"https:\/\/macite.tg\/wp-content\/uploads\/2024\/09\/FOCAC2.jpg","articleSection":["ACTUALITE","DIPLOMATIE"],"inLanguage":"fr-FR","potentialAction":[{"@type":"CommentAction","name":"Comment","target":["https:\/\/macite.tg\/?p=16401#respond"]}]},{"@type":"WebPage","@id":"https:\/\/macite.tg\/?p=16401","url":"https:\/\/macite.tg\/?p=16401","name":"A BEIJING : Le Pr\u00e9sident Faure Gnassingb\u00e9 a \u00e9chang\u00e9 avec les leaders du Parti communiste chinois (Pcc) -","isPartOf":{"@id":"https:\/\/macite.tg\/#website"},"primaryImageOfPage":{"@id":"https:\/\/macite.tg\/?p=16401#primaryimage"},"image":{"@id":"https:\/\/macite.tg\/?p=16401#primaryimage"},"thumbnailUrl":"https:\/\/macite.tg\/wp-content\/uploads\/2024\/09\/FOCAC2.jpg","datePublished":"2024-09-05T13:18:49+00:00","dateModified":"2024-09-05T13:19:06+00:00","author":{"@id":"https:\/\/macite.tg\/#\/schema\/person\/e9f2de7e5dbbe7770a9402c7ce82f5c2"},"breadcrumb":{"@id":"https:\/\/macite.tg\/?p=16401#breadcrumb"},"inLanguage":"fr-FR","potentialAction":[{"@type":"ReadAction","target":["https:\/\/macite.tg\/?p=16401"]}]},{"@type":"ImageObject","inLanguage":"fr-FR","@id":"https:\/\/macite.tg\/?p=16401#primaryimage","url":"https:\/\/macite.tg\/wp-content\/uploads\/2024\/09\/FOCAC2.jpg","contentUrl":"https:\/\/macite.tg\/wp-content\/uploads\/2024\/09\/FOCAC2.jpg","width":500,"height":372,"caption":"Echange avec le chef de la d\u00e9l\u00e9gation des acteurs politiques chinois"},{"@type":"BreadcrumbList","@id":"https:\/\/macite.tg\/?p=16401#breadcrumb","itemListElement":[{"@type":"ListItem","position":1,"name":"Accueil","item":"https:\/\/macite.tg\/"},{"@type":"ListItem","position":2,"name":"A BEIJING : Le Pr\u00e9sident Faure Gnassingb\u00e9 a \u00e9chang\u00e9 avec les leaders du Parti communiste chinois (Pcc)"}]},{"@type":"WebSite","@id":"https:\/\/macite.tg\/#website","url":"https:\/\/macite.tg\/","name":"","description":"L&#039;information, la bonne!!!","potentialAction":[{"@type":"SearchAction","target":{"@type":"EntryPoint","urlTemplate":"https:\/\/macite.tg\/?s={search_term_string}"},"query-input":{"@type":"PropertyValueSpecification","valueRequired":true,"valueName":"search_term_string"}}],"inLanguage":"fr-FR"},{"@type":"Person","@id":"https:\/\/macite.tg\/#\/schema\/person\/e9f2de7e5dbbe7770a9402c7ce82f5c2","name":"Jean Pierre BAWELA","image":{"@type":"ImageObject","inLanguage":"fr-FR","@id":"https:\/\/macite.tg\/wp-content\/uploads\/2023\/09\/WhatsApp-Image-2023-09-19-at-14.44.41-122x122.jpeg","url":"https:\/\/macite.tg\/wp-content\/uploads\/2023\/09\/WhatsApp-Image-2023-09-19-at-14.44.41-122x122.jpeg","contentUrl":"https:\/\/macite.tg\/wp-content\/uploads\/2023\/09\/WhatsApp-Image-2023-09-19-at-14.44.41-122x122.jpeg","caption":"Jean Pierre BAWELA"},"url":"https:\/\/macite.tg\/?author=2"}]}},"_links":{"self":[{"href":"https:\/\/macite.tg\/index.php?rest_route=\/wp\/v2\/posts\/16401","targetHints":{"allow":["GET"]}}],"collection":[{"href":"https:\/\/macite.tg\/index.php?rest_route=\/wp\/v2\/posts"}],"about":[{"href":"https:\/\/macite.tg\/index.php?rest_route=\/wp\/v2\/types\/post"}],"author":[{"embeddable":true,"href":"https:\/\/macite.tg\/index.php?rest_route=\/wp\/v2\/users\/2"}],"replies":[{"embeddable":true,"href":"https:\/\/macite.tg\/index.php?rest_route=%2Fwp%2Fv2%2Fcomments&post=16401"}],"version-history":[{"count":0,"href":"https:\/\/macite.tg\/index.php?rest_route=\/wp\/v2\/posts\/16401\/revisions"}],"wp:featuredmedia":[{"embeddable":true,"href":"https:\/\/macite.tg\/index.php?rest_route=\/wp\/v2\/media\/16406"}],"wp:attachment":[{"href":"https:\/\/macite.tg\/index.php?rest_route=%2Fwp%2Fv2%2Fmedia&parent=16401"}],"wp:term":[{"taxonomy":"category","embeddable":true,"href":"https:\/\/macite.tg\/index.php?rest_route=%2Fwp%2Fv2%2Fcategories&post=16401"},{"taxonomy":"post_tag","embeddable":true,"href":"https:\/\/macite.tg\/index.php?rest_route=%2Fwp%2Fv2%2Ftags&post=16401"}],"curies":[{"name":"wp","href":"https:\/\/api.w.org\/{rel}","templated":true}]}}