{"id":16398,"date":"2024-09-05T11:55:39","date_gmt":"2024-09-05T11:55:39","guid":{"rendered":"https:\/\/macite.tg\/?p=16398"},"modified":"2024-09-05T11:55:45","modified_gmt":"2024-09-05T11:55:45","slug":"deces-de-mgr-nicodeme-barrigah-benissan-un-hommage-national-rendu-demain-a-lillustre-disparu","status":"publish","type":"post","link":"https:\/\/macite.tg\/?p=16398","title":{"rendered":"DECES DE MGR NICODEME BARRIGAH-BENISSAN\u00a0: Un hommage national rendu demain \u00e0 l\u2019illustre disparu"},"content":{"rendered":"\n<p class=\"wp-block-paragraph\"><strong><em>L\u2019\u00e9glise catholique et particuli\u00e8rement la communaut\u00e9 chr\u00e9tienne du Togo, est inconsolable depuis le rappelle \u00e0 Dieu le dimanche 04 ao\u00fbt dernier, de Monseigneur Nicod\u00e8me Anani Barrigah-Benissan, Archev\u00eaque m\u00e9tropolitain de Lom\u00e9.<\/em><\/strong><\/p>\n\n\n\n<p class=\"wp-block-paragraph\">Alors que ses obs\u00e8ques sont pr\u00e9vues pour les 06 et 07 septembre prochain \u00e0 Lom\u00e9, le gouvernement annonce un hommage national qui sera rendu \u00e0 l\u2019illustre disparu.<\/p>\n\n\n<div class=\"wp-block-image\">\n<figure class=\"aligncenter size-full\"><img loading=\"lazy\" decoding=\"async\" width=\"512\" height=\"640\" src=\"https:\/\/macite.tg\/wp-content\/uploads\/2024\/09\/458322479_1061864072615065_9024736760689607284_n.jpg\" alt=\"\" class=\"wp-image-16392\" srcset=\"https:\/\/macite.tg\/wp-content\/uploads\/2024\/09\/458322479_1061864072615065_9024736760689607284_n.jpg 512w, https:\/\/macite.tg\/wp-content\/uploads\/2024\/09\/458322479_1061864072615065_9024736760689607284_n-240x300.jpg 240w\" sizes=\"auto, (max-width: 512px) 100vw, 512px\" \/><\/figure>\n<\/div>\n\n\n<p class=\"wp-block-paragraph\">L\u2019ex\u00e9cutif togolais annonce une c\u00e9r\u00e9monie d\u2019hommage national qui sera rendu, demain vendredi 05 septembre 2024 \u00e0 la grande salle de la place des f\u00eates de la Pr\u00e9sidence de la R\u00e9publique, \u00e0 feu Monseigneur Nicod\u00e8me Anani Barrigah-Benissan, rappel\u00e9 \u00e0 son Cr\u00e9ateur le dimanche 04 ao\u00fbt 2024 des suites d\u2019une maladie.<\/p>\n\n\n\n<p class=\"wp-block-paragraph\"><em>\u00ab Les obs\u00e8ques de Monseigneur Nicod\u00e8me Anani Barrigah-Benissan, Archev\u00eaque m\u00e9tropolitain de Lom\u00e9, sont pr\u00e9vus pour les 06 au \u00b007 septembre 2024. En cette circonstance douloureuse pour les familles \u00e9plor\u00e9es et l\u2019Eglise catholique, qui affecte profond\u00e9ment la population togolaise et la Nation tout enti\u00e8re, un hommage national sera rendu \u00e0 l\u2019illustre disparu, le vendredi 06 septembre 2024 \u00e0 9 heures dans la grande salle de la place des f\u00eates de la Pr\u00e9sidence de la R\u00e9publique&nbsp;\u00bb,<\/em> lit-on dans un communiqu\u00e9 en date du 04 septembre 2024.<\/p>\n\n\n<div class=\"wp-block-image\">\n<figure class=\"aligncenter size-large is-resized\"><img loading=\"lazy\" decoding=\"async\" src=\"https:\/\/macite.tg\/wp-content\/uploads\/2024\/08\/9766832a-ca7c-4101-b6ec-9e3130ecb2aa-742x1024.jpg\" alt=\"\" class=\"wp-image-16245\" width=\"486\" height=\"671\" srcset=\"https:\/\/macite.tg\/wp-content\/uploads\/2024\/08\/9766832a-ca7c-4101-b6ec-9e3130ecb2aa-742x1024.jpg 742w, https:\/\/macite.tg\/wp-content\/uploads\/2024\/08\/9766832a-ca7c-4101-b6ec-9e3130ecb2aa-218x300.jpg 218w, https:\/\/macite.tg\/wp-content\/uploads\/2024\/08\/9766832a-ca7c-4101-b6ec-9e3130ecb2aa-768x1059.jpg 768w, https:\/\/macite.tg\/wp-content\/uploads\/2024\/08\/9766832a-ca7c-4101-b6ec-9e3130ecb2aa-1114x1536.jpg 1114w, https:\/\/macite.tg\/wp-content\/uploads\/2024\/08\/9766832a-ca7c-4101-b6ec-9e3130ecb2aa.jpg 1160w\" sizes=\"auto, (max-width: 486px) 100vw, 486px\" \/><\/figure>\n<\/div>\n\n\n<p class=\"wp-block-paragraph\">En effet, cette d\u00e9cision vient \u00e0 point nomm\u00e9 dans la mesure o\u00f9 l\u2019illustre disparu fut, non seulement un grand homme de Dieu, mais \u00e9galement un pilier dans le processus de r\u00e9conciliation national au Togo. Pr\u00e9sident de la Commission V\u00e9rit\u00e9-Justice et R\u00e9conciliation (Cvjr), Mgr Nicod\u00e8me Barrigah-Benissan est <em>\u00ab&nbsp;une figure embl\u00e9matique de la r\u00e9conciliation nationale, dont l\u2019engagement et la sagesse ont inspir\u00e9 de nombreuses initiatives visant \u00e0 restaurer la confiance entre les citoyens et l\u2019unit\u00e9 dans le pays&nbsp;\u00bb,<\/em> \u00e9crivait le Haut-commissariat \u00e0 la r\u00e9conciliation et au renforcement de l\u2019unit\u00e9 nationale (Hcrrun) r\u00e9cemment.<\/p>\n\n\n\n<p class=\"wp-block-paragraph\"><strong>JPB<\/strong><\/p>\n\n\n\n<p class=\"wp-block-paragraph\"><a><strong><em>@macite.tg&nbsp;&nbsp;&nbsp;&nbsp;&nbsp;&nbsp;&nbsp;&nbsp;<\/em><\/strong><\/a><\/p>\n\n\n\n<p class=\"wp-block-paragraph\"><strong><em>E-mail&nbsp;: <\/em><\/strong><a href=\"mailto:maciteinfo@gmail.com\"><strong><em>maciteinfo@gmail.com<\/em><\/strong><\/a><strong><em>; <\/em><\/strong><a href=\"mailto:bawela1@gmail.com\"><strong><em>bawela1@gmail.com<\/em><\/strong><\/a><strong><em><\/em><\/strong><\/p>\n\n\n\n<p class=\"wp-block-paragraph\"><strong><em>Pour vos annonces, (publi)reportages, etc., joignez-nous au (00228)91515309\/<strong>79872224 <\/strong>www.macite.tg, L\u2019information, la bonne&nbsp;!<\/em><\/strong><\/p>\n","protected":false},"excerpt":{"rendered":"<p class=\"text-justify mb-2\" >L\u2019\u00e9glise catholique et particuli\u00e8rement la communaut\u00e9 chr\u00e9tienne du Togo, est inconsolable depuis le rappelle \u00e0 Dieu le dimanche 04 ao\u00fbt dernier, de Monseigneur Nicod\u00e8me Anani Barrigah-Benissan, Archev\u00eaque m\u00e9tropolitain de Lom\u00e9. Alors que ses obs\u00e8ques sont pr\u00e9vues pour les 06 et 07 septembre prochain \u00e0 Lom\u00e9, [&hellip;]<\/p>\n","protected":false},"author":2,"featured_media":16399,"comment_status":"open","ping_status":"open","sticky":false,"template":"","format":"standard","meta":{"footnotes":""},"categories":[20,31],"tags":[],"class_list":["post-16398","post","type-post","status-publish","format-standard","has-post-thumbnail","hentry","category-actualite","category-annonce"],"yoast_head":"<!-- This site is optimized with the Yoast SEO plugin v28.4 - https:\/\/yoast.com\/product\/yoast-seo-wordpress\/ -->\n<title>DECES DE MGR NICODEME BARRIGAH-BENISSAN\u00a0: Un hommage national rendu demain \u00e0 l\u2019illustre disparu -<\/title>\n<meta name=\"robots\" content=\"index, follow, max-snippet:-1, max-image-preview:large, max-video-preview:-1\" \/>\n<link rel=\"canonical\" href=\"https:\/\/macite.tg\/?p=16398\" \/>\n<meta property=\"og:locale\" content=\"fr_FR\" \/>\n<meta property=\"og:type\" content=\"article\" \/>\n<meta property=\"og:title\" content=\"DECES DE MGR NICODEME BARRIGAH-BENISSAN\u00a0: Un hommage national rendu demain \u00e0 l\u2019illustre disparu -\" \/>\n<meta property=\"og:description\" content=\"L\u2019\u00e9glise catholique et particuli\u00e8rement la communaut\u00e9 chr\u00e9tienne du Togo, est inconsolable depuis le rappelle \u00e0 Dieu le dimanche 04 ao\u00fbt dernier, de Monseigneur Nicod\u00e8me Anani Barrigah-Benissan, Archev\u00eaque m\u00e9tropolitain de Lom\u00e9. Alors que ses obs\u00e8ques sont pr\u00e9vues pour les 06 et 07 septembre prochain \u00e0 Lom\u00e9, [&hellip;]\" \/>\n<meta property=\"og:url\" content=\"https:\/\/macite.tg\/?p=16398\" \/>\n<meta property=\"article:published_time\" content=\"2024-09-05T11:55:39+00:00\" \/>\n<meta property=\"article:modified_time\" content=\"2024-09-05T11:55:45+00:00\" \/>\n<meta property=\"og:image\" content=\"https:\/\/macite.tg\/wp-content\/uploads\/2024\/09\/image-15.png\" \/>\n\t<meta property=\"og:image:width\" content=\"441\" \/>\n\t<meta property=\"og:image:height\" content=\"279\" \/>\n\t<meta property=\"og:image:type\" content=\"image\/png\" \/>\n<meta name=\"author\" content=\"Jean Pierre BAWELA\" \/>\n<meta name=\"twitter:card\" content=\"summary_large_image\" \/>\n<meta name=\"twitter:label1\" content=\"\u00c9crit par\" \/>\n\t<meta name=\"twitter:data1\" content=\"Jean Pierre BAWELA\" \/>\n\t<meta name=\"twitter:label2\" content=\"Dur\u00e9e de lecture estim\u00e9e\" \/>\n\t<meta name=\"twitter:data2\" content=\"2 minutes\" \/>\n<script type=\"application\/ld+json\" class=\"yoast-schema-graph\">{\"@context\":\"https:\\\/\\\/schema.org\",\"@graph\":[{\"@type\":\"Article\",\"@id\":\"https:\\\/\\\/macite.tg\\\/?p=16398#article\",\"isPartOf\":{\"@id\":\"https:\\\/\\\/macite.tg\\\/?p=16398\"},\"author\":{\"name\":\"Jean Pierre BAWELA\",\"@id\":\"https:\\\/\\\/macite.tg\\\/#\\\/schema\\\/person\\\/e9f2de7e5dbbe7770a9402c7ce82f5c2\"},\"headline\":\"DECES DE MGR NICODEME BARRIGAH-BENISSAN\u00a0: Un hommage national rendu demain \u00e0 l\u2019illustre disparu\",\"datePublished\":\"2024-09-05T11:55:39+00:00\",\"dateModified\":\"2024-09-05T11:55:45+00:00\",\"mainEntityOfPage\":{\"@id\":\"https:\\\/\\\/macite.tg\\\/?p=16398\"},\"wordCount\":354,\"commentCount\":0,\"image\":{\"@id\":\"https:\\\/\\\/macite.tg\\\/?p=16398#primaryimage\"},\"thumbnailUrl\":\"https:\\\/\\\/macite.tg\\\/wp-content\\\/uploads\\\/2024\\\/09\\\/image-15.png\",\"articleSection\":[\"ACTUALITE\",\"ANNONCE\"],\"inLanguage\":\"fr-FR\",\"potentialAction\":[{\"@type\":\"CommentAction\",\"name\":\"Comment\",\"target\":[\"https:\\\/\\\/macite.tg\\\/?p=16398#respond\"]}]},{\"@type\":\"WebPage\",\"@id\":\"https:\\\/\\\/macite.tg\\\/?p=16398\",\"url\":\"https:\\\/\\\/macite.tg\\\/?p=16398\",\"name\":\"DECES DE MGR NICODEME BARRIGAH-BENISSAN\u00a0: Un hommage national rendu demain \u00e0 l\u2019illustre disparu -\",\"isPartOf\":{\"@id\":\"https:\\\/\\\/macite.tg\\\/#website\"},\"primaryImageOfPage\":{\"@id\":\"https:\\\/\\\/macite.tg\\\/?p=16398#primaryimage\"},\"image\":{\"@id\":\"https:\\\/\\\/macite.tg\\\/?p=16398#primaryimage\"},\"thumbnailUrl\":\"https:\\\/\\\/macite.tg\\\/wp-content\\\/uploads\\\/2024\\\/09\\\/image-15.png\",\"datePublished\":\"2024-09-05T11:55:39+00:00\",\"dateModified\":\"2024-09-05T11:55:45+00:00\",\"author\":{\"@id\":\"https:\\\/\\\/macite.tg\\\/#\\\/schema\\\/person\\\/e9f2de7e5dbbe7770a9402c7ce82f5c2\"},\"breadcrumb\":{\"@id\":\"https:\\\/\\\/macite.tg\\\/?p=16398#breadcrumb\"},\"inLanguage\":\"fr-FR\",\"potentialAction\":[{\"@type\":\"ReadAction\",\"target\":[\"https:\\\/\\\/macite.tg\\\/?p=16398\"]}]},{\"@type\":\"ImageObject\",\"inLanguage\":\"fr-FR\",\"@id\":\"https:\\\/\\\/macite.tg\\\/?p=16398#primaryimage\",\"url\":\"https:\\\/\\\/macite.tg\\\/wp-content\\\/uploads\\\/2024\\\/09\\\/image-15.png\",\"contentUrl\":\"https:\\\/\\\/macite.tg\\\/wp-content\\\/uploads\\\/2024\\\/09\\\/image-15.png\",\"width\":441,\"height\":279,\"caption\":\"Feu Monseigneur Nicod\u00e8me Barrigah-Benissan\"},{\"@type\":\"BreadcrumbList\",\"@id\":\"https:\\\/\\\/macite.tg\\\/?p=16398#breadcrumb\",\"itemListElement\":[{\"@type\":\"ListItem\",\"position\":1,\"name\":\"Accueil\",\"item\":\"https:\\\/\\\/macite.tg\\\/\"},{\"@type\":\"ListItem\",\"position\":2,\"name\":\"DECES DE MGR NICODEME BARRIGAH-BENISSAN\u00a0: Un hommage national rendu demain \u00e0 l\u2019illustre disparu\"}]},{\"@type\":\"WebSite\",\"@id\":\"https:\\\/\\\/macite.tg\\\/#website\",\"url\":\"https:\\\/\\\/macite.tg\\\/\",\"name\":\"\",\"description\":\"L&#039;information, la bonne!!!\",\"potentialAction\":[{\"@type\":\"SearchAction\",\"target\":{\"@type\":\"EntryPoint\",\"urlTemplate\":\"https:\\\/\\\/macite.tg\\\/?s={search_term_string}\"},\"query-input\":{\"@type\":\"PropertyValueSpecification\",\"valueRequired\":true,\"valueName\":\"search_term_string\"}}],\"inLanguage\":\"fr-FR\"},{\"@type\":\"Person\",\"@id\":\"https:\\\/\\\/macite.tg\\\/#\\\/schema\\\/person\\\/e9f2de7e5dbbe7770a9402c7ce82f5c2\",\"name\":\"Jean Pierre BAWELA\",\"image\":{\"@type\":\"ImageObject\",\"inLanguage\":\"fr-FR\",\"@id\":\"https:\\\/\\\/macite.tg\\\/wp-content\\\/uploads\\\/2023\\\/09\\\/WhatsApp-Image-2023-09-19-at-14.44.41-122x122.jpeg\",\"url\":\"https:\\\/\\\/macite.tg\\\/wp-content\\\/uploads\\\/2023\\\/09\\\/WhatsApp-Image-2023-09-19-at-14.44.41-122x122.jpeg\",\"contentUrl\":\"https:\\\/\\\/macite.tg\\\/wp-content\\\/uploads\\\/2023\\\/09\\\/WhatsApp-Image-2023-09-19-at-14.44.41-122x122.jpeg\",\"caption\":\"Jean Pierre BAWELA\"},\"url\":\"https:\\\/\\\/macite.tg\\\/?author=2\"}]}<\/script>\n<!-- \/ Yoast SEO plugin. -->","yoast_head_json":{"title":"DECES DE MGR NICODEME BARRIGAH-BENISSAN\u00a0: Un hommage national rendu demain \u00e0 l\u2019illustre disparu -","robots":{"index":"index","follow":"follow","max-snippet":"max-snippet:-1","max-image-preview":"max-image-preview:large","max-video-preview":"max-video-preview:-1"},"canonical":"https:\/\/macite.tg\/?p=16398","og_locale":"fr_FR","og_type":"article","og_title":"DECES DE MGR NICODEME BARRIGAH-BENISSAN\u00a0: Un hommage national rendu demain \u00e0 l\u2019illustre disparu -","og_description":"L\u2019\u00e9glise catholique et particuli\u00e8rement la communaut\u00e9 chr\u00e9tienne du Togo, est inconsolable depuis le rappelle \u00e0 Dieu le dimanche 04 ao\u00fbt dernier, de Monseigneur Nicod\u00e8me Anani Barrigah-Benissan, Archev\u00eaque m\u00e9tropolitain de Lom\u00e9. Alors que ses obs\u00e8ques sont pr\u00e9vues pour les 06 et 07 septembre prochain \u00e0 Lom\u00e9, [&hellip;]","og_url":"https:\/\/macite.tg\/?p=16398","article_published_time":"2024-09-05T11:55:39+00:00","article_modified_time":"2024-09-05T11:55:45+00:00","og_image":[{"width":441,"height":279,"url":"https:\/\/macite.tg\/wp-content\/uploads\/2024\/09\/image-15.png","type":"image\/png"}],"author":"Jean Pierre BAWELA","twitter_card":"summary_large_image","twitter_misc":{"\u00c9crit par":"Jean Pierre BAWELA","Dur\u00e9e de lecture estim\u00e9e":"2 minutes"},"schema":{"@context":"https:\/\/schema.org","@graph":[{"@type":"Article","@id":"https:\/\/macite.tg\/?p=16398#article","isPartOf":{"@id":"https:\/\/macite.tg\/?p=16398"},"author":{"name":"Jean Pierre BAWELA","@id":"https:\/\/macite.tg\/#\/schema\/person\/e9f2de7e5dbbe7770a9402c7ce82f5c2"},"headline":"DECES DE MGR NICODEME BARRIGAH-BENISSAN\u00a0: Un hommage national rendu demain \u00e0 l\u2019illustre disparu","datePublished":"2024-09-05T11:55:39+00:00","dateModified":"2024-09-05T11:55:45+00:00","mainEntityOfPage":{"@id":"https:\/\/macite.tg\/?p=16398"},"wordCount":354,"commentCount":0,"image":{"@id":"https:\/\/macite.tg\/?p=16398#primaryimage"},"thumbnailUrl":"https:\/\/macite.tg\/wp-content\/uploads\/2024\/09\/image-15.png","articleSection":["ACTUALITE","ANNONCE"],"inLanguage":"fr-FR","potentialAction":[{"@type":"CommentAction","name":"Comment","target":["https:\/\/macite.tg\/?p=16398#respond"]}]},{"@type":"WebPage","@id":"https:\/\/macite.tg\/?p=16398","url":"https:\/\/macite.tg\/?p=16398","name":"DECES DE MGR NICODEME BARRIGAH-BENISSAN\u00a0: Un hommage national rendu demain \u00e0 l\u2019illustre disparu -","isPartOf":{"@id":"https:\/\/macite.tg\/#website"},"primaryImageOfPage":{"@id":"https:\/\/macite.tg\/?p=16398#primaryimage"},"image":{"@id":"https:\/\/macite.tg\/?p=16398#primaryimage"},"thumbnailUrl":"https:\/\/macite.tg\/wp-content\/uploads\/2024\/09\/image-15.png","datePublished":"2024-09-05T11:55:39+00:00","dateModified":"2024-09-05T11:55:45+00:00","author":{"@id":"https:\/\/macite.tg\/#\/schema\/person\/e9f2de7e5dbbe7770a9402c7ce82f5c2"},"breadcrumb":{"@id":"https:\/\/macite.tg\/?p=16398#breadcrumb"},"inLanguage":"fr-FR","potentialAction":[{"@type":"ReadAction","target":["https:\/\/macite.tg\/?p=16398"]}]},{"@type":"ImageObject","inLanguage":"fr-FR","@id":"https:\/\/macite.tg\/?p=16398#primaryimage","url":"https:\/\/macite.tg\/wp-content\/uploads\/2024\/09\/image-15.png","contentUrl":"https:\/\/macite.tg\/wp-content\/uploads\/2024\/09\/image-15.png","width":441,"height":279,"caption":"Feu Monseigneur Nicod\u00e8me Barrigah-Benissan"},{"@type":"BreadcrumbList","@id":"https:\/\/macite.tg\/?p=16398#breadcrumb","itemListElement":[{"@type":"ListItem","position":1,"name":"Accueil","item":"https:\/\/macite.tg\/"},{"@type":"ListItem","position":2,"name":"DECES DE MGR NICODEME BARRIGAH-BENISSAN\u00a0: Un hommage national rendu demain \u00e0 l\u2019illustre disparu"}]},{"@type":"WebSite","@id":"https:\/\/macite.tg\/#website","url":"https:\/\/macite.tg\/","name":"","description":"L&#039;information, la bonne!!!","potentialAction":[{"@type":"SearchAction","target":{"@type":"EntryPoint","urlTemplate":"https:\/\/macite.tg\/?s={search_term_string}"},"query-input":{"@type":"PropertyValueSpecification","valueRequired":true,"valueName":"search_term_string"}}],"inLanguage":"fr-FR"},{"@type":"Person","@id":"https:\/\/macite.tg\/#\/schema\/person\/e9f2de7e5dbbe7770a9402c7ce82f5c2","name":"Jean Pierre BAWELA","image":{"@type":"ImageObject","inLanguage":"fr-FR","@id":"https:\/\/macite.tg\/wp-content\/uploads\/2023\/09\/WhatsApp-Image-2023-09-19-at-14.44.41-122x122.jpeg","url":"https:\/\/macite.tg\/wp-content\/uploads\/2023\/09\/WhatsApp-Image-2023-09-19-at-14.44.41-122x122.jpeg","contentUrl":"https:\/\/macite.tg\/wp-content\/uploads\/2023\/09\/WhatsApp-Image-2023-09-19-at-14.44.41-122x122.jpeg","caption":"Jean Pierre BAWELA"},"url":"https:\/\/macite.tg\/?author=2"}]}},"_links":{"self":[{"href":"https:\/\/macite.tg\/index.php?rest_route=\/wp\/v2\/posts\/16398","targetHints":{"allow":["GET"]}}],"collection":[{"href":"https:\/\/macite.tg\/index.php?rest_route=\/wp\/v2\/posts"}],"about":[{"href":"https:\/\/macite.tg\/index.php?rest_route=\/wp\/v2\/types\/post"}],"author":[{"embeddable":true,"href":"https:\/\/macite.tg\/index.php?rest_route=\/wp\/v2\/users\/2"}],"replies":[{"embeddable":true,"href":"https:\/\/macite.tg\/index.php?rest_route=%2Fwp%2Fv2%2Fcomments&post=16398"}],"version-history":[{"count":0,"href":"https:\/\/macite.tg\/index.php?rest_route=\/wp\/v2\/posts\/16398\/revisions"}],"wp:featuredmedia":[{"embeddable":true,"href":"https:\/\/macite.tg\/index.php?rest_route=\/wp\/v2\/media\/16399"}],"wp:attachment":[{"href":"https:\/\/macite.tg\/index.php?rest_route=%2Fwp%2Fv2%2Fmedia&parent=16398"}],"wp:term":[{"taxonomy":"category","embeddable":true,"href":"https:\/\/macite.tg\/index.php?rest_route=%2Fwp%2Fv2%2Fcategories&post=16398"},{"taxonomy":"post_tag","embeddable":true,"href":"https:\/\/macite.tg\/index.php?rest_route=%2Fwp%2Fv2%2Ftags&post=16398"}],"curies":[{"name":"wp","href":"https:\/\/api.w.org\/{rel}","templated":true}]}}