{"id":16391,"date":"2024-09-05T10:10:23","date_gmt":"2024-09-05T10:10:23","guid":{"rendered":"https:\/\/macite.tg\/?p=16391"},"modified":"2024-09-05T10:13:28","modified_gmt":"2024-09-05T10:13:28","slug":"la-nuit-du-merite-sportif-lajst-celebre-ses-precurseurs-a-loccasion-de-ses-50-ans","status":"publish","type":"post","link":"https:\/\/macite.tg\/?p=16391","title":{"rendered":"LA NUIT DU MERITE SPORTIF : L\u2019Ajst c\u00e9l\u00e8bre ses pr\u00e9curseurs \u00e0 l&rsquo;occasion de ses 50 ans"},"content":{"rendered":"\n<p class=\"wp-block-paragraph\"><strong><em>L&rsquo;Association des Journalistes Sportifs du Togo (Ajst) c\u00e9l\u00e8bre ses 50 ans. Une c\u00e9l\u00e9bration qui a d\u00e9marr\u00e9 depuis le 1er mars 2023 (date de cr\u00e9ation de l&rsquo;association, 1er mars 1973) avec diff\u00e9rentes activit\u00e9s et qui prend fin ce samedi 07 septembre prochain. Pour ce faire, l&rsquo;Association a cr\u00e9\u00e9 un \u00e9v\u00e9nement in\u00e9dit d\u00e9nomm\u00e9 \u2018\u2019La Nuit du M\u00e9rite Sportif\u2019\u2019, pour honorer les meilleurs acteurs\/actrices et des journalistes sportifs sur la p\u00e9riode 2022-2023, et rendre ainsi hommage aux doyens du m\u00e9tier de journaliste sportif au Togo.<\/em><\/strong><\/p>\n\n\n\n<p class=\"wp-block-paragraph\">L&rsquo;Association des Journalistes Sportifs du Togo (Ajst) organise ce samedi 07 septembre 2024 \u2018\u2019La Nuit du M\u00e9rite Sportif\u2019\u2019 (Nms). \u00c0 un peu plus de 72h de cet \u00e9v\u00e9nement, grand de taille, qui se tient \u00e0 BlueZone Cacaveli \u00e0 Lom\u00e9, le bureau ex\u00e9cutif \u00e9tait face \u00e0 ses membres hier mercredi 04 septembre, au si\u00e8ge de ladite association, pour d\u00e9voiler les grandes lignes de cette grande soir\u00e9e.<\/p>\n\n\n<div class=\"wp-block-image\">\n<figure class=\"aligncenter size-full\"><img loading=\"lazy\" decoding=\"async\" width=\"512\" height=\"640\" src=\"https:\/\/macite.tg\/wp-content\/uploads\/2024\/09\/458322479_1061864072615065_9024736760689607284_n.jpg\" alt=\"\" class=\"wp-image-16392\" srcset=\"https:\/\/macite.tg\/wp-content\/uploads\/2024\/09\/458322479_1061864072615065_9024736760689607284_n.jpg 512w, https:\/\/macite.tg\/wp-content\/uploads\/2024\/09\/458322479_1061864072615065_9024736760689607284_n-240x300.jpg 240w\" sizes=\"auto, (max-width: 512px) 100vw, 512px\" \/><\/figure>\n<\/div>\n\n\n<p class=\"wp-block-paragraph\">Des athl\u00e8tes en passant par les dirigeants jusqu\u2019aux journalistes, cette soir\u00e9e de gala se veut inclusive et diff\u00e9rentes distinctions seront d\u00e9cern\u00e9es sur la base de la m\u00e9ritocratie : <em>\u00ab&nbsp;Depuis pr\u00e8s d\u2019un an, nous avons \u00e9t\u00e9 en relation avec les f\u00e9d\u00e9rations sportives nationales qui nous ont communiqu\u00e9 les athl\u00e8tes dont ils ont jug\u00e9 les performances m\u00e9ritoires. Nous avons mis en place un jury ind\u00e9pendant du comit\u00e9 d\u2019organisation, compos\u00e9 de sportifs, de journalistes tous exp\u00e9riment\u00e9s et reconnus&nbsp;\u00bb,<\/em> a admis le pr\u00e9sident du Comit\u00e9 d\u2019organisation, Tony D\u2019Almeida.<\/p>\n\n\n\n<p class=\"wp-block-paragraph\">Cette soir\u00e9e de r\u00e9compenses compte mettre les petits plats dans les grands, afin de d\u00e9rouler le tapis rouge \u00e0 tous ses invit\u00e9s. L&rsquo;\u00e9v\u00e9nement sera \u00e0 deux volets : r\u00e9compenser les meilleurs acteurs\/actrices et r\u00e9compenser les meilleures productions des journalistes sportifs, avec \u00e0 la cl\u00e9 des prix portant les noms d&rsquo;anciens journalistes sportifs dans leurs diff\u00e9rentes fonctions.<\/p>\n\n\n<div class=\"wp-block-image\">\n<figure class=\"aligncenter size-full is-resized\"><img loading=\"lazy\" decoding=\"async\" src=\"https:\/\/macite.tg\/wp-content\/uploads\/2024\/09\/ANNONCES-1-768x319-1.jpg\" alt=\"\" class=\"wp-image-16342\" width=\"840\" height=\"349\" srcset=\"https:\/\/macite.tg\/wp-content\/uploads\/2024\/09\/ANNONCES-1-768x319-1.jpg 768w, https:\/\/macite.tg\/wp-content\/uploads\/2024\/09\/ANNONCES-1-768x319-1-300x125.jpg 300w\" sizes=\"auto, (max-width: 840px) 100vw, 840px\" \/><\/figure>\n<\/div>\n\n\n<p class=\"wp-block-paragraph\">Pour les acteurs\/actrices des sports au Togo, des athl\u00e8tes, des pr\u00e9sidents et dirigeants de f\u00e9d\u00e9ration seront prim\u00e9s. Quant aux journalistes, on aura des Prix de l&rsquo;excellence dans cinq cat\u00e9gories \u00e0 savoir : la presse en ligne, la presse \u00e9crite, la radio, la t\u00e9l\u00e9vision et la photographie. Les doyens du domaine du journalisme sportif, tels que Prix Mana Palanga (T\u00e9l\u00e9vision), Prix Messan Gnamey (Presse \u00e9crite), Prix No\u00ebl Kokou Tad\u00e9gno (Presse en ligne), Prix Lawson Boevi (Radio), et le Prix Maxwell Dorkenoo (Photographe). Voil\u00e0 bien le lot des distinctions, fruit d&rsquo;un travail ardu et de longue haleine du comit\u00e9 d&rsquo;organisation, qui seront attribu\u00e9es \u00e0 des journalistes.<\/p>\n\n\n\n<p class=\"wp-block-paragraph\">A toute cette armada de distinctions, il y aura \u00e9galement des Prix sp\u00e9ciaux qui seront d\u00e9voil\u00e9s au grand public au cours de cette soir\u00e9e.<\/p>\n\n\n\n<p class=\"wp-block-paragraph\">Le pr\u00e9sident de l&rsquo;Ajst, Sylvestre Gounoubou, invite tous ses membres \u00e0 prendre part \u00e0 cette soir\u00e9e de gala. Il a d\u00e9voil\u00e9, \u00e0 cet effet, la raison pour laquelle, l&rsquo;\u00e9v\u00e9nement ne se tient qu&rsquo;en 2024. <em>\u00ab&nbsp;Le fait de ne pas tenir cette c\u00e9r\u00e9monie l\u2019ann\u00e9e derni\u00e8re est d\u00fb aux probl\u00e8mes de calendrier, de logistique et financier surtout. Le projet \u00e9tant ambitieux, nous avons jug\u00e9 bon de nous projeter pour offrir une soir\u00e9e apoth\u00e9ose digne du nom. Nous devons faire de cette Nms notre \u00e9v\u00e9nement&nbsp;\u00bb<\/em>, a d\u00e9clar\u00e9 Sylvestre Gounoubou.<\/p>\n\n\n<div class=\"wp-block-image\">\n<figure class=\"aligncenter size-large is-resized\"><img loading=\"lazy\" decoding=\"async\" src=\"https:\/\/macite.tg\/wp-content\/uploads\/2024\/08\/9766832a-ca7c-4101-b6ec-9e3130ecb2aa-742x1024.jpg\" alt=\"\" class=\"wp-image-16245\" width=\"460\" height=\"635\" srcset=\"https:\/\/macite.tg\/wp-content\/uploads\/2024\/08\/9766832a-ca7c-4101-b6ec-9e3130ecb2aa-742x1024.jpg 742w, https:\/\/macite.tg\/wp-content\/uploads\/2024\/08\/9766832a-ca7c-4101-b6ec-9e3130ecb2aa-218x300.jpg 218w, https:\/\/macite.tg\/wp-content\/uploads\/2024\/08\/9766832a-ca7c-4101-b6ec-9e3130ecb2aa-768x1059.jpg 768w, https:\/\/macite.tg\/wp-content\/uploads\/2024\/08\/9766832a-ca7c-4101-b6ec-9e3130ecb2aa-1114x1536.jpg 1114w, https:\/\/macite.tg\/wp-content\/uploads\/2024\/08\/9766832a-ca7c-4101-b6ec-9e3130ecb2aa.jpg 1160w\" sizes=\"auto, (max-width: 460px) 100vw, 460px\" \/><\/figure>\n<\/div>\n\n\n<p class=\"wp-block-paragraph\">Notons qu\u2019au total, une trentaine de troph\u00e9es seront d\u00e9cern\u00e9s aux acteurs\/actrices et aux journalistes. L&rsquo;avis est donc lanc\u00e9 aux diff\u00e9rents membres de l&rsquo;Ajst, qui \u0153uvre pour les sports et pour le Togo.<\/p>\n\n\n\n<p class=\"wp-block-paragraph\"><strong>Delanov A.<\/strong><\/p>\n\n\n\n<p class=\"wp-block-paragraph\"><a><strong><em>@macite.tg&nbsp;&nbsp;&nbsp;&nbsp;&nbsp;&nbsp;&nbsp;&nbsp;<\/em><\/strong><\/a><\/p>\n\n\n\n<p class=\"wp-block-paragraph\"><strong><em>E-mail&nbsp;: <\/em><\/strong><a href=\"mailto:maciteinfo@gmail.com\"><strong><em>maciteinfo@gmail.com<\/em><\/strong><\/a><strong><em>; <\/em><\/strong><a href=\"mailto:bawela1@gmail.com\"><strong><em>bawela1@gmail.com<\/em><\/strong><\/a><strong><em> <\/em><\/strong><strong><em><\/em><\/strong><\/p>\n\n\n\n<p class=\"wp-block-paragraph\"><strong><em>Pour vos annonces, (publi)reportages, etc., joignez-nous au (00228)91515309\/<strong>79872224 <\/strong>www.macite.tg, L\u2019information, la bonne&nbsp;!<\/em><\/strong><\/p>\n","protected":false},"excerpt":{"rendered":"<p class=\"text-justify mb-2\" >L&rsquo;Association des Journalistes Sportifs du Togo (Ajst) c\u00e9l\u00e8bre ses 50 ans. Une c\u00e9l\u00e9bration qui a d\u00e9marr\u00e9 depuis le 1er mars 2023 (date de cr\u00e9ation de l&rsquo;association, 1er mars 1973) avec diff\u00e9rentes activit\u00e9s et qui prend fin ce samedi 07 septembre prochain. Pour ce faire, l&rsquo;Association [&hellip;]<\/p>\n","protected":false},"author":2,"featured_media":16395,"comment_status":"open","ping_status":"open","sticky":false,"template":"","format":"standard","meta":{"footnotes":""},"categories":[20,7],"tags":[],"class_list":["post-16391","post","type-post","status-publish","format-standard","has-post-thumbnail","hentry","category-actualite","category-sports"],"yoast_head":"<!-- This site is optimized with the Yoast SEO plugin v28.4 - https:\/\/yoast.com\/product\/yoast-seo-wordpress\/ -->\n<title>LA NUIT DU MERITE SPORTIF : L\u2019Ajst c\u00e9l\u00e8bre ses pr\u00e9curseurs \u00e0 l&#039;occasion de ses 50 ans -<\/title>\n<meta name=\"robots\" content=\"index, follow, max-snippet:-1, max-image-preview:large, max-video-preview:-1\" \/>\n<link rel=\"canonical\" href=\"https:\/\/macite.tg\/?p=16391\" \/>\n<meta property=\"og:locale\" content=\"fr_FR\" \/>\n<meta property=\"og:type\" content=\"article\" \/>\n<meta property=\"og:title\" content=\"LA NUIT DU MERITE SPORTIF : L\u2019Ajst c\u00e9l\u00e8bre ses pr\u00e9curseurs \u00e0 l&#039;occasion de ses 50 ans -\" \/>\n<meta property=\"og:description\" content=\"L&rsquo;Association des Journalistes Sportifs du Togo (Ajst) c\u00e9l\u00e8bre ses 50 ans. Une c\u00e9l\u00e9bration qui a d\u00e9marr\u00e9 depuis le 1er mars 2023 (date de cr\u00e9ation de l&rsquo;association, 1er mars 1973) avec diff\u00e9rentes activit\u00e9s et qui prend fin ce samedi 07 septembre prochain. Pour ce faire, l&rsquo;Association [&hellip;]\" \/>\n<meta property=\"og:url\" content=\"https:\/\/macite.tg\/?p=16391\" \/>\n<meta property=\"article:published_time\" content=\"2024-09-05T10:10:23+00:00\" \/>\n<meta property=\"article:modified_time\" content=\"2024-09-05T10:13:28+00:00\" \/>\n<meta property=\"og:image\" content=\"https:\/\/macite.tg\/wp-content\/uploads\/2024\/09\/AJST.jpg\" \/>\n\t<meta property=\"og:image:width\" content=\"500\" \/>\n\t<meta property=\"og:image:height\" content=\"276\" \/>\n\t<meta property=\"og:image:type\" content=\"image\/jpeg\" \/>\n<meta name=\"author\" content=\"Jean Pierre BAWELA\" \/>\n<meta name=\"twitter:card\" content=\"summary_large_image\" \/>\n<meta name=\"twitter:label1\" content=\"\u00c9crit par\" \/>\n\t<meta name=\"twitter:data1\" content=\"Jean Pierre BAWELA\" \/>\n\t<meta name=\"twitter:label2\" content=\"Dur\u00e9e de lecture estim\u00e9e\" \/>\n\t<meta name=\"twitter:data2\" content=\"3 minutes\" \/>\n<script type=\"application\/ld+json\" class=\"yoast-schema-graph\">{\"@context\":\"https:\\\/\\\/schema.org\",\"@graph\":[{\"@type\":\"Article\",\"@id\":\"https:\\\/\\\/macite.tg\\\/?p=16391#article\",\"isPartOf\":{\"@id\":\"https:\\\/\\\/macite.tg\\\/?p=16391\"},\"author\":{\"name\":\"Jean Pierre BAWELA\",\"@id\":\"https:\\\/\\\/macite.tg\\\/#\\\/schema\\\/person\\\/e9f2de7e5dbbe7770a9402c7ce82f5c2\"},\"headline\":\"LA NUIT DU MERITE SPORTIF : L\u2019Ajst c\u00e9l\u00e8bre ses pr\u00e9curseurs \u00e0 l&rsquo;occasion de ses 50 ans\",\"datePublished\":\"2024-09-05T10:10:23+00:00\",\"dateModified\":\"2024-09-05T10:13:28+00:00\",\"mainEntityOfPage\":{\"@id\":\"https:\\\/\\\/macite.tg\\\/?p=16391\"},\"wordCount\":670,\"commentCount\":0,\"image\":{\"@id\":\"https:\\\/\\\/macite.tg\\\/?p=16391#primaryimage\"},\"thumbnailUrl\":\"https:\\\/\\\/macite.tg\\\/wp-content\\\/uploads\\\/2024\\\/09\\\/AJST.jpg\",\"articleSection\":[\"ACTUALITE\",\"SPORTS\"],\"inLanguage\":\"fr-FR\",\"potentialAction\":[{\"@type\":\"CommentAction\",\"name\":\"Comment\",\"target\":[\"https:\\\/\\\/macite.tg\\\/?p=16391#respond\"]}]},{\"@type\":\"WebPage\",\"@id\":\"https:\\\/\\\/macite.tg\\\/?p=16391\",\"url\":\"https:\\\/\\\/macite.tg\\\/?p=16391\",\"name\":\"LA NUIT DU MERITE SPORTIF : L\u2019Ajst c\u00e9l\u00e8bre ses pr\u00e9curseurs \u00e0 l'occasion de ses 50 ans -\",\"isPartOf\":{\"@id\":\"https:\\\/\\\/macite.tg\\\/#website\"},\"primaryImageOfPage\":{\"@id\":\"https:\\\/\\\/macite.tg\\\/?p=16391#primaryimage\"},\"image\":{\"@id\":\"https:\\\/\\\/macite.tg\\\/?p=16391#primaryimage\"},\"thumbnailUrl\":\"https:\\\/\\\/macite.tg\\\/wp-content\\\/uploads\\\/2024\\\/09\\\/AJST.jpg\",\"datePublished\":\"2024-09-05T10:10:23+00:00\",\"dateModified\":\"2024-09-05T10:13:28+00:00\",\"author\":{\"@id\":\"https:\\\/\\\/macite.tg\\\/#\\\/schema\\\/person\\\/e9f2de7e5dbbe7770a9402c7ce82f5c2\"},\"breadcrumb\":{\"@id\":\"https:\\\/\\\/macite.tg\\\/?p=16391#breadcrumb\"},\"inLanguage\":\"fr-FR\",\"potentialAction\":[{\"@type\":\"ReadAction\",\"target\":[\"https:\\\/\\\/macite.tg\\\/?p=16391\"]}]},{\"@type\":\"ImageObject\",\"inLanguage\":\"fr-FR\",\"@id\":\"https:\\\/\\\/macite.tg\\\/?p=16391#primaryimage\",\"url\":\"https:\\\/\\\/macite.tg\\\/wp-content\\\/uploads\\\/2024\\\/09\\\/AJST.jpg\",\"contentUrl\":\"https:\\\/\\\/macite.tg\\\/wp-content\\\/uploads\\\/2024\\\/09\\\/AJST.jpg\",\"width\":500,\"height\":276,\"caption\":\"De gauche \u00e0 droite, le Pr\u00e9sident du Comit\u00e9 d'organisation, Tonny d'Almeida; le president de l'AJST, Sylvestre Gounoubou; et le SG d el'AJST, Dr Kodjo Avulete, lors de la conference de presse hier au si\u00e8ge de l'association, \u00e0 Lom\u00e9.\"},{\"@type\":\"BreadcrumbList\",\"@id\":\"https:\\\/\\\/macite.tg\\\/?p=16391#breadcrumb\",\"itemListElement\":[{\"@type\":\"ListItem\",\"position\":1,\"name\":\"Accueil\",\"item\":\"https:\\\/\\\/macite.tg\\\/\"},{\"@type\":\"ListItem\",\"position\":2,\"name\":\"LA NUIT DU MERITE SPORTIF : L\u2019Ajst c\u00e9l\u00e8bre ses pr\u00e9curseurs \u00e0 l&rsquo;occasion de ses 50 ans\"}]},{\"@type\":\"WebSite\",\"@id\":\"https:\\\/\\\/macite.tg\\\/#website\",\"url\":\"https:\\\/\\\/macite.tg\\\/\",\"name\":\"\",\"description\":\"L&#039;information, la bonne!!!\",\"potentialAction\":[{\"@type\":\"SearchAction\",\"target\":{\"@type\":\"EntryPoint\",\"urlTemplate\":\"https:\\\/\\\/macite.tg\\\/?s={search_term_string}\"},\"query-input\":{\"@type\":\"PropertyValueSpecification\",\"valueRequired\":true,\"valueName\":\"search_term_string\"}}],\"inLanguage\":\"fr-FR\"},{\"@type\":\"Person\",\"@id\":\"https:\\\/\\\/macite.tg\\\/#\\\/schema\\\/person\\\/e9f2de7e5dbbe7770a9402c7ce82f5c2\",\"name\":\"Jean Pierre BAWELA\",\"image\":{\"@type\":\"ImageObject\",\"inLanguage\":\"fr-FR\",\"@id\":\"https:\\\/\\\/macite.tg\\\/wp-content\\\/uploads\\\/2023\\\/09\\\/WhatsApp-Image-2023-09-19-at-14.44.41-122x122.jpeg\",\"url\":\"https:\\\/\\\/macite.tg\\\/wp-content\\\/uploads\\\/2023\\\/09\\\/WhatsApp-Image-2023-09-19-at-14.44.41-122x122.jpeg\",\"contentUrl\":\"https:\\\/\\\/macite.tg\\\/wp-content\\\/uploads\\\/2023\\\/09\\\/WhatsApp-Image-2023-09-19-at-14.44.41-122x122.jpeg\",\"caption\":\"Jean Pierre BAWELA\"},\"url\":\"https:\\\/\\\/macite.tg\\\/?author=2\"}]}<\/script>\n<!-- \/ Yoast SEO plugin. -->","yoast_head_json":{"title":"LA NUIT DU MERITE SPORTIF : L\u2019Ajst c\u00e9l\u00e8bre ses pr\u00e9curseurs \u00e0 l'occasion de ses 50 ans -","robots":{"index":"index","follow":"follow","max-snippet":"max-snippet:-1","max-image-preview":"max-image-preview:large","max-video-preview":"max-video-preview:-1"},"canonical":"https:\/\/macite.tg\/?p=16391","og_locale":"fr_FR","og_type":"article","og_title":"LA NUIT DU MERITE SPORTIF : L\u2019Ajst c\u00e9l\u00e8bre ses pr\u00e9curseurs \u00e0 l'occasion de ses 50 ans -","og_description":"L&rsquo;Association des Journalistes Sportifs du Togo (Ajst) c\u00e9l\u00e8bre ses 50 ans. Une c\u00e9l\u00e9bration qui a d\u00e9marr\u00e9 depuis le 1er mars 2023 (date de cr\u00e9ation de l&rsquo;association, 1er mars 1973) avec diff\u00e9rentes activit\u00e9s et qui prend fin ce samedi 07 septembre prochain. Pour ce faire, l&rsquo;Association [&hellip;]","og_url":"https:\/\/macite.tg\/?p=16391","article_published_time":"2024-09-05T10:10:23+00:00","article_modified_time":"2024-09-05T10:13:28+00:00","og_image":[{"width":500,"height":276,"url":"https:\/\/macite.tg\/wp-content\/uploads\/2024\/09\/AJST.jpg","type":"image\/jpeg"}],"author":"Jean Pierre BAWELA","twitter_card":"summary_large_image","twitter_misc":{"\u00c9crit par":"Jean Pierre BAWELA","Dur\u00e9e de lecture estim\u00e9e":"3 minutes"},"schema":{"@context":"https:\/\/schema.org","@graph":[{"@type":"Article","@id":"https:\/\/macite.tg\/?p=16391#article","isPartOf":{"@id":"https:\/\/macite.tg\/?p=16391"},"author":{"name":"Jean Pierre BAWELA","@id":"https:\/\/macite.tg\/#\/schema\/person\/e9f2de7e5dbbe7770a9402c7ce82f5c2"},"headline":"LA NUIT DU MERITE SPORTIF : L\u2019Ajst c\u00e9l\u00e8bre ses pr\u00e9curseurs \u00e0 l&rsquo;occasion de ses 50 ans","datePublished":"2024-09-05T10:10:23+00:00","dateModified":"2024-09-05T10:13:28+00:00","mainEntityOfPage":{"@id":"https:\/\/macite.tg\/?p=16391"},"wordCount":670,"commentCount":0,"image":{"@id":"https:\/\/macite.tg\/?p=16391#primaryimage"},"thumbnailUrl":"https:\/\/macite.tg\/wp-content\/uploads\/2024\/09\/AJST.jpg","articleSection":["ACTUALITE","SPORTS"],"inLanguage":"fr-FR","potentialAction":[{"@type":"CommentAction","name":"Comment","target":["https:\/\/macite.tg\/?p=16391#respond"]}]},{"@type":"WebPage","@id":"https:\/\/macite.tg\/?p=16391","url":"https:\/\/macite.tg\/?p=16391","name":"LA NUIT DU MERITE SPORTIF : L\u2019Ajst c\u00e9l\u00e8bre ses pr\u00e9curseurs \u00e0 l'occasion de ses 50 ans -","isPartOf":{"@id":"https:\/\/macite.tg\/#website"},"primaryImageOfPage":{"@id":"https:\/\/macite.tg\/?p=16391#primaryimage"},"image":{"@id":"https:\/\/macite.tg\/?p=16391#primaryimage"},"thumbnailUrl":"https:\/\/macite.tg\/wp-content\/uploads\/2024\/09\/AJST.jpg","datePublished":"2024-09-05T10:10:23+00:00","dateModified":"2024-09-05T10:13:28+00:00","author":{"@id":"https:\/\/macite.tg\/#\/schema\/person\/e9f2de7e5dbbe7770a9402c7ce82f5c2"},"breadcrumb":{"@id":"https:\/\/macite.tg\/?p=16391#breadcrumb"},"inLanguage":"fr-FR","potentialAction":[{"@type":"ReadAction","target":["https:\/\/macite.tg\/?p=16391"]}]},{"@type":"ImageObject","inLanguage":"fr-FR","@id":"https:\/\/macite.tg\/?p=16391#primaryimage","url":"https:\/\/macite.tg\/wp-content\/uploads\/2024\/09\/AJST.jpg","contentUrl":"https:\/\/macite.tg\/wp-content\/uploads\/2024\/09\/AJST.jpg","width":500,"height":276,"caption":"De gauche \u00e0 droite, le Pr\u00e9sident du Comit\u00e9 d'organisation, Tonny d'Almeida; le president de l'AJST, Sylvestre Gounoubou; et le SG d el'AJST, Dr Kodjo Avulete, lors de la conference de presse hier au si\u00e8ge de l'association, \u00e0 Lom\u00e9."},{"@type":"BreadcrumbList","@id":"https:\/\/macite.tg\/?p=16391#breadcrumb","itemListElement":[{"@type":"ListItem","position":1,"name":"Accueil","item":"https:\/\/macite.tg\/"},{"@type":"ListItem","position":2,"name":"LA NUIT DU MERITE SPORTIF : L\u2019Ajst c\u00e9l\u00e8bre ses pr\u00e9curseurs \u00e0 l&rsquo;occasion de ses 50 ans"}]},{"@type":"WebSite","@id":"https:\/\/macite.tg\/#website","url":"https:\/\/macite.tg\/","name":"","description":"L&#039;information, la bonne!!!","potentialAction":[{"@type":"SearchAction","target":{"@type":"EntryPoint","urlTemplate":"https:\/\/macite.tg\/?s={search_term_string}"},"query-input":{"@type":"PropertyValueSpecification","valueRequired":true,"valueName":"search_term_string"}}],"inLanguage":"fr-FR"},{"@type":"Person","@id":"https:\/\/macite.tg\/#\/schema\/person\/e9f2de7e5dbbe7770a9402c7ce82f5c2","name":"Jean Pierre BAWELA","image":{"@type":"ImageObject","inLanguage":"fr-FR","@id":"https:\/\/macite.tg\/wp-content\/uploads\/2023\/09\/WhatsApp-Image-2023-09-19-at-14.44.41-122x122.jpeg","url":"https:\/\/macite.tg\/wp-content\/uploads\/2023\/09\/WhatsApp-Image-2023-09-19-at-14.44.41-122x122.jpeg","contentUrl":"https:\/\/macite.tg\/wp-content\/uploads\/2023\/09\/WhatsApp-Image-2023-09-19-at-14.44.41-122x122.jpeg","caption":"Jean Pierre BAWELA"},"url":"https:\/\/macite.tg\/?author=2"}]}},"_links":{"self":[{"href":"https:\/\/macite.tg\/index.php?rest_route=\/wp\/v2\/posts\/16391","targetHints":{"allow":["GET"]}}],"collection":[{"href":"https:\/\/macite.tg\/index.php?rest_route=\/wp\/v2\/posts"}],"about":[{"href":"https:\/\/macite.tg\/index.php?rest_route=\/wp\/v2\/types\/post"}],"author":[{"embeddable":true,"href":"https:\/\/macite.tg\/index.php?rest_route=\/wp\/v2\/users\/2"}],"replies":[{"embeddable":true,"href":"https:\/\/macite.tg\/index.php?rest_route=%2Fwp%2Fv2%2Fcomments&post=16391"}],"version-history":[{"count":0,"href":"https:\/\/macite.tg\/index.php?rest_route=\/wp\/v2\/posts\/16391\/revisions"}],"wp:featuredmedia":[{"embeddable":true,"href":"https:\/\/macite.tg\/index.php?rest_route=\/wp\/v2\/media\/16395"}],"wp:attachment":[{"href":"https:\/\/macite.tg\/index.php?rest_route=%2Fwp%2Fv2%2Fmedia&parent=16391"}],"wp:term":[{"taxonomy":"category","embeddable":true,"href":"https:\/\/macite.tg\/index.php?rest_route=%2Fwp%2Fv2%2Fcategories&post=16391"},{"taxonomy":"post_tag","embeddable":true,"href":"https:\/\/macite.tg\/index.php?rest_route=%2Fwp%2Fv2%2Ftags&post=16391"}],"curies":[{"name":"wp","href":"https:\/\/api.w.org\/{rel}","templated":true}]}}