{"id":16381,"date":"2024-09-04T12:22:22","date_gmt":"2024-09-04T12:22:22","guid":{"rendered":"https:\/\/macite.tg\/?p=16381"},"modified":"2024-09-04T12:22:51","modified_gmt":"2024-09-04T12:22:51","slug":"encore-un-marche-parti-en-fumee-a-lome-06-hangars-mais-aussi-des-vivres-et-autres-produits-consumes-au-marche-de-kegue","status":"publish","type":"post","link":"https:\/\/macite.tg\/?p=16381","title":{"rendered":"ENCORE UN MARCHE PARTI EN FUMEE\u00a0A LOME\u00a0: 06 hangars mais aussi des vivres et autres produits consum\u00e9s par le feu au march\u00e9 de K\u00e9gu\u00e9\u2026"},"content":{"rendered":"\n<p class=\"wp-block-paragraph\"><strong><em>La nuit d\u2019hier mardi 02 septembre restera encore m\u00e9morable dans les esprits collectifs, mais particuli\u00e8rement pour les habitants de K\u00e9gu\u00e9 et de ses environs. En effet, un incendie s\u2019est d\u00e9clar\u00e9 hier nuit autour de 20h au march\u00e9 de K\u00e9gu\u00e9 sis en face du stade heure. Il a \u00e9t\u00e9 heureusement vite ma\u00eetris\u00e9 par les \u00ab\u00a0soldats du feu\u00a0\u00bb. Le bilan fait \u00e9tat de sic hangars br\u00fbl\u00e9s mais aussi une quantit\u00e9 importante de vivres, notamment des c\u00e9r\u00e9ales, des farines, des l\u00e9gumes, etc. parie en fum\u00e9es\u2026<\/em><\/strong><\/p>\n\n\n\n<p class=\"wp-block-paragraph\">Selon les t\u00e9moins de la sc\u00e8ne insoutenable, autour de 20heures hier, une fum\u00e9e insistante a \u00e9veill\u00e9 l\u2019attention des riverains, qui se sont tout de suite ru\u00e9s sur les lieux. Mais le feu qui venait du march\u00e9, s\u2019est rapidement propag\u00e9 \u00e0 plusieurs \u00e9tals et hangars.<\/p>\n\n\n<div class=\"wp-block-image\">\n<figure class=\"aligncenter size-full is-resized\"><img loading=\"lazy\" decoding=\"async\" src=\"https:\/\/macite.tg\/wp-content\/uploads\/2024\/09\/ANNONCES-1-768x319-1.jpg\" alt=\"\" class=\"wp-image-16342\" width=\"835\" height=\"347\" srcset=\"https:\/\/macite.tg\/wp-content\/uploads\/2024\/09\/ANNONCES-1-768x319-1.jpg 768w, https:\/\/macite.tg\/wp-content\/uploads\/2024\/09\/ANNONCES-1-768x319-1-300x125.jpg 300w\" sizes=\"auto, (max-width: 835px) 100vw, 835px\" \/><\/figure>\n<\/div>\n\n\n<p class=\"wp-block-paragraph\">Alert\u00e9, les <em>\u00ab&nbsp;soldats du feu&nbsp;\u00bb<\/em> n\u2019ont pas mis du temps \u00e0 investir les lieux, avec des moyens ad\u00e9quats. Ainsi, leur intervention, moins d\u2019une heure apr\u00e8s, a permis de ma\u00eetriser les flammes, qui se propageaient.<\/p>\n\n\n\n<p class=\"wp-block-paragraph\">Alors que le bilan provisoire fait \u00e9tat de six hangars d\u00e9truits, une quantit\u00e9 non n\u00e9gligeable de vivres (c\u00e9r\u00e9ales, farines, l\u00e9gumes, \u2026) consum\u00e9s par les flammes, l\u2019on ignore encore l\u2019origine de cet incendie, qui met une fois \u00e0 rude \u00e9preuve les commer\u00e7antes, ceci \u00e0 la veille de la rentr\u00e9e scolaire.<\/p>\n\n\n\n<p class=\"wp-block-paragraph\">Inform\u00e9s de la situation, plusieurs ministres, notamment en charge de l\u2019Administration territoriale (Col Awat\u00e9), de la S\u00e9curit\u00e9 (Col Madjoulba) et du D\u00e9veloppement \u00e0 la base (Mme Assih), se sont transport\u00e9s sur les lieux pour s\u2019enqu\u00e9rir de la situation.<\/p>\n\n\n<div class=\"wp-block-image\">\n<figure class=\"aligncenter size-large is-resized\"><img loading=\"lazy\" decoding=\"async\" src=\"https:\/\/macite.tg\/wp-content\/uploads\/2024\/08\/9766832a-ca7c-4101-b6ec-9e3130ecb2aa-742x1024.jpg\" alt=\"\" class=\"wp-image-16245\" width=\"550\" height=\"759\" srcset=\"https:\/\/macite.tg\/wp-content\/uploads\/2024\/08\/9766832a-ca7c-4101-b6ec-9e3130ecb2aa-742x1024.jpg 742w, https:\/\/macite.tg\/wp-content\/uploads\/2024\/08\/9766832a-ca7c-4101-b6ec-9e3130ecb2aa-218x300.jpg 218w, https:\/\/macite.tg\/wp-content\/uploads\/2024\/08\/9766832a-ca7c-4101-b6ec-9e3130ecb2aa-768x1059.jpg 768w, https:\/\/macite.tg\/wp-content\/uploads\/2024\/08\/9766832a-ca7c-4101-b6ec-9e3130ecb2aa-1114x1536.jpg 1114w, https:\/\/macite.tg\/wp-content\/uploads\/2024\/08\/9766832a-ca7c-4101-b6ec-9e3130ecb2aa.jpg 1160w\" sizes=\"auto, (max-width: 550px) 100vw, 550px\" \/><\/figure>\n<\/div>\n\n\n<p class=\"wp-block-paragraph\">Il faut souligner que le pays est secou\u00e9 depuis 2013 par un vent d\u2019incendies qui a ravag\u00e9 plusieurs march\u00e9s avec \u00e0 la cl\u00e9 des d\u00e9g\u00e2ts \u00e9normes. M\u00eame si des efforts de reconstruction de ces centres commerciaux et d\u2019indemnisation (symbolique) sont en cours, il faille s\u2019interroger sur la suite \u00e0 donner \u00e0 ces diff\u00e9rentes situations qui, de part leur r\u00e9currence, font penser au c\u00f4t\u00e9 criminel de la chose. Une sorte de main noire tapie dans l\u2019ombre qui s\u00e8me la d\u00e9solation au sein des vaillantes populations.<\/p>\n\n\n\n<p class=\"wp-block-paragraph\"><strong>La R\u00e9daction<\/strong><\/p>\n\n\n\n<p class=\"wp-block-paragraph\"><a><strong><em>@macite.tg&nbsp;&nbsp;&nbsp;&nbsp;&nbsp;&nbsp;&nbsp;&nbsp;<\/em><\/strong><\/a><\/p>\n\n\n\n<p class=\"wp-block-paragraph\"><strong><em>E-mail&nbsp;: <\/em><\/strong><a href=\"mailto:maciteinfo@gmail.com\"><strong><em>maciteinfo@gmail.com<\/em><\/strong><\/a><strong><em>; <\/em><\/strong><a href=\"mailto:bawela1@gmail.com\"><strong><em>bawela1@gmail.com<\/em><\/strong><\/a><strong><em><\/em><\/strong><\/p>\n\n\n\n<p class=\"wp-block-paragraph\"><strong><em>Pour vos annonces, (publi)reportages, etc., joignez-nous au (00228)91515309\/<strong>79872224 <\/strong>www.macite.tg, L\u2019information, la bonne&nbsp;!<\/em><\/strong><\/p>\n","protected":false},"excerpt":{"rendered":"<p class=\"text-justify mb-2\" >La nuit d\u2019hier mardi 02 septembre restera encore m\u00e9morable dans les esprits collectifs, mais particuli\u00e8rement pour les habitants de K\u00e9gu\u00e9 et de ses environs. En effet, un incendie s\u2019est d\u00e9clar\u00e9 hier nuit autour de 20h au march\u00e9 de K\u00e9gu\u00e9 sis en face du stade heure. [&hellip;]<\/p>\n","protected":false},"author":2,"featured_media":16385,"comment_status":"open","ping_status":"open","sticky":false,"template":"","format":"standard","meta":{"footnotes":""},"categories":[20,36],"tags":[],"class_list":["post-16381","post","type-post","status-publish","format-standard","has-post-thumbnail","hentry","category-actualite","category-drame"],"yoast_head":"<!-- This site is optimized with the Yoast SEO plugin v28.4 - https:\/\/yoast.com\/product\/yoast-seo-wordpress\/ -->\n<title>ENCORE UN MARCHE PARTI EN FUMEE\u00a0A LOME\u00a0: 06 hangars mais aussi des vivres et autres produits consum\u00e9s par le feu au march\u00e9 de K\u00e9gu\u00e9\u2026 -<\/title>\n<meta name=\"robots\" content=\"index, follow, max-snippet:-1, max-image-preview:large, max-video-preview:-1\" \/>\n<link rel=\"canonical\" href=\"https:\/\/macite.tg\/?p=16381\" \/>\n<meta property=\"og:locale\" content=\"fr_FR\" \/>\n<meta property=\"og:type\" content=\"article\" \/>\n<meta property=\"og:title\" content=\"ENCORE UN MARCHE PARTI EN FUMEE\u00a0A LOME\u00a0: 06 hangars mais aussi des vivres et autres produits consum\u00e9s par le feu au march\u00e9 de K\u00e9gu\u00e9\u2026 -\" \/>\n<meta property=\"og:description\" content=\"La nuit d\u2019hier mardi 02 septembre restera encore m\u00e9morable dans les esprits collectifs, mais particuli\u00e8rement pour les habitants de K\u00e9gu\u00e9 et de ses environs. En effet, un incendie s\u2019est d\u00e9clar\u00e9 hier nuit autour de 20h au march\u00e9 de K\u00e9gu\u00e9 sis en face du stade heure. [&hellip;]\" \/>\n<meta property=\"og:url\" content=\"https:\/\/macite.tg\/?p=16381\" \/>\n<meta property=\"article:published_time\" content=\"2024-09-04T12:22:22+00:00\" \/>\n<meta property=\"article:modified_time\" content=\"2024-09-04T12:22:51+00:00\" \/>\n<meta property=\"og:image\" content=\"https:\/\/macite.tg\/wp-content\/uploads\/2024\/09\/Marche-Kegue.jpg\" \/>\n\t<meta property=\"og:image:width\" content=\"500\" \/>\n\t<meta property=\"og:image:height\" content=\"225\" \/>\n\t<meta property=\"og:image:type\" content=\"image\/jpeg\" \/>\n<meta name=\"author\" content=\"Jean Pierre BAWELA\" \/>\n<meta name=\"twitter:card\" content=\"summary_large_image\" \/>\n<meta name=\"twitter:label1\" content=\"\u00c9crit par\" \/>\n\t<meta name=\"twitter:data1\" content=\"Jean Pierre BAWELA\" \/>\n\t<meta name=\"twitter:label2\" content=\"Dur\u00e9e de lecture estim\u00e9e\" \/>\n\t<meta name=\"twitter:data2\" content=\"2 minutes\" \/>\n<script type=\"application\/ld+json\" class=\"yoast-schema-graph\">{\"@context\":\"https:\\\/\\\/schema.org\",\"@graph\":[{\"@type\":\"Article\",\"@id\":\"https:\\\/\\\/macite.tg\\\/?p=16381#article\",\"isPartOf\":{\"@id\":\"https:\\\/\\\/macite.tg\\\/?p=16381\"},\"author\":{\"name\":\"Jean Pierre BAWELA\",\"@id\":\"https:\\\/\\\/macite.tg\\\/#\\\/schema\\\/person\\\/e9f2de7e5dbbe7770a9402c7ce82f5c2\"},\"headline\":\"ENCORE UN MARCHE PARTI EN FUMEE\u00a0A LOME\u00a0: 06 hangars mais aussi des vivres et autres produits consum\u00e9s par le feu au march\u00e9 de K\u00e9gu\u00e9\u2026\",\"datePublished\":\"2024-09-04T12:22:22+00:00\",\"dateModified\":\"2024-09-04T12:22:51+00:00\",\"mainEntityOfPage\":{\"@id\":\"https:\\\/\\\/macite.tg\\\/?p=16381\"},\"wordCount\":440,\"commentCount\":0,\"image\":{\"@id\":\"https:\\\/\\\/macite.tg\\\/?p=16381#primaryimage\"},\"thumbnailUrl\":\"https:\\\/\\\/macite.tg\\\/wp-content\\\/uploads\\\/2024\\\/09\\\/Marche-Kegue.jpg\",\"articleSection\":[\"ACTUALITE\",\"DRAME\"],\"inLanguage\":\"fr-FR\",\"potentialAction\":[{\"@type\":\"CommentAction\",\"name\":\"Comment\",\"target\":[\"https:\\\/\\\/macite.tg\\\/?p=16381#respond\"]}]},{\"@type\":\"WebPage\",\"@id\":\"https:\\\/\\\/macite.tg\\\/?p=16381\",\"url\":\"https:\\\/\\\/macite.tg\\\/?p=16381\",\"name\":\"ENCORE UN MARCHE PARTI EN FUMEE\u00a0A LOME\u00a0: 06 hangars mais aussi des vivres et autres produits consum\u00e9s par le feu au march\u00e9 de K\u00e9gu\u00e9\u2026 -\",\"isPartOf\":{\"@id\":\"https:\\\/\\\/macite.tg\\\/#website\"},\"primaryImageOfPage\":{\"@id\":\"https:\\\/\\\/macite.tg\\\/?p=16381#primaryimage\"},\"image\":{\"@id\":\"https:\\\/\\\/macite.tg\\\/?p=16381#primaryimage\"},\"thumbnailUrl\":\"https:\\\/\\\/macite.tg\\\/wp-content\\\/uploads\\\/2024\\\/09\\\/Marche-Kegue.jpg\",\"datePublished\":\"2024-09-04T12:22:22+00:00\",\"dateModified\":\"2024-09-04T12:22:51+00:00\",\"author\":{\"@id\":\"https:\\\/\\\/macite.tg\\\/#\\\/schema\\\/person\\\/e9f2de7e5dbbe7770a9402c7ce82f5c2\"},\"breadcrumb\":{\"@id\":\"https:\\\/\\\/macite.tg\\\/?p=16381#breadcrumb\"},\"inLanguage\":\"fr-FR\",\"potentialAction\":[{\"@type\":\"ReadAction\",\"target\":[\"https:\\\/\\\/macite.tg\\\/?p=16381\"]}]},{\"@type\":\"ImageObject\",\"inLanguage\":\"fr-FR\",\"@id\":\"https:\\\/\\\/macite.tg\\\/?p=16381#primaryimage\",\"url\":\"https:\\\/\\\/macite.tg\\\/wp-content\\\/uploads\\\/2024\\\/09\\\/Marche-Kegue.jpg\",\"contentUrl\":\"https:\\\/\\\/macite.tg\\\/wp-content\\\/uploads\\\/2024\\\/09\\\/Marche-Kegue.jpg\",\"width\":500,\"height\":225,\"caption\":\"L'incendie du march\u00e9 de K\u00e9g\u00e9u\"},{\"@type\":\"BreadcrumbList\",\"@id\":\"https:\\\/\\\/macite.tg\\\/?p=16381#breadcrumb\",\"itemListElement\":[{\"@type\":\"ListItem\",\"position\":1,\"name\":\"Accueil\",\"item\":\"https:\\\/\\\/macite.tg\\\/\"},{\"@type\":\"ListItem\",\"position\":2,\"name\":\"ENCORE UN MARCHE PARTI EN FUMEE\u00a0A LOME\u00a0: 06 hangars mais aussi des vivres et autres produits consum\u00e9s par le feu au march\u00e9 de K\u00e9gu\u00e9\u2026\"}]},{\"@type\":\"WebSite\",\"@id\":\"https:\\\/\\\/macite.tg\\\/#website\",\"url\":\"https:\\\/\\\/macite.tg\\\/\",\"name\":\"\",\"description\":\"L&#039;information, la bonne!!!\",\"potentialAction\":[{\"@type\":\"SearchAction\",\"target\":{\"@type\":\"EntryPoint\",\"urlTemplate\":\"https:\\\/\\\/macite.tg\\\/?s={search_term_string}\"},\"query-input\":{\"@type\":\"PropertyValueSpecification\",\"valueRequired\":true,\"valueName\":\"search_term_string\"}}],\"inLanguage\":\"fr-FR\"},{\"@type\":\"Person\",\"@id\":\"https:\\\/\\\/macite.tg\\\/#\\\/schema\\\/person\\\/e9f2de7e5dbbe7770a9402c7ce82f5c2\",\"name\":\"Jean Pierre BAWELA\",\"image\":{\"@type\":\"ImageObject\",\"inLanguage\":\"fr-FR\",\"@id\":\"https:\\\/\\\/macite.tg\\\/wp-content\\\/uploads\\\/2023\\\/09\\\/WhatsApp-Image-2023-09-19-at-14.44.41-122x122.jpeg\",\"url\":\"https:\\\/\\\/macite.tg\\\/wp-content\\\/uploads\\\/2023\\\/09\\\/WhatsApp-Image-2023-09-19-at-14.44.41-122x122.jpeg\",\"contentUrl\":\"https:\\\/\\\/macite.tg\\\/wp-content\\\/uploads\\\/2023\\\/09\\\/WhatsApp-Image-2023-09-19-at-14.44.41-122x122.jpeg\",\"caption\":\"Jean Pierre BAWELA\"},\"url\":\"https:\\\/\\\/macite.tg\\\/?author=2\"}]}<\/script>\n<!-- \/ Yoast SEO plugin. -->","yoast_head_json":{"title":"ENCORE UN MARCHE PARTI EN FUMEE\u00a0A LOME\u00a0: 06 hangars mais aussi des vivres et autres produits consum\u00e9s par le feu au march\u00e9 de K\u00e9gu\u00e9\u2026 -","robots":{"index":"index","follow":"follow","max-snippet":"max-snippet:-1","max-image-preview":"max-image-preview:large","max-video-preview":"max-video-preview:-1"},"canonical":"https:\/\/macite.tg\/?p=16381","og_locale":"fr_FR","og_type":"article","og_title":"ENCORE UN MARCHE PARTI EN FUMEE\u00a0A LOME\u00a0: 06 hangars mais aussi des vivres et autres produits consum\u00e9s par le feu au march\u00e9 de K\u00e9gu\u00e9\u2026 -","og_description":"La nuit d\u2019hier mardi 02 septembre restera encore m\u00e9morable dans les esprits collectifs, mais particuli\u00e8rement pour les habitants de K\u00e9gu\u00e9 et de ses environs. En effet, un incendie s\u2019est d\u00e9clar\u00e9 hier nuit autour de 20h au march\u00e9 de K\u00e9gu\u00e9 sis en face du stade heure. [&hellip;]","og_url":"https:\/\/macite.tg\/?p=16381","article_published_time":"2024-09-04T12:22:22+00:00","article_modified_time":"2024-09-04T12:22:51+00:00","og_image":[{"width":500,"height":225,"url":"https:\/\/macite.tg\/wp-content\/uploads\/2024\/09\/Marche-Kegue.jpg","type":"image\/jpeg"}],"author":"Jean Pierre BAWELA","twitter_card":"summary_large_image","twitter_misc":{"\u00c9crit par":"Jean Pierre BAWELA","Dur\u00e9e de lecture estim\u00e9e":"2 minutes"},"schema":{"@context":"https:\/\/schema.org","@graph":[{"@type":"Article","@id":"https:\/\/macite.tg\/?p=16381#article","isPartOf":{"@id":"https:\/\/macite.tg\/?p=16381"},"author":{"name":"Jean Pierre BAWELA","@id":"https:\/\/macite.tg\/#\/schema\/person\/e9f2de7e5dbbe7770a9402c7ce82f5c2"},"headline":"ENCORE UN MARCHE PARTI EN FUMEE\u00a0A LOME\u00a0: 06 hangars mais aussi des vivres et autres produits consum\u00e9s par le feu au march\u00e9 de K\u00e9gu\u00e9\u2026","datePublished":"2024-09-04T12:22:22+00:00","dateModified":"2024-09-04T12:22:51+00:00","mainEntityOfPage":{"@id":"https:\/\/macite.tg\/?p=16381"},"wordCount":440,"commentCount":0,"image":{"@id":"https:\/\/macite.tg\/?p=16381#primaryimage"},"thumbnailUrl":"https:\/\/macite.tg\/wp-content\/uploads\/2024\/09\/Marche-Kegue.jpg","articleSection":["ACTUALITE","DRAME"],"inLanguage":"fr-FR","potentialAction":[{"@type":"CommentAction","name":"Comment","target":["https:\/\/macite.tg\/?p=16381#respond"]}]},{"@type":"WebPage","@id":"https:\/\/macite.tg\/?p=16381","url":"https:\/\/macite.tg\/?p=16381","name":"ENCORE UN MARCHE PARTI EN FUMEE\u00a0A LOME\u00a0: 06 hangars mais aussi des vivres et autres produits consum\u00e9s par le feu au march\u00e9 de K\u00e9gu\u00e9\u2026 -","isPartOf":{"@id":"https:\/\/macite.tg\/#website"},"primaryImageOfPage":{"@id":"https:\/\/macite.tg\/?p=16381#primaryimage"},"image":{"@id":"https:\/\/macite.tg\/?p=16381#primaryimage"},"thumbnailUrl":"https:\/\/macite.tg\/wp-content\/uploads\/2024\/09\/Marche-Kegue.jpg","datePublished":"2024-09-04T12:22:22+00:00","dateModified":"2024-09-04T12:22:51+00:00","author":{"@id":"https:\/\/macite.tg\/#\/schema\/person\/e9f2de7e5dbbe7770a9402c7ce82f5c2"},"breadcrumb":{"@id":"https:\/\/macite.tg\/?p=16381#breadcrumb"},"inLanguage":"fr-FR","potentialAction":[{"@type":"ReadAction","target":["https:\/\/macite.tg\/?p=16381"]}]},{"@type":"ImageObject","inLanguage":"fr-FR","@id":"https:\/\/macite.tg\/?p=16381#primaryimage","url":"https:\/\/macite.tg\/wp-content\/uploads\/2024\/09\/Marche-Kegue.jpg","contentUrl":"https:\/\/macite.tg\/wp-content\/uploads\/2024\/09\/Marche-Kegue.jpg","width":500,"height":225,"caption":"L'incendie du march\u00e9 de K\u00e9g\u00e9u"},{"@type":"BreadcrumbList","@id":"https:\/\/macite.tg\/?p=16381#breadcrumb","itemListElement":[{"@type":"ListItem","position":1,"name":"Accueil","item":"https:\/\/macite.tg\/"},{"@type":"ListItem","position":2,"name":"ENCORE UN MARCHE PARTI EN FUMEE\u00a0A LOME\u00a0: 06 hangars mais aussi des vivres et autres produits consum\u00e9s par le feu au march\u00e9 de K\u00e9gu\u00e9\u2026"}]},{"@type":"WebSite","@id":"https:\/\/macite.tg\/#website","url":"https:\/\/macite.tg\/","name":"","description":"L&#039;information, la bonne!!!","potentialAction":[{"@type":"SearchAction","target":{"@type":"EntryPoint","urlTemplate":"https:\/\/macite.tg\/?s={search_term_string}"},"query-input":{"@type":"PropertyValueSpecification","valueRequired":true,"valueName":"search_term_string"}}],"inLanguage":"fr-FR"},{"@type":"Person","@id":"https:\/\/macite.tg\/#\/schema\/person\/e9f2de7e5dbbe7770a9402c7ce82f5c2","name":"Jean Pierre BAWELA","image":{"@type":"ImageObject","inLanguage":"fr-FR","@id":"https:\/\/macite.tg\/wp-content\/uploads\/2023\/09\/WhatsApp-Image-2023-09-19-at-14.44.41-122x122.jpeg","url":"https:\/\/macite.tg\/wp-content\/uploads\/2023\/09\/WhatsApp-Image-2023-09-19-at-14.44.41-122x122.jpeg","contentUrl":"https:\/\/macite.tg\/wp-content\/uploads\/2023\/09\/WhatsApp-Image-2023-09-19-at-14.44.41-122x122.jpeg","caption":"Jean Pierre BAWELA"},"url":"https:\/\/macite.tg\/?author=2"}]}},"_links":{"self":[{"href":"https:\/\/macite.tg\/index.php?rest_route=\/wp\/v2\/posts\/16381","targetHints":{"allow":["GET"]}}],"collection":[{"href":"https:\/\/macite.tg\/index.php?rest_route=\/wp\/v2\/posts"}],"about":[{"href":"https:\/\/macite.tg\/index.php?rest_route=\/wp\/v2\/types\/post"}],"author":[{"embeddable":true,"href":"https:\/\/macite.tg\/index.php?rest_route=\/wp\/v2\/users\/2"}],"replies":[{"embeddable":true,"href":"https:\/\/macite.tg\/index.php?rest_route=%2Fwp%2Fv2%2Fcomments&post=16381"}],"version-history":[{"count":0,"href":"https:\/\/macite.tg\/index.php?rest_route=\/wp\/v2\/posts\/16381\/revisions"}],"wp:featuredmedia":[{"embeddable":true,"href":"https:\/\/macite.tg\/index.php?rest_route=\/wp\/v2\/media\/16385"}],"wp:attachment":[{"href":"https:\/\/macite.tg\/index.php?rest_route=%2Fwp%2Fv2%2Fmedia&parent=16381"}],"wp:term":[{"taxonomy":"category","embeddable":true,"href":"https:\/\/macite.tg\/index.php?rest_route=%2Fwp%2Fv2%2Fcategories&post=16381"},{"taxonomy":"post_tag","embeddable":true,"href":"https:\/\/macite.tg\/index.php?rest_route=%2Fwp%2Fv2%2Ftags&post=16381"}],"curies":[{"name":"wp","href":"https:\/\/api.w.org\/{rel}","templated":true}]}}