{"id":16355,"date":"2024-09-03T13:07:49","date_gmt":"2024-09-03T13:07:49","guid":{"rendered":"https:\/\/macite.tg\/?p=16355"},"modified":"2024-09-03T13:07:51","modified_gmt":"2024-09-03T13:07:51","slug":"enseignement-technique-80-des-apprenants-seront-inseres-confie-lexecutif","status":"publish","type":"post","link":"https:\/\/macite.tg\/?p=16355","title":{"rendered":"ENSEIGNEMENT TECHNIQUE : 80% des apprenants seront ins\u00e9r\u00e9s, confie l\u2019ex\u00e9cutif"},"content":{"rendered":"\n<p class=\"wp-block-paragraph\"><strong><em>En mati\u00e8re d&rsquo;insertion professionnelle, de probantes strat\u00e9gies nationales pour l&#8217;emploi des jeunes dipl\u00f4m\u00e9s sont d\u00e9ploy\u00e9es par les gouvernants togolais. Dans l&rsquo;enseignement technique, v\u00e9ritable niche d&rsquo;opportunit\u00e9s, le pays intensifie ses efforts, conscient du march\u00e9 du travail de plus en plus exigeant.<\/em><\/strong><\/p>\n\n\n\n<p class=\"wp-block-paragraph\">Les autorit\u00e9s outillent la jeunesse avec des comp\u00e9tences pratiques et facilitent leur int\u00e9gration dans le tissu \u00e9conomique national. L&rsquo;une des principales initiatives est la modernisation et le renforcement des \u00e9tablissements d&rsquo;enseignement technique dans tout le pays.<\/p>\n\n\n<div class=\"wp-block-image\">\n<figure class=\"aligncenter size-full is-resized\"><img loading=\"lazy\" decoding=\"async\" src=\"https:\/\/macite.tg\/wp-content\/uploads\/2024\/09\/ANNONCES-1-768x319-1.jpg\" alt=\"\" class=\"wp-image-16342\" width=\"840\" height=\"350\" srcset=\"https:\/\/macite.tg\/wp-content\/uploads\/2024\/09\/ANNONCES-1-768x319-1.jpg 768w, https:\/\/macite.tg\/wp-content\/uploads\/2024\/09\/ANNONCES-1-768x319-1-300x125.jpg 300w\" sizes=\"auto, (max-width: 840px) 100vw, 840px\" \/><\/figure>\n<\/div>\n\n\n<p class=\"wp-block-paragraph\"><strong>Un vent de changement souffle<\/strong><\/p>\n\n\n\n<p class=\"wp-block-paragraph\">Les \u00e9tablissements d&rsquo;enseignement technique, longtemps per\u00e7us comme une alternative secondaire, se retrouvent renforc\u00e9s en termes de capacit\u00e9s. De grands investissements sont r\u00e9alis\u00e9s pour les doter d&rsquo;infrastructures modernes, de mat\u00e9riel p\u00e9dagogique adapt\u00e9, de personnel qualifi\u00e9 (enseignants, encadreurs, proviseurs\u2026).<\/p>\n\n\n\n<p class=\"wp-block-paragraph\">Ces derni\u00e8res ann\u00e9es, plusieurs centres de formation technique et professionnelle ont \u00e9t\u00e9 r\u00e9nov\u00e9s, avec une attention tr\u00e8s particuli\u00e8re accord\u00e9e aux fili\u00e8res li\u00e9es aux nouvelles technologies, \u00e0 l&rsquo;agriculture moderne et aux m\u00e9tiers industriels.<\/p>\n\n\n\n<p class=\"wp-block-paragraph\">Tous ces efforts et ces investissements alignent les comp\u00e9tences des dipl\u00f4m\u00e9s sur les besoins r\u00e9els du march\u00e9 du travail, faisant ainsi augmenter leurs chances d&rsquo;insertion professionnelle.<\/p>\n\n\n\n<p class=\"wp-block-paragraph\"><strong>Un nouveau programme<\/strong><\/p>\n\n\n<div class=\"wp-block-image\">\n<figure class=\"aligncenter size-large is-resized\"><img loading=\"lazy\" decoding=\"async\" src=\"https:\/\/macite.tg\/wp-content\/uploads\/2024\/08\/9766832a-ca7c-4101-b6ec-9e3130ecb2aa-742x1024.jpg\" alt=\"\" class=\"wp-image-16245\" width=\"444\" height=\"613\" srcset=\"https:\/\/macite.tg\/wp-content\/uploads\/2024\/08\/9766832a-ca7c-4101-b6ec-9e3130ecb2aa-742x1024.jpg 742w, https:\/\/macite.tg\/wp-content\/uploads\/2024\/08\/9766832a-ca7c-4101-b6ec-9e3130ecb2aa-218x300.jpg 218w, https:\/\/macite.tg\/wp-content\/uploads\/2024\/08\/9766832a-ca7c-4101-b6ec-9e3130ecb2aa-768x1059.jpg 768w, https:\/\/macite.tg\/wp-content\/uploads\/2024\/08\/9766832a-ca7c-4101-b6ec-9e3130ecb2aa-1114x1536.jpg 1114w, https:\/\/macite.tg\/wp-content\/uploads\/2024\/08\/9766832a-ca7c-4101-b6ec-9e3130ecb2aa.jpg 1160w\" sizes=\"auto, (max-width: 444px) 100vw, 444px\" \/><\/figure>\n<\/div>\n\n\n<p class=\"wp-block-paragraph\">En ao\u00fbt 2024, le Togo a valid\u00e9 un programme ambitieux dont le but est de favoriser l&rsquo;insertion professionnelle des \u00e9l\u00e8ves qui sortent des \u00e9tablissements d&rsquo;enseignement technique et des apprentis qui sont en fin de formation professionnelle.<\/p>\n\n\n\n<p class=\"wp-block-paragraph\">Dans les d\u00e9tails, le programme planche sur l&rsquo;int\u00e9gration de 80 % de ces apprenants d&rsquo;ici \u00e0 la fin de l&rsquo;ann\u00e9e prochaine. Autrement dit, l&rsquo;ambition du gouvernement est d&rsquo;arriver \u00e0 ins\u00e9rer 120.371 apprenants \u00e0 l&rsquo;horizon 2025, dont 86.444 apprentis en fin de formation.<\/p>\n\n\n\n<p class=\"wp-block-paragraph\">Pour les secteurs concern\u00e9s, il s&rsquo;agit d&rsquo;un large \u00e9ventail de m\u00e9tiers qui incluent l&rsquo;\u00e9lectricit\u00e9 d&rsquo;\u00e9quipement et l&rsquo;\u00e9lectricit\u00e9 b\u00e2timent, la chaudronnerie et la construction m\u00e9tallique, la cuisine et la coupe-couture, la coiffure esth\u00e9tique, la m\u00e9canique auto et la carrosserie auto. Sont \u00e9galement concern\u00e9s la menuiserie bois, le secteur agropastoral et le mara\u00eechage.<\/p>\n\n\n\n<p class=\"wp-block-paragraph\"><strong>Les voies d&rsquo;insertion<\/strong><\/p>\n\n\n\n<p class=\"wp-block-paragraph\">Deux grandes voies d&rsquo;insertion sont retenues par les dirigeants : l&rsquo;auto-emploi par la cr\u00e9ation d&rsquo;entreprises et l&rsquo;insertion dans les entreprises, les soci\u00e9t\u00e9s et les services public-priv\u00e9.<\/p>\n\n\n<div class=\"wp-block-image\">\n<figure class=\"aligncenter size-full\"><img loading=\"lazy\" decoding=\"async\" width=\"509\" height=\"720\" src=\"https:\/\/macite.tg\/wp-content\/uploads\/2024\/08\/Depreciation-jusquau-31-Dec-1.jpg\" alt=\"\" class=\"wp-image-16232\" srcset=\"https:\/\/macite.tg\/wp-content\/uploads\/2024\/08\/Depreciation-jusquau-31-Dec-1.jpg 509w, https:\/\/macite.tg\/wp-content\/uploads\/2024\/08\/Depreciation-jusquau-31-Dec-1-212x300.jpg 212w\" sizes=\"auto, (max-width: 509px) 100vw, 509px\" \/><\/figure>\n<\/div>\n\n\n<p class=\"wp-block-paragraph\">L&rsquo;initiative porte en elle des actions salvatrices \u00e0 d\u00e9ployer, dont le projet Kit Insert qui consiste \u00e0 octroyer des kits d&rsquo;accompagnement pour faciliter l&rsquo;insertion professionnelle des b\u00e9n\u00e9ficiaires.<\/p>\n\n\n\n<p class=\"wp-block-paragraph\">Selon l&rsquo;ex\u00e9cutif, la cr\u00e9ation d&rsquo;espaces de coworking fait partie des missions, de telle sorte \u00e0 offrir aux jeunes dipl\u00f4m\u00e9s des environnements de travail collaboratifs.<\/p>\n\n\n\n<p class=\"wp-block-paragraph\"><strong>Samir<\/strong><\/p>\n\n\n\n<p class=\"wp-block-paragraph\"><a><strong><em>@macite.tg&nbsp;&nbsp;&nbsp;&nbsp;&nbsp;&nbsp;&nbsp;&nbsp;<\/em><\/strong><\/a><\/p>\n\n\n\n<p class=\"wp-block-paragraph\"><strong><em>E-mail&nbsp;: <\/em><\/strong><a href=\"mailto:maciteinfo@gmail.com\"><strong><em>maciteinfo@gmail.com<\/em><\/strong><\/a><strong><em>; <\/em><\/strong><a href=\"mailto:bawela1@gmail.com\"><strong><em>bawela1@gmail.com<\/em><\/strong><\/a><strong><em><\/em><\/strong><\/p>\n\n\n\n<p class=\"wp-block-paragraph\"><strong><em>Pour vos annonces, (publi)reportages, etc., joignez-nous au (00228)91515309\/<strong>79872224 <\/strong>www.macite.tg, L\u2019information, la bonne&nbsp;!<\/em><\/strong><\/p>\n","protected":false},"excerpt":{"rendered":"<p class=\"text-justify mb-2\" >En mati\u00e8re d&rsquo;insertion professionnelle, de probantes strat\u00e9gies nationales pour l&#8217;emploi des jeunes dipl\u00f4m\u00e9s sont d\u00e9ploy\u00e9es par les gouvernants togolais. Dans l&rsquo;enseignement technique, v\u00e9ritable niche d&rsquo;opportunit\u00e9s, le pays intensifie ses efforts, conscient du march\u00e9 du travail de plus en plus exigeant. Les autorit\u00e9s outillent la jeunesse [&hellip;]<\/p>\n","protected":false},"author":2,"featured_media":16357,"comment_status":"open","ping_status":"open","sticky":false,"template":"","format":"standard","meta":{"footnotes":""},"categories":[20,43],"tags":[],"class_list":["post-16355","post","type-post","status-publish","format-standard","has-post-thumbnail","hentry","category-actualite","category-emploi"],"yoast_head":"<!-- This site is optimized with the Yoast SEO plugin v28.4 - https:\/\/yoast.com\/product\/yoast-seo-wordpress\/ -->\n<title>ENSEIGNEMENT TECHNIQUE : 80% des apprenants seront ins\u00e9r\u00e9s, confie l\u2019ex\u00e9cutif -<\/title>\n<meta name=\"robots\" content=\"index, follow, max-snippet:-1, max-image-preview:large, max-video-preview:-1\" \/>\n<link rel=\"canonical\" href=\"https:\/\/macite.tg\/?p=16355\" \/>\n<meta property=\"og:locale\" content=\"fr_FR\" \/>\n<meta property=\"og:type\" content=\"article\" \/>\n<meta property=\"og:title\" content=\"ENSEIGNEMENT TECHNIQUE : 80% des apprenants seront ins\u00e9r\u00e9s, confie l\u2019ex\u00e9cutif -\" \/>\n<meta property=\"og:description\" content=\"En mati\u00e8re d&rsquo;insertion professionnelle, de probantes strat\u00e9gies nationales pour l&#8217;emploi des jeunes dipl\u00f4m\u00e9s sont d\u00e9ploy\u00e9es par les gouvernants togolais. Dans l&rsquo;enseignement technique, v\u00e9ritable niche d&rsquo;opportunit\u00e9s, le pays intensifie ses efforts, conscient du march\u00e9 du travail de plus en plus exigeant. Les autorit\u00e9s outillent la jeunesse [&hellip;]\" \/>\n<meta property=\"og:url\" content=\"https:\/\/macite.tg\/?p=16355\" \/>\n<meta property=\"article:published_time\" content=\"2024-09-03T13:07:49+00:00\" \/>\n<meta property=\"article:modified_time\" content=\"2024-09-03T13:07:51+00:00\" \/>\n<meta property=\"og:image\" content=\"https:\/\/macite.tg\/wp-content\/uploads\/2024\/09\/image-6.png\" \/>\n\t<meta property=\"og:image:width\" content=\"388\" \/>\n\t<meta property=\"og:image:height\" content=\"291\" \/>\n\t<meta property=\"og:image:type\" content=\"image\/png\" \/>\n<meta name=\"author\" content=\"Jean Pierre BAWELA\" \/>\n<meta name=\"twitter:card\" content=\"summary_large_image\" \/>\n<meta name=\"twitter:label1\" content=\"\u00c9crit par\" \/>\n\t<meta name=\"twitter:data1\" content=\"Jean Pierre BAWELA\" \/>\n\t<meta name=\"twitter:label2\" content=\"Dur\u00e9e de lecture estim\u00e9e\" \/>\n\t<meta name=\"twitter:data2\" content=\"2 minutes\" \/>\n<script type=\"application\/ld+json\" class=\"yoast-schema-graph\">{\"@context\":\"https:\\\/\\\/schema.org\",\"@graph\":[{\"@type\":\"Article\",\"@id\":\"https:\\\/\\\/macite.tg\\\/?p=16355#article\",\"isPartOf\":{\"@id\":\"https:\\\/\\\/macite.tg\\\/?p=16355\"},\"author\":{\"name\":\"Jean Pierre BAWELA\",\"@id\":\"https:\\\/\\\/macite.tg\\\/#\\\/schema\\\/person\\\/e9f2de7e5dbbe7770a9402c7ce82f5c2\"},\"headline\":\"ENSEIGNEMENT TECHNIQUE : 80% des apprenants seront ins\u00e9r\u00e9s, confie l\u2019ex\u00e9cutif\",\"datePublished\":\"2024-09-03T13:07:49+00:00\",\"dateModified\":\"2024-09-03T13:07:51+00:00\",\"mainEntityOfPage\":{\"@id\":\"https:\\\/\\\/macite.tg\\\/?p=16355\"},\"wordCount\":510,\"commentCount\":0,\"image\":{\"@id\":\"https:\\\/\\\/macite.tg\\\/?p=16355#primaryimage\"},\"thumbnailUrl\":\"https:\\\/\\\/macite.tg\\\/wp-content\\\/uploads\\\/2024\\\/09\\\/image-6.png\",\"articleSection\":[\"ACTUALITE\",\"EMPLOI\"],\"inLanguage\":\"fr-FR\",\"potentialAction\":[{\"@type\":\"CommentAction\",\"name\":\"Comment\",\"target\":[\"https:\\\/\\\/macite.tg\\\/?p=16355#respond\"]}]},{\"@type\":\"WebPage\",\"@id\":\"https:\\\/\\\/macite.tg\\\/?p=16355\",\"url\":\"https:\\\/\\\/macite.tg\\\/?p=16355\",\"name\":\"ENSEIGNEMENT TECHNIQUE : 80% des apprenants seront ins\u00e9r\u00e9s, confie l\u2019ex\u00e9cutif -\",\"isPartOf\":{\"@id\":\"https:\\\/\\\/macite.tg\\\/#website\"},\"primaryImageOfPage\":{\"@id\":\"https:\\\/\\\/macite.tg\\\/?p=16355#primaryimage\"},\"image\":{\"@id\":\"https:\\\/\\\/macite.tg\\\/?p=16355#primaryimage\"},\"thumbnailUrl\":\"https:\\\/\\\/macite.tg\\\/wp-content\\\/uploads\\\/2024\\\/09\\\/image-6.png\",\"datePublished\":\"2024-09-03T13:07:49+00:00\",\"dateModified\":\"2024-09-03T13:07:51+00:00\",\"author\":{\"@id\":\"https:\\\/\\\/macite.tg\\\/#\\\/schema\\\/person\\\/e9f2de7e5dbbe7770a9402c7ce82f5c2\"},\"breadcrumb\":{\"@id\":\"https:\\\/\\\/macite.tg\\\/?p=16355#breadcrumb\"},\"inLanguage\":\"fr-FR\",\"potentialAction\":[{\"@type\":\"ReadAction\",\"target\":[\"https:\\\/\\\/macite.tg\\\/?p=16355\"]}]},{\"@type\":\"ImageObject\",\"inLanguage\":\"fr-FR\",\"@id\":\"https:\\\/\\\/macite.tg\\\/?p=16355#primaryimage\",\"url\":\"https:\\\/\\\/macite.tg\\\/wp-content\\\/uploads\\\/2024\\\/09\\\/image-6.png\",\"contentUrl\":\"https:\\\/\\\/macite.tg\\\/wp-content\\\/uploads\\\/2024\\\/09\\\/image-6.png\",\"width\":388,\"height\":291,\"caption\":\"Des apprenants de l'enseignement technique (Photo archives)\"},{\"@type\":\"BreadcrumbList\",\"@id\":\"https:\\\/\\\/macite.tg\\\/?p=16355#breadcrumb\",\"itemListElement\":[{\"@type\":\"ListItem\",\"position\":1,\"name\":\"Accueil\",\"item\":\"https:\\\/\\\/macite.tg\\\/\"},{\"@type\":\"ListItem\",\"position\":2,\"name\":\"ENSEIGNEMENT TECHNIQUE : 80% des apprenants seront ins\u00e9r\u00e9s, confie l\u2019ex\u00e9cutif\"}]},{\"@type\":\"WebSite\",\"@id\":\"https:\\\/\\\/macite.tg\\\/#website\",\"url\":\"https:\\\/\\\/macite.tg\\\/\",\"name\":\"\",\"description\":\"L&#039;information, la bonne!!!\",\"potentialAction\":[{\"@type\":\"SearchAction\",\"target\":{\"@type\":\"EntryPoint\",\"urlTemplate\":\"https:\\\/\\\/macite.tg\\\/?s={search_term_string}\"},\"query-input\":{\"@type\":\"PropertyValueSpecification\",\"valueRequired\":true,\"valueName\":\"search_term_string\"}}],\"inLanguage\":\"fr-FR\"},{\"@type\":\"Person\",\"@id\":\"https:\\\/\\\/macite.tg\\\/#\\\/schema\\\/person\\\/e9f2de7e5dbbe7770a9402c7ce82f5c2\",\"name\":\"Jean Pierre BAWELA\",\"image\":{\"@type\":\"ImageObject\",\"inLanguage\":\"fr-FR\",\"@id\":\"https:\\\/\\\/macite.tg\\\/wp-content\\\/uploads\\\/2023\\\/09\\\/WhatsApp-Image-2023-09-19-at-14.44.41-122x122.jpeg\",\"url\":\"https:\\\/\\\/macite.tg\\\/wp-content\\\/uploads\\\/2023\\\/09\\\/WhatsApp-Image-2023-09-19-at-14.44.41-122x122.jpeg\",\"contentUrl\":\"https:\\\/\\\/macite.tg\\\/wp-content\\\/uploads\\\/2023\\\/09\\\/WhatsApp-Image-2023-09-19-at-14.44.41-122x122.jpeg\",\"caption\":\"Jean Pierre BAWELA\"},\"url\":\"https:\\\/\\\/macite.tg\\\/?author=2\"}]}<\/script>\n<!-- \/ Yoast SEO plugin. -->","yoast_head_json":{"title":"ENSEIGNEMENT TECHNIQUE : 80% des apprenants seront ins\u00e9r\u00e9s, confie l\u2019ex\u00e9cutif -","robots":{"index":"index","follow":"follow","max-snippet":"max-snippet:-1","max-image-preview":"max-image-preview:large","max-video-preview":"max-video-preview:-1"},"canonical":"https:\/\/macite.tg\/?p=16355","og_locale":"fr_FR","og_type":"article","og_title":"ENSEIGNEMENT TECHNIQUE : 80% des apprenants seront ins\u00e9r\u00e9s, confie l\u2019ex\u00e9cutif -","og_description":"En mati\u00e8re d&rsquo;insertion professionnelle, de probantes strat\u00e9gies nationales pour l&#8217;emploi des jeunes dipl\u00f4m\u00e9s sont d\u00e9ploy\u00e9es par les gouvernants togolais. Dans l&rsquo;enseignement technique, v\u00e9ritable niche d&rsquo;opportunit\u00e9s, le pays intensifie ses efforts, conscient du march\u00e9 du travail de plus en plus exigeant. Les autorit\u00e9s outillent la jeunesse [&hellip;]","og_url":"https:\/\/macite.tg\/?p=16355","article_published_time":"2024-09-03T13:07:49+00:00","article_modified_time":"2024-09-03T13:07:51+00:00","og_image":[{"width":388,"height":291,"url":"https:\/\/macite.tg\/wp-content\/uploads\/2024\/09\/image-6.png","type":"image\/png"}],"author":"Jean Pierre BAWELA","twitter_card":"summary_large_image","twitter_misc":{"\u00c9crit par":"Jean Pierre BAWELA","Dur\u00e9e de lecture estim\u00e9e":"2 minutes"},"schema":{"@context":"https:\/\/schema.org","@graph":[{"@type":"Article","@id":"https:\/\/macite.tg\/?p=16355#article","isPartOf":{"@id":"https:\/\/macite.tg\/?p=16355"},"author":{"name":"Jean Pierre BAWELA","@id":"https:\/\/macite.tg\/#\/schema\/person\/e9f2de7e5dbbe7770a9402c7ce82f5c2"},"headline":"ENSEIGNEMENT TECHNIQUE : 80% des apprenants seront ins\u00e9r\u00e9s, confie l\u2019ex\u00e9cutif","datePublished":"2024-09-03T13:07:49+00:00","dateModified":"2024-09-03T13:07:51+00:00","mainEntityOfPage":{"@id":"https:\/\/macite.tg\/?p=16355"},"wordCount":510,"commentCount":0,"image":{"@id":"https:\/\/macite.tg\/?p=16355#primaryimage"},"thumbnailUrl":"https:\/\/macite.tg\/wp-content\/uploads\/2024\/09\/image-6.png","articleSection":["ACTUALITE","EMPLOI"],"inLanguage":"fr-FR","potentialAction":[{"@type":"CommentAction","name":"Comment","target":["https:\/\/macite.tg\/?p=16355#respond"]}]},{"@type":"WebPage","@id":"https:\/\/macite.tg\/?p=16355","url":"https:\/\/macite.tg\/?p=16355","name":"ENSEIGNEMENT TECHNIQUE : 80% des apprenants seront ins\u00e9r\u00e9s, confie l\u2019ex\u00e9cutif -","isPartOf":{"@id":"https:\/\/macite.tg\/#website"},"primaryImageOfPage":{"@id":"https:\/\/macite.tg\/?p=16355#primaryimage"},"image":{"@id":"https:\/\/macite.tg\/?p=16355#primaryimage"},"thumbnailUrl":"https:\/\/macite.tg\/wp-content\/uploads\/2024\/09\/image-6.png","datePublished":"2024-09-03T13:07:49+00:00","dateModified":"2024-09-03T13:07:51+00:00","author":{"@id":"https:\/\/macite.tg\/#\/schema\/person\/e9f2de7e5dbbe7770a9402c7ce82f5c2"},"breadcrumb":{"@id":"https:\/\/macite.tg\/?p=16355#breadcrumb"},"inLanguage":"fr-FR","potentialAction":[{"@type":"ReadAction","target":["https:\/\/macite.tg\/?p=16355"]}]},{"@type":"ImageObject","inLanguage":"fr-FR","@id":"https:\/\/macite.tg\/?p=16355#primaryimage","url":"https:\/\/macite.tg\/wp-content\/uploads\/2024\/09\/image-6.png","contentUrl":"https:\/\/macite.tg\/wp-content\/uploads\/2024\/09\/image-6.png","width":388,"height":291,"caption":"Des apprenants de l'enseignement technique (Photo archives)"},{"@type":"BreadcrumbList","@id":"https:\/\/macite.tg\/?p=16355#breadcrumb","itemListElement":[{"@type":"ListItem","position":1,"name":"Accueil","item":"https:\/\/macite.tg\/"},{"@type":"ListItem","position":2,"name":"ENSEIGNEMENT TECHNIQUE : 80% des apprenants seront ins\u00e9r\u00e9s, confie l\u2019ex\u00e9cutif"}]},{"@type":"WebSite","@id":"https:\/\/macite.tg\/#website","url":"https:\/\/macite.tg\/","name":"","description":"L&#039;information, la bonne!!!","potentialAction":[{"@type":"SearchAction","target":{"@type":"EntryPoint","urlTemplate":"https:\/\/macite.tg\/?s={search_term_string}"},"query-input":{"@type":"PropertyValueSpecification","valueRequired":true,"valueName":"search_term_string"}}],"inLanguage":"fr-FR"},{"@type":"Person","@id":"https:\/\/macite.tg\/#\/schema\/person\/e9f2de7e5dbbe7770a9402c7ce82f5c2","name":"Jean Pierre BAWELA","image":{"@type":"ImageObject","inLanguage":"fr-FR","@id":"https:\/\/macite.tg\/wp-content\/uploads\/2023\/09\/WhatsApp-Image-2023-09-19-at-14.44.41-122x122.jpeg","url":"https:\/\/macite.tg\/wp-content\/uploads\/2023\/09\/WhatsApp-Image-2023-09-19-at-14.44.41-122x122.jpeg","contentUrl":"https:\/\/macite.tg\/wp-content\/uploads\/2023\/09\/WhatsApp-Image-2023-09-19-at-14.44.41-122x122.jpeg","caption":"Jean Pierre BAWELA"},"url":"https:\/\/macite.tg\/?author=2"}]}},"_links":{"self":[{"href":"https:\/\/macite.tg\/index.php?rest_route=\/wp\/v2\/posts\/16355","targetHints":{"allow":["GET"]}}],"collection":[{"href":"https:\/\/macite.tg\/index.php?rest_route=\/wp\/v2\/posts"}],"about":[{"href":"https:\/\/macite.tg\/index.php?rest_route=\/wp\/v2\/types\/post"}],"author":[{"embeddable":true,"href":"https:\/\/macite.tg\/index.php?rest_route=\/wp\/v2\/users\/2"}],"replies":[{"embeddable":true,"href":"https:\/\/macite.tg\/index.php?rest_route=%2Fwp%2Fv2%2Fcomments&post=16355"}],"version-history":[{"count":0,"href":"https:\/\/macite.tg\/index.php?rest_route=\/wp\/v2\/posts\/16355\/revisions"}],"wp:featuredmedia":[{"embeddable":true,"href":"https:\/\/macite.tg\/index.php?rest_route=\/wp\/v2\/media\/16357"}],"wp:attachment":[{"href":"https:\/\/macite.tg\/index.php?rest_route=%2Fwp%2Fv2%2Fmedia&parent=16355"}],"wp:term":[{"taxonomy":"category","embeddable":true,"href":"https:\/\/macite.tg\/index.php?rest_route=%2Fwp%2Fv2%2Fcategories&post=16355"},{"taxonomy":"post_tag","embeddable":true,"href":"https:\/\/macite.tg\/index.php?rest_route=%2Fwp%2Fv2%2Ftags&post=16355"}],"curies":[{"name":"wp","href":"https:\/\/api.w.org\/{rel}","templated":true}]}}