{"id":16350,"date":"2024-09-03T12:33:29","date_gmt":"2024-09-03T12:33:29","guid":{"rendered":"https:\/\/macite.tg\/?p=16350"},"modified":"2024-09-03T13:03:10","modified_gmt":"2024-09-03T13:03:10","slug":"liga-quand-vinicus-jr-aide-mbappe-a-debloquer-son-compteur-but-en-liga","status":"publish","type":"post","link":"https:\/\/macite.tg\/?p=16350","title":{"rendered":"LIGA\u00a0: Quand Vinicus Jr aide Mbapp\u00e9 \u00e0 d\u00e9bloquer son compteur but"},"content":{"rendered":"\n<p class=\"wp-block-paragraph\"><strong><em>Lors de la quatri\u00e8me journ\u00e9e de Liga, dimanche 1\u1d49\u02b3 septembre, le Real Madrid s&rsquo;est impos\u00e9, 2-0, face au Betis S\u00e9ville. Une rencontre marqu\u00e9e par le premier but en Liga de l\u2019attaquant international tricolore, Kylian Mbapp\u00e9, suivi d&rsquo;un deuxi\u00e8me quelques minutes apr\u00e8s. Mais d\u00e9couvrez toute l\u2019histoire derri\u00e8re cette premi\u00e8re et seconde r\u00e9alisation du capitaine tricolore\u2026<\/em><\/strong><\/p>\n\n\n\n<p class=\"wp-block-paragraph\">Un doubl\u00e9, dont un penalty, inscrit \u00e0 la 76\u1d49 minute. Si cela peut para\u00eetre anodin, c&rsquo;est tout l&rsquo;inverse car, lors du match pr\u00e9c\u00e9dent, c&rsquo;est Vinicius qui avait tir\u00e9 le penalty.<\/p>\n\n\n<div class=\"wp-block-image\">\n<figure class=\"aligncenter size-large is-resized\"><img loading=\"lazy\" decoding=\"async\" src=\"https:\/\/macite.tg\/wp-content\/uploads\/2024\/08\/9766832a-ca7c-4101-b6ec-9e3130ecb2aa-742x1024.jpg\" alt=\"\" class=\"wp-image-16245\" width=\"436\" height=\"602\" srcset=\"https:\/\/macite.tg\/wp-content\/uploads\/2024\/08\/9766832a-ca7c-4101-b6ec-9e3130ecb2aa-742x1024.jpg 742w, https:\/\/macite.tg\/wp-content\/uploads\/2024\/08\/9766832a-ca7c-4101-b6ec-9e3130ecb2aa-218x300.jpg 218w, https:\/\/macite.tg\/wp-content\/uploads\/2024\/08\/9766832a-ca7c-4101-b6ec-9e3130ecb2aa-768x1059.jpg 768w, https:\/\/macite.tg\/wp-content\/uploads\/2024\/08\/9766832a-ca7c-4101-b6ec-9e3130ecb2aa-1114x1536.jpg 1114w, https:\/\/macite.tg\/wp-content\/uploads\/2024\/08\/9766832a-ca7c-4101-b6ec-9e3130ecb2aa.jpg 1160w\" sizes=\"auto, (max-width: 436px) 100vw, 436px\" \/><\/figure>\n<\/div>\n\n\n<p class=\"wp-block-paragraph\">Et sur l\u2019action qui \u00e0 l\u2019origine du penalty face au Betis, c\u2019est bien le Br\u00e9silien Vinicius JR qui est \u00e0 l\u2019origine de cette faute de la d\u00e9fense du Betis. Et personne ne crierait s\u2019il avait d\u00e9cid\u00e9 de se rendre justice lui-m\u00eame puisque cet exercice lui r\u00e9ussit bien.<\/p>\n\n\n\n<p class=\"wp-block-paragraph\"><strong>Le coach Ancelotti silencieux\u2026<\/strong><\/p>\n\n\n\n<p class=\"wp-block-paragraph\">Interrog\u00e9 sur le sujet en conf\u00e9rence de presse, Carlo Ancelotti s&rsquo;est d\u00e9douan\u00e9 de toute responsabilit\u00e9 : <em>\u00ab&nbsp;Je laisse aux joueurs le choix du tireur, cela ne me regarde pas&nbsp;\u00bb<\/em>, rapporte&nbsp;<em>Sport<\/em>.<\/p>\n\n\n\n<p class=\"wp-block-paragraph\">Le technicien italien dit laisser faire confiance en ces joueurs lors de pareilles situations, car ils savent ce qu\u2019ils doivent faire.<\/p>\n\n\n<div class=\"wp-block-image\">\n<figure class=\"aligncenter size-full is-resized\"><img loading=\"lazy\" decoding=\"async\" src=\"https:\/\/macite.tg\/wp-content\/uploads\/2024\/09\/ANNONCES-1-768x319-1.jpg\" alt=\"\" class=\"wp-image-16342\" width=\"836\" height=\"347\" srcset=\"https:\/\/macite.tg\/wp-content\/uploads\/2024\/09\/ANNONCES-1-768x319-1.jpg 768w, https:\/\/macite.tg\/wp-content\/uploads\/2024\/09\/ANNONCES-1-768x319-1-300x125.jpg 300w\" sizes=\"auto, (max-width: 836px) 100vw, 836px\" \/><\/figure>\n<\/div>\n\n\n<p class=\"wp-block-paragraph\"><strong>Le d\u00e9clic est venu du Br\u00e9silien Vinicius<\/strong><\/p>\n\n\n\n<p class=\"wp-block-paragraph\"><em>\u00ab&nbsp;Tout le monde a bien travaill\u00e9 et Vini Jr. lui a offert [\u00e0 Mbapp\u00e9] le penalty. Il a \u00e9t\u00e9 tr\u00e8s altruiste et tous les deux, avec Rodrygo, ont une bonne relation. Pour Mbapp\u00e9, il est important de marquer, mais nous \u00e9valuons le travail collectif&nbsp;\u00bb,<\/em> a indiqu\u00e9 le coach italien du real madrid.<\/p>\n\n\n\n<p class=\"wp-block-paragraph\">On ne peut nier la g\u00e9n\u00e9rosit\u00e9 de Vinicius, car, sur l&rsquo;action, c&rsquo;est le Br\u00e9silien qui provoque le penalty, avant de regarder Kylian Mbapp\u00e9 et de lui indiquer : <em>\u00ab&nbsp;C&rsquo;est \u00e0 toi de le tirer&nbsp;\u00bb,<\/em> affirme&nbsp;<em>Marca.<\/em><\/p>\n\n\n\n<p class=\"wp-block-paragraph\"><strong>\u00ab\u00a0Une question de communication\u00a0\u00bb<\/strong><\/p>\n\n\n\n<p class=\"wp-block-paragraph\"><em>\u00ab&nbsp;C&rsquo;est une question de communication, Vini tire en premier et moi en second. L&rsquo;entra\u00eeneur nous donne de la libert\u00e9 \u00e0 tous les deux, et nous devons \u00eatre intelligents pour voir comment le jeu se d\u00e9roule&nbsp;\u00bb,<\/em> a r\u00e9agi Kylian Mbapp\u00e9 en zone mixte.<\/p>\n\n\n<div class=\"wp-block-image\">\n<figure class=\"aligncenter size-full is-resized\"><img loading=\"lazy\" decoding=\"async\" src=\"https:\/\/macite.tg\/wp-content\/uploads\/2024\/08\/IMG-20240313-WA0013-2.jpg\" alt=\"\" class=\"wp-image-16318\" width=\"839\" height=\"207\" srcset=\"https:\/\/macite.tg\/wp-content\/uploads\/2024\/08\/IMG-20240313-WA0013-2.jpg 690w, https:\/\/macite.tg\/wp-content\/uploads\/2024\/08\/IMG-20240313-WA0013-2-300x74.jpg 300w\" sizes=\"auto, (max-width: 839px) 100vw, 839px\" \/><\/figure>\n<\/div>\n\n\n<p class=\"wp-block-paragraph\"><em>\u00ab&nbsp;Je ne veux pas forcer les choses&nbsp;\u00bb,<\/em> a expliqu\u00e9 le capitaine des tricolores qui esp\u00e8re que les choses devront venir d\u2019elles-m\u00eames.<\/p>\n\n\n\n<p class=\"wp-block-paragraph\"><em>\u00ab&nbsp;Comme je l&rsquo;ai dit, le premier jour, lors de ma pr\u00e9sentation, je ne veux pas forcer les choses. (\u2026) Je veux que tout se passe naturellement&nbsp;\u00bb,<\/em> a-t-il assur\u00e9.<strong><\/strong><\/p>\n\n\n\n<p class=\"wp-block-paragraph\">Selon des indiscr\u00e9tions, ce discours laisse penser que les deux hommes se partageront les penaltys tout au long de la saison, une situation qui convient \u00e0 Carlo Ancelotti.<\/p>\n\n\n\n<p class=\"wp-block-paragraph\"><em>\u00ab&nbsp;Je pense qu&rsquo;il est juste de donner la responsabilit\u00e9 aux deux. Ils ont la m\u00eame capacit\u00e9 \u00e0 tirer les penalties, et je ne veux pas choisir. En outre, dans un match, il se passe beaucoup de choses et l&rsquo;un peut avoir marqu\u00e9 un but et l&rsquo;autre doit le faire. Je leur fais enti\u00e8rement confiance \u00e0 tous les deux en tant que tireurs de penalties. Je ne vois pas o\u00f9 est le probl\u00e8me&nbsp;\u00bb,<\/em> a expliqu\u00e9 Don Carlo.<\/p>\n\n\n<div class=\"wp-block-image\">\n<figure class=\"aligncenter size-full\"><img loading=\"lazy\" decoding=\"async\" width=\"509\" height=\"720\" src=\"https:\/\/macite.tg\/wp-content\/uploads\/2024\/08\/Depreciation-jusquau-31-Dec-1.jpg\" alt=\"\" class=\"wp-image-16232\" srcset=\"https:\/\/macite.tg\/wp-content\/uploads\/2024\/08\/Depreciation-jusquau-31-Dec-1.jpg 509w, https:\/\/macite.tg\/wp-content\/uploads\/2024\/08\/Depreciation-jusquau-31-Dec-1-212x300.jpg 212w\" sizes=\"auto, (max-width: 509px) 100vw, 509px\" \/><\/figure>\n<\/div>\n\n\n<p class=\"wp-block-paragraph\">Mais la question qui taraude les esprits est de savoir si cette strat\u00e9gie est la bonne&nbsp;? Et une autre est de savoir si cela tiendra assez longtemps&nbsp;? Car, entre un penalty contre le Betis en Liga, et un en finale de Ligue des champions, les enjeux sont diff\u00e9rents\u2026 un Ballon d&rsquo;or peut se jouer sur des d\u00e9tails !<\/p>\n\n\n\n<p class=\"wp-block-paragraph\"><strong>JPB avec MSM<\/strong><\/p>\n\n\n\n<p class=\"wp-block-paragraph\"><strong><em>@macite.tg&nbsp;&nbsp;&nbsp;&nbsp;&nbsp;&nbsp;&nbsp;&nbsp;<\/em><\/strong><\/p>\n\n\n\n<p class=\"wp-block-paragraph\"><strong><em>E-mail&nbsp;: <\/em><\/strong><a href=\"mailto:maciteinfo@gmail.com\"><strong><em>maciteinfo@gmail.com<\/em><\/strong><\/a><strong><em>; <\/em><\/strong><a href=\"mailto:bawela1@gmail.com\"><strong><em>bawela1@gmail.com<\/em><\/strong><\/a><strong><em><\/em><\/strong><\/p>\n\n\n\n<p class=\"wp-block-paragraph\"><strong><em>Pour vos annonces, (publi)reportages, etc., joignez-nous au (00228)91515309\/<strong>79872224 <\/strong>www.macite.tg, L\u2019information, la bonne&nbsp;!<\/em><\/strong><\/p>\n\n\n\n<p class=\"wp-block-paragraph\"><\/p>\n\n\n\n<p class=\"wp-block-paragraph\"><\/p>\n","protected":false},"excerpt":{"rendered":"<p class=\"text-justify mb-2\" >Lors de la quatri\u00e8me journ\u00e9e de Liga, dimanche 1\u1d49\u02b3 septembre, le Real Madrid s&rsquo;est impos\u00e9, 2-0, face au Betis S\u00e9ville. Une rencontre marqu\u00e9e par le premier but en Liga de l\u2019attaquant international tricolore, Kylian Mbapp\u00e9, suivi d&rsquo;un deuxi\u00e8me quelques minutes apr\u00e8s. Mais d\u00e9couvrez toute l\u2019histoire [&hellip;]<\/p>\n","protected":false},"author":2,"featured_media":16353,"comment_status":"open","ping_status":"open","sticky":false,"template":"","format":"standard","meta":{"footnotes":""},"categories":[20,7],"tags":[],"class_list":["post-16350","post","type-post","status-publish","format-standard","has-post-thumbnail","hentry","category-actualite","category-sports"],"yoast_head":"<!-- This site is optimized with the Yoast SEO plugin v28.4 - https:\/\/yoast.com\/product\/yoast-seo-wordpress\/ -->\n<title>LIGA\u00a0: Quand Vinicus Jr aide Mbapp\u00e9 \u00e0 d\u00e9bloquer son compteur but -<\/title>\n<meta name=\"robots\" content=\"index, follow, max-snippet:-1, max-image-preview:large, max-video-preview:-1\" \/>\n<link rel=\"canonical\" href=\"https:\/\/macite.tg\/?p=16350\" \/>\n<meta property=\"og:locale\" content=\"fr_FR\" \/>\n<meta property=\"og:type\" content=\"article\" \/>\n<meta property=\"og:title\" content=\"LIGA\u00a0: Quand Vinicus Jr aide Mbapp\u00e9 \u00e0 d\u00e9bloquer son compteur but -\" \/>\n<meta property=\"og:description\" content=\"Lors de la quatri\u00e8me journ\u00e9e de Liga, dimanche 1\u1d49\u02b3 septembre, le Real Madrid s&rsquo;est impos\u00e9, 2-0, face au Betis S\u00e9ville. Une rencontre marqu\u00e9e par le premier but en Liga de l\u2019attaquant international tricolore, Kylian Mbapp\u00e9, suivi d&rsquo;un deuxi\u00e8me quelques minutes apr\u00e8s. Mais d\u00e9couvrez toute l\u2019histoire [&hellip;]\" \/>\n<meta property=\"og:url\" content=\"https:\/\/macite.tg\/?p=16350\" \/>\n<meta property=\"article:published_time\" content=\"2024-09-03T12:33:29+00:00\" \/>\n<meta property=\"article:modified_time\" content=\"2024-09-03T13:03:10+00:00\" \/>\n<meta property=\"og:image\" content=\"https:\/\/macite.tg\/wp-content\/uploads\/2024\/09\/Real.jpg\" \/>\n\t<meta property=\"og:image:width\" content=\"500\" \/>\n\t<meta property=\"og:image:height\" content=\"168\" \/>\n\t<meta property=\"og:image:type\" content=\"image\/jpeg\" \/>\n<meta name=\"author\" content=\"Jean Pierre BAWELA\" \/>\n<meta name=\"twitter:card\" content=\"summary_large_image\" \/>\n<meta name=\"twitter:label1\" content=\"\u00c9crit par\" \/>\n\t<meta name=\"twitter:data1\" content=\"Jean Pierre BAWELA\" \/>\n\t<meta name=\"twitter:label2\" content=\"Dur\u00e9e de lecture estim\u00e9e\" \/>\n\t<meta name=\"twitter:data2\" content=\"3 minutes\" \/>\n<script type=\"application\/ld+json\" class=\"yoast-schema-graph\">{\"@context\":\"https:\\\/\\\/schema.org\",\"@graph\":[{\"@type\":\"Article\",\"@id\":\"https:\\\/\\\/macite.tg\\\/?p=16350#article\",\"isPartOf\":{\"@id\":\"https:\\\/\\\/macite.tg\\\/?p=16350\"},\"author\":{\"name\":\"Jean Pierre BAWELA\",\"@id\":\"https:\\\/\\\/macite.tg\\\/#\\\/schema\\\/person\\\/e9f2de7e5dbbe7770a9402c7ce82f5c2\"},\"headline\":\"LIGA\u00a0: Quand Vinicus Jr aide Mbapp\u00e9 \u00e0 d\u00e9bloquer son compteur but\",\"datePublished\":\"2024-09-03T12:33:29+00:00\",\"dateModified\":\"2024-09-03T13:03:10+00:00\",\"mainEntityOfPage\":{\"@id\":\"https:\\\/\\\/macite.tg\\\/?p=16350\"},\"wordCount\":654,\"commentCount\":0,\"image\":{\"@id\":\"https:\\\/\\\/macite.tg\\\/?p=16350#primaryimage\"},\"thumbnailUrl\":\"https:\\\/\\\/macite.tg\\\/wp-content\\\/uploads\\\/2024\\\/09\\\/Real.jpg\",\"articleSection\":[\"ACTUALITE\",\"SPORTS\"],\"inLanguage\":\"fr-FR\",\"potentialAction\":[{\"@type\":\"CommentAction\",\"name\":\"Comment\",\"target\":[\"https:\\\/\\\/macite.tg\\\/?p=16350#respond\"]}]},{\"@type\":\"WebPage\",\"@id\":\"https:\\\/\\\/macite.tg\\\/?p=16350\",\"url\":\"https:\\\/\\\/macite.tg\\\/?p=16350\",\"name\":\"LIGA\u00a0: Quand Vinicus Jr aide Mbapp\u00e9 \u00e0 d\u00e9bloquer son compteur but -\",\"isPartOf\":{\"@id\":\"https:\\\/\\\/macite.tg\\\/#website\"},\"primaryImageOfPage\":{\"@id\":\"https:\\\/\\\/macite.tg\\\/?p=16350#primaryimage\"},\"image\":{\"@id\":\"https:\\\/\\\/macite.tg\\\/?p=16350#primaryimage\"},\"thumbnailUrl\":\"https:\\\/\\\/macite.tg\\\/wp-content\\\/uploads\\\/2024\\\/09\\\/Real.jpg\",\"datePublished\":\"2024-09-03T12:33:29+00:00\",\"dateModified\":\"2024-09-03T13:03:10+00:00\",\"author\":{\"@id\":\"https:\\\/\\\/macite.tg\\\/#\\\/schema\\\/person\\\/e9f2de7e5dbbe7770a9402c7ce82f5c2\"},\"breadcrumb\":{\"@id\":\"https:\\\/\\\/macite.tg\\\/?p=16350#breadcrumb\"},\"inLanguage\":\"fr-FR\",\"potentialAction\":[{\"@type\":\"ReadAction\",\"target\":[\"https:\\\/\\\/macite.tg\\\/?p=16350\"]}]},{\"@type\":\"ImageObject\",\"inLanguage\":\"fr-FR\",\"@id\":\"https:\\\/\\\/macite.tg\\\/?p=16350#primaryimage\",\"url\":\"https:\\\/\\\/macite.tg\\\/wp-content\\\/uploads\\\/2024\\\/09\\\/Real.jpg\",\"contentUrl\":\"https:\\\/\\\/macite.tg\\\/wp-content\\\/uploads\\\/2024\\\/09\\\/Real.jpg\",\"width\":500,\"height\":168,\"caption\":\"Vinicius Jr devmandant \u00e0 Mbapp\u00e9, de tirer le penalty.\"},{\"@type\":\"BreadcrumbList\",\"@id\":\"https:\\\/\\\/macite.tg\\\/?p=16350#breadcrumb\",\"itemListElement\":[{\"@type\":\"ListItem\",\"position\":1,\"name\":\"Accueil\",\"item\":\"https:\\\/\\\/macite.tg\\\/\"},{\"@type\":\"ListItem\",\"position\":2,\"name\":\"LIGA\u00a0: Quand Vinicus Jr aide Mbapp\u00e9 \u00e0 d\u00e9bloquer son compteur but\"}]},{\"@type\":\"WebSite\",\"@id\":\"https:\\\/\\\/macite.tg\\\/#website\",\"url\":\"https:\\\/\\\/macite.tg\\\/\",\"name\":\"\",\"description\":\"L&#039;information, la bonne!!!\",\"potentialAction\":[{\"@type\":\"SearchAction\",\"target\":{\"@type\":\"EntryPoint\",\"urlTemplate\":\"https:\\\/\\\/macite.tg\\\/?s={search_term_string}\"},\"query-input\":{\"@type\":\"PropertyValueSpecification\",\"valueRequired\":true,\"valueName\":\"search_term_string\"}}],\"inLanguage\":\"fr-FR\"},{\"@type\":\"Person\",\"@id\":\"https:\\\/\\\/macite.tg\\\/#\\\/schema\\\/person\\\/e9f2de7e5dbbe7770a9402c7ce82f5c2\",\"name\":\"Jean Pierre BAWELA\",\"image\":{\"@type\":\"ImageObject\",\"inLanguage\":\"fr-FR\",\"@id\":\"https:\\\/\\\/macite.tg\\\/wp-content\\\/uploads\\\/2023\\\/09\\\/WhatsApp-Image-2023-09-19-at-14.44.41-122x122.jpeg\",\"url\":\"https:\\\/\\\/macite.tg\\\/wp-content\\\/uploads\\\/2023\\\/09\\\/WhatsApp-Image-2023-09-19-at-14.44.41-122x122.jpeg\",\"contentUrl\":\"https:\\\/\\\/macite.tg\\\/wp-content\\\/uploads\\\/2023\\\/09\\\/WhatsApp-Image-2023-09-19-at-14.44.41-122x122.jpeg\",\"caption\":\"Jean Pierre BAWELA\"},\"url\":\"https:\\\/\\\/macite.tg\\\/?author=2\"}]}<\/script>\n<!-- \/ Yoast SEO plugin. -->","yoast_head_json":{"title":"LIGA\u00a0: Quand Vinicus Jr aide Mbapp\u00e9 \u00e0 d\u00e9bloquer son compteur but -","robots":{"index":"index","follow":"follow","max-snippet":"max-snippet:-1","max-image-preview":"max-image-preview:large","max-video-preview":"max-video-preview:-1"},"canonical":"https:\/\/macite.tg\/?p=16350","og_locale":"fr_FR","og_type":"article","og_title":"LIGA\u00a0: Quand Vinicus Jr aide Mbapp\u00e9 \u00e0 d\u00e9bloquer son compteur but -","og_description":"Lors de la quatri\u00e8me journ\u00e9e de Liga, dimanche 1\u1d49\u02b3 septembre, le Real Madrid s&rsquo;est impos\u00e9, 2-0, face au Betis S\u00e9ville. Une rencontre marqu\u00e9e par le premier but en Liga de l\u2019attaquant international tricolore, Kylian Mbapp\u00e9, suivi d&rsquo;un deuxi\u00e8me quelques minutes apr\u00e8s. Mais d\u00e9couvrez toute l\u2019histoire [&hellip;]","og_url":"https:\/\/macite.tg\/?p=16350","article_published_time":"2024-09-03T12:33:29+00:00","article_modified_time":"2024-09-03T13:03:10+00:00","og_image":[{"width":500,"height":168,"url":"https:\/\/macite.tg\/wp-content\/uploads\/2024\/09\/Real.jpg","type":"image\/jpeg"}],"author":"Jean Pierre BAWELA","twitter_card":"summary_large_image","twitter_misc":{"\u00c9crit par":"Jean Pierre BAWELA","Dur\u00e9e de lecture estim\u00e9e":"3 minutes"},"schema":{"@context":"https:\/\/schema.org","@graph":[{"@type":"Article","@id":"https:\/\/macite.tg\/?p=16350#article","isPartOf":{"@id":"https:\/\/macite.tg\/?p=16350"},"author":{"name":"Jean Pierre BAWELA","@id":"https:\/\/macite.tg\/#\/schema\/person\/e9f2de7e5dbbe7770a9402c7ce82f5c2"},"headline":"LIGA\u00a0: Quand Vinicus Jr aide Mbapp\u00e9 \u00e0 d\u00e9bloquer son compteur but","datePublished":"2024-09-03T12:33:29+00:00","dateModified":"2024-09-03T13:03:10+00:00","mainEntityOfPage":{"@id":"https:\/\/macite.tg\/?p=16350"},"wordCount":654,"commentCount":0,"image":{"@id":"https:\/\/macite.tg\/?p=16350#primaryimage"},"thumbnailUrl":"https:\/\/macite.tg\/wp-content\/uploads\/2024\/09\/Real.jpg","articleSection":["ACTUALITE","SPORTS"],"inLanguage":"fr-FR","potentialAction":[{"@type":"CommentAction","name":"Comment","target":["https:\/\/macite.tg\/?p=16350#respond"]}]},{"@type":"WebPage","@id":"https:\/\/macite.tg\/?p=16350","url":"https:\/\/macite.tg\/?p=16350","name":"LIGA\u00a0: Quand Vinicus Jr aide Mbapp\u00e9 \u00e0 d\u00e9bloquer son compteur but -","isPartOf":{"@id":"https:\/\/macite.tg\/#website"},"primaryImageOfPage":{"@id":"https:\/\/macite.tg\/?p=16350#primaryimage"},"image":{"@id":"https:\/\/macite.tg\/?p=16350#primaryimage"},"thumbnailUrl":"https:\/\/macite.tg\/wp-content\/uploads\/2024\/09\/Real.jpg","datePublished":"2024-09-03T12:33:29+00:00","dateModified":"2024-09-03T13:03:10+00:00","author":{"@id":"https:\/\/macite.tg\/#\/schema\/person\/e9f2de7e5dbbe7770a9402c7ce82f5c2"},"breadcrumb":{"@id":"https:\/\/macite.tg\/?p=16350#breadcrumb"},"inLanguage":"fr-FR","potentialAction":[{"@type":"ReadAction","target":["https:\/\/macite.tg\/?p=16350"]}]},{"@type":"ImageObject","inLanguage":"fr-FR","@id":"https:\/\/macite.tg\/?p=16350#primaryimage","url":"https:\/\/macite.tg\/wp-content\/uploads\/2024\/09\/Real.jpg","contentUrl":"https:\/\/macite.tg\/wp-content\/uploads\/2024\/09\/Real.jpg","width":500,"height":168,"caption":"Vinicius Jr devmandant \u00e0 Mbapp\u00e9, de tirer le penalty."},{"@type":"BreadcrumbList","@id":"https:\/\/macite.tg\/?p=16350#breadcrumb","itemListElement":[{"@type":"ListItem","position":1,"name":"Accueil","item":"https:\/\/macite.tg\/"},{"@type":"ListItem","position":2,"name":"LIGA\u00a0: Quand Vinicus Jr aide Mbapp\u00e9 \u00e0 d\u00e9bloquer son compteur but"}]},{"@type":"WebSite","@id":"https:\/\/macite.tg\/#website","url":"https:\/\/macite.tg\/","name":"","description":"L&#039;information, la bonne!!!","potentialAction":[{"@type":"SearchAction","target":{"@type":"EntryPoint","urlTemplate":"https:\/\/macite.tg\/?s={search_term_string}"},"query-input":{"@type":"PropertyValueSpecification","valueRequired":true,"valueName":"search_term_string"}}],"inLanguage":"fr-FR"},{"@type":"Person","@id":"https:\/\/macite.tg\/#\/schema\/person\/e9f2de7e5dbbe7770a9402c7ce82f5c2","name":"Jean Pierre BAWELA","image":{"@type":"ImageObject","inLanguage":"fr-FR","@id":"https:\/\/macite.tg\/wp-content\/uploads\/2023\/09\/WhatsApp-Image-2023-09-19-at-14.44.41-122x122.jpeg","url":"https:\/\/macite.tg\/wp-content\/uploads\/2023\/09\/WhatsApp-Image-2023-09-19-at-14.44.41-122x122.jpeg","contentUrl":"https:\/\/macite.tg\/wp-content\/uploads\/2023\/09\/WhatsApp-Image-2023-09-19-at-14.44.41-122x122.jpeg","caption":"Jean Pierre BAWELA"},"url":"https:\/\/macite.tg\/?author=2"}]}},"_links":{"self":[{"href":"https:\/\/macite.tg\/index.php?rest_route=\/wp\/v2\/posts\/16350","targetHints":{"allow":["GET"]}}],"collection":[{"href":"https:\/\/macite.tg\/index.php?rest_route=\/wp\/v2\/posts"}],"about":[{"href":"https:\/\/macite.tg\/index.php?rest_route=\/wp\/v2\/types\/post"}],"author":[{"embeddable":true,"href":"https:\/\/macite.tg\/index.php?rest_route=\/wp\/v2\/users\/2"}],"replies":[{"embeddable":true,"href":"https:\/\/macite.tg\/index.php?rest_route=%2Fwp%2Fv2%2Fcomments&post=16350"}],"version-history":[{"count":0,"href":"https:\/\/macite.tg\/index.php?rest_route=\/wp\/v2\/posts\/16350\/revisions"}],"wp:featuredmedia":[{"embeddable":true,"href":"https:\/\/macite.tg\/index.php?rest_route=\/wp\/v2\/media\/16353"}],"wp:attachment":[{"href":"https:\/\/macite.tg\/index.php?rest_route=%2Fwp%2Fv2%2Fmedia&parent=16350"}],"wp:term":[{"taxonomy":"category","embeddable":true,"href":"https:\/\/macite.tg\/index.php?rest_route=%2Fwp%2Fv2%2Fcategories&post=16350"},{"taxonomy":"post_tag","embeddable":true,"href":"https:\/\/macite.tg\/index.php?rest_route=%2Fwp%2Fv2%2Ftags&post=16350"}],"curies":[{"name":"wp","href":"https:\/\/api.w.org\/{rel}","templated":true}]}}