{"id":16321,"date":"2024-09-02T10:46:57","date_gmt":"2024-09-02T10:46:57","guid":{"rendered":"https:\/\/macite.tg\/?p=16321"},"modified":"2024-09-02T10:47:00","modified_gmt":"2024-09-02T10:47:00","slug":"insertion-professionnelle-les-ifad-ces-nouvelles-infrastructures-daccueil-pour-repondre-aux-defis-de-lemploi-des-jeunes","status":"publish","type":"post","link":"https:\/\/macite.tg\/?p=16321","title":{"rendered":"INSERTION PROFESSIONNELLE\u00a0: Les Ifad, ces nouvelles infrastructures d&rsquo;accueil pour r\u00e9pondre aux d\u00e9fis de l\u2019emploi des jeunes"},"content":{"rendered":"\n<p class=\"wp-block-paragraph\"><strong><em>Les Instituts de formation en alternance pour le d\u00e9veloppement (Ifad) se r\u00e9v\u00e8lent comme \u00e9tant de vrais catalyseurs de l&rsquo;insertion professionnelle. Le pr\u00e9sident de la R\u00e9publique, Faure Essozimna Gnassingb\u00e9, \u00e0 qui l&rsquo;avenir des jeunes Togolais tient beaucoup \u00e0 c\u0153ur, a d\u00e9cid\u00e9 de faire construire ces \u00e9coles dipl\u00f4mantes et qualifiantes, qui r\u00e9pondent tr\u00e8s efficacement aux d\u00e9fis de l&#8217;emploi des jeunes.<\/em><\/strong><\/p>\n\n\n\n<p class=\"wp-block-paragraph\">Les Ifad sont des \u00e9tablissements novateurs, con\u00e7us pour allier l&rsquo;enseignement th\u00e9orique et pratique. Ils sont bien int\u00e9gr\u00e9s au c\u0153ur de la strat\u00e9gie du gouvernement pour favoriser l&rsquo;\u00e9panouissement des jeunes et dynamiser l&rsquo;\u00e9conomie nationale.<\/p>\n\n\n<div class=\"wp-block-image\">\n<figure class=\"aligncenter size-full is-resized\"><img loading=\"lazy\" decoding=\"async\" src=\"https:\/\/macite.tg\/wp-content\/uploads\/2024\/08\/IMG-20240313-WA0013-2.jpg\" alt=\"\" class=\"wp-image-16318\" width=\"841\" height=\"207\" srcset=\"https:\/\/macite.tg\/wp-content\/uploads\/2024\/08\/IMG-20240313-WA0013-2.jpg 690w, https:\/\/macite.tg\/wp-content\/uploads\/2024\/08\/IMG-20240313-WA0013-2-300x74.jpg 300w\" sizes=\"auto, (max-width: 841px) 100vw, 841px\" \/><\/figure>\n<\/div>\n\n\n<p class=\"wp-block-paragraph\"><strong>Une formation adapt\u00e9e aux besoins du march\u00e9<\/strong><\/p>\n\n\n\n<p class=\"wp-block-paragraph\">Les Ifad s&rsquo;illustrent comme une r\u00e9ponse directe \u00e0 la n\u00e9cessit\u00e9 de former une main-d&rsquo;\u0153uvre qualifi\u00e9e et adapt\u00e9e aux besoins du march\u00e9 du travail. Ils r\u00e9sorbent l&rsquo;inad\u00e9quation entre les formations acad\u00e9miques traditionnelles et les exigences des secteurs \u00e9conomiques aujourd&rsquo;hui en pleine croissance.<\/p>\n\n\n\n<p class=\"wp-block-paragraph\">Sur le territoire, deux nouveaux Instituts de formation en alternance pour le d\u00e9veloppement vont voir le jour. Ils seront install\u00e9s \u00e0 Av\u00e9tonou et \u00e0 Agom\u00e9-Glozou afin de former les jeunes en \u00e9levage et en aquaculture.<\/p>\n\n\n\n<p class=\"wp-block-paragraph\">Selon la cheffe du gouvernement, \u00ab\u00a0l&rsquo;\u00e9cole et l&rsquo;apprentissage restent notre priorit\u00e9\u00a0\u00bb, c&rsquo;est pourquoi <em>\u00ab\u00a0nous allons nous attacher \u00e0 la poursuite des chantiers en cours, notamment la construction des salles de classe additionnelles, des infrastructures universitaires, ainsi que de deux Ifad suppl\u00e9mentaires sur les m\u00e9tiers de l&rsquo;\u00e9levage et de l&rsquo;aquaculture \u00bb<\/em>.<\/p>\n\n\n<div class=\"wp-block-image\">\n<figure class=\"aligncenter size-large is-resized\"><img loading=\"lazy\" decoding=\"async\" src=\"https:\/\/macite.tg\/wp-content\/uploads\/2024\/08\/ea567e15-9e89-4591-846d-23554b6d0d73-717x1024.jpg\" alt=\"\" class=\"wp-image-16167\" width=\"581\" height=\"830\" srcset=\"https:\/\/macite.tg\/wp-content\/uploads\/2024\/08\/ea567e15-9e89-4591-846d-23554b6d0d73-717x1024.jpg 717w, https:\/\/macite.tg\/wp-content\/uploads\/2024\/08\/ea567e15-9e89-4591-846d-23554b6d0d73-210x300.jpg 210w, https:\/\/macite.tg\/wp-content\/uploads\/2024\/08\/ea567e15-9e89-4591-846d-23554b6d0d73.jpg 720w\" sizes=\"auto, (max-width: 581px) 100vw, 581px\" \/><\/figure>\n<\/div>\n\n\n<p class=\"wp-block-paragraph\"><strong>3 Ifad existent d\u00e9j\u00e0<\/strong><\/p>\n\n\n\n<p class=\"wp-block-paragraph\">Une fois que les deux Ifad suppl\u00e9mentaires seront op\u00e9rationnels, cela portera le total de ces Instituts \u00e0 cinq. Les \u00e9tablissements existants sont celui d&rsquo;Elavagnon qui est sp\u00e9cialis\u00e9 en aquaculture, l&rsquo;Ifad de Barkoissi dont la mati\u00e8re est l&rsquo;\u00e9levage et l&rsquo;Ifad d&rsquo;Adidogom\u00e9 (Lom\u00e9) qui fait dans les m\u00e9tiers du b\u00e2timent.<\/p>\n\n\n\n<p class=\"wp-block-paragraph\">Selon des chiffres donn\u00e9s par les pouvoirs publics, 67 % des apprenants dipl\u00f4m\u00e9s des Ifad ont d\u00e9j\u00e0 \u00e9t\u00e9 financ\u00e9s. En juillet 2024, un recrutement a \u00e9t\u00e9 lanc\u00e9 pour accueillir une nouvelle promotion dans les trois (03) \u00e9tablissements op\u00e9rationnels. Il concerne les jeunes \u00e2g\u00e9s de 16 \u00e0 30 ans, titulaires au moins du Bepc et qui sont en bonne condition physique et surtout motiv\u00e9s.<\/p>\n\n\n\n<p class=\"wp-block-paragraph\">Le financement garanti aux dipl\u00f4m\u00e9s leur permet de se lancer dans la vie active sans \u00e9prouver des difficult\u00e9s d&rsquo;argent. Le financement est assur\u00e9 pour les jeunes dipl\u00f4m\u00e9s les plus assidus. C&rsquo;est \u00e9galement un moyen de promouvoir l&rsquo;excellence.<\/p>\n\n\n<div class=\"wp-block-image\">\n<figure class=\"aligncenter size-full\"><img loading=\"lazy\" decoding=\"async\" width=\"509\" height=\"720\" src=\"https:\/\/macite.tg\/wp-content\/uploads\/2024\/08\/Depreciation-jusquau-31-Dec-1.jpg\" alt=\"\" class=\"wp-image-16232\" srcset=\"https:\/\/macite.tg\/wp-content\/uploads\/2024\/08\/Depreciation-jusquau-31-Dec-1.jpg 509w, https:\/\/macite.tg\/wp-content\/uploads\/2024\/08\/Depreciation-jusquau-31-Dec-1-212x300.jpg 212w\" sizes=\"auto, (max-width: 509px) 100vw, 509px\" \/><\/figure>\n<\/div>\n\n\n<p class=\"wp-block-paragraph\">Le mod\u00e8le de formation sur lequel sont bas\u00e9s les Ifad permet aux jeunes d&rsquo;acqu\u00e9rir des comp\u00e9tences pratiques tout en b\u00e9n\u00e9ficiant d&rsquo;une v\u00e9ritable base th\u00e9orique. Au cours des prochaines ann\u00e9es, le pays veut pouvoir compter au moins 10 Ifad, c&rsquo;est la grande ambition.<\/p>\n\n\n\n<p class=\"wp-block-paragraph\"><strong>Omar<\/strong><\/p>\n\n\n\n<p class=\"wp-block-paragraph\"><a><strong><em>@macite.tg&nbsp;&nbsp;&nbsp;&nbsp;&nbsp;&nbsp;&nbsp;&nbsp;<\/em><\/strong><\/a><\/p>\n\n\n\n<p class=\"wp-block-paragraph\"><strong><em>E-mail&nbsp;: <\/em><\/strong><a href=\"mailto:maciteinfo@gmail.com\"><strong><em>maciteinfo@gmail.com<\/em><\/strong><\/a><strong><em>; <\/em><\/strong><a href=\"mailto:bawela1@gmail.com\"><strong><em>bawela1@gmail.com<\/em><\/strong><\/a><strong><em><\/em><\/strong><\/p>\n\n\n\n<p class=\"wp-block-paragraph\"><strong><em>Pour vos annonces, (publi)reportages, etc., joignez-nous au (00228)91515309\/<strong>79872224 <\/strong>www.macite.tg, L\u2019information, la bonne&nbsp;!<\/em><\/strong><\/p>\n","protected":false},"excerpt":{"rendered":"<p class=\"text-justify mb-2\" >Les Instituts de formation en alternance pour le d\u00e9veloppement (Ifad) se r\u00e9v\u00e8lent comme \u00e9tant de vrais catalyseurs de l&rsquo;insertion professionnelle. Le pr\u00e9sident de la R\u00e9publique, Faure Essozimna Gnassingb\u00e9, \u00e0 qui l&rsquo;avenir des jeunes Togolais tient beaucoup \u00e0 c\u0153ur, a d\u00e9cid\u00e9 de faire construire ces \u00e9coles [&hellip;]<\/p>\n","protected":false},"author":2,"featured_media":16324,"comment_status":"open","ping_status":"open","sticky":false,"template":"","format":"standard","meta":{"footnotes":""},"categories":[20,43],"tags":[],"class_list":["post-16321","post","type-post","status-publish","format-standard","has-post-thumbnail","hentry","category-actualite","category-emploi"],"yoast_head":"<!-- This site is optimized with the Yoast SEO plugin v28.4 - https:\/\/yoast.com\/product\/yoast-seo-wordpress\/ -->\n<title>INSERTION PROFESSIONNELLE\u00a0: Les Ifad, ces nouvelles infrastructures d&#039;accueil pour r\u00e9pondre aux d\u00e9fis de l\u2019emploi des jeunes -<\/title>\n<meta name=\"robots\" content=\"index, follow, max-snippet:-1, max-image-preview:large, max-video-preview:-1\" \/>\n<link rel=\"canonical\" href=\"https:\/\/macite.tg\/?p=16321\" \/>\n<meta property=\"og:locale\" content=\"fr_FR\" \/>\n<meta property=\"og:type\" content=\"article\" \/>\n<meta property=\"og:title\" content=\"INSERTION PROFESSIONNELLE\u00a0: Les Ifad, ces nouvelles infrastructures d&#039;accueil pour r\u00e9pondre aux d\u00e9fis de l\u2019emploi des jeunes -\" \/>\n<meta property=\"og:description\" content=\"Les Instituts de formation en alternance pour le d\u00e9veloppement (Ifad) se r\u00e9v\u00e8lent comme \u00e9tant de vrais catalyseurs de l&rsquo;insertion professionnelle. Le pr\u00e9sident de la R\u00e9publique, Faure Essozimna Gnassingb\u00e9, \u00e0 qui l&rsquo;avenir des jeunes Togolais tient beaucoup \u00e0 c\u0153ur, a d\u00e9cid\u00e9 de faire construire ces \u00e9coles [&hellip;]\" \/>\n<meta property=\"og:url\" content=\"https:\/\/macite.tg\/?p=16321\" \/>\n<meta property=\"article:published_time\" content=\"2024-09-02T10:46:57+00:00\" \/>\n<meta property=\"article:modified_time\" content=\"2024-09-02T10:47:00+00:00\" \/>\n<meta property=\"og:image\" content=\"https:\/\/macite.tg\/wp-content\/uploads\/2024\/09\/image-1.png\" \/>\n\t<meta property=\"og:image:width\" content=\"348\" \/>\n\t<meta property=\"og:image:height\" content=\"270\" \/>\n\t<meta property=\"og:image:type\" content=\"image\/png\" \/>\n<meta name=\"author\" content=\"Jean Pierre BAWELA\" \/>\n<meta name=\"twitter:card\" content=\"summary_large_image\" \/>\n<meta name=\"twitter:label1\" content=\"\u00c9crit par\" \/>\n\t<meta name=\"twitter:data1\" content=\"Jean Pierre BAWELA\" \/>\n\t<meta name=\"twitter:label2\" content=\"Dur\u00e9e de lecture estim\u00e9e\" \/>\n\t<meta name=\"twitter:data2\" content=\"3 minutes\" \/>\n<script type=\"application\/ld+json\" class=\"yoast-schema-graph\">{\"@context\":\"https:\\\/\\\/schema.org\",\"@graph\":[{\"@type\":\"Article\",\"@id\":\"https:\\\/\\\/macite.tg\\\/?p=16321#article\",\"isPartOf\":{\"@id\":\"https:\\\/\\\/macite.tg\\\/?p=16321\"},\"author\":{\"name\":\"Jean Pierre BAWELA\",\"@id\":\"https:\\\/\\\/macite.tg\\\/#\\\/schema\\\/person\\\/e9f2de7e5dbbe7770a9402c7ce82f5c2\"},\"headline\":\"INSERTION PROFESSIONNELLE\u00a0: Les Ifad, ces nouvelles infrastructures d&rsquo;accueil pour r\u00e9pondre aux d\u00e9fis de l\u2019emploi des jeunes\",\"datePublished\":\"2024-09-02T10:46:57+00:00\",\"dateModified\":\"2024-09-02T10:47:00+00:00\",\"mainEntityOfPage\":{\"@id\":\"https:\\\/\\\/macite.tg\\\/?p=16321\"},\"wordCount\":542,\"commentCount\":0,\"image\":{\"@id\":\"https:\\\/\\\/macite.tg\\\/?p=16321#primaryimage\"},\"thumbnailUrl\":\"https:\\\/\\\/macite.tg\\\/wp-content\\\/uploads\\\/2024\\\/09\\\/image-1.png\",\"articleSection\":[\"ACTUALITE\",\"EMPLOI\"],\"inLanguage\":\"fr-FR\",\"potentialAction\":[{\"@type\":\"CommentAction\",\"name\":\"Comment\",\"target\":[\"https:\\\/\\\/macite.tg\\\/?p=16321#respond\"]}]},{\"@type\":\"WebPage\",\"@id\":\"https:\\\/\\\/macite.tg\\\/?p=16321\",\"url\":\"https:\\\/\\\/macite.tg\\\/?p=16321\",\"name\":\"INSERTION PROFESSIONNELLE\u00a0: Les Ifad, ces nouvelles infrastructures d'accueil pour r\u00e9pondre aux d\u00e9fis de l\u2019emploi des jeunes -\",\"isPartOf\":{\"@id\":\"https:\\\/\\\/macite.tg\\\/#website\"},\"primaryImageOfPage\":{\"@id\":\"https:\\\/\\\/macite.tg\\\/?p=16321#primaryimage\"},\"image\":{\"@id\":\"https:\\\/\\\/macite.tg\\\/?p=16321#primaryimage\"},\"thumbnailUrl\":\"https:\\\/\\\/macite.tg\\\/wp-content\\\/uploads\\\/2024\\\/09\\\/image-1.png\",\"datePublished\":\"2024-09-02T10:46:57+00:00\",\"dateModified\":\"2024-09-02T10:47:00+00:00\",\"author\":{\"@id\":\"https:\\\/\\\/macite.tg\\\/#\\\/schema\\\/person\\\/e9f2de7e5dbbe7770a9402c7ce82f5c2\"},\"breadcrumb\":{\"@id\":\"https:\\\/\\\/macite.tg\\\/?p=16321#breadcrumb\"},\"inLanguage\":\"fr-FR\",\"potentialAction\":[{\"@type\":\"ReadAction\",\"target\":[\"https:\\\/\\\/macite.tg\\\/?p=16321\"]}]},{\"@type\":\"ImageObject\",\"inLanguage\":\"fr-FR\",\"@id\":\"https:\\\/\\\/macite.tg\\\/?p=16321#primaryimage\",\"url\":\"https:\\\/\\\/macite.tg\\\/wp-content\\\/uploads\\\/2024\\\/09\\\/image-1.png\",\"contentUrl\":\"https:\\\/\\\/macite.tg\\\/wp-content\\\/uploads\\\/2024\\\/09\\\/image-1.png\",\"width\":348,\"height\":270,\"caption\":\"De jeunes Togo en formation dans les Ifad (Photo archives)\"},{\"@type\":\"BreadcrumbList\",\"@id\":\"https:\\\/\\\/macite.tg\\\/?p=16321#breadcrumb\",\"itemListElement\":[{\"@type\":\"ListItem\",\"position\":1,\"name\":\"Accueil\",\"item\":\"https:\\\/\\\/macite.tg\\\/\"},{\"@type\":\"ListItem\",\"position\":2,\"name\":\"INSERTION PROFESSIONNELLE\u00a0: Les Ifad, ces nouvelles infrastructures d&rsquo;accueil pour r\u00e9pondre aux d\u00e9fis de l\u2019emploi des jeunes\"}]},{\"@type\":\"WebSite\",\"@id\":\"https:\\\/\\\/macite.tg\\\/#website\",\"url\":\"https:\\\/\\\/macite.tg\\\/\",\"name\":\"\",\"description\":\"L&#039;information, la bonne!!!\",\"potentialAction\":[{\"@type\":\"SearchAction\",\"target\":{\"@type\":\"EntryPoint\",\"urlTemplate\":\"https:\\\/\\\/macite.tg\\\/?s={search_term_string}\"},\"query-input\":{\"@type\":\"PropertyValueSpecification\",\"valueRequired\":true,\"valueName\":\"search_term_string\"}}],\"inLanguage\":\"fr-FR\"},{\"@type\":\"Person\",\"@id\":\"https:\\\/\\\/macite.tg\\\/#\\\/schema\\\/person\\\/e9f2de7e5dbbe7770a9402c7ce82f5c2\",\"name\":\"Jean Pierre BAWELA\",\"image\":{\"@type\":\"ImageObject\",\"inLanguage\":\"fr-FR\",\"@id\":\"https:\\\/\\\/macite.tg\\\/wp-content\\\/uploads\\\/2023\\\/09\\\/WhatsApp-Image-2023-09-19-at-14.44.41-122x122.jpeg\",\"url\":\"https:\\\/\\\/macite.tg\\\/wp-content\\\/uploads\\\/2023\\\/09\\\/WhatsApp-Image-2023-09-19-at-14.44.41-122x122.jpeg\",\"contentUrl\":\"https:\\\/\\\/macite.tg\\\/wp-content\\\/uploads\\\/2023\\\/09\\\/WhatsApp-Image-2023-09-19-at-14.44.41-122x122.jpeg\",\"caption\":\"Jean Pierre BAWELA\"},\"url\":\"https:\\\/\\\/macite.tg\\\/?author=2\"}]}<\/script>\n<!-- \/ Yoast SEO plugin. -->","yoast_head_json":{"title":"INSERTION PROFESSIONNELLE\u00a0: Les Ifad, ces nouvelles infrastructures d'accueil pour r\u00e9pondre aux d\u00e9fis de l\u2019emploi des jeunes -","robots":{"index":"index","follow":"follow","max-snippet":"max-snippet:-1","max-image-preview":"max-image-preview:large","max-video-preview":"max-video-preview:-1"},"canonical":"https:\/\/macite.tg\/?p=16321","og_locale":"fr_FR","og_type":"article","og_title":"INSERTION PROFESSIONNELLE\u00a0: Les Ifad, ces nouvelles infrastructures d'accueil pour r\u00e9pondre aux d\u00e9fis de l\u2019emploi des jeunes -","og_description":"Les Instituts de formation en alternance pour le d\u00e9veloppement (Ifad) se r\u00e9v\u00e8lent comme \u00e9tant de vrais catalyseurs de l&rsquo;insertion professionnelle. Le pr\u00e9sident de la R\u00e9publique, Faure Essozimna Gnassingb\u00e9, \u00e0 qui l&rsquo;avenir des jeunes Togolais tient beaucoup \u00e0 c\u0153ur, a d\u00e9cid\u00e9 de faire construire ces \u00e9coles [&hellip;]","og_url":"https:\/\/macite.tg\/?p=16321","article_published_time":"2024-09-02T10:46:57+00:00","article_modified_time":"2024-09-02T10:47:00+00:00","og_image":[{"width":348,"height":270,"url":"https:\/\/macite.tg\/wp-content\/uploads\/2024\/09\/image-1.png","type":"image\/png"}],"author":"Jean Pierre BAWELA","twitter_card":"summary_large_image","twitter_misc":{"\u00c9crit par":"Jean Pierre BAWELA","Dur\u00e9e de lecture estim\u00e9e":"3 minutes"},"schema":{"@context":"https:\/\/schema.org","@graph":[{"@type":"Article","@id":"https:\/\/macite.tg\/?p=16321#article","isPartOf":{"@id":"https:\/\/macite.tg\/?p=16321"},"author":{"name":"Jean Pierre BAWELA","@id":"https:\/\/macite.tg\/#\/schema\/person\/e9f2de7e5dbbe7770a9402c7ce82f5c2"},"headline":"INSERTION PROFESSIONNELLE\u00a0: Les Ifad, ces nouvelles infrastructures d&rsquo;accueil pour r\u00e9pondre aux d\u00e9fis de l\u2019emploi des jeunes","datePublished":"2024-09-02T10:46:57+00:00","dateModified":"2024-09-02T10:47:00+00:00","mainEntityOfPage":{"@id":"https:\/\/macite.tg\/?p=16321"},"wordCount":542,"commentCount":0,"image":{"@id":"https:\/\/macite.tg\/?p=16321#primaryimage"},"thumbnailUrl":"https:\/\/macite.tg\/wp-content\/uploads\/2024\/09\/image-1.png","articleSection":["ACTUALITE","EMPLOI"],"inLanguage":"fr-FR","potentialAction":[{"@type":"CommentAction","name":"Comment","target":["https:\/\/macite.tg\/?p=16321#respond"]}]},{"@type":"WebPage","@id":"https:\/\/macite.tg\/?p=16321","url":"https:\/\/macite.tg\/?p=16321","name":"INSERTION PROFESSIONNELLE\u00a0: Les Ifad, ces nouvelles infrastructures d'accueil pour r\u00e9pondre aux d\u00e9fis de l\u2019emploi des jeunes -","isPartOf":{"@id":"https:\/\/macite.tg\/#website"},"primaryImageOfPage":{"@id":"https:\/\/macite.tg\/?p=16321#primaryimage"},"image":{"@id":"https:\/\/macite.tg\/?p=16321#primaryimage"},"thumbnailUrl":"https:\/\/macite.tg\/wp-content\/uploads\/2024\/09\/image-1.png","datePublished":"2024-09-02T10:46:57+00:00","dateModified":"2024-09-02T10:47:00+00:00","author":{"@id":"https:\/\/macite.tg\/#\/schema\/person\/e9f2de7e5dbbe7770a9402c7ce82f5c2"},"breadcrumb":{"@id":"https:\/\/macite.tg\/?p=16321#breadcrumb"},"inLanguage":"fr-FR","potentialAction":[{"@type":"ReadAction","target":["https:\/\/macite.tg\/?p=16321"]}]},{"@type":"ImageObject","inLanguage":"fr-FR","@id":"https:\/\/macite.tg\/?p=16321#primaryimage","url":"https:\/\/macite.tg\/wp-content\/uploads\/2024\/09\/image-1.png","contentUrl":"https:\/\/macite.tg\/wp-content\/uploads\/2024\/09\/image-1.png","width":348,"height":270,"caption":"De jeunes Togo en formation dans les Ifad (Photo archives)"},{"@type":"BreadcrumbList","@id":"https:\/\/macite.tg\/?p=16321#breadcrumb","itemListElement":[{"@type":"ListItem","position":1,"name":"Accueil","item":"https:\/\/macite.tg\/"},{"@type":"ListItem","position":2,"name":"INSERTION PROFESSIONNELLE\u00a0: Les Ifad, ces nouvelles infrastructures d&rsquo;accueil pour r\u00e9pondre aux d\u00e9fis de l\u2019emploi des jeunes"}]},{"@type":"WebSite","@id":"https:\/\/macite.tg\/#website","url":"https:\/\/macite.tg\/","name":"","description":"L&#039;information, la bonne!!!","potentialAction":[{"@type":"SearchAction","target":{"@type":"EntryPoint","urlTemplate":"https:\/\/macite.tg\/?s={search_term_string}"},"query-input":{"@type":"PropertyValueSpecification","valueRequired":true,"valueName":"search_term_string"}}],"inLanguage":"fr-FR"},{"@type":"Person","@id":"https:\/\/macite.tg\/#\/schema\/person\/e9f2de7e5dbbe7770a9402c7ce82f5c2","name":"Jean Pierre BAWELA","image":{"@type":"ImageObject","inLanguage":"fr-FR","@id":"https:\/\/macite.tg\/wp-content\/uploads\/2023\/09\/WhatsApp-Image-2023-09-19-at-14.44.41-122x122.jpeg","url":"https:\/\/macite.tg\/wp-content\/uploads\/2023\/09\/WhatsApp-Image-2023-09-19-at-14.44.41-122x122.jpeg","contentUrl":"https:\/\/macite.tg\/wp-content\/uploads\/2023\/09\/WhatsApp-Image-2023-09-19-at-14.44.41-122x122.jpeg","caption":"Jean Pierre BAWELA"},"url":"https:\/\/macite.tg\/?author=2"}]}},"_links":{"self":[{"href":"https:\/\/macite.tg\/index.php?rest_route=\/wp\/v2\/posts\/16321","targetHints":{"allow":["GET"]}}],"collection":[{"href":"https:\/\/macite.tg\/index.php?rest_route=\/wp\/v2\/posts"}],"about":[{"href":"https:\/\/macite.tg\/index.php?rest_route=\/wp\/v2\/types\/post"}],"author":[{"embeddable":true,"href":"https:\/\/macite.tg\/index.php?rest_route=\/wp\/v2\/users\/2"}],"replies":[{"embeddable":true,"href":"https:\/\/macite.tg\/index.php?rest_route=%2Fwp%2Fv2%2Fcomments&post=16321"}],"version-history":[{"count":0,"href":"https:\/\/macite.tg\/index.php?rest_route=\/wp\/v2\/posts\/16321\/revisions"}],"wp:featuredmedia":[{"embeddable":true,"href":"https:\/\/macite.tg\/index.php?rest_route=\/wp\/v2\/media\/16324"}],"wp:attachment":[{"href":"https:\/\/macite.tg\/index.php?rest_route=%2Fwp%2Fv2%2Fmedia&parent=16321"}],"wp:term":[{"taxonomy":"category","embeddable":true,"href":"https:\/\/macite.tg\/index.php?rest_route=%2Fwp%2Fv2%2Fcategories&post=16321"},{"taxonomy":"post_tag","embeddable":true,"href":"https:\/\/macite.tg\/index.php?rest_route=%2Fwp%2Fv2%2Ftags&post=16321"}],"curies":[{"name":"wp","href":"https:\/\/api.w.org\/{rel}","templated":true}]}}