{"id":16286,"date":"2024-08-29T16:14:39","date_gmt":"2024-08-29T16:14:39","guid":{"rendered":"https:\/\/macite.tg\/?p=16286"},"modified":"2024-08-29T16:18:51","modified_gmt":"2024-08-29T16:18:51","slug":"jeux-paralympiques-de-paris-2024-le-togolais-severin-ayao-kansa-a-pris-part-au-defile-de-la-ceremonie-douverture","status":"publish","type":"post","link":"https:\/\/macite.tg\/?p=16286","title":{"rendered":"JEUX PARALYMPIQUES DE PARIS 2024 : Le top depart &#8230; Le Togolais S\u00e9verin Ayao Kansa au d\u00e9fil\u00e9 de la c\u00e9r\u00e9monie d\u2019ouverture"},"content":{"rendered":"\n<p class=\"wp-block-paragraph\"><strong><em>Apr\u00e8s les Jeux olympiques, la capitale fran\u00e7aise accueille du 28 ao\u00fbt au 08 Septembre 2024, les jeux paralympiques pour 11 jours de comp\u00e9titions dans 23 disciplines pour un total de 549 \u00e9preuves, r\u00e9parties sur 269 sessions.&nbsp;Le Togo et repr\u00e9sent\u00e9 par le para athl\u00e8te S\u00e9verin Ayao Kansa.<\/em><\/strong> <\/p>\n\n\n<div class=\"wp-block-image\">\n<figure class=\"alignleft size-large is-resized\"><img loading=\"lazy\" decoding=\"async\" src=\"https:\/\/macite.tg\/wp-content\/uploads\/2024\/08\/image-94-545x1024.png\" alt=\"\" class=\"wp-image-16293\" width=\"160\" height=\"301\" srcset=\"https:\/\/macite.tg\/wp-content\/uploads\/2024\/08\/image-94-545x1024.png 545w, https:\/\/macite.tg\/wp-content\/uploads\/2024\/08\/image-94-160x300.png 160w, https:\/\/macite.tg\/wp-content\/uploads\/2024\/08\/image-94-768x1443.png 768w, https:\/\/macite.tg\/wp-content\/uploads\/2024\/08\/image-94-817x1536.png 817w, https:\/\/macite.tg\/wp-content\/uploads\/2024\/08\/image-94.png 828w\" sizes=\"auto, (max-width: 160px) 100vw, 160px\" \/><\/figure>\n<\/div>\n\n\n<p class=\"wp-block-paragraph\">Du 28 ao\u00fbt au 08 septembre 2024, paris accueille les jeux paralympiques 2024. Le Togo, aux c\u00f4t\u00e9s d\u2019autre nations, participent \u00e0 cet \u00e9v\u00e9nement unique, qui offre des moments exceptionnels, tant au niveau du sport et de la performance que du spectacle.<\/p>\n\n\n\n<p class=\"wp-block-paragraph\">Apr\u00e8s Rio ou Tokyo, le Togo est \u00e0 Paris, avec la pr\u00e9sence remarqu\u00e9e de l\u2019athl\u00e8te S\u00e9verin Ayao Kansa, sp\u00e9cialiste du saut en hauteur dans la cat\u00e9gorie T47 (dont le mouvement d\u2019un bras est limit\u00e9). Le pays peut r\u00eaver d\u2019une m\u00e9daille olympique car, le para athl\u00e8te Togolais a \u00e9t\u00e9 revigor\u00e9 par sa m\u00e9daille d\u2019Or obtenue en avril dernier \u00e0 Marrakech.<\/p>\n\n\n\n<p class=\"wp-block-paragraph\">Notons que d\u00e9j\u00e0 mercredi 28 ao\u00fbt dernier, le Togo, soutenu par une d\u00e9l\u00e9gation, a pris part au traditionnel d\u00e9fil\u00e9 de la c\u00e9r\u00e9monie d\u2019ouverture.<\/p>\n\n\n<div class=\"wp-block-image\">\n<figure class=\"aligncenter size-full is-resized\"><img loading=\"lazy\" decoding=\"async\" src=\"https:\/\/macite.tg\/wp-content\/uploads\/2024\/08\/IMG-20240313-WA0013-1.jpg\" alt=\"\" class=\"wp-image-16071\" width=\"837\" height=\"206\" srcset=\"https:\/\/macite.tg\/wp-content\/uploads\/2024\/08\/IMG-20240313-WA0013-1.jpg 690w, https:\/\/macite.tg\/wp-content\/uploads\/2024\/08\/IMG-20240313-WA0013-1-300x74.jpg 300w\" sizes=\"auto, (max-width: 837px) 100vw, 837px\" \/><\/figure>\n<\/div>\n\n\n<p class=\"wp-block-paragraph\">C\u2019est donc parti pour 11 jours de comp\u00e9tition avec un programme dense et riche, autour de 23 para sports, pour un total de 549 \u00e9preuves r\u00e9parties en 267 sessions.<\/p>\n\n\n\n<p class=\"wp-block-paragraph\"><strong>La R\u00e9daction<\/strong><\/p>\n\n\n\n<p class=\"wp-block-paragraph\"><a><strong><em>@macite.tg&nbsp;&nbsp;&nbsp;&nbsp;&nbsp;&nbsp;&nbsp;&nbsp;<\/em><\/strong><\/a><\/p>\n\n\n\n<p class=\"wp-block-paragraph\"><strong><em>E-mail&nbsp;: <\/em><\/strong><a href=\"mailto:maciteinfo@gmail.com\"><strong><em>maciteinfo@gmail.com<\/em><\/strong><\/a><strong><em>; <\/em><\/strong><a href=\"mailto:bawela1@gmail.com\"><strong><em>bawela1@gmail.com<\/em><\/strong><\/a><strong><em><\/em><\/strong><\/p>\n\n\n\n<p class=\"wp-block-paragraph\"><strong><em>Pour vos annonces, (publi)reportages, etc., joignez-nous au (00228)91515309\/<strong>79872224 <\/strong>www.macite.tg, L\u2019information, la bonne&nbsp;!<\/em><\/strong><\/p>\n","protected":false},"excerpt":{"rendered":"<p class=\"text-justify mb-2\" >Apr\u00e8s les Jeux olympiques, la capitale fran\u00e7aise accueille du 28 ao\u00fbt au 08 Septembre 2024, les jeux paralympiques pour 11 jours de comp\u00e9titions dans 23 disciplines pour un total de 549 \u00e9preuves, r\u00e9parties sur 269 sessions.&nbsp;Le Togo et repr\u00e9sent\u00e9 par le para athl\u00e8te S\u00e9verin Ayao [&hellip;]<\/p>\n","protected":false},"author":2,"featured_media":16294,"comment_status":"open","ping_status":"open","sticky":false,"template":"","format":"standard","meta":{"footnotes":""},"categories":[20,7],"tags":[],"class_list":["post-16286","post","type-post","status-publish","format-standard","has-post-thumbnail","hentry","category-actualite","category-sports"],"yoast_head":"<!-- This site is optimized with the Yoast SEO plugin v28.4 - https:\/\/yoast.com\/product\/yoast-seo-wordpress\/ -->\n<title>JEUX PARALYMPIQUES DE PARIS 2024 : Le top depart ... Le Togolais S\u00e9verin Ayao Kansa au d\u00e9fil\u00e9 de la c\u00e9r\u00e9monie d\u2019ouverture -<\/title>\n<meta name=\"robots\" content=\"index, follow, max-snippet:-1, max-image-preview:large, max-video-preview:-1\" \/>\n<link rel=\"canonical\" href=\"https:\/\/macite.tg\/?p=16286\" \/>\n<meta property=\"og:locale\" content=\"fr_FR\" \/>\n<meta property=\"og:type\" content=\"article\" \/>\n<meta property=\"og:title\" content=\"JEUX PARALYMPIQUES DE PARIS 2024 : Le top depart ... Le Togolais S\u00e9verin Ayao Kansa au d\u00e9fil\u00e9 de la c\u00e9r\u00e9monie d\u2019ouverture -\" \/>\n<meta property=\"og:description\" content=\"Apr\u00e8s les Jeux olympiques, la capitale fran\u00e7aise accueille du 28 ao\u00fbt au 08 Septembre 2024, les jeux paralympiques pour 11 jours de comp\u00e9titions dans 23 disciplines pour un total de 549 \u00e9preuves, r\u00e9parties sur 269 sessions.&nbsp;Le Togo et repr\u00e9sent\u00e9 par le para athl\u00e8te S\u00e9verin Ayao [&hellip;]\" \/>\n<meta property=\"og:url\" content=\"https:\/\/macite.tg\/?p=16286\" \/>\n<meta property=\"article:published_time\" content=\"2024-08-29T16:14:39+00:00\" \/>\n<meta property=\"article:modified_time\" content=\"2024-08-29T16:18:51+00:00\" \/>\n<meta property=\"og:image\" content=\"https:\/\/macite.tg\/wp-content\/uploads\/2024\/08\/JOP.jpg\" \/>\n\t<meta property=\"og:image:width\" content=\"500\" \/>\n\t<meta property=\"og:image:height\" content=\"289\" \/>\n\t<meta property=\"og:image:type\" content=\"image\/jpeg\" \/>\n<meta name=\"author\" content=\"Jean Pierre BAWELA\" \/>\n<meta name=\"twitter:card\" content=\"summary_large_image\" \/>\n<meta name=\"twitter:label1\" content=\"\u00c9crit par\" \/>\n\t<meta name=\"twitter:data1\" content=\"Jean Pierre BAWELA\" \/>\n\t<meta name=\"twitter:label2\" content=\"Dur\u00e9e de lecture estim\u00e9e\" \/>\n\t<meta name=\"twitter:data2\" content=\"1 minute\" \/>\n<script type=\"application\/ld+json\" class=\"yoast-schema-graph\">{\"@context\":\"https:\\\/\\\/schema.org\",\"@graph\":[{\"@type\":\"Article\",\"@id\":\"https:\\\/\\\/macite.tg\\\/?p=16286#article\",\"isPartOf\":{\"@id\":\"https:\\\/\\\/macite.tg\\\/?p=16286\"},\"author\":{\"name\":\"Jean Pierre BAWELA\",\"@id\":\"https:\\\/\\\/macite.tg\\\/#\\\/schema\\\/person\\\/e9f2de7e5dbbe7770a9402c7ce82f5c2\"},\"headline\":\"JEUX PARALYMPIQUES DE PARIS 2024 : Le top depart &#8230; Le Togolais S\u00e9verin Ayao Kansa au d\u00e9fil\u00e9 de la c\u00e9r\u00e9monie d\u2019ouverture\",\"datePublished\":\"2024-08-29T16:14:39+00:00\",\"dateModified\":\"2024-08-29T16:18:51+00:00\",\"mainEntityOfPage\":{\"@id\":\"https:\\\/\\\/macite.tg\\\/?p=16286\"},\"wordCount\":280,\"commentCount\":0,\"image\":{\"@id\":\"https:\\\/\\\/macite.tg\\\/?p=16286#primaryimage\"},\"thumbnailUrl\":\"https:\\\/\\\/macite.tg\\\/wp-content\\\/uploads\\\/2024\\\/08\\\/JOP.jpg\",\"articleSection\":[\"ACTUALITE\",\"SPORTS\"],\"inLanguage\":\"fr-FR\",\"potentialAction\":[{\"@type\":\"CommentAction\",\"name\":\"Comment\",\"target\":[\"https:\\\/\\\/macite.tg\\\/?p=16286#respond\"]}]},{\"@type\":\"WebPage\",\"@id\":\"https:\\\/\\\/macite.tg\\\/?p=16286\",\"url\":\"https:\\\/\\\/macite.tg\\\/?p=16286\",\"name\":\"JEUX PARALYMPIQUES DE PARIS 2024 : Le top depart ... Le Togolais S\u00e9verin Ayao Kansa au d\u00e9fil\u00e9 de la c\u00e9r\u00e9monie d\u2019ouverture -\",\"isPartOf\":{\"@id\":\"https:\\\/\\\/macite.tg\\\/#website\"},\"primaryImageOfPage\":{\"@id\":\"https:\\\/\\\/macite.tg\\\/?p=16286#primaryimage\"},\"image\":{\"@id\":\"https:\\\/\\\/macite.tg\\\/?p=16286#primaryimage\"},\"thumbnailUrl\":\"https:\\\/\\\/macite.tg\\\/wp-content\\\/uploads\\\/2024\\\/08\\\/JOP.jpg\",\"datePublished\":\"2024-08-29T16:14:39+00:00\",\"dateModified\":\"2024-08-29T16:18:51+00:00\",\"author\":{\"@id\":\"https:\\\/\\\/macite.tg\\\/#\\\/schema\\\/person\\\/e9f2de7e5dbbe7770a9402c7ce82f5c2\"},\"breadcrumb\":{\"@id\":\"https:\\\/\\\/macite.tg\\\/?p=16286#breadcrumb\"},\"inLanguage\":\"fr-FR\",\"potentialAction\":[{\"@type\":\"ReadAction\",\"target\":[\"https:\\\/\\\/macite.tg\\\/?p=16286\"]}]},{\"@type\":\"ImageObject\",\"inLanguage\":\"fr-FR\",\"@id\":\"https:\\\/\\\/macite.tg\\\/?p=16286#primaryimage\",\"url\":\"https:\\\/\\\/macite.tg\\\/wp-content\\\/uploads\\\/2024\\\/08\\\/JOP.jpg\",\"contentUrl\":\"https:\\\/\\\/macite.tg\\\/wp-content\\\/uploads\\\/2024\\\/08\\\/JOP.jpg\",\"width\":500,\"height\":289,\"caption\":\"La d\u00e9l\u00e9gation togolaise au traditionnel d\u00e9fil\u00e9 d'ouverture officielle des JOP Paris 2024\"},{\"@type\":\"BreadcrumbList\",\"@id\":\"https:\\\/\\\/macite.tg\\\/?p=16286#breadcrumb\",\"itemListElement\":[{\"@type\":\"ListItem\",\"position\":1,\"name\":\"Accueil\",\"item\":\"https:\\\/\\\/macite.tg\\\/\"},{\"@type\":\"ListItem\",\"position\":2,\"name\":\"JEUX PARALYMPIQUES DE PARIS 2024 : Le top depart &#8230; Le Togolais S\u00e9verin Ayao Kansa au d\u00e9fil\u00e9 de la c\u00e9r\u00e9monie d\u2019ouverture\"}]},{\"@type\":\"WebSite\",\"@id\":\"https:\\\/\\\/macite.tg\\\/#website\",\"url\":\"https:\\\/\\\/macite.tg\\\/\",\"name\":\"\",\"description\":\"L&#039;information, la bonne!!!\",\"potentialAction\":[{\"@type\":\"SearchAction\",\"target\":{\"@type\":\"EntryPoint\",\"urlTemplate\":\"https:\\\/\\\/macite.tg\\\/?s={search_term_string}\"},\"query-input\":{\"@type\":\"PropertyValueSpecification\",\"valueRequired\":true,\"valueName\":\"search_term_string\"}}],\"inLanguage\":\"fr-FR\"},{\"@type\":\"Person\",\"@id\":\"https:\\\/\\\/macite.tg\\\/#\\\/schema\\\/person\\\/e9f2de7e5dbbe7770a9402c7ce82f5c2\",\"name\":\"Jean Pierre BAWELA\",\"image\":{\"@type\":\"ImageObject\",\"inLanguage\":\"fr-FR\",\"@id\":\"https:\\\/\\\/macite.tg\\\/wp-content\\\/uploads\\\/2023\\\/09\\\/WhatsApp-Image-2023-09-19-at-14.44.41-122x122.jpeg\",\"url\":\"https:\\\/\\\/macite.tg\\\/wp-content\\\/uploads\\\/2023\\\/09\\\/WhatsApp-Image-2023-09-19-at-14.44.41-122x122.jpeg\",\"contentUrl\":\"https:\\\/\\\/macite.tg\\\/wp-content\\\/uploads\\\/2023\\\/09\\\/WhatsApp-Image-2023-09-19-at-14.44.41-122x122.jpeg\",\"caption\":\"Jean Pierre BAWELA\"},\"url\":\"https:\\\/\\\/macite.tg\\\/?author=2\"}]}<\/script>\n<!-- \/ Yoast SEO plugin. -->","yoast_head_json":{"title":"JEUX PARALYMPIQUES DE PARIS 2024 : Le top depart ... Le Togolais S\u00e9verin Ayao Kansa au d\u00e9fil\u00e9 de la c\u00e9r\u00e9monie d\u2019ouverture -","robots":{"index":"index","follow":"follow","max-snippet":"max-snippet:-1","max-image-preview":"max-image-preview:large","max-video-preview":"max-video-preview:-1"},"canonical":"https:\/\/macite.tg\/?p=16286","og_locale":"fr_FR","og_type":"article","og_title":"JEUX PARALYMPIQUES DE PARIS 2024 : Le top depart ... Le Togolais S\u00e9verin Ayao Kansa au d\u00e9fil\u00e9 de la c\u00e9r\u00e9monie d\u2019ouverture -","og_description":"Apr\u00e8s les Jeux olympiques, la capitale fran\u00e7aise accueille du 28 ao\u00fbt au 08 Septembre 2024, les jeux paralympiques pour 11 jours de comp\u00e9titions dans 23 disciplines pour un total de 549 \u00e9preuves, r\u00e9parties sur 269 sessions.&nbsp;Le Togo et repr\u00e9sent\u00e9 par le para athl\u00e8te S\u00e9verin Ayao [&hellip;]","og_url":"https:\/\/macite.tg\/?p=16286","article_published_time":"2024-08-29T16:14:39+00:00","article_modified_time":"2024-08-29T16:18:51+00:00","og_image":[{"width":500,"height":289,"url":"https:\/\/macite.tg\/wp-content\/uploads\/2024\/08\/JOP.jpg","type":"image\/jpeg"}],"author":"Jean Pierre BAWELA","twitter_card":"summary_large_image","twitter_misc":{"\u00c9crit par":"Jean Pierre BAWELA","Dur\u00e9e de lecture estim\u00e9e":"1 minute"},"schema":{"@context":"https:\/\/schema.org","@graph":[{"@type":"Article","@id":"https:\/\/macite.tg\/?p=16286#article","isPartOf":{"@id":"https:\/\/macite.tg\/?p=16286"},"author":{"name":"Jean Pierre BAWELA","@id":"https:\/\/macite.tg\/#\/schema\/person\/e9f2de7e5dbbe7770a9402c7ce82f5c2"},"headline":"JEUX PARALYMPIQUES DE PARIS 2024 : Le top depart &#8230; Le Togolais S\u00e9verin Ayao Kansa au d\u00e9fil\u00e9 de la c\u00e9r\u00e9monie d\u2019ouverture","datePublished":"2024-08-29T16:14:39+00:00","dateModified":"2024-08-29T16:18:51+00:00","mainEntityOfPage":{"@id":"https:\/\/macite.tg\/?p=16286"},"wordCount":280,"commentCount":0,"image":{"@id":"https:\/\/macite.tg\/?p=16286#primaryimage"},"thumbnailUrl":"https:\/\/macite.tg\/wp-content\/uploads\/2024\/08\/JOP.jpg","articleSection":["ACTUALITE","SPORTS"],"inLanguage":"fr-FR","potentialAction":[{"@type":"CommentAction","name":"Comment","target":["https:\/\/macite.tg\/?p=16286#respond"]}]},{"@type":"WebPage","@id":"https:\/\/macite.tg\/?p=16286","url":"https:\/\/macite.tg\/?p=16286","name":"JEUX PARALYMPIQUES DE PARIS 2024 : Le top depart ... Le Togolais S\u00e9verin Ayao Kansa au d\u00e9fil\u00e9 de la c\u00e9r\u00e9monie d\u2019ouverture -","isPartOf":{"@id":"https:\/\/macite.tg\/#website"},"primaryImageOfPage":{"@id":"https:\/\/macite.tg\/?p=16286#primaryimage"},"image":{"@id":"https:\/\/macite.tg\/?p=16286#primaryimage"},"thumbnailUrl":"https:\/\/macite.tg\/wp-content\/uploads\/2024\/08\/JOP.jpg","datePublished":"2024-08-29T16:14:39+00:00","dateModified":"2024-08-29T16:18:51+00:00","author":{"@id":"https:\/\/macite.tg\/#\/schema\/person\/e9f2de7e5dbbe7770a9402c7ce82f5c2"},"breadcrumb":{"@id":"https:\/\/macite.tg\/?p=16286#breadcrumb"},"inLanguage":"fr-FR","potentialAction":[{"@type":"ReadAction","target":["https:\/\/macite.tg\/?p=16286"]}]},{"@type":"ImageObject","inLanguage":"fr-FR","@id":"https:\/\/macite.tg\/?p=16286#primaryimage","url":"https:\/\/macite.tg\/wp-content\/uploads\/2024\/08\/JOP.jpg","contentUrl":"https:\/\/macite.tg\/wp-content\/uploads\/2024\/08\/JOP.jpg","width":500,"height":289,"caption":"La d\u00e9l\u00e9gation togolaise au traditionnel d\u00e9fil\u00e9 d'ouverture officielle des JOP Paris 2024"},{"@type":"BreadcrumbList","@id":"https:\/\/macite.tg\/?p=16286#breadcrumb","itemListElement":[{"@type":"ListItem","position":1,"name":"Accueil","item":"https:\/\/macite.tg\/"},{"@type":"ListItem","position":2,"name":"JEUX PARALYMPIQUES DE PARIS 2024 : Le top depart &#8230; Le Togolais S\u00e9verin Ayao Kansa au d\u00e9fil\u00e9 de la c\u00e9r\u00e9monie d\u2019ouverture"}]},{"@type":"WebSite","@id":"https:\/\/macite.tg\/#website","url":"https:\/\/macite.tg\/","name":"","description":"L&#039;information, la bonne!!!","potentialAction":[{"@type":"SearchAction","target":{"@type":"EntryPoint","urlTemplate":"https:\/\/macite.tg\/?s={search_term_string}"},"query-input":{"@type":"PropertyValueSpecification","valueRequired":true,"valueName":"search_term_string"}}],"inLanguage":"fr-FR"},{"@type":"Person","@id":"https:\/\/macite.tg\/#\/schema\/person\/e9f2de7e5dbbe7770a9402c7ce82f5c2","name":"Jean Pierre BAWELA","image":{"@type":"ImageObject","inLanguage":"fr-FR","@id":"https:\/\/macite.tg\/wp-content\/uploads\/2023\/09\/WhatsApp-Image-2023-09-19-at-14.44.41-122x122.jpeg","url":"https:\/\/macite.tg\/wp-content\/uploads\/2023\/09\/WhatsApp-Image-2023-09-19-at-14.44.41-122x122.jpeg","contentUrl":"https:\/\/macite.tg\/wp-content\/uploads\/2023\/09\/WhatsApp-Image-2023-09-19-at-14.44.41-122x122.jpeg","caption":"Jean Pierre BAWELA"},"url":"https:\/\/macite.tg\/?author=2"}]}},"_links":{"self":[{"href":"https:\/\/macite.tg\/index.php?rest_route=\/wp\/v2\/posts\/16286","targetHints":{"allow":["GET"]}}],"collection":[{"href":"https:\/\/macite.tg\/index.php?rest_route=\/wp\/v2\/posts"}],"about":[{"href":"https:\/\/macite.tg\/index.php?rest_route=\/wp\/v2\/types\/post"}],"author":[{"embeddable":true,"href":"https:\/\/macite.tg\/index.php?rest_route=\/wp\/v2\/users\/2"}],"replies":[{"embeddable":true,"href":"https:\/\/macite.tg\/index.php?rest_route=%2Fwp%2Fv2%2Fcomments&post=16286"}],"version-history":[{"count":0,"href":"https:\/\/macite.tg\/index.php?rest_route=\/wp\/v2\/posts\/16286\/revisions"}],"wp:featuredmedia":[{"embeddable":true,"href":"https:\/\/macite.tg\/index.php?rest_route=\/wp\/v2\/media\/16294"}],"wp:attachment":[{"href":"https:\/\/macite.tg\/index.php?rest_route=%2Fwp%2Fv2%2Fmedia&parent=16286"}],"wp:term":[{"taxonomy":"category","embeddable":true,"href":"https:\/\/macite.tg\/index.php?rest_route=%2Fwp%2Fv2%2Fcategories&post=16286"},{"taxonomy":"post_tag","embeddable":true,"href":"https:\/\/macite.tg\/index.php?rest_route=%2Fwp%2Fv2%2Ftags&post=16286"}],"curies":[{"name":"wp","href":"https:\/\/api.w.org\/{rel}","templated":true}]}}