{"id":16278,"date":"2024-08-29T12:26:17","date_gmt":"2024-08-29T12:26:17","guid":{"rendered":"https:\/\/macite.tg\/?p=16278"},"modified":"2024-08-29T13:10:09","modified_gmt":"2024-08-29T13:10:09","slug":"selection-a-des-eperviers-decouvrez-ceux-dans-lombre-du-selectionneur-nibombe-dare","status":"publish","type":"post","link":"https:\/\/macite.tg\/?p=16278","title":{"rendered":"SELECTION A DES \u00c9PERVIERS : D\u00e9couvrez ceux dans l&rsquo;ombre du s\u00e9lectionneur Nibomb\u00e9 Dar\u00e9"},"content":{"rendered":"\n<p class=\"wp-block-paragraph\"><strong><em>Le nouveau staff des \u00c9perviers du Togo a \u00e9t\u00e9 officiellement d\u00e9voil\u00e9, ce jeudi 29 ao\u00fbt 2024, par le nouveau patron de la s\u00e9lection nationale A, Nibomb\u00e9 Dar\u00e9. L&rsquo;ancien gardien du Stade Reims, Kossi Agassa, est le nouvel entra\u00eeneur des gardiens.<\/em><\/strong><\/p>\n\n\n\n<p class=\"wp-block-paragraph\">Nomm\u00e9 r\u00e9cemment s\u00e9lectionneur des \u00c9perviers du Togo, Nibomb\u00e9 Dar\u00e9, a tenu sa premi\u00e8re conf\u00e9rence de presse ce jeudi, en tant que nouvel entra\u00eeneur de la s\u00e9lection nationale A du Togo.<\/p>\n\n\n<div class=\"wp-block-image\">\n<figure class=\"aligncenter size-full is-resized\"><img loading=\"lazy\" decoding=\"async\" src=\"https:\/\/macite.tg\/wp-content\/uploads\/2024\/08\/IMG-20240313-WA0013-1.jpg\" alt=\"\" class=\"wp-image-16071\" width=\"848\" height=\"209\" srcset=\"https:\/\/macite.tg\/wp-content\/uploads\/2024\/08\/IMG-20240313-WA0013-1.jpg 690w, https:\/\/macite.tg\/wp-content\/uploads\/2024\/08\/IMG-20240313-WA0013-1-300x74.jpg 300w\" sizes=\"auto, (max-width: 848px) 100vw, 848px\" \/><\/figure>\n<\/div>\n\n\n<p class=\"wp-block-paragraph\">\u00c9taient attendues la liste des joueurs pouvant prendre aux deux prochains matchs du Togo, et bien-s\u00fbr, la composition de son staff. Celle-ci n&rsquo;est plus dans le secret des dieux. Puisque Dar\u00e9 a officiellement pr\u00e9sent\u00e9 son staff avec lequel il va mener \u00e0 bon port le projet de relance du football togolais.<\/p>\n\n\n\n<p class=\"wp-block-paragraph\">Un staff mixte, compos\u00e9 de techniciens locaux mais aussi \u00e9trangers.<\/p>\n\n\n\n<p class=\"wp-block-paragraph\"><strong>Voici la liste :<\/strong><\/p>\n\n\n\n<p class=\"wp-block-paragraph\"><strong>S\u00e9lectionneur principal<\/strong> : Nibomb\u00e9 Dar\u00e9<\/p>\n\n\n\n<p class=\"wp-block-paragraph\"><strong>1er Adjoint<\/strong> : Geoffrey Valenne<\/p>\n\n\n\n<p class=\"wp-block-paragraph\"><strong>2\u00e8me Adjoint<\/strong> : Kader Coubadja<\/p>\n\n\n\n<p class=\"wp-block-paragraph\"><strong>Assistant<\/strong> : Jean-Paul Abalo<\/p>\n\n\n<div class=\"wp-block-image\">\n<figure class=\"aligncenter size-full is-resized\"><img loading=\"lazy\" decoding=\"async\" src=\"https:\/\/macite.tg\/wp-content\/uploads\/2024\/08\/f9bd0414-a353-49f6-88b3-a6251bc46842.jpg\" alt=\"\" class=\"wp-image-16290\" width=\"638\" height=\"479\" srcset=\"https:\/\/macite.tg\/wp-content\/uploads\/2024\/08\/f9bd0414-a353-49f6-88b3-a6251bc46842.jpg 960w, https:\/\/macite.tg\/wp-content\/uploads\/2024\/08\/f9bd0414-a353-49f6-88b3-a6251bc46842-300x225.jpg 300w, https:\/\/macite.tg\/wp-content\/uploads\/2024\/08\/f9bd0414-a353-49f6-88b3-a6251bc46842-768x576.jpg 768w\" sizes=\"auto, (max-width: 638px) 100vw, 638px\" \/><figcaption class=\"wp-element-caption\"><em><strong>De la droite \u00e0 la gauche, Geoffrrey Valenne, Coubadja Kader, Abalo Dosseh et Agassa Kossi.<\/strong><\/em><\/figcaption><\/figure>\n<\/div>\n\n\n<p class=\"wp-block-paragraph\"><strong>Entra\u00eeneur des gardiens :<\/strong> Kossi Agassa<\/p>\n\n\n\n<p class=\"wp-block-paragraph\"><strong>Pr\u00e9parateur physique<\/strong> : Aderrafi Ari<\/p>\n\n\n\n<p class=\"wp-block-paragraph\"><strong>Analyste vid\u00e9o<\/strong> : Daniel Jannual<\/p>\n\n\n\n<p class=\"wp-block-paragraph\">Pour ce qui concerne le <strong>Media Officer<\/strong>, c&rsquo;est toujours l&rsquo;affaire du confr\u00e8re Steven Lavon.<\/p>\n\n\n\n<p class=\"wp-block-paragraph\">Dr Damien Kouvahey g\u00e8re le c\u00f4t\u00e9 m\u00e9dical, en tant que <strong>Responsable staff m\u00e9dical<\/strong>.<\/p>\n\n\n\n<p class=\"wp-block-paragraph\">Agbonegban Jules et Serge Akakpo sont \u00e9galement maintenus aux affaires, respectivement comme <strong>Intendant<\/strong> et <strong>Manager g\u00e9n\u00e9ral de l&rsquo;\u00e9quipe nationale<\/strong>.<\/p>\n\n\n<div class=\"wp-block-image\">\n<figure class=\"aligncenter size-large is-resized\"><img loading=\"lazy\" decoding=\"async\" src=\"https:\/\/macite.tg\/wp-content\/uploads\/2024\/08\/9766832a-ca7c-4101-b6ec-9e3130ecb2aa-742x1024.jpg\" alt=\"\" class=\"wp-image-16245\" width=\"524\" height=\"723\" srcset=\"https:\/\/macite.tg\/wp-content\/uploads\/2024\/08\/9766832a-ca7c-4101-b6ec-9e3130ecb2aa-742x1024.jpg 742w, https:\/\/macite.tg\/wp-content\/uploads\/2024\/08\/9766832a-ca7c-4101-b6ec-9e3130ecb2aa-218x300.jpg 218w, https:\/\/macite.tg\/wp-content\/uploads\/2024\/08\/9766832a-ca7c-4101-b6ec-9e3130ecb2aa-768x1059.jpg 768w, https:\/\/macite.tg\/wp-content\/uploads\/2024\/08\/9766832a-ca7c-4101-b6ec-9e3130ecb2aa-1114x1536.jpg 1114w, https:\/\/macite.tg\/wp-content\/uploads\/2024\/08\/9766832a-ca7c-4101-b6ec-9e3130ecb2aa.jpg 1160w\" sizes=\"auto, (max-width: 524px) 100vw, 524px\" \/><\/figure>\n<\/div>\n\n\n<p class=\"wp-block-paragraph\">Le coach Dar\u00e9 et son \u00e9quipe sont attendus sur le pr\u00e9 le 06 septembre prochain \u00e0 Lom\u00e9, face au Lib\u00e9ria, et le 09 septembre face \u00e0 la Guin\u00e9e Equatoriale. Deux rencontres qui se situent dans le cadre des \u00e9liminatoires de la Can Maroc 2025. Une belle occasion pour voir les premiers pas de l\u2019ancien d\u00e9fenseur des Eperviers promu s\u00e9lectionneur.<\/p>\n\n\n\n<p class=\"wp-block-paragraph\"><strong>Delanov A.<\/strong><\/p>\n\n\n\n<p class=\"wp-block-paragraph\"><a><strong><em>@macite.tg&nbsp;&nbsp;&nbsp;&nbsp;&nbsp;&nbsp;&nbsp;&nbsp;<\/em><\/strong><\/a><\/p>\n\n\n\n<p class=\"wp-block-paragraph\"><strong><em>E-mail&nbsp;: <\/em><\/strong><a href=\"mailto:maciteinfo@gmail.com\"><strong><em>maciteinfo@gmail.com<\/em><\/strong><\/a><strong><em>; <\/em><\/strong><a href=\"mailto:bawela1@gmail.com\"><strong><em>bawela1@gmail.com<\/em><\/strong><\/a><strong><em> <\/em><\/strong><strong><em><\/em><\/strong><\/p>\n\n\n\n<p class=\"wp-block-paragraph\"><strong><em>Pour vos annonces, (publi)reportages, etc., joignez-nous au (00228)91515309\/<strong>79872224 <\/strong>www.macite.tg, L\u2019information, la bonne&nbsp;!<\/em><\/strong><\/p>\n","protected":false},"excerpt":{"rendered":"<p class=\"text-justify mb-2\" >Le nouveau staff des \u00c9perviers du Togo a \u00e9t\u00e9 officiellement d\u00e9voil\u00e9, ce jeudi 29 ao\u00fbt 2024, par le nouveau patron de la s\u00e9lection nationale A, Nibomb\u00e9 Dar\u00e9. L&rsquo;ancien gardien du Stade Reims, Kossi Agassa, est le nouvel entra\u00eeneur des gardiens. Nomm\u00e9 r\u00e9cemment s\u00e9lectionneur des \u00c9perviers [&hellip;]<\/p>\n","protected":false},"author":2,"featured_media":16282,"comment_status":"open","ping_status":"open","sticky":false,"template":"","format":"standard","meta":{"footnotes":""},"categories":[20,7],"tags":[],"class_list":["post-16278","post","type-post","status-publish","format-standard","has-post-thumbnail","hentry","category-actualite","category-sports"],"yoast_head":"<!-- This site is optimized with the Yoast SEO plugin v28.4 - https:\/\/yoast.com\/product\/yoast-seo-wordpress\/ -->\n<title>SELECTION A DES \u00c9PERVIERS : D\u00e9couvrez ceux dans l&#039;ombre du s\u00e9lectionneur Nibomb\u00e9 Dar\u00e9 -<\/title>\n<meta name=\"robots\" content=\"index, follow, max-snippet:-1, max-image-preview:large, max-video-preview:-1\" \/>\n<link rel=\"canonical\" href=\"https:\/\/macite.tg\/?p=16278\" \/>\n<meta property=\"og:locale\" content=\"fr_FR\" \/>\n<meta property=\"og:type\" content=\"article\" \/>\n<meta property=\"og:title\" content=\"SELECTION A DES \u00c9PERVIERS : D\u00e9couvrez ceux dans l&#039;ombre du s\u00e9lectionneur Nibomb\u00e9 Dar\u00e9 -\" \/>\n<meta property=\"og:description\" content=\"Le nouveau staff des \u00c9perviers du Togo a \u00e9t\u00e9 officiellement d\u00e9voil\u00e9, ce jeudi 29 ao\u00fbt 2024, par le nouveau patron de la s\u00e9lection nationale A, Nibomb\u00e9 Dar\u00e9. L&rsquo;ancien gardien du Stade Reims, Kossi Agassa, est le nouvel entra\u00eeneur des gardiens. Nomm\u00e9 r\u00e9cemment s\u00e9lectionneur des \u00c9perviers [&hellip;]\" \/>\n<meta property=\"og:url\" content=\"https:\/\/macite.tg\/?p=16278\" \/>\n<meta property=\"article:published_time\" content=\"2024-08-29T12:26:17+00:00\" \/>\n<meta property=\"article:modified_time\" content=\"2024-08-29T13:10:09+00:00\" \/>\n<meta property=\"og:image\" content=\"https:\/\/macite.tg\/wp-content\/uploads\/2024\/08\/Dare-Nibom-coachbe.jpg\" \/>\n\t<meta property=\"og:image:width\" content=\"500\" \/>\n\t<meta property=\"og:image:height\" content=\"370\" \/>\n\t<meta property=\"og:image:type\" content=\"image\/jpeg\" \/>\n<meta name=\"author\" content=\"Jean Pierre BAWELA\" \/>\n<meta name=\"twitter:card\" content=\"summary_large_image\" \/>\n<meta name=\"twitter:label1\" content=\"\u00c9crit par\" \/>\n\t<meta name=\"twitter:data1\" content=\"Jean Pierre BAWELA\" \/>\n\t<meta name=\"twitter:label2\" content=\"Dur\u00e9e de lecture estim\u00e9e\" \/>\n\t<meta name=\"twitter:data2\" content=\"2 minutes\" \/>\n<script type=\"application\/ld+json\" class=\"yoast-schema-graph\">{\"@context\":\"https:\\\/\\\/schema.org\",\"@graph\":[{\"@type\":\"Article\",\"@id\":\"https:\\\/\\\/macite.tg\\\/?p=16278#article\",\"isPartOf\":{\"@id\":\"https:\\\/\\\/macite.tg\\\/?p=16278\"},\"author\":{\"name\":\"Jean Pierre BAWELA\",\"@id\":\"https:\\\/\\\/macite.tg\\\/#\\\/schema\\\/person\\\/e9f2de7e5dbbe7770a9402c7ce82f5c2\"},\"headline\":\"SELECTION A DES \u00c9PERVIERS : D\u00e9couvrez ceux dans l&rsquo;ombre du s\u00e9lectionneur Nibomb\u00e9 Dar\u00e9\",\"datePublished\":\"2024-08-29T12:26:17+00:00\",\"dateModified\":\"2024-08-29T13:10:09+00:00\",\"mainEntityOfPage\":{\"@id\":\"https:\\\/\\\/macite.tg\\\/?p=16278\"},\"wordCount\":357,\"commentCount\":0,\"image\":{\"@id\":\"https:\\\/\\\/macite.tg\\\/?p=16278#primaryimage\"},\"thumbnailUrl\":\"https:\\\/\\\/macite.tg\\\/wp-content\\\/uploads\\\/2024\\\/08\\\/Dare-Nibom-coachbe.jpg\",\"articleSection\":[\"ACTUALITE\",\"SPORTS\"],\"inLanguage\":\"fr-FR\",\"potentialAction\":[{\"@type\":\"CommentAction\",\"name\":\"Comment\",\"target\":[\"https:\\\/\\\/macite.tg\\\/?p=16278#respond\"]}]},{\"@type\":\"WebPage\",\"@id\":\"https:\\\/\\\/macite.tg\\\/?p=16278\",\"url\":\"https:\\\/\\\/macite.tg\\\/?p=16278\",\"name\":\"SELECTION A DES \u00c9PERVIERS : D\u00e9couvrez ceux dans l'ombre du s\u00e9lectionneur Nibomb\u00e9 Dar\u00e9 -\",\"isPartOf\":{\"@id\":\"https:\\\/\\\/macite.tg\\\/#website\"},\"primaryImageOfPage\":{\"@id\":\"https:\\\/\\\/macite.tg\\\/?p=16278#primaryimage\"},\"image\":{\"@id\":\"https:\\\/\\\/macite.tg\\\/?p=16278#primaryimage\"},\"thumbnailUrl\":\"https:\\\/\\\/macite.tg\\\/wp-content\\\/uploads\\\/2024\\\/08\\\/Dare-Nibom-coachbe.jpg\",\"datePublished\":\"2024-08-29T12:26:17+00:00\",\"dateModified\":\"2024-08-29T13:10:09+00:00\",\"author\":{\"@id\":\"https:\\\/\\\/macite.tg\\\/#\\\/schema\\\/person\\\/e9f2de7e5dbbe7770a9402c7ce82f5c2\"},\"breadcrumb\":{\"@id\":\"https:\\\/\\\/macite.tg\\\/?p=16278#breadcrumb\"},\"inLanguage\":\"fr-FR\",\"potentialAction\":[{\"@type\":\"ReadAction\",\"target\":[\"https:\\\/\\\/macite.tg\\\/?p=16278\"]}]},{\"@type\":\"ImageObject\",\"inLanguage\":\"fr-FR\",\"@id\":\"https:\\\/\\\/macite.tg\\\/?p=16278#primaryimage\",\"url\":\"https:\\\/\\\/macite.tg\\\/wp-content\\\/uploads\\\/2024\\\/08\\\/Dare-Nibom-coachbe.jpg\",\"contentUrl\":\"https:\\\/\\\/macite.tg\\\/wp-content\\\/uploads\\\/2024\\\/08\\\/Dare-Nibom-coachbe.jpg\",\"width\":500,\"height\":370,\"caption\":\"Bar\u00e9 Nibomb\u00e9, coach des Eperviers\"},{\"@type\":\"BreadcrumbList\",\"@id\":\"https:\\\/\\\/macite.tg\\\/?p=16278#breadcrumb\",\"itemListElement\":[{\"@type\":\"ListItem\",\"position\":1,\"name\":\"Accueil\",\"item\":\"https:\\\/\\\/macite.tg\\\/\"},{\"@type\":\"ListItem\",\"position\":2,\"name\":\"SELECTION A DES \u00c9PERVIERS : D\u00e9couvrez ceux dans l&rsquo;ombre du s\u00e9lectionneur Nibomb\u00e9 Dar\u00e9\"}]},{\"@type\":\"WebSite\",\"@id\":\"https:\\\/\\\/macite.tg\\\/#website\",\"url\":\"https:\\\/\\\/macite.tg\\\/\",\"name\":\"\",\"description\":\"L&#039;information, la bonne!!!\",\"potentialAction\":[{\"@type\":\"SearchAction\",\"target\":{\"@type\":\"EntryPoint\",\"urlTemplate\":\"https:\\\/\\\/macite.tg\\\/?s={search_term_string}\"},\"query-input\":{\"@type\":\"PropertyValueSpecification\",\"valueRequired\":true,\"valueName\":\"search_term_string\"}}],\"inLanguage\":\"fr-FR\"},{\"@type\":\"Person\",\"@id\":\"https:\\\/\\\/macite.tg\\\/#\\\/schema\\\/person\\\/e9f2de7e5dbbe7770a9402c7ce82f5c2\",\"name\":\"Jean Pierre BAWELA\",\"image\":{\"@type\":\"ImageObject\",\"inLanguage\":\"fr-FR\",\"@id\":\"https:\\\/\\\/macite.tg\\\/wp-content\\\/uploads\\\/2023\\\/09\\\/WhatsApp-Image-2023-09-19-at-14.44.41-122x122.jpeg\",\"url\":\"https:\\\/\\\/macite.tg\\\/wp-content\\\/uploads\\\/2023\\\/09\\\/WhatsApp-Image-2023-09-19-at-14.44.41-122x122.jpeg\",\"contentUrl\":\"https:\\\/\\\/macite.tg\\\/wp-content\\\/uploads\\\/2023\\\/09\\\/WhatsApp-Image-2023-09-19-at-14.44.41-122x122.jpeg\",\"caption\":\"Jean Pierre BAWELA\"},\"url\":\"https:\\\/\\\/macite.tg\\\/?author=2\"}]}<\/script>\n<!-- \/ Yoast SEO plugin. -->","yoast_head_json":{"title":"SELECTION A DES \u00c9PERVIERS : D\u00e9couvrez ceux dans l'ombre du s\u00e9lectionneur Nibomb\u00e9 Dar\u00e9 -","robots":{"index":"index","follow":"follow","max-snippet":"max-snippet:-1","max-image-preview":"max-image-preview:large","max-video-preview":"max-video-preview:-1"},"canonical":"https:\/\/macite.tg\/?p=16278","og_locale":"fr_FR","og_type":"article","og_title":"SELECTION A DES \u00c9PERVIERS : D\u00e9couvrez ceux dans l'ombre du s\u00e9lectionneur Nibomb\u00e9 Dar\u00e9 -","og_description":"Le nouveau staff des \u00c9perviers du Togo a \u00e9t\u00e9 officiellement d\u00e9voil\u00e9, ce jeudi 29 ao\u00fbt 2024, par le nouveau patron de la s\u00e9lection nationale A, Nibomb\u00e9 Dar\u00e9. L&rsquo;ancien gardien du Stade Reims, Kossi Agassa, est le nouvel entra\u00eeneur des gardiens. Nomm\u00e9 r\u00e9cemment s\u00e9lectionneur des \u00c9perviers [&hellip;]","og_url":"https:\/\/macite.tg\/?p=16278","article_published_time":"2024-08-29T12:26:17+00:00","article_modified_time":"2024-08-29T13:10:09+00:00","og_image":[{"width":500,"height":370,"url":"https:\/\/macite.tg\/wp-content\/uploads\/2024\/08\/Dare-Nibom-coachbe.jpg","type":"image\/jpeg"}],"author":"Jean Pierre BAWELA","twitter_card":"summary_large_image","twitter_misc":{"\u00c9crit par":"Jean Pierre BAWELA","Dur\u00e9e de lecture estim\u00e9e":"2 minutes"},"schema":{"@context":"https:\/\/schema.org","@graph":[{"@type":"Article","@id":"https:\/\/macite.tg\/?p=16278#article","isPartOf":{"@id":"https:\/\/macite.tg\/?p=16278"},"author":{"name":"Jean Pierre BAWELA","@id":"https:\/\/macite.tg\/#\/schema\/person\/e9f2de7e5dbbe7770a9402c7ce82f5c2"},"headline":"SELECTION A DES \u00c9PERVIERS : D\u00e9couvrez ceux dans l&rsquo;ombre du s\u00e9lectionneur Nibomb\u00e9 Dar\u00e9","datePublished":"2024-08-29T12:26:17+00:00","dateModified":"2024-08-29T13:10:09+00:00","mainEntityOfPage":{"@id":"https:\/\/macite.tg\/?p=16278"},"wordCount":357,"commentCount":0,"image":{"@id":"https:\/\/macite.tg\/?p=16278#primaryimage"},"thumbnailUrl":"https:\/\/macite.tg\/wp-content\/uploads\/2024\/08\/Dare-Nibom-coachbe.jpg","articleSection":["ACTUALITE","SPORTS"],"inLanguage":"fr-FR","potentialAction":[{"@type":"CommentAction","name":"Comment","target":["https:\/\/macite.tg\/?p=16278#respond"]}]},{"@type":"WebPage","@id":"https:\/\/macite.tg\/?p=16278","url":"https:\/\/macite.tg\/?p=16278","name":"SELECTION A DES \u00c9PERVIERS : D\u00e9couvrez ceux dans l'ombre du s\u00e9lectionneur Nibomb\u00e9 Dar\u00e9 -","isPartOf":{"@id":"https:\/\/macite.tg\/#website"},"primaryImageOfPage":{"@id":"https:\/\/macite.tg\/?p=16278#primaryimage"},"image":{"@id":"https:\/\/macite.tg\/?p=16278#primaryimage"},"thumbnailUrl":"https:\/\/macite.tg\/wp-content\/uploads\/2024\/08\/Dare-Nibom-coachbe.jpg","datePublished":"2024-08-29T12:26:17+00:00","dateModified":"2024-08-29T13:10:09+00:00","author":{"@id":"https:\/\/macite.tg\/#\/schema\/person\/e9f2de7e5dbbe7770a9402c7ce82f5c2"},"breadcrumb":{"@id":"https:\/\/macite.tg\/?p=16278#breadcrumb"},"inLanguage":"fr-FR","potentialAction":[{"@type":"ReadAction","target":["https:\/\/macite.tg\/?p=16278"]}]},{"@type":"ImageObject","inLanguage":"fr-FR","@id":"https:\/\/macite.tg\/?p=16278#primaryimage","url":"https:\/\/macite.tg\/wp-content\/uploads\/2024\/08\/Dare-Nibom-coachbe.jpg","contentUrl":"https:\/\/macite.tg\/wp-content\/uploads\/2024\/08\/Dare-Nibom-coachbe.jpg","width":500,"height":370,"caption":"Bar\u00e9 Nibomb\u00e9, coach des Eperviers"},{"@type":"BreadcrumbList","@id":"https:\/\/macite.tg\/?p=16278#breadcrumb","itemListElement":[{"@type":"ListItem","position":1,"name":"Accueil","item":"https:\/\/macite.tg\/"},{"@type":"ListItem","position":2,"name":"SELECTION A DES \u00c9PERVIERS : D\u00e9couvrez ceux dans l&rsquo;ombre du s\u00e9lectionneur Nibomb\u00e9 Dar\u00e9"}]},{"@type":"WebSite","@id":"https:\/\/macite.tg\/#website","url":"https:\/\/macite.tg\/","name":"","description":"L&#039;information, la bonne!!!","potentialAction":[{"@type":"SearchAction","target":{"@type":"EntryPoint","urlTemplate":"https:\/\/macite.tg\/?s={search_term_string}"},"query-input":{"@type":"PropertyValueSpecification","valueRequired":true,"valueName":"search_term_string"}}],"inLanguage":"fr-FR"},{"@type":"Person","@id":"https:\/\/macite.tg\/#\/schema\/person\/e9f2de7e5dbbe7770a9402c7ce82f5c2","name":"Jean Pierre BAWELA","image":{"@type":"ImageObject","inLanguage":"fr-FR","@id":"https:\/\/macite.tg\/wp-content\/uploads\/2023\/09\/WhatsApp-Image-2023-09-19-at-14.44.41-122x122.jpeg","url":"https:\/\/macite.tg\/wp-content\/uploads\/2023\/09\/WhatsApp-Image-2023-09-19-at-14.44.41-122x122.jpeg","contentUrl":"https:\/\/macite.tg\/wp-content\/uploads\/2023\/09\/WhatsApp-Image-2023-09-19-at-14.44.41-122x122.jpeg","caption":"Jean Pierre BAWELA"},"url":"https:\/\/macite.tg\/?author=2"}]}},"_links":{"self":[{"href":"https:\/\/macite.tg\/index.php?rest_route=\/wp\/v2\/posts\/16278","targetHints":{"allow":["GET"]}}],"collection":[{"href":"https:\/\/macite.tg\/index.php?rest_route=\/wp\/v2\/posts"}],"about":[{"href":"https:\/\/macite.tg\/index.php?rest_route=\/wp\/v2\/types\/post"}],"author":[{"embeddable":true,"href":"https:\/\/macite.tg\/index.php?rest_route=\/wp\/v2\/users\/2"}],"replies":[{"embeddable":true,"href":"https:\/\/macite.tg\/index.php?rest_route=%2Fwp%2Fv2%2Fcomments&post=16278"}],"version-history":[{"count":0,"href":"https:\/\/macite.tg\/index.php?rest_route=\/wp\/v2\/posts\/16278\/revisions"}],"wp:featuredmedia":[{"embeddable":true,"href":"https:\/\/macite.tg\/index.php?rest_route=\/wp\/v2\/media\/16282"}],"wp:attachment":[{"href":"https:\/\/macite.tg\/index.php?rest_route=%2Fwp%2Fv2%2Fmedia&parent=16278"}],"wp:term":[{"taxonomy":"category","embeddable":true,"href":"https:\/\/macite.tg\/index.php?rest_route=%2Fwp%2Fv2%2Fcategories&post=16278"},{"taxonomy":"post_tag","embeddable":true,"href":"https:\/\/macite.tg\/index.php?rest_route=%2Fwp%2Fv2%2Ftags&post=16278"}],"curies":[{"name":"wp","href":"https:\/\/api.w.org\/{rel}","templated":true}]}}