{"id":16271,"date":"2024-08-29T11:58:18","date_gmt":"2024-08-29T11:58:18","guid":{"rendered":"https:\/\/macite.tg\/?p=16271"},"modified":"2024-08-29T12:46:48","modified_gmt":"2024-08-29T12:46:48","slug":"q-can-2025-j12-voici-le-commando-de-nibombe-dare-avec-les-retours-de-malcolm-barcola-et-kennedy-boateng","status":"publish","type":"post","link":"https:\/\/macite.tg\/?p=16271","title":{"rendered":"Q CAN 2025\/J1&#038;2 : Voici le commando de Nibomb\u00e9 Dar\u00e9\u2026 Avec les retours de Malcolm Barcola et Kennedy Boateng"},"content":{"rendered":"\n<p class=\"wp-block-paragraph\"><strong><em>Les \u00e9liminatoires de la Coupe d&rsquo;Afrique des Nations (Can) Maroc 2025, d\u00e9marrent d\u00e9but septembre prochain et les pays se pr\u00e9parent activement pour les deux premi\u00e8res journ\u00e9es. Le nouveau s\u00e9lectionneur des Eperviers du Togo, Nibomb\u00e9 Dar\u00e9, a d\u00e9voil\u00e9, ce jeudi 29 ao\u00fbt au cours d\u2019une de conf\u00e9rence du stade de K\u00e9gu\u00e9, la liste des joueurs convoqu\u00e9s pour affronter le Lib\u00e9ria et la Guin\u00e9e Equatoriale. C\u2019est un commando de 25 joueurs, calqu\u00e9 sur des cadres. On note d\u00e9j\u00e0 des retours (Malcolm Barcola, Kennedy Boateng), mais aussi des oubli\u00e9s tels Euloge Placca-Fessou<\/em><\/strong>..<\/p>\n\n\n\n<p class=\"wp-block-paragraph\">Ils sont d\u00e9sormais connus. Ces \u00c9perviers, qui seront dans le starting-block pour entamer les \u00e9liminatoires de la Coupe d&rsquo;Afrique des Nations (Can) Maroc 2025, sous les ordres du nouveau patron de la s\u00e9lection nationale, Nibomb\u00e9 Dar\u00e9. En ligne de mire, le Lib\u00e9ria et la Guin\u00e9e Equatoriale, comptant pour les premi\u00e8re et deuxi\u00e8me journ\u00e9es.<\/p>\n\n\n<div class=\"wp-block-image\">\n<figure class=\"aligncenter size-large is-resized\"><img loading=\"lazy\" decoding=\"async\" src=\"https:\/\/macite.tg\/wp-content\/uploads\/2024\/08\/9766832a-ca7c-4101-b6ec-9e3130ecb2aa-742x1024.jpg\" alt=\"\" class=\"wp-image-16245\" width=\"492\" height=\"679\" srcset=\"https:\/\/macite.tg\/wp-content\/uploads\/2024\/08\/9766832a-ca7c-4101-b6ec-9e3130ecb2aa-742x1024.jpg 742w, https:\/\/macite.tg\/wp-content\/uploads\/2024\/08\/9766832a-ca7c-4101-b6ec-9e3130ecb2aa-218x300.jpg 218w, https:\/\/macite.tg\/wp-content\/uploads\/2024\/08\/9766832a-ca7c-4101-b6ec-9e3130ecb2aa-768x1059.jpg 768w, https:\/\/macite.tg\/wp-content\/uploads\/2024\/08\/9766832a-ca7c-4101-b6ec-9e3130ecb2aa-1114x1536.jpg 1114w, https:\/\/macite.tg\/wp-content\/uploads\/2024\/08\/9766832a-ca7c-4101-b6ec-9e3130ecb2aa.jpg 1160w\" sizes=\"auto, (max-width: 492px) 100vw, 492px\" \/><\/figure>\n<\/div>\n\n\n<p class=\"wp-block-paragraph\">Dans cet effectif, on note la pr\u00e9sence des cadres comme Djene Dakonam (C), Laba Fodoh et Jacques Alaixys Romao, le rock du haut de ses 41 ans. L&rsquo;ancien portier de la r\u00e9serve de l&rsquo;Olympique Lionnais (Ol), Malcolm Barcola, fait son retour dans le nid des Eperviers. D\u2019autres comme Mawouna Amevor et Kennedy Boateng, signent \u00e9galement leur come-back.<\/p>\n\n\n\n<p class=\"wp-block-paragraph\">Au titre des surprises de cette premi\u00e8re liste sign\u00e9e Nibomb\u00e9 Dar\u00e9n on peut citer le n\u00e9o \u00c9perviers Geoffrey Agbolossou, le portier du Fc Balagne, en France, et Josu\u00e9 Homawoo, jeune d\u00e9fenseur central pass\u00e9 par Nantes et Lorient en France.<\/p>\n\n\n\n<p class=\"wp-block-paragraph\">Notons que les Eperviers accueillent les Lones Stars du Lib\u00e9ria le 06 septembre prochain, avant de prendre les airs, quelques jours plus tard, pour croiser la selection de la Guin\u00e9e Equatoriale au l\u2019Estadio de Malabo le 09 septembre. <\/p>\n\n\n\n<p class=\"wp-block-paragraph\">Pour ce faire, d\u00e9j\u00e0 le d\u00e9but du regroupement est pr\u00e9vu pour le 02 septembre prochain \u00e0 Lom\u00e9.<\/p>\n\n\n<div class=\"wp-block-image\">\n<figure class=\"aligncenter size-full is-resized\"><img loading=\"lazy\" decoding=\"async\" src=\"https:\/\/macite.tg\/wp-content\/uploads\/2024\/08\/IMG-20240313-WA0013-1.jpg\" alt=\"\" class=\"wp-image-16071\" width=\"843\" height=\"208\" srcset=\"https:\/\/macite.tg\/wp-content\/uploads\/2024\/08\/IMG-20240313-WA0013-1.jpg 690w, https:\/\/macite.tg\/wp-content\/uploads\/2024\/08\/IMG-20240313-WA0013-1-300x74.jpg 300w\" sizes=\"auto, (max-width: 843px) 100vw, 843px\" \/><\/figure>\n<\/div>\n\n\n<p class=\"wp-block-paragraph\">D\u00e9couvrons plut\u00f4t la liste :<\/p>\n\n\n\n<p class=\"wp-block-paragraph\"><strong>GARDIENS&nbsp;:<\/strong><\/p>\n\n\n\n<p class=\"wp-block-paragraph\">Geoffrey Agbloosou (Fc Balagne, France)<br>Malcolm Barcola (Pa\u00e7os Ferreira, Portugal)<br>Wassiou Ouro-Gneni (Dynamo FC, Benin)<\/p>\n\n\n<div class=\"wp-block-image\">\n<figure class=\"alignright size-full is-resized\"><img loading=\"lazy\" decoding=\"async\" src=\"https:\/\/macite.tg\/wp-content\/uploads\/2024\/08\/e680a8b4-4dbf-4f79-b679-fb7138ce33ae.jpg\" alt=\"\" class=\"wp-image-16284\" width=\"443\" height=\"589\"\/><\/figure>\n<\/div>\n\n\n<p class=\"wp-block-paragraph\"><strong>D\u00c9FENSEURS&nbsp;:<\/strong><br>Gustave Akueson (Bastia, France)<br>Mawouna Amevor (Volendam, Pays-Bas)<br>Youssifou Atte (Asec, C\u00f4te d\u2019Ivoire)<br>Lo\u00efc Bessile (Dunkerque, France)<br>Kennedy Boateng (Dinamo Bucarest, Roumanie)<br>Dakonam Djene (Getafe, Espagne)<br>Sadik Fofana (Bayer Leverkusen, Allemagne)<br>Josu\u00e9 Homawoo (Dinamo Bucarest, Roumanie)<\/p>\n\n\n\n<p class=\"wp-block-paragraph\"><strong>MILIEUX&nbsp;:<\/strong><br>Evra Agbagno (Chlef, Alg\u00e9rie)<br>Roger Aholou (Esp\u00e9rance Tunis, Tunisie)<br>Kodjo Aziangbe (Yokohama Marinos, Japon)<br>Dermine Karim (Mons, Belgique)<br>Thibault Klidje (Luzern, Suisse)<br>Khaled Narey (Al Khaleej, Arabie Saoudite)<br>Alaixys Romao (Athens Kallithea FC, Gr\u00e8ce)<br>Marouf Tchaei (Singida BS, Tanzanie)<br>Adil Titi (Brage, Su\u00e8de)<\/p>\n\n\n\n<p class=\"wp-block-paragraph\"><strong>ATTAQUANTS<\/strong><br>Etienne Amenyido (M\u00fcnster, Allemagne)<br>Yaw Annor (NBE, \u00c9gypte)<br>K\u00e9vin Denkey (Cercle Bruges, Belgique)<br>Kodjo Laba (Al Ain, \u00c9mirats Arabes Unis)<br>Mansour Ouro-Tagba (Regensburg, Allemagne)<\/p>\n\n\n\n<p class=\"wp-block-paragraph\"><strong>Delanov A.<\/strong><\/p>\n\n\n\n<p class=\"wp-block-paragraph\"><a><strong><em>@macite.tg&nbsp;&nbsp;&nbsp;&nbsp;&nbsp;&nbsp;&nbsp;&nbsp;<\/em><\/strong><\/a><\/p>\n\n\n\n<p class=\"wp-block-paragraph\"><strong><em>E-mail&nbsp;: <\/em><\/strong><a href=\"mailto:maciteinfo@gmail.com\"><strong><em>maciteinfo@gmail.com<\/em><\/strong><\/a><strong><em>; <\/em><\/strong><a href=\"mailto:bawela1@gmail.com\"><strong><em>bawela1@gmail.com<\/em><\/strong><\/a><strong><em> <\/em><\/strong><strong><em><\/em><\/strong><\/p>\n\n\n\n<p class=\"wp-block-paragraph\"><strong><em>Pour vos annonces, (publi)reportages, etc., joignez-nous au (00228)91515309\/<strong>79872224 <\/strong>www.macite.tg, L\u2019information, la bonne&nbsp;!<\/em><\/strong><\/p>\n","protected":false},"excerpt":{"rendered":"<p class=\"text-justify mb-2\" >Les \u00e9liminatoires de la Coupe d&rsquo;Afrique des Nations (Can) Maroc 2025, d\u00e9marrent d\u00e9but septembre prochain et les pays se pr\u00e9parent activement pour les deux premi\u00e8res journ\u00e9es. Le nouveau s\u00e9lectionneur des Eperviers du Togo, Nibomb\u00e9 Dar\u00e9, a d\u00e9voil\u00e9, ce jeudi 29 ao\u00fbt au cours d\u2019une de [&hellip;]<\/p>\n","protected":false},"author":2,"featured_media":16275,"comment_status":"open","ping_status":"open","sticky":false,"template":"","format":"standard","meta":{"footnotes":""},"categories":[20,7],"tags":[],"class_list":["post-16271","post","type-post","status-publish","format-standard","has-post-thumbnail","hentry","category-actualite","category-sports"],"yoast_head":"<!-- This site is optimized with the Yoast SEO plugin v28.4 - https:\/\/yoast.com\/product\/yoast-seo-wordpress\/ -->\n<title>Q CAN 2025\/J1&amp;2 : Voici le commando de Nibomb\u00e9 Dar\u00e9\u2026 Avec les retours de Malcolm Barcola et Kennedy Boateng -<\/title>\n<meta name=\"robots\" content=\"index, follow, max-snippet:-1, max-image-preview:large, max-video-preview:-1\" \/>\n<link rel=\"canonical\" href=\"https:\/\/macite.tg\/?p=16271\" \/>\n<meta property=\"og:locale\" content=\"fr_FR\" \/>\n<meta property=\"og:type\" content=\"article\" \/>\n<meta property=\"og:title\" content=\"Q CAN 2025\/J1&amp;2 : Voici le commando de Nibomb\u00e9 Dar\u00e9\u2026 Avec les retours de Malcolm Barcola et Kennedy Boateng -\" \/>\n<meta property=\"og:description\" content=\"Les \u00e9liminatoires de la Coupe d&rsquo;Afrique des Nations (Can) Maroc 2025, d\u00e9marrent d\u00e9but septembre prochain et les pays se pr\u00e9parent activement pour les deux premi\u00e8res journ\u00e9es. Le nouveau s\u00e9lectionneur des Eperviers du Togo, Nibomb\u00e9 Dar\u00e9, a d\u00e9voil\u00e9, ce jeudi 29 ao\u00fbt au cours d\u2019une de [&hellip;]\" \/>\n<meta property=\"og:url\" content=\"https:\/\/macite.tg\/?p=16271\" \/>\n<meta property=\"article:published_time\" content=\"2024-08-29T11:58:18+00:00\" \/>\n<meta property=\"article:modified_time\" content=\"2024-08-29T12:46:48+00:00\" \/>\n<meta property=\"og:image\" content=\"https:\/\/macite.tg\/wp-content\/uploads\/2024\/08\/EPERVIERS-TABLES.jpg\" \/>\n\t<meta property=\"og:image:width\" content=\"500\" \/>\n\t<meta property=\"og:image:height\" content=\"238\" \/>\n\t<meta property=\"og:image:type\" content=\"image\/jpeg\" \/>\n<meta name=\"author\" content=\"Jean Pierre BAWELA\" \/>\n<meta name=\"twitter:card\" content=\"summary_large_image\" \/>\n<meta name=\"twitter:label1\" content=\"\u00c9crit par\" \/>\n\t<meta name=\"twitter:data1\" content=\"Jean Pierre BAWELA\" \/>\n\t<meta name=\"twitter:label2\" content=\"Dur\u00e9e de lecture estim\u00e9e\" \/>\n\t<meta name=\"twitter:data2\" content=\"2 minutes\" \/>\n<script type=\"application\/ld+json\" class=\"yoast-schema-graph\">{\"@context\":\"https:\\\/\\\/schema.org\",\"@graph\":[{\"@type\":\"Article\",\"@id\":\"https:\\\/\\\/macite.tg\\\/?p=16271#article\",\"isPartOf\":{\"@id\":\"https:\\\/\\\/macite.tg\\\/?p=16271\"},\"author\":{\"name\":\"Jean Pierre BAWELA\",\"@id\":\"https:\\\/\\\/macite.tg\\\/#\\\/schema\\\/person\\\/e9f2de7e5dbbe7770a9402c7ce82f5c2\"},\"headline\":\"Q CAN 2025\\\/J1&#038;2 : Voici le commando de Nibomb\u00e9 Dar\u00e9\u2026 Avec les retours de Malcolm Barcola et Kennedy Boateng\",\"datePublished\":\"2024-08-29T11:58:18+00:00\",\"dateModified\":\"2024-08-29T12:46:48+00:00\",\"mainEntityOfPage\":{\"@id\":\"https:\\\/\\\/macite.tg\\\/?p=16271\"},\"wordCount\":522,\"commentCount\":0,\"image\":{\"@id\":\"https:\\\/\\\/macite.tg\\\/?p=16271#primaryimage\"},\"thumbnailUrl\":\"https:\\\/\\\/macite.tg\\\/wp-content\\\/uploads\\\/2024\\\/08\\\/EPERVIERS-TABLES.jpg\",\"articleSection\":[\"ACTUALITE\",\"SPORTS\"],\"inLanguage\":\"fr-FR\",\"potentialAction\":[{\"@type\":\"CommentAction\",\"name\":\"Comment\",\"target\":[\"https:\\\/\\\/macite.tg\\\/?p=16271#respond\"]}]},{\"@type\":\"WebPage\",\"@id\":\"https:\\\/\\\/macite.tg\\\/?p=16271\",\"url\":\"https:\\\/\\\/macite.tg\\\/?p=16271\",\"name\":\"Q CAN 2025\\\/J1&2 : Voici le commando de Nibomb\u00e9 Dar\u00e9\u2026 Avec les retours de Malcolm Barcola et Kennedy Boateng -\",\"isPartOf\":{\"@id\":\"https:\\\/\\\/macite.tg\\\/#website\"},\"primaryImageOfPage\":{\"@id\":\"https:\\\/\\\/macite.tg\\\/?p=16271#primaryimage\"},\"image\":{\"@id\":\"https:\\\/\\\/macite.tg\\\/?p=16271#primaryimage\"},\"thumbnailUrl\":\"https:\\\/\\\/macite.tg\\\/wp-content\\\/uploads\\\/2024\\\/08\\\/EPERVIERS-TABLES.jpg\",\"datePublished\":\"2024-08-29T11:58:18+00:00\",\"dateModified\":\"2024-08-29T12:46:48+00:00\",\"author\":{\"@id\":\"https:\\\/\\\/macite.tg\\\/#\\\/schema\\\/person\\\/e9f2de7e5dbbe7770a9402c7ce82f5c2\"},\"breadcrumb\":{\"@id\":\"https:\\\/\\\/macite.tg\\\/?p=16271#breadcrumb\"},\"inLanguage\":\"fr-FR\",\"potentialAction\":[{\"@type\":\"ReadAction\",\"target\":[\"https:\\\/\\\/macite.tg\\\/?p=16271\"]}]},{\"@type\":\"ImageObject\",\"inLanguage\":\"fr-FR\",\"@id\":\"https:\\\/\\\/macite.tg\\\/?p=16271#primaryimage\",\"url\":\"https:\\\/\\\/macite.tg\\\/wp-content\\\/uploads\\\/2024\\\/08\\\/EPERVIERS-TABLES.jpg\",\"contentUrl\":\"https:\\\/\\\/macite.tg\\\/wp-content\\\/uploads\\\/2024\\\/08\\\/EPERVIERS-TABLES.jpg\",\"width\":500,\"height\":238},{\"@type\":\"BreadcrumbList\",\"@id\":\"https:\\\/\\\/macite.tg\\\/?p=16271#breadcrumb\",\"itemListElement\":[{\"@type\":\"ListItem\",\"position\":1,\"name\":\"Accueil\",\"item\":\"https:\\\/\\\/macite.tg\\\/\"},{\"@type\":\"ListItem\",\"position\":2,\"name\":\"Q CAN 2025\\\/J1&#038;2 : Voici le commando de Nibomb\u00e9 Dar\u00e9\u2026 Avec les retours de Malcolm Barcola et Kennedy Boateng\"}]},{\"@type\":\"WebSite\",\"@id\":\"https:\\\/\\\/macite.tg\\\/#website\",\"url\":\"https:\\\/\\\/macite.tg\\\/\",\"name\":\"\",\"description\":\"L&#039;information, la bonne!!!\",\"potentialAction\":[{\"@type\":\"SearchAction\",\"target\":{\"@type\":\"EntryPoint\",\"urlTemplate\":\"https:\\\/\\\/macite.tg\\\/?s={search_term_string}\"},\"query-input\":{\"@type\":\"PropertyValueSpecification\",\"valueRequired\":true,\"valueName\":\"search_term_string\"}}],\"inLanguage\":\"fr-FR\"},{\"@type\":\"Person\",\"@id\":\"https:\\\/\\\/macite.tg\\\/#\\\/schema\\\/person\\\/e9f2de7e5dbbe7770a9402c7ce82f5c2\",\"name\":\"Jean Pierre BAWELA\",\"image\":{\"@type\":\"ImageObject\",\"inLanguage\":\"fr-FR\",\"@id\":\"https:\\\/\\\/macite.tg\\\/wp-content\\\/uploads\\\/2023\\\/09\\\/WhatsApp-Image-2023-09-19-at-14.44.41-122x122.jpeg\",\"url\":\"https:\\\/\\\/macite.tg\\\/wp-content\\\/uploads\\\/2023\\\/09\\\/WhatsApp-Image-2023-09-19-at-14.44.41-122x122.jpeg\",\"contentUrl\":\"https:\\\/\\\/macite.tg\\\/wp-content\\\/uploads\\\/2023\\\/09\\\/WhatsApp-Image-2023-09-19-at-14.44.41-122x122.jpeg\",\"caption\":\"Jean Pierre BAWELA\"},\"url\":\"https:\\\/\\\/macite.tg\\\/?author=2\"}]}<\/script>\n<!-- \/ Yoast SEO plugin. -->","yoast_head_json":{"title":"Q CAN 2025\/J1&2 : Voici le commando de Nibomb\u00e9 Dar\u00e9\u2026 Avec les retours de Malcolm Barcola et Kennedy Boateng -","robots":{"index":"index","follow":"follow","max-snippet":"max-snippet:-1","max-image-preview":"max-image-preview:large","max-video-preview":"max-video-preview:-1"},"canonical":"https:\/\/macite.tg\/?p=16271","og_locale":"fr_FR","og_type":"article","og_title":"Q CAN 2025\/J1&2 : Voici le commando de Nibomb\u00e9 Dar\u00e9\u2026 Avec les retours de Malcolm Barcola et Kennedy Boateng -","og_description":"Les \u00e9liminatoires de la Coupe d&rsquo;Afrique des Nations (Can) Maroc 2025, d\u00e9marrent d\u00e9but septembre prochain et les pays se pr\u00e9parent activement pour les deux premi\u00e8res journ\u00e9es. Le nouveau s\u00e9lectionneur des Eperviers du Togo, Nibomb\u00e9 Dar\u00e9, a d\u00e9voil\u00e9, ce jeudi 29 ao\u00fbt au cours d\u2019une de [&hellip;]","og_url":"https:\/\/macite.tg\/?p=16271","article_published_time":"2024-08-29T11:58:18+00:00","article_modified_time":"2024-08-29T12:46:48+00:00","og_image":[{"width":500,"height":238,"url":"https:\/\/macite.tg\/wp-content\/uploads\/2024\/08\/EPERVIERS-TABLES.jpg","type":"image\/jpeg"}],"author":"Jean Pierre BAWELA","twitter_card":"summary_large_image","twitter_misc":{"\u00c9crit par":"Jean Pierre BAWELA","Dur\u00e9e de lecture estim\u00e9e":"2 minutes"},"schema":{"@context":"https:\/\/schema.org","@graph":[{"@type":"Article","@id":"https:\/\/macite.tg\/?p=16271#article","isPartOf":{"@id":"https:\/\/macite.tg\/?p=16271"},"author":{"name":"Jean Pierre BAWELA","@id":"https:\/\/macite.tg\/#\/schema\/person\/e9f2de7e5dbbe7770a9402c7ce82f5c2"},"headline":"Q CAN 2025\/J1&#038;2 : Voici le commando de Nibomb\u00e9 Dar\u00e9\u2026 Avec les retours de Malcolm Barcola et Kennedy Boateng","datePublished":"2024-08-29T11:58:18+00:00","dateModified":"2024-08-29T12:46:48+00:00","mainEntityOfPage":{"@id":"https:\/\/macite.tg\/?p=16271"},"wordCount":522,"commentCount":0,"image":{"@id":"https:\/\/macite.tg\/?p=16271#primaryimage"},"thumbnailUrl":"https:\/\/macite.tg\/wp-content\/uploads\/2024\/08\/EPERVIERS-TABLES.jpg","articleSection":["ACTUALITE","SPORTS"],"inLanguage":"fr-FR","potentialAction":[{"@type":"CommentAction","name":"Comment","target":["https:\/\/macite.tg\/?p=16271#respond"]}]},{"@type":"WebPage","@id":"https:\/\/macite.tg\/?p=16271","url":"https:\/\/macite.tg\/?p=16271","name":"Q CAN 2025\/J1&2 : Voici le commando de Nibomb\u00e9 Dar\u00e9\u2026 Avec les retours de Malcolm Barcola et Kennedy Boateng -","isPartOf":{"@id":"https:\/\/macite.tg\/#website"},"primaryImageOfPage":{"@id":"https:\/\/macite.tg\/?p=16271#primaryimage"},"image":{"@id":"https:\/\/macite.tg\/?p=16271#primaryimage"},"thumbnailUrl":"https:\/\/macite.tg\/wp-content\/uploads\/2024\/08\/EPERVIERS-TABLES.jpg","datePublished":"2024-08-29T11:58:18+00:00","dateModified":"2024-08-29T12:46:48+00:00","author":{"@id":"https:\/\/macite.tg\/#\/schema\/person\/e9f2de7e5dbbe7770a9402c7ce82f5c2"},"breadcrumb":{"@id":"https:\/\/macite.tg\/?p=16271#breadcrumb"},"inLanguage":"fr-FR","potentialAction":[{"@type":"ReadAction","target":["https:\/\/macite.tg\/?p=16271"]}]},{"@type":"ImageObject","inLanguage":"fr-FR","@id":"https:\/\/macite.tg\/?p=16271#primaryimage","url":"https:\/\/macite.tg\/wp-content\/uploads\/2024\/08\/EPERVIERS-TABLES.jpg","contentUrl":"https:\/\/macite.tg\/wp-content\/uploads\/2024\/08\/EPERVIERS-TABLES.jpg","width":500,"height":238},{"@type":"BreadcrumbList","@id":"https:\/\/macite.tg\/?p=16271#breadcrumb","itemListElement":[{"@type":"ListItem","position":1,"name":"Accueil","item":"https:\/\/macite.tg\/"},{"@type":"ListItem","position":2,"name":"Q CAN 2025\/J1&#038;2 : Voici le commando de Nibomb\u00e9 Dar\u00e9\u2026 Avec les retours de Malcolm Barcola et Kennedy Boateng"}]},{"@type":"WebSite","@id":"https:\/\/macite.tg\/#website","url":"https:\/\/macite.tg\/","name":"","description":"L&#039;information, la bonne!!!","potentialAction":[{"@type":"SearchAction","target":{"@type":"EntryPoint","urlTemplate":"https:\/\/macite.tg\/?s={search_term_string}"},"query-input":{"@type":"PropertyValueSpecification","valueRequired":true,"valueName":"search_term_string"}}],"inLanguage":"fr-FR"},{"@type":"Person","@id":"https:\/\/macite.tg\/#\/schema\/person\/e9f2de7e5dbbe7770a9402c7ce82f5c2","name":"Jean Pierre BAWELA","image":{"@type":"ImageObject","inLanguage":"fr-FR","@id":"https:\/\/macite.tg\/wp-content\/uploads\/2023\/09\/WhatsApp-Image-2023-09-19-at-14.44.41-122x122.jpeg","url":"https:\/\/macite.tg\/wp-content\/uploads\/2023\/09\/WhatsApp-Image-2023-09-19-at-14.44.41-122x122.jpeg","contentUrl":"https:\/\/macite.tg\/wp-content\/uploads\/2023\/09\/WhatsApp-Image-2023-09-19-at-14.44.41-122x122.jpeg","caption":"Jean Pierre BAWELA"},"url":"https:\/\/macite.tg\/?author=2"}]}},"_links":{"self":[{"href":"https:\/\/macite.tg\/index.php?rest_route=\/wp\/v2\/posts\/16271","targetHints":{"allow":["GET"]}}],"collection":[{"href":"https:\/\/macite.tg\/index.php?rest_route=\/wp\/v2\/posts"}],"about":[{"href":"https:\/\/macite.tg\/index.php?rest_route=\/wp\/v2\/types\/post"}],"author":[{"embeddable":true,"href":"https:\/\/macite.tg\/index.php?rest_route=\/wp\/v2\/users\/2"}],"replies":[{"embeddable":true,"href":"https:\/\/macite.tg\/index.php?rest_route=%2Fwp%2Fv2%2Fcomments&post=16271"}],"version-history":[{"count":0,"href":"https:\/\/macite.tg\/index.php?rest_route=\/wp\/v2\/posts\/16271\/revisions"}],"wp:featuredmedia":[{"embeddable":true,"href":"https:\/\/macite.tg\/index.php?rest_route=\/wp\/v2\/media\/16275"}],"wp:attachment":[{"href":"https:\/\/macite.tg\/index.php?rest_route=%2Fwp%2Fv2%2Fmedia&parent=16271"}],"wp:term":[{"taxonomy":"category","embeddable":true,"href":"https:\/\/macite.tg\/index.php?rest_route=%2Fwp%2Fv2%2Fcategories&post=16271"},{"taxonomy":"post_tag","embeddable":true,"href":"https:\/\/macite.tg\/index.php?rest_route=%2Fwp%2Fv2%2Ftags&post=16271"}],"curies":[{"name":"wp","href":"https:\/\/api.w.org\/{rel}","templated":true}]}}