{"id":16252,"date":"2024-08-28T13:41:23","date_gmt":"2024-08-28T13:41:23","guid":{"rendered":"https:\/\/macite.tg\/?p=16252"},"modified":"2024-08-28T13:42:00","modified_gmt":"2024-08-28T13:42:00","slug":"reunion-du-parlement-de-la-cedeao-a-banjul-la-mise-en-oeuvre-du-protocole-sur-la-libre-circulation-des-personnes-a-lordre-du-jour","status":"publish","type":"post","link":"https:\/\/macite.tg\/?p=16252","title":{"rendered":"REUNION DU PARLEMENT DE LA CEDEAO\u00a0A BANJUL : La mise en \u0153uvre du Protocole sur la libre circulation des personnes \u00e0 l\u2019ordre du jour"},"content":{"rendered":"\n<p class=\"wp-block-paragraph\"><strong><em>La r\u00e9union d\u00e9localis\u00e9e de la grande Commission mixte Affaires sociales, Genre et Autonomisation des femmes ; affaires juridiques et Droits de l&rsquo;homme ; Affaires politiques, Paix, S\u00e9curit\u00e9 et M\u00e9canisme africain d&rsquo;\u00e9valuation par les pairs (Maep) ; Affaires juridiques et Droits de l&rsquo;homme ; commerce, douanes et libre circulation, s&rsquo;est ouverte, le lundi 26 ao\u00fbt dernier, dans la capitale gambienne par la Pr\u00e9sidente du parlement, Ibrahima M\u00e9mounatou.<\/em><\/strong><\/p>\n\n\n\n<p class=\"wp-block-paragraph\">Ap\u00e8rs Abidjan en C\u00f4te d&rsquo;Ivoire, le Parlement de la Cedeoa \u00e0 mis le cap sur Banjul en Gambie pour sa r\u00e9union d\u00e9localis\u00e9e qui s&rsquo;est ouverte le lundi 26 ao\u00fbt dernier.<\/p>\n\n\n<div class=\"wp-block-image\">\n<figure class=\"aligncenter size-full\"><img loading=\"lazy\" decoding=\"async\" width=\"500\" height=\"375\" src=\"https:\/\/macite.tg\/wp-content\/uploads\/2024\/08\/PARLEMENT-CEDEAO.jpg\" alt=\"\" class=\"wp-image-16257\" srcset=\"https:\/\/macite.tg\/wp-content\/uploads\/2024\/08\/PARLEMENT-CEDEAO.jpg 500w, https:\/\/macite.tg\/wp-content\/uploads\/2024\/08\/PARLEMENT-CEDEAO-300x225.jpg 300w\" sizes=\"auto, (max-width: 500px) 100vw, 500px\" \/><figcaption class=\"wp-element-caption\"><strong><em>Photo de famille \u00e0 l&rsquo;issue de la c\u00e9r\u00e9monie d&rsquo;ouverture<\/em><\/strong><\/figcaption><\/figure>\n<\/div>\n\n\n<p class=\"wp-block-paragraph\">Dans son discours d&rsquo;ouverture, la Pr\u00e9sidente du parlement communautaire a indiqu\u00e9 que le th\u00e8me de ladite r\u00e9union qui est <em>\u00ab\u00a0le r\u00f4le du Parlement dans la mise en \u0153uvre du Protocole sur la libre circulation des personnes, et le droit de r\u00e9sidence et d&rsquo;\u00e9tablissement dans l&rsquo;espace Cedeao\u00a0\u00bb,<\/em> est bien \u00e0 propos \u00e0 cet instant de la vie de l&rsquo;espace communautaire.<\/p>\n\n\n\n<p class=\"wp-block-paragraph\">Pour elle, l&rsquo;\u00e9pine dorsale de la Communaut\u00e9 \u00e9conomique des \u00c9tats de l&rsquo;Afrique de l&rsquo;Ouest (Cedeao) reste incontestablement la promotion de la coop\u00e9ration et l&rsquo;int\u00e9gration entre ses \u00c9tats membres. Conscients que la libre circulation est essentielle \u00e0 la r\u00e9alisation de l&rsquo;int\u00e9gration r\u00e9gionale, les \u00c9tats membres ont adopt\u00e9, le 29 mai 1975, le Protocole sur la libre circulation des personnes et le droit de r\u00e9sidence et d&rsquo;\u00e9tablissement dans la r\u00e9gion.<\/p>\n\n\n\n<p class=\"wp-block-paragraph\"><em>\u00ab&nbsp;En effet, en plus de&nbsp;&nbsp;&nbsp;&nbsp;&nbsp; nombreux autres avantages, le Protocole permet aux citoyens de la Cedeao d&rsquo;entrer et de circuler librement dans les \u00c9tats membres sans visa. Ils peuvent s&rsquo;installer et mener des activit\u00e9s \u00e9conomiques, sous r\u00e9serve d&rsquo;obtenir une carte ou un permis de s\u00e9jour de la Cedeao. Ces mesures facilitent la mobilit\u00e9 et stimulent le commerce intrar\u00e9gional au sein de notre espace&nbsp;\u00bb<\/em>, a d\u00e9clar\u00e9 Ibrahima M\u00e9mounatou.<\/p>\n\n\n<div class=\"wp-block-image\">\n<figure class=\"aligncenter size-large is-resized\"><img loading=\"lazy\" decoding=\"async\" src=\"https:\/\/macite.tg\/wp-content\/uploads\/2024\/08\/9766832a-ca7c-4101-b6ec-9e3130ecb2aa-742x1024.jpg\" alt=\"\" class=\"wp-image-16245\" width=\"574\" height=\"792\" srcset=\"https:\/\/macite.tg\/wp-content\/uploads\/2024\/08\/9766832a-ca7c-4101-b6ec-9e3130ecb2aa-742x1024.jpg 742w, https:\/\/macite.tg\/wp-content\/uploads\/2024\/08\/9766832a-ca7c-4101-b6ec-9e3130ecb2aa-218x300.jpg 218w, https:\/\/macite.tg\/wp-content\/uploads\/2024\/08\/9766832a-ca7c-4101-b6ec-9e3130ecb2aa-768x1059.jpg 768w, https:\/\/macite.tg\/wp-content\/uploads\/2024\/08\/9766832a-ca7c-4101-b6ec-9e3130ecb2aa-1114x1536.jpg 1114w, https:\/\/macite.tg\/wp-content\/uploads\/2024\/08\/9766832a-ca7c-4101-b6ec-9e3130ecb2aa.jpg 1160w\" sizes=\"auto, (max-width: 574px) 100vw, 574px\" \/><\/figure>\n<\/div>\n\n\n<p class=\"wp-block-paragraph\">Elle a tout de m\u00eame relev\u00e9 que, malgr\u00e9 ces avanc\u00e9es, des d\u00e9fis consid\u00e9rables subsistent en mati\u00e8re de mise en \u0153uvre de nos propres choix. <em>\u00ab&nbsp;Ces derni\u00e8res ann\u00e9es, la libre circulation, au sein de la Communaut\u00e9, a \u00e9t\u00e9 mise \u00e0 rude \u00e9preuve par plusieurs facteurs.&nbsp; Les faiblesses du m\u00e9canisme de mise en \u0153uvre, les divergences d&rsquo;int\u00e9r\u00eats nationaux et les probl\u00e8mes d&rsquo;infrastructures, entravent la r\u00e9alisation des objectifs du Protocole&nbsp;\u00bb,<\/em> a-t-elle reconnu.<\/p>\n\n\n\n<p class=\"wp-block-paragraph\">La pr\u00e9sidente du parlement de la CedeaoO a indiqu\u00e9 que la pleine r\u00e9alisation de la libre circulation dans l&rsquo;espace de la Cedeao n\u00e9cessite une gouvernance solide, fond\u00e9e sur la confiance mutuelle, la responsabilit\u00e9 partag\u00e9e et l&rsquo;appropriation des r\u00e9sultats. Pour atteindre ses objectifs, il est imp\u00e9ratif de mettre en place des m\u00e9canismes qui assurent un suivi constant pour plus d&rsquo;efficacit\u00e9 de nos protocoles.<\/p>\n\n\n\n<p class=\"wp-block-paragraph\"><em>\u00ab&nbsp;Incontestablement, l&rsquo;institution la mieux plac\u00e9e pour effectuer ces v\u00e9rifications et assurer cet \u00e9quilibre au sein de l&rsquo;architecture de la Cedeao est le Parlement de la Cedeao. Malheureusement, ce dernier est encore insuffisamment impliqu\u00e9 dans la mise en \u0153uvre du Protocole et de ses Protocoles additionnels. Ce qui limite sa contribution \u00e0 une int\u00e9gration efficace et compl\u00e8te&nbsp;\u00bb,<\/em> a regrett\u00e9 Ibrahima M\u00e9mounatou.<\/p>\n\n\n<div class=\"wp-block-image\">\n<figure class=\"aligncenter size-full\"><img loading=\"lazy\" decoding=\"async\" width=\"509\" height=\"720\" src=\"https:\/\/macite.tg\/wp-content\/uploads\/2024\/08\/Depreciation-jusquau-31-Dec-1.jpg\" alt=\"\" class=\"wp-image-16232\" srcset=\"https:\/\/macite.tg\/wp-content\/uploads\/2024\/08\/Depreciation-jusquau-31-Dec-1.jpg 509w, https:\/\/macite.tg\/wp-content\/uploads\/2024\/08\/Depreciation-jusquau-31-Dec-1-212x300.jpg 212w\" sizes=\"auto, (max-width: 509px) 100vw, 509px\" \/><\/figure>\n<\/div>\n\n\n<p class=\"wp-block-paragraph\">Elle a appel\u00e9 les d\u00e9cideurs politiques et toutes les parties prenantes \u00e0 unifier leurs efforts pour identifier les d\u00e9fis et proposer des solutions qui permettront de maximiser les avantages de la libre circulation, tant au niveau r\u00e9gional qu&rsquo;au niveau national. <em>\u00ab&nbsp;Ces objectifs ne seront atteints que par l&rsquo;\u00e9laboration de politiques et d&rsquo;actions coordonn\u00e9es&nbsp;\u00bb,<\/em> a plaid\u00e9 la Pr\u00e9sidente du parlement de la Cedeao.<\/p>\n\n\n\n<p class=\"wp-block-paragraph\"><strong>(In LE MEDIUM n\u00b0620 du 27 Ao\u00fbt au 02 Septembre 2024)<\/strong><\/p>\n\n\n\n<p class=\"wp-block-paragraph\"><strong><em>@macite.tg&nbsp;&nbsp;&nbsp;&nbsp;&nbsp;&nbsp;&nbsp;&nbsp;<\/em><\/strong><\/p>\n\n\n\n<p class=\"wp-block-paragraph\"><strong><em>E-mail&nbsp;: <\/em><\/strong><a href=\"mailto:maciteinfo@gmail.com\"><strong><em>maciteinfo@gmail.com<\/em><\/strong><\/a><strong><em>; <\/em><\/strong><a href=\"mailto:bawela1@gmail.com\"><strong><em>bawela1@gmail.com<\/em><\/strong><\/a><strong><em><\/em><\/strong><\/p>\n\n\n\n<p class=\"wp-block-paragraph\"><strong><em>Pour vos annonces, (publi)reportages, etc., joignez-nous au (00228)91515309\/<strong>79872224 <\/strong>www.macite.tg, L\u2019information, la bonne&nbsp;!<\/em><\/strong><\/p>\n","protected":false},"excerpt":{"rendered":"<p class=\"text-justify mb-2\" >La r\u00e9union d\u00e9localis\u00e9e de la grande Commission mixte Affaires sociales, Genre et Autonomisation des femmes ; affaires juridiques et Droits de l&rsquo;homme ; Affaires politiques, Paix, S\u00e9curit\u00e9 et M\u00e9canisme africain d&rsquo;\u00e9valuation par les pairs (Maep) ; Affaires juridiques et Droits de l&rsquo;homme ; commerce, douanes [&hellip;]<\/p>\n","protected":false},"author":2,"featured_media":16258,"comment_status":"open","ping_status":"open","sticky":false,"template":"","format":"standard","meta":{"footnotes":""},"categories":[20,1],"tags":[],"class_list":["post-16252","post","type-post","status-publish","format-standard","has-post-thumbnail","hentry","category-actualite","category-politique"],"yoast_head":"<!-- This site is optimized with the Yoast SEO plugin v28.4 - https:\/\/yoast.com\/product\/yoast-seo-wordpress\/ -->\n<title>REUNION DU PARLEMENT DE LA CEDEAO\u00a0A BANJUL : La mise en \u0153uvre du Protocole sur la libre circulation des personnes \u00e0 l\u2019ordre du jour -<\/title>\n<meta name=\"robots\" content=\"index, follow, max-snippet:-1, max-image-preview:large, max-video-preview:-1\" \/>\n<link rel=\"canonical\" href=\"https:\/\/macite.tg\/?p=16252\" \/>\n<meta property=\"og:locale\" content=\"fr_FR\" \/>\n<meta property=\"og:type\" content=\"article\" \/>\n<meta property=\"og:title\" content=\"REUNION DU PARLEMENT DE LA CEDEAO\u00a0A BANJUL : La mise en \u0153uvre du Protocole sur la libre circulation des personnes \u00e0 l\u2019ordre du jour -\" \/>\n<meta property=\"og:description\" content=\"La r\u00e9union d\u00e9localis\u00e9e de la grande Commission mixte Affaires sociales, Genre et Autonomisation des femmes ; affaires juridiques et Droits de l&rsquo;homme ; Affaires politiques, Paix, S\u00e9curit\u00e9 et M\u00e9canisme africain d&rsquo;\u00e9valuation par les pairs (Maep) ; Affaires juridiques et Droits de l&rsquo;homme ; commerce, douanes [&hellip;]\" \/>\n<meta property=\"og:url\" content=\"https:\/\/macite.tg\/?p=16252\" \/>\n<meta property=\"article:published_time\" content=\"2024-08-28T13:41:23+00:00\" \/>\n<meta property=\"article:modified_time\" content=\"2024-08-28T13:42:00+00:00\" \/>\n<meta property=\"og:image\" content=\"https:\/\/macite.tg\/wp-content\/uploads\/2024\/08\/Pdte-du-parlement-cedeao.jpg\" \/>\n\t<meta property=\"og:image:width\" content=\"500\" \/>\n\t<meta property=\"og:image:height\" content=\"375\" \/>\n\t<meta property=\"og:image:type\" content=\"image\/jpeg\" \/>\n<meta name=\"author\" content=\"Jean Pierre BAWELA\" \/>\n<meta name=\"twitter:card\" content=\"summary_large_image\" \/>\n<meta name=\"twitter:label1\" content=\"\u00c9crit par\" \/>\n\t<meta name=\"twitter:data1\" content=\"Jean Pierre BAWELA\" \/>\n\t<meta name=\"twitter:label2\" content=\"Dur\u00e9e de lecture estim\u00e9e\" \/>\n\t<meta name=\"twitter:data2\" content=\"3 minutes\" \/>\n<script type=\"application\/ld+json\" class=\"yoast-schema-graph\">{\"@context\":\"https:\\\/\\\/schema.org\",\"@graph\":[{\"@type\":\"Article\",\"@id\":\"https:\\\/\\\/macite.tg\\\/?p=16252#article\",\"isPartOf\":{\"@id\":\"https:\\\/\\\/macite.tg\\\/?p=16252\"},\"author\":{\"name\":\"Jean Pierre BAWELA\",\"@id\":\"https:\\\/\\\/macite.tg\\\/#\\\/schema\\\/person\\\/e9f2de7e5dbbe7770a9402c7ce82f5c2\"},\"headline\":\"REUNION DU PARLEMENT DE LA CEDEAO\u00a0A BANJUL : La mise en \u0153uvre du Protocole sur la libre circulation des personnes \u00e0 l\u2019ordre du jour\",\"datePublished\":\"2024-08-28T13:41:23+00:00\",\"dateModified\":\"2024-08-28T13:42:00+00:00\",\"mainEntityOfPage\":{\"@id\":\"https:\\\/\\\/macite.tg\\\/?p=16252\"},\"wordCount\":712,\"commentCount\":0,\"image\":{\"@id\":\"https:\\\/\\\/macite.tg\\\/?p=16252#primaryimage\"},\"thumbnailUrl\":\"https:\\\/\\\/macite.tg\\\/wp-content\\\/uploads\\\/2024\\\/08\\\/Pdte-du-parlement-cedeao.jpg\",\"articleSection\":[\"ACTUALITE\",\"POLITIQUE\"],\"inLanguage\":\"fr-FR\",\"potentialAction\":[{\"@type\":\"CommentAction\",\"name\":\"Comment\",\"target\":[\"https:\\\/\\\/macite.tg\\\/?p=16252#respond\"]}]},{\"@type\":\"WebPage\",\"@id\":\"https:\\\/\\\/macite.tg\\\/?p=16252\",\"url\":\"https:\\\/\\\/macite.tg\\\/?p=16252\",\"name\":\"REUNION DU PARLEMENT DE LA CEDEAO\u00a0A BANJUL : La mise en \u0153uvre du Protocole sur la libre circulation des personnes \u00e0 l\u2019ordre du jour -\",\"isPartOf\":{\"@id\":\"https:\\\/\\\/macite.tg\\\/#website\"},\"primaryImageOfPage\":{\"@id\":\"https:\\\/\\\/macite.tg\\\/?p=16252#primaryimage\"},\"image\":{\"@id\":\"https:\\\/\\\/macite.tg\\\/?p=16252#primaryimage\"},\"thumbnailUrl\":\"https:\\\/\\\/macite.tg\\\/wp-content\\\/uploads\\\/2024\\\/08\\\/Pdte-du-parlement-cedeao.jpg\",\"datePublished\":\"2024-08-28T13:41:23+00:00\",\"dateModified\":\"2024-08-28T13:42:00+00:00\",\"author\":{\"@id\":\"https:\\\/\\\/macite.tg\\\/#\\\/schema\\\/person\\\/e9f2de7e5dbbe7770a9402c7ce82f5c2\"},\"breadcrumb\":{\"@id\":\"https:\\\/\\\/macite.tg\\\/?p=16252#breadcrumb\"},\"inLanguage\":\"fr-FR\",\"potentialAction\":[{\"@type\":\"ReadAction\",\"target\":[\"https:\\\/\\\/macite.tg\\\/?p=16252\"]}]},{\"@type\":\"ImageObject\",\"inLanguage\":\"fr-FR\",\"@id\":\"https:\\\/\\\/macite.tg\\\/?p=16252#primaryimage\",\"url\":\"https:\\\/\\\/macite.tg\\\/wp-content\\\/uploads\\\/2024\\\/08\\\/Pdte-du-parlement-cedeao.jpg\",\"contentUrl\":\"https:\\\/\\\/macite.tg\\\/wp-content\\\/uploads\\\/2024\\\/08\\\/Pdte-du-parlement-cedeao.jpg\",\"width\":500,\"height\":375,\"caption\":\"Mme Ibrahima M\u00e9mounatou, pr\u00e9sidente du parlement de la Cedeao, lors de son discours d'ouverture.\"},{\"@type\":\"BreadcrumbList\",\"@id\":\"https:\\\/\\\/macite.tg\\\/?p=16252#breadcrumb\",\"itemListElement\":[{\"@type\":\"ListItem\",\"position\":1,\"name\":\"Accueil\",\"item\":\"https:\\\/\\\/macite.tg\\\/\"},{\"@type\":\"ListItem\",\"position\":2,\"name\":\"REUNION DU PARLEMENT DE LA CEDEAO\u00a0A BANJUL : La mise en \u0153uvre du Protocole sur la libre circulation des personnes \u00e0 l\u2019ordre du jour\"}]},{\"@type\":\"WebSite\",\"@id\":\"https:\\\/\\\/macite.tg\\\/#website\",\"url\":\"https:\\\/\\\/macite.tg\\\/\",\"name\":\"\",\"description\":\"L&#039;information, la bonne!!!\",\"potentialAction\":[{\"@type\":\"SearchAction\",\"target\":{\"@type\":\"EntryPoint\",\"urlTemplate\":\"https:\\\/\\\/macite.tg\\\/?s={search_term_string}\"},\"query-input\":{\"@type\":\"PropertyValueSpecification\",\"valueRequired\":true,\"valueName\":\"search_term_string\"}}],\"inLanguage\":\"fr-FR\"},{\"@type\":\"Person\",\"@id\":\"https:\\\/\\\/macite.tg\\\/#\\\/schema\\\/person\\\/e9f2de7e5dbbe7770a9402c7ce82f5c2\",\"name\":\"Jean Pierre BAWELA\",\"image\":{\"@type\":\"ImageObject\",\"inLanguage\":\"fr-FR\",\"@id\":\"https:\\\/\\\/macite.tg\\\/wp-content\\\/uploads\\\/2023\\\/09\\\/WhatsApp-Image-2023-09-19-at-14.44.41-122x122.jpeg\",\"url\":\"https:\\\/\\\/macite.tg\\\/wp-content\\\/uploads\\\/2023\\\/09\\\/WhatsApp-Image-2023-09-19-at-14.44.41-122x122.jpeg\",\"contentUrl\":\"https:\\\/\\\/macite.tg\\\/wp-content\\\/uploads\\\/2023\\\/09\\\/WhatsApp-Image-2023-09-19-at-14.44.41-122x122.jpeg\",\"caption\":\"Jean Pierre BAWELA\"},\"url\":\"https:\\\/\\\/macite.tg\\\/?author=2\"}]}<\/script>\n<!-- \/ Yoast SEO plugin. -->","yoast_head_json":{"title":"REUNION DU PARLEMENT DE LA CEDEAO\u00a0A BANJUL : La mise en \u0153uvre du Protocole sur la libre circulation des personnes \u00e0 l\u2019ordre du jour -","robots":{"index":"index","follow":"follow","max-snippet":"max-snippet:-1","max-image-preview":"max-image-preview:large","max-video-preview":"max-video-preview:-1"},"canonical":"https:\/\/macite.tg\/?p=16252","og_locale":"fr_FR","og_type":"article","og_title":"REUNION DU PARLEMENT DE LA CEDEAO\u00a0A BANJUL : La mise en \u0153uvre du Protocole sur la libre circulation des personnes \u00e0 l\u2019ordre du jour -","og_description":"La r\u00e9union d\u00e9localis\u00e9e de la grande Commission mixte Affaires sociales, Genre et Autonomisation des femmes ; affaires juridiques et Droits de l&rsquo;homme ; Affaires politiques, Paix, S\u00e9curit\u00e9 et M\u00e9canisme africain d&rsquo;\u00e9valuation par les pairs (Maep) ; Affaires juridiques et Droits de l&rsquo;homme ; commerce, douanes [&hellip;]","og_url":"https:\/\/macite.tg\/?p=16252","article_published_time":"2024-08-28T13:41:23+00:00","article_modified_time":"2024-08-28T13:42:00+00:00","og_image":[{"width":500,"height":375,"url":"https:\/\/macite.tg\/wp-content\/uploads\/2024\/08\/Pdte-du-parlement-cedeao.jpg","type":"image\/jpeg"}],"author":"Jean Pierre BAWELA","twitter_card":"summary_large_image","twitter_misc":{"\u00c9crit par":"Jean Pierre BAWELA","Dur\u00e9e de lecture estim\u00e9e":"3 minutes"},"schema":{"@context":"https:\/\/schema.org","@graph":[{"@type":"Article","@id":"https:\/\/macite.tg\/?p=16252#article","isPartOf":{"@id":"https:\/\/macite.tg\/?p=16252"},"author":{"name":"Jean Pierre BAWELA","@id":"https:\/\/macite.tg\/#\/schema\/person\/e9f2de7e5dbbe7770a9402c7ce82f5c2"},"headline":"REUNION DU PARLEMENT DE LA CEDEAO\u00a0A BANJUL : La mise en \u0153uvre du Protocole sur la libre circulation des personnes \u00e0 l\u2019ordre du jour","datePublished":"2024-08-28T13:41:23+00:00","dateModified":"2024-08-28T13:42:00+00:00","mainEntityOfPage":{"@id":"https:\/\/macite.tg\/?p=16252"},"wordCount":712,"commentCount":0,"image":{"@id":"https:\/\/macite.tg\/?p=16252#primaryimage"},"thumbnailUrl":"https:\/\/macite.tg\/wp-content\/uploads\/2024\/08\/Pdte-du-parlement-cedeao.jpg","articleSection":["ACTUALITE","POLITIQUE"],"inLanguage":"fr-FR","potentialAction":[{"@type":"CommentAction","name":"Comment","target":["https:\/\/macite.tg\/?p=16252#respond"]}]},{"@type":"WebPage","@id":"https:\/\/macite.tg\/?p=16252","url":"https:\/\/macite.tg\/?p=16252","name":"REUNION DU PARLEMENT DE LA CEDEAO\u00a0A BANJUL : La mise en \u0153uvre du Protocole sur la libre circulation des personnes \u00e0 l\u2019ordre du jour -","isPartOf":{"@id":"https:\/\/macite.tg\/#website"},"primaryImageOfPage":{"@id":"https:\/\/macite.tg\/?p=16252#primaryimage"},"image":{"@id":"https:\/\/macite.tg\/?p=16252#primaryimage"},"thumbnailUrl":"https:\/\/macite.tg\/wp-content\/uploads\/2024\/08\/Pdte-du-parlement-cedeao.jpg","datePublished":"2024-08-28T13:41:23+00:00","dateModified":"2024-08-28T13:42:00+00:00","author":{"@id":"https:\/\/macite.tg\/#\/schema\/person\/e9f2de7e5dbbe7770a9402c7ce82f5c2"},"breadcrumb":{"@id":"https:\/\/macite.tg\/?p=16252#breadcrumb"},"inLanguage":"fr-FR","potentialAction":[{"@type":"ReadAction","target":["https:\/\/macite.tg\/?p=16252"]}]},{"@type":"ImageObject","inLanguage":"fr-FR","@id":"https:\/\/macite.tg\/?p=16252#primaryimage","url":"https:\/\/macite.tg\/wp-content\/uploads\/2024\/08\/Pdte-du-parlement-cedeao.jpg","contentUrl":"https:\/\/macite.tg\/wp-content\/uploads\/2024\/08\/Pdte-du-parlement-cedeao.jpg","width":500,"height":375,"caption":"Mme Ibrahima M\u00e9mounatou, pr\u00e9sidente du parlement de la Cedeao, lors de son discours d'ouverture."},{"@type":"BreadcrumbList","@id":"https:\/\/macite.tg\/?p=16252#breadcrumb","itemListElement":[{"@type":"ListItem","position":1,"name":"Accueil","item":"https:\/\/macite.tg\/"},{"@type":"ListItem","position":2,"name":"REUNION DU PARLEMENT DE LA CEDEAO\u00a0A BANJUL : La mise en \u0153uvre du Protocole sur la libre circulation des personnes \u00e0 l\u2019ordre du jour"}]},{"@type":"WebSite","@id":"https:\/\/macite.tg\/#website","url":"https:\/\/macite.tg\/","name":"","description":"L&#039;information, la bonne!!!","potentialAction":[{"@type":"SearchAction","target":{"@type":"EntryPoint","urlTemplate":"https:\/\/macite.tg\/?s={search_term_string}"},"query-input":{"@type":"PropertyValueSpecification","valueRequired":true,"valueName":"search_term_string"}}],"inLanguage":"fr-FR"},{"@type":"Person","@id":"https:\/\/macite.tg\/#\/schema\/person\/e9f2de7e5dbbe7770a9402c7ce82f5c2","name":"Jean Pierre BAWELA","image":{"@type":"ImageObject","inLanguage":"fr-FR","@id":"https:\/\/macite.tg\/wp-content\/uploads\/2023\/09\/WhatsApp-Image-2023-09-19-at-14.44.41-122x122.jpeg","url":"https:\/\/macite.tg\/wp-content\/uploads\/2023\/09\/WhatsApp-Image-2023-09-19-at-14.44.41-122x122.jpeg","contentUrl":"https:\/\/macite.tg\/wp-content\/uploads\/2023\/09\/WhatsApp-Image-2023-09-19-at-14.44.41-122x122.jpeg","caption":"Jean Pierre BAWELA"},"url":"https:\/\/macite.tg\/?author=2"}]}},"_links":{"self":[{"href":"https:\/\/macite.tg\/index.php?rest_route=\/wp\/v2\/posts\/16252","targetHints":{"allow":["GET"]}}],"collection":[{"href":"https:\/\/macite.tg\/index.php?rest_route=\/wp\/v2\/posts"}],"about":[{"href":"https:\/\/macite.tg\/index.php?rest_route=\/wp\/v2\/types\/post"}],"author":[{"embeddable":true,"href":"https:\/\/macite.tg\/index.php?rest_route=\/wp\/v2\/users\/2"}],"replies":[{"embeddable":true,"href":"https:\/\/macite.tg\/index.php?rest_route=%2Fwp%2Fv2%2Fcomments&post=16252"}],"version-history":[{"count":0,"href":"https:\/\/macite.tg\/index.php?rest_route=\/wp\/v2\/posts\/16252\/revisions"}],"wp:featuredmedia":[{"embeddable":true,"href":"https:\/\/macite.tg\/index.php?rest_route=\/wp\/v2\/media\/16258"}],"wp:attachment":[{"href":"https:\/\/macite.tg\/index.php?rest_route=%2Fwp%2Fv2%2Fmedia&parent=16252"}],"wp:term":[{"taxonomy":"category","embeddable":true,"href":"https:\/\/macite.tg\/index.php?rest_route=%2Fwp%2Fv2%2Fcategories&post=16252"},{"taxonomy":"post_tag","embeddable":true,"href":"https:\/\/macite.tg\/index.php?rest_route=%2Fwp%2Fv2%2Ftags&post=16252"}],"curies":[{"name":"wp","href":"https:\/\/api.w.org\/{rel}","templated":true}]}}