{"id":16238,"date":"2024-08-27T17:59:34","date_gmt":"2024-08-27T17:59:34","guid":{"rendered":"https:\/\/macite.tg\/?p=16238"},"modified":"2024-08-27T17:59:37","modified_gmt":"2024-08-27T17:59:37","slug":"ministere-de-leconomie-et-des-finances-georges-barcola-remplace-sani-yaya","status":"publish","type":"post","link":"https:\/\/macite.tg\/?p=16238","title":{"rendered":"MINISTERE DE L&rsquo;ECONOMIE ET DES FINANCES : Georges Barcola remplace Sani Yaya"},"content":{"rendered":"\n<p class=\"wp-block-paragraph\"><strong><em>Essow\u00e8 Georges Barcola, Directeur g\u00e9n\u00e9ral de la Loterie nationale togolaise (Lonato) et ancien commissaire de l&rsquo;UEMOA en charge du D\u00e9partement des Services Administratifs et Financiers, est le nouveau ministre de l&rsquo;\u00e9conomie et des finances. Il remplace \u00e0 ce poste Sani Yaya.<\/em><\/strong><\/p>\n\n\n<div class=\"wp-block-image\">\n<figure class=\"aligncenter size-full is-resized\"><img loading=\"lazy\" decoding=\"async\" src=\"https:\/\/macite.tg\/wp-content\/uploads\/2024\/08\/IMG-20240313-WA0013-1.jpg\" alt=\"\" class=\"wp-image-16071\" width=\"840\" height=\"207\" srcset=\"https:\/\/macite.tg\/wp-content\/uploads\/2024\/08\/IMG-20240313-WA0013-1.jpg 690w, https:\/\/macite.tg\/wp-content\/uploads\/2024\/08\/IMG-20240313-WA0013-1-300x74.jpg 300w\" sizes=\"auto, (max-width: 840px) 100vw, 840px\" \/><\/figure>\n<\/div>\n\n\n<p class=\"wp-block-paragraph\">Il devra tr\u00e8s vite se mettre dans le bain, avec la pr\u00e9paration du collectif budg\u00e9taire annonc\u00e9 par le Premier ministre, pour r\u00e9pondre aux nouvelles exigences en lien avec la Constitution de la V\u00e8 r\u00e9publique et qui a pr\u00e9vu l&rsquo;installation de nouvelles institutions. Il doit aussi se concentrer sur l&rsquo;\u00e9laboration du budget de l&rsquo;Etat exercice 2025, dont la session parlementaire s&rsquo;ouvrira tr\u00e8s bient\u00f4t. <\/p>\n\n\n\n<p class=\"wp-block-paragraph\">Il devra poursuivre le solide programme de r\u00e9formes, dont l&rsquo;objectif est de pr\u00e9server la stabilit\u00e9 macro\u00e9conomique et d&rsquo;acc\u00e9l\u00e9rer la r\u00e9duction de la pauvret\u00e9, en rendant la croissance plus inclusive, tout en am\u00e9liorant la viabilit\u00e9 de la dette. Il doit aussi veiller aux r\u00e9formes structurelles visant \u00e0 soutenir la croissance et \u00e0 limiter les risques pour les finances publiques et le secteur financier. Dans ce cadre.<\/p>\n\n\n<div class=\"wp-block-image\">\n<figure class=\"aligncenter size-full\"><img loading=\"lazy\" decoding=\"async\" width=\"509\" height=\"720\" src=\"https:\/\/macite.tg\/wp-content\/uploads\/2024\/08\/Depreciation-jusquau-31-Dec-1.jpg\" alt=\"\" class=\"wp-image-16232\" srcset=\"https:\/\/macite.tg\/wp-content\/uploads\/2024\/08\/Depreciation-jusquau-31-Dec-1.jpg 509w, https:\/\/macite.tg\/wp-content\/uploads\/2024\/08\/Depreciation-jusquau-31-Dec-1-212x300.jpg 212w\" sizes=\"auto, (max-width: 509px) 100vw, 509px\" \/><\/figure>\n<\/div>\n\n\n<p class=\"wp-block-paragraph\">Il sera aux manettes de la gestion de l&rsquo;accord de 42 mois, au titre de la facilit\u00e9 \u00e9largie de cr\u00e9dit (Fec) du fonds mon\u00e9taire international en faveur du Togo. Cet accord apportera au pays un financement de 390 millions de dollars environ, avec un d\u00e9caissement imm\u00e9diat de 68,3 millions de dollars environ.<\/p>\n\n\n\n<p class=\"wp-block-paragraph\"><strong>Ali Samba (In LE MEDIUM n\u00b0620 du 27 Ao\u00fbt au 02 Septembre 2024)<\/strong><\/p>\n\n\n\n<p class=\"wp-block-paragraph\"><a><strong><em>@macite.tg&nbsp;&nbsp;&nbsp;&nbsp;&nbsp;&nbsp;&nbsp;&nbsp;<\/em><\/strong><\/a><\/p>\n\n\n\n<p class=\"wp-block-paragraph\"><strong><em>E-mail&nbsp;: <\/em><\/strong><a href=\"mailto:maciteinfo@gmail.com\"><strong><em>maciteinfo@gmail.com<\/em><\/strong><\/a><strong><em>; <\/em><\/strong><a href=\"mailto:bawela1@gmail.com\"><strong><em>bawela1@gmail.com<\/em><\/strong><\/a><strong><em><\/em><\/strong><\/p>\n\n\n\n<p class=\"wp-block-paragraph\"><strong><em>Pour vos annonces, (publi)reportages, etc., joignez-nous au (00228)91515309\/<strong>79872224 <\/strong>www.macite.tg, L\u2019information, la bonne&nbsp;!<\/em><\/strong><\/p>\n","protected":false},"excerpt":{"rendered":"<p class=\"text-justify mb-2\" >Essow\u00e8 Georges Barcola, Directeur g\u00e9n\u00e9ral de la Loterie nationale togolaise (Lonato) et ancien commissaire de l&rsquo;UEMOA en charge du D\u00e9partement des Services Administratifs et Financiers, est le nouveau ministre de l&rsquo;\u00e9conomie et des finances. Il remplace \u00e0 ce poste Sani Yaya. Il devra tr\u00e8s vite [&hellip;]<\/p>\n","protected":false},"author":2,"featured_media":16240,"comment_status":"open","ping_status":"open","sticky":false,"template":"","format":"standard","meta":{"footnotes":""},"categories":[20,3],"tags":[],"class_list":["post-16238","post","type-post","status-publish","format-standard","has-post-thumbnail","hentry","category-actualite","category-economie"],"yoast_head":"<!-- This site is optimized with the Yoast SEO plugin v28.4 - https:\/\/yoast.com\/product\/yoast-seo-wordpress\/ -->\n<title>MINISTERE DE L&#039;ECONOMIE ET DES FINANCES : Georges Barcola remplace Sani Yaya -<\/title>\n<meta name=\"robots\" content=\"index, follow, max-snippet:-1, max-image-preview:large, max-video-preview:-1\" \/>\n<link rel=\"canonical\" href=\"https:\/\/macite.tg\/?p=16238\" \/>\n<meta property=\"og:locale\" content=\"fr_FR\" \/>\n<meta property=\"og:type\" content=\"article\" \/>\n<meta property=\"og:title\" content=\"MINISTERE DE L&#039;ECONOMIE ET DES FINANCES : Georges Barcola remplace Sani Yaya -\" \/>\n<meta property=\"og:description\" content=\"Essow\u00e8 Georges Barcola, Directeur g\u00e9n\u00e9ral de la Loterie nationale togolaise (Lonato) et ancien commissaire de l&rsquo;UEMOA en charge du D\u00e9partement des Services Administratifs et Financiers, est le nouveau ministre de l&rsquo;\u00e9conomie et des finances. Il remplace \u00e0 ce poste Sani Yaya. Il devra tr\u00e8s vite [&hellip;]\" \/>\n<meta property=\"og:url\" content=\"https:\/\/macite.tg\/?p=16238\" \/>\n<meta property=\"article:published_time\" content=\"2024-08-27T17:59:34+00:00\" \/>\n<meta property=\"article:modified_time\" content=\"2024-08-27T17:59:37+00:00\" \/>\n<meta property=\"og:image\" content=\"https:\/\/macite.tg\/wp-content\/uploads\/2024\/08\/MIN-econ-Barcola.jpg\" \/>\n\t<meta property=\"og:image:width\" content=\"500\" \/>\n\t<meta property=\"og:image:height\" content=\"318\" \/>\n\t<meta property=\"og:image:type\" content=\"image\/jpeg\" \/>\n<meta name=\"author\" content=\"Jean Pierre BAWELA\" \/>\n<meta name=\"twitter:card\" content=\"summary_large_image\" \/>\n<meta name=\"twitter:label1\" content=\"\u00c9crit par\" \/>\n\t<meta name=\"twitter:data1\" content=\"Jean Pierre BAWELA\" \/>\n\t<meta name=\"twitter:label2\" content=\"Dur\u00e9e de lecture estim\u00e9e\" \/>\n\t<meta name=\"twitter:data2\" content=\"1 minute\" \/>\n<script type=\"application\/ld+json\" class=\"yoast-schema-graph\">{\"@context\":\"https:\\\/\\\/schema.org\",\"@graph\":[{\"@type\":\"Article\",\"@id\":\"https:\\\/\\\/macite.tg\\\/?p=16238#article\",\"isPartOf\":{\"@id\":\"https:\\\/\\\/macite.tg\\\/?p=16238\"},\"author\":{\"name\":\"Jean Pierre BAWELA\",\"@id\":\"https:\\\/\\\/macite.tg\\\/#\\\/schema\\\/person\\\/e9f2de7e5dbbe7770a9402c7ce82f5c2\"},\"headline\":\"MINISTERE DE L&rsquo;ECONOMIE ET DES FINANCES : Georges Barcola remplace Sani Yaya\",\"datePublished\":\"2024-08-27T17:59:34+00:00\",\"dateModified\":\"2024-08-27T17:59:37+00:00\",\"mainEntityOfPage\":{\"@id\":\"https:\\\/\\\/macite.tg\\\/?p=16238\"},\"wordCount\":302,\"commentCount\":0,\"image\":{\"@id\":\"https:\\\/\\\/macite.tg\\\/?p=16238#primaryimage\"},\"thumbnailUrl\":\"https:\\\/\\\/macite.tg\\\/wp-content\\\/uploads\\\/2024\\\/08\\\/MIN-econ-Barcola.jpg\",\"articleSection\":[\"ACTUALITE\",\"ECONOMIE\"],\"inLanguage\":\"fr-FR\",\"potentialAction\":[{\"@type\":\"CommentAction\",\"name\":\"Comment\",\"target\":[\"https:\\\/\\\/macite.tg\\\/?p=16238#respond\"]}]},{\"@type\":\"WebPage\",\"@id\":\"https:\\\/\\\/macite.tg\\\/?p=16238\",\"url\":\"https:\\\/\\\/macite.tg\\\/?p=16238\",\"name\":\"MINISTERE DE L'ECONOMIE ET DES FINANCES : Georges Barcola remplace Sani Yaya -\",\"isPartOf\":{\"@id\":\"https:\\\/\\\/macite.tg\\\/#website\"},\"primaryImageOfPage\":{\"@id\":\"https:\\\/\\\/macite.tg\\\/?p=16238#primaryimage\"},\"image\":{\"@id\":\"https:\\\/\\\/macite.tg\\\/?p=16238#primaryimage\"},\"thumbnailUrl\":\"https:\\\/\\\/macite.tg\\\/wp-content\\\/uploads\\\/2024\\\/08\\\/MIN-econ-Barcola.jpg\",\"datePublished\":\"2024-08-27T17:59:34+00:00\",\"dateModified\":\"2024-08-27T17:59:37+00:00\",\"author\":{\"@id\":\"https:\\\/\\\/macite.tg\\\/#\\\/schema\\\/person\\\/e9f2de7e5dbbe7770a9402c7ce82f5c2\"},\"breadcrumb\":{\"@id\":\"https:\\\/\\\/macite.tg\\\/?p=16238#breadcrumb\"},\"inLanguage\":\"fr-FR\",\"potentialAction\":[{\"@type\":\"ReadAction\",\"target\":[\"https:\\\/\\\/macite.tg\\\/?p=16238\"]}]},{\"@type\":\"ImageObject\",\"inLanguage\":\"fr-FR\",\"@id\":\"https:\\\/\\\/macite.tg\\\/?p=16238#primaryimage\",\"url\":\"https:\\\/\\\/macite.tg\\\/wp-content\\\/uploads\\\/2024\\\/08\\\/MIN-econ-Barcola.jpg\",\"contentUrl\":\"https:\\\/\\\/macite.tg\\\/wp-content\\\/uploads\\\/2024\\\/08\\\/MIN-econ-Barcola.jpg\",\"width\":500,\"height\":318,\"caption\":\"Essow\u00e8 Georges Barcola, nouveau minister de l'Economie et des finances\"},{\"@type\":\"BreadcrumbList\",\"@id\":\"https:\\\/\\\/macite.tg\\\/?p=16238#breadcrumb\",\"itemListElement\":[{\"@type\":\"ListItem\",\"position\":1,\"name\":\"Accueil\",\"item\":\"https:\\\/\\\/macite.tg\\\/\"},{\"@type\":\"ListItem\",\"position\":2,\"name\":\"MINISTERE DE L&rsquo;ECONOMIE ET DES FINANCES : Georges Barcola remplace Sani Yaya\"}]},{\"@type\":\"WebSite\",\"@id\":\"https:\\\/\\\/macite.tg\\\/#website\",\"url\":\"https:\\\/\\\/macite.tg\\\/\",\"name\":\"\",\"description\":\"L&#039;information, la bonne!!!\",\"potentialAction\":[{\"@type\":\"SearchAction\",\"target\":{\"@type\":\"EntryPoint\",\"urlTemplate\":\"https:\\\/\\\/macite.tg\\\/?s={search_term_string}\"},\"query-input\":{\"@type\":\"PropertyValueSpecification\",\"valueRequired\":true,\"valueName\":\"search_term_string\"}}],\"inLanguage\":\"fr-FR\"},{\"@type\":\"Person\",\"@id\":\"https:\\\/\\\/macite.tg\\\/#\\\/schema\\\/person\\\/e9f2de7e5dbbe7770a9402c7ce82f5c2\",\"name\":\"Jean Pierre BAWELA\",\"image\":{\"@type\":\"ImageObject\",\"inLanguage\":\"fr-FR\",\"@id\":\"https:\\\/\\\/macite.tg\\\/wp-content\\\/uploads\\\/2023\\\/09\\\/WhatsApp-Image-2023-09-19-at-14.44.41-122x122.jpeg\",\"url\":\"https:\\\/\\\/macite.tg\\\/wp-content\\\/uploads\\\/2023\\\/09\\\/WhatsApp-Image-2023-09-19-at-14.44.41-122x122.jpeg\",\"contentUrl\":\"https:\\\/\\\/macite.tg\\\/wp-content\\\/uploads\\\/2023\\\/09\\\/WhatsApp-Image-2023-09-19-at-14.44.41-122x122.jpeg\",\"caption\":\"Jean Pierre BAWELA\"},\"url\":\"https:\\\/\\\/macite.tg\\\/?author=2\"}]}<\/script>\n<!-- \/ Yoast SEO plugin. -->","yoast_head_json":{"title":"MINISTERE DE L'ECONOMIE ET DES FINANCES : Georges Barcola remplace Sani Yaya -","robots":{"index":"index","follow":"follow","max-snippet":"max-snippet:-1","max-image-preview":"max-image-preview:large","max-video-preview":"max-video-preview:-1"},"canonical":"https:\/\/macite.tg\/?p=16238","og_locale":"fr_FR","og_type":"article","og_title":"MINISTERE DE L'ECONOMIE ET DES FINANCES : Georges Barcola remplace Sani Yaya -","og_description":"Essow\u00e8 Georges Barcola, Directeur g\u00e9n\u00e9ral de la Loterie nationale togolaise (Lonato) et ancien commissaire de l&rsquo;UEMOA en charge du D\u00e9partement des Services Administratifs et Financiers, est le nouveau ministre de l&rsquo;\u00e9conomie et des finances. Il remplace \u00e0 ce poste Sani Yaya. Il devra tr\u00e8s vite [&hellip;]","og_url":"https:\/\/macite.tg\/?p=16238","article_published_time":"2024-08-27T17:59:34+00:00","article_modified_time":"2024-08-27T17:59:37+00:00","og_image":[{"width":500,"height":318,"url":"https:\/\/macite.tg\/wp-content\/uploads\/2024\/08\/MIN-econ-Barcola.jpg","type":"image\/jpeg"}],"author":"Jean Pierre BAWELA","twitter_card":"summary_large_image","twitter_misc":{"\u00c9crit par":"Jean Pierre BAWELA","Dur\u00e9e de lecture estim\u00e9e":"1 minute"},"schema":{"@context":"https:\/\/schema.org","@graph":[{"@type":"Article","@id":"https:\/\/macite.tg\/?p=16238#article","isPartOf":{"@id":"https:\/\/macite.tg\/?p=16238"},"author":{"name":"Jean Pierre BAWELA","@id":"https:\/\/macite.tg\/#\/schema\/person\/e9f2de7e5dbbe7770a9402c7ce82f5c2"},"headline":"MINISTERE DE L&rsquo;ECONOMIE ET DES FINANCES : Georges Barcola remplace Sani Yaya","datePublished":"2024-08-27T17:59:34+00:00","dateModified":"2024-08-27T17:59:37+00:00","mainEntityOfPage":{"@id":"https:\/\/macite.tg\/?p=16238"},"wordCount":302,"commentCount":0,"image":{"@id":"https:\/\/macite.tg\/?p=16238#primaryimage"},"thumbnailUrl":"https:\/\/macite.tg\/wp-content\/uploads\/2024\/08\/MIN-econ-Barcola.jpg","articleSection":["ACTUALITE","ECONOMIE"],"inLanguage":"fr-FR","potentialAction":[{"@type":"CommentAction","name":"Comment","target":["https:\/\/macite.tg\/?p=16238#respond"]}]},{"@type":"WebPage","@id":"https:\/\/macite.tg\/?p=16238","url":"https:\/\/macite.tg\/?p=16238","name":"MINISTERE DE L'ECONOMIE ET DES FINANCES : Georges Barcola remplace Sani Yaya -","isPartOf":{"@id":"https:\/\/macite.tg\/#website"},"primaryImageOfPage":{"@id":"https:\/\/macite.tg\/?p=16238#primaryimage"},"image":{"@id":"https:\/\/macite.tg\/?p=16238#primaryimage"},"thumbnailUrl":"https:\/\/macite.tg\/wp-content\/uploads\/2024\/08\/MIN-econ-Barcola.jpg","datePublished":"2024-08-27T17:59:34+00:00","dateModified":"2024-08-27T17:59:37+00:00","author":{"@id":"https:\/\/macite.tg\/#\/schema\/person\/e9f2de7e5dbbe7770a9402c7ce82f5c2"},"breadcrumb":{"@id":"https:\/\/macite.tg\/?p=16238#breadcrumb"},"inLanguage":"fr-FR","potentialAction":[{"@type":"ReadAction","target":["https:\/\/macite.tg\/?p=16238"]}]},{"@type":"ImageObject","inLanguage":"fr-FR","@id":"https:\/\/macite.tg\/?p=16238#primaryimage","url":"https:\/\/macite.tg\/wp-content\/uploads\/2024\/08\/MIN-econ-Barcola.jpg","contentUrl":"https:\/\/macite.tg\/wp-content\/uploads\/2024\/08\/MIN-econ-Barcola.jpg","width":500,"height":318,"caption":"Essow\u00e8 Georges Barcola, nouveau minister de l'Economie et des finances"},{"@type":"BreadcrumbList","@id":"https:\/\/macite.tg\/?p=16238#breadcrumb","itemListElement":[{"@type":"ListItem","position":1,"name":"Accueil","item":"https:\/\/macite.tg\/"},{"@type":"ListItem","position":2,"name":"MINISTERE DE L&rsquo;ECONOMIE ET DES FINANCES : Georges Barcola remplace Sani Yaya"}]},{"@type":"WebSite","@id":"https:\/\/macite.tg\/#website","url":"https:\/\/macite.tg\/","name":"","description":"L&#039;information, la bonne!!!","potentialAction":[{"@type":"SearchAction","target":{"@type":"EntryPoint","urlTemplate":"https:\/\/macite.tg\/?s={search_term_string}"},"query-input":{"@type":"PropertyValueSpecification","valueRequired":true,"valueName":"search_term_string"}}],"inLanguage":"fr-FR"},{"@type":"Person","@id":"https:\/\/macite.tg\/#\/schema\/person\/e9f2de7e5dbbe7770a9402c7ce82f5c2","name":"Jean Pierre BAWELA","image":{"@type":"ImageObject","inLanguage":"fr-FR","@id":"https:\/\/macite.tg\/wp-content\/uploads\/2023\/09\/WhatsApp-Image-2023-09-19-at-14.44.41-122x122.jpeg","url":"https:\/\/macite.tg\/wp-content\/uploads\/2023\/09\/WhatsApp-Image-2023-09-19-at-14.44.41-122x122.jpeg","contentUrl":"https:\/\/macite.tg\/wp-content\/uploads\/2023\/09\/WhatsApp-Image-2023-09-19-at-14.44.41-122x122.jpeg","caption":"Jean Pierre BAWELA"},"url":"https:\/\/macite.tg\/?author=2"}]}},"_links":{"self":[{"href":"https:\/\/macite.tg\/index.php?rest_route=\/wp\/v2\/posts\/16238","targetHints":{"allow":["GET"]}}],"collection":[{"href":"https:\/\/macite.tg\/index.php?rest_route=\/wp\/v2\/posts"}],"about":[{"href":"https:\/\/macite.tg\/index.php?rest_route=\/wp\/v2\/types\/post"}],"author":[{"embeddable":true,"href":"https:\/\/macite.tg\/index.php?rest_route=\/wp\/v2\/users\/2"}],"replies":[{"embeddable":true,"href":"https:\/\/macite.tg\/index.php?rest_route=%2Fwp%2Fv2%2Fcomments&post=16238"}],"version-history":[{"count":0,"href":"https:\/\/macite.tg\/index.php?rest_route=\/wp\/v2\/posts\/16238\/revisions"}],"wp:featuredmedia":[{"embeddable":true,"href":"https:\/\/macite.tg\/index.php?rest_route=\/wp\/v2\/media\/16240"}],"wp:attachment":[{"href":"https:\/\/macite.tg\/index.php?rest_route=%2Fwp%2Fv2%2Fmedia&parent=16238"}],"wp:term":[{"taxonomy":"category","embeddable":true,"href":"https:\/\/macite.tg\/index.php?rest_route=%2Fwp%2Fv2%2Fcategories&post=16238"},{"taxonomy":"post_tag","embeddable":true,"href":"https:\/\/macite.tg\/index.php?rest_route=%2Fwp%2Fv2%2Ftags&post=16238"}],"curies":[{"name":"wp","href":"https:\/\/api.w.org\/{rel}","templated":true}]}}