{"id":16160,"date":"2024-08-23T14:31:30","date_gmt":"2024-08-23T14:31:30","guid":{"rendered":"https:\/\/macite.tg\/?p=16160"},"modified":"2024-08-23T14:31:33","modified_gmt":"2024-08-23T14:31:33","slug":"droits-des-enfants-le-togo-realise-des-avancees-notables","status":"publish","type":"post","link":"https:\/\/macite.tg\/?p=16160","title":{"rendered":"DROITS DES ENFANTS : Le Togo r\u00e9alise des avanc\u00e9es notables"},"content":{"rendered":"\n<p class=\"wp-block-paragraph\"><strong><em>Les enfants, \u00e9tant l&rsquo;une des couches sociales les plus vuln\u00e9rables, leur protection est devenue au fil des ann\u00e9es un enjeu primordial. Dans plusieurs pays au monde, des efforts sont d\u00e9ploy\u00e9s pour faire de la promotion de leurs droits une priorit\u00e9. C&rsquo;est le cas \u00e9galement au Togo o\u00f9 des actions fortes sont men\u00e9es pour garantir le bien-\u00eatre de l&rsquo;enfant, elles permettent d&rsquo;engranger des r\u00e9sultats encourageants.<\/em><\/strong><\/p>\n\n\n\n<p class=\"wp-block-paragraph\">La protection et la promotion des droits des enfants ont v\u00e9ritablement commenc\u00e9 au Togo avec la ratification des instruments internationaux relatifs aux droits de l&rsquo;enfant, notamment la Convention des Nations unies relative aux droits de l&rsquo;enfant le 1er ao\u00fbt 1990 et la Charte africaine des droits et du bien-\u00eatre de l&rsquo;enfant le 5 mai 1998.<\/p>\n\n\n<div class=\"wp-block-image\">\n<figure class=\"aligncenter size-full\"><img loading=\"lazy\" decoding=\"async\" width=\"526\" height=\"526\" src=\"https:\/\/macite.tg\/wp-content\/uploads\/2024\/08\/FiscQuiz-semaine-du-19-au-23-Aout-2024.jpg\" alt=\"\" class=\"wp-image-16150\" srcset=\"https:\/\/macite.tg\/wp-content\/uploads\/2024\/08\/FiscQuiz-semaine-du-19-au-23-Aout-2024.jpg 526w, https:\/\/macite.tg\/wp-content\/uploads\/2024\/08\/FiscQuiz-semaine-du-19-au-23-Aout-2024-300x300.jpg 300w, https:\/\/macite.tg\/wp-content\/uploads\/2024\/08\/FiscQuiz-semaine-du-19-au-23-Aout-2024-150x150.jpg 150w, https:\/\/macite.tg\/wp-content\/uploads\/2024\/08\/FiscQuiz-semaine-du-19-au-23-Aout-2024-122x122.jpg 122w\" sizes=\"auto, (max-width: 526px) 100vw, 526px\" \/><\/figure>\n<\/div>\n\n\n<p class=\"wp-block-paragraph\">Depuis lors, le pays multiplie les initiatives telles que le renforcement de la lutte contre la violence faite aux enfants ; la lutte contre l&rsquo;exploitation et les abus. Il garantit un meilleur acc\u00e8s \u00e0 l&rsquo;\u00e9ducation, \u00e0 la sant\u00e9, ainsi qu&rsquo;\u00e0 d&rsquo;autres services essentiels.<\/p>\n\n\n\n<p class=\"wp-block-paragraph\"><strong>Les progr\u00e8s<\/strong><\/p>\n\n\n\n<p class=\"wp-block-paragraph\">Sur le plan sanitaire, on note l&rsquo;augmentation du taux de couverture vaccinale pour le vaccin Penta 3, qui est toujours sup\u00e9rieur \u00e0 90 %. Mieux encore, environ 90 % des Togolais ont acc\u00e8s \u00e0 une structure de soins dans un rayon de moins de 5 km. Ce qui a rejailli sur le taux de couverture sanitaire.<\/p>\n\n\n\n<p class=\"wp-block-paragraph\">En mati\u00e8re d&rsquo;hygi\u00e8ne et d&rsquo;assainissement, des mesures \u00e0 fort impact ont \u00e9t\u00e9 prises en faveur des enfants, avec des r\u00e9sultats satisfaisants. Par exemple, dans l&rsquo;\u00e9radication de la d\u00e9f\u00e9cation \u00e0 l&rsquo;air libre \u00e0 l&rsquo;\u00e9chelle nationale, le Togo a enregistr\u00e9 une baisse de pr\u00e8s de 10 points, ceci gr\u00e2ce \u00e0 la construction de 624 latrines \u00e9cologiques et biogaz en milieu rural. L&rsquo;initiative \u00ab\u00a0Togo Sandal \u00e0 l&rsquo;horizon 2030\u00a0\u00bb, appuy\u00e9e par l&rsquo;Unicef, y a contribu\u00e9.<\/p>\n\n\n<div class=\"wp-block-image\">\n<figure class=\"aligncenter size-full is-resized\"><img loading=\"lazy\" decoding=\"async\" src=\"https:\/\/macite.tg\/wp-content\/uploads\/2024\/08\/IMG-20240313-WA0013-1.jpg\" alt=\"\" class=\"wp-image-16071\" width=\"835\" height=\"206\" srcset=\"https:\/\/macite.tg\/wp-content\/uploads\/2024\/08\/IMG-20240313-WA0013-1.jpg 690w, https:\/\/macite.tg\/wp-content\/uploads\/2024\/08\/IMG-20240313-WA0013-1-300x74.jpg 300w\" sizes=\"auto, (max-width: 835px) 100vw, 835px\" \/><\/figure>\n<\/div>\n\n\n<p class=\"wp-block-paragraph\">En outre, des initiatives ont \u00e9t\u00e9 prises dans le sens de la lutte contre les violences faites aux enfants. Ces initiatives ont permis de former 3.730 enseignants. Par ailleurs, le partenariat entre les pouvoirs publics et l&rsquo;Unicef a permis d&rsquo;am\u00e9liorer le taux d&rsquo;enregistrement de naissance des enfants de moins de 5 ans. Il est pass\u00e9 de 79,2 % en 2018 \u00e0 86 % en 2022. Un accroissement qui est le fruit de la gratuit\u00e9 et de la rallonge du d\u00e9lai d&rsquo;enregistrement des naissances, qui est pass\u00e9 de 30 \u00e0 45 jours.<\/p>\n\n\n\n<p class=\"wp-block-paragraph\"><strong>Le renforcement du cadre juridique, un acte fort<\/strong><\/p>\n\n\n\n<p class=\"wp-block-paragraph\">Le Togo est pass\u00e9 \u00e0 la vitesse sup\u00e9rieure depuis quelques ann\u00e9es dans le domaine de la lutte contre les violences faites aux enfants. L&rsquo;une des actions marquantes est le renforcement de l&rsquo;arsenal juridique. Ainsi, un nouveau Code p\u00e9nal a \u00e9t\u00e9 adopt\u00e9 et le Code des personnes et de la famille a \u00e9t\u00e9 modifi\u00e9.<\/p>\n\n\n\n<p class=\"wp-block-paragraph\">Il faut \u00e9galement prendre en compte la transformation de la brigade pour mineurs de Lom\u00e9 en \u00ab\u00a0Centre d&rsquo;acc\u00e8s au droit et \u00e0 la justice pour mineurs\u00a0\u00bb, sans oublier la nomination des juges pour enfants dans les 5 tribunaux de grande instance et les 9 tribunaux d&rsquo;instance \u00e0 comp\u00e9tence correctionnelle et civile.<\/p>\n\n\n<div class=\"wp-block-image\">\n<figure class=\"aligncenter size-full\"><img loading=\"lazy\" decoding=\"async\" width=\"500\" height=\"625\" src=\"https:\/\/macite.tg\/wp-content\/uploads\/2024\/08\/OTR_Arnaque.jpg\" alt=\"\" class=\"wp-image-16002\" srcset=\"https:\/\/macite.tg\/wp-content\/uploads\/2024\/08\/OTR_Arnaque.jpg 500w, https:\/\/macite.tg\/wp-content\/uploads\/2024\/08\/OTR_Arnaque-240x300.jpg 240w\" sizes=\"auto, (max-width: 500px) 100vw, 500px\" \/><\/figure>\n<\/div>\n\n\n<p class=\"wp-block-paragraph\"><strong>La mise en place du Comit\u00e9 national des droits de l&rsquo;enfant, une mesure salutaire<\/strong><\/p>\n\n\n\n<p class=\"wp-block-paragraph\">Les avanc\u00e9es du Togo dans la protection et la promotion des droits des enfants sont aussi le fruit de la cr\u00e9ation, en octobre 2016, du Comit\u00e9 national des droits de l&rsquo;enfant. Sa mission est de promouvoir et de prot\u00e9ger les droits de l&rsquo;enfant, d&rsquo;assurer un meilleur suivi de l&rsquo;application des dispositions du Code de l&rsquo;enfant, mais \u00e9galement de proposer des projets de textes l\u00e9gislatifs et r\u00e9glementaires visant \u00e0 garantir un meilleur respect des droits de l&rsquo;enfant.<\/p>\n\n\n\n<p class=\"wp-block-paragraph\"><strong>Omar<\/strong><\/p>\n\n\n\n<p class=\"wp-block-paragraph\"><a><strong><em>@macite.tg&nbsp;&nbsp;&nbsp;&nbsp;&nbsp;&nbsp;&nbsp;&nbsp;<\/em><\/strong><\/a><\/p>\n\n\n\n<p class=\"wp-block-paragraph\"><strong><em>E-mail&nbsp;: <\/em><\/strong><a href=\"mailto:maciteinfo@gmail.com\"><strong><em>maciteinfo@gmail.com<\/em><\/strong><\/a><strong><em>; <\/em><\/strong><a href=\"mailto:bawela1@gmail.com\"><strong><em>bawela1@gmail.com<\/em><\/strong><\/a><strong><em><\/em><\/strong><\/p>\n\n\n\n<p class=\"wp-block-paragraph\"><strong><em>Pour vos annonces, (publi)reportages, etc., joignez-nous au (00228)91515309\/<strong>79872224 <\/strong>www.macite.tg, L\u2019information, la bonne&nbsp;!<\/em><\/strong><\/p>\n","protected":false},"excerpt":{"rendered":"<p class=\"text-justify mb-2\" >Les enfants, \u00e9tant l&rsquo;une des couches sociales les plus vuln\u00e9rables, leur protection est devenue au fil des ann\u00e9es un enjeu primordial. Dans plusieurs pays au monde, des efforts sont d\u00e9ploy\u00e9s pour faire de la promotion de leurs droits une priorit\u00e9. C&rsquo;est le cas \u00e9galement au [&hellip;]<\/p>\n","protected":false},"author":2,"featured_media":16161,"comment_status":"open","ping_status":"open","sticky":false,"template":"","format":"standard","meta":{"footnotes":""},"categories":[20,30],"tags":[],"class_list":["post-16160","post","type-post","status-publish","format-standard","has-post-thumbnail","hentry","category-actualite","category-droit-de-lhomme"],"yoast_head":"<!-- This site is optimized with the Yoast SEO plugin v28.4 - https:\/\/yoast.com\/product\/yoast-seo-wordpress\/ -->\n<title>DROITS DES ENFANTS : Le Togo r\u00e9alise des avanc\u00e9es notables -<\/title>\n<meta name=\"robots\" content=\"index, follow, max-snippet:-1, max-image-preview:large, max-video-preview:-1\" \/>\n<link rel=\"canonical\" href=\"https:\/\/macite.tg\/?p=16160\" \/>\n<meta property=\"og:locale\" content=\"fr_FR\" \/>\n<meta property=\"og:type\" content=\"article\" \/>\n<meta property=\"og:title\" content=\"DROITS DES ENFANTS : Le Togo r\u00e9alise des avanc\u00e9es notables -\" \/>\n<meta property=\"og:description\" content=\"Les enfants, \u00e9tant l&rsquo;une des couches sociales les plus vuln\u00e9rables, leur protection est devenue au fil des ann\u00e9es un enjeu primordial. Dans plusieurs pays au monde, des efforts sont d\u00e9ploy\u00e9s pour faire de la promotion de leurs droits une priorit\u00e9. C&rsquo;est le cas \u00e9galement au [&hellip;]\" \/>\n<meta property=\"og:url\" content=\"https:\/\/macite.tg\/?p=16160\" \/>\n<meta property=\"article:published_time\" content=\"2024-08-23T14:31:30+00:00\" \/>\n<meta property=\"article:modified_time\" content=\"2024-08-23T14:31:33+00:00\" \/>\n<meta property=\"og:image\" content=\"https:\/\/macite.tg\/wp-content\/uploads\/2024\/08\/image-75.png\" \/>\n\t<meta property=\"og:image:width\" content=\"396\" \/>\n\t<meta property=\"og:image:height\" content=\"270\" \/>\n\t<meta property=\"og:image:type\" content=\"image\/png\" \/>\n<meta name=\"author\" content=\"Jean Pierre BAWELA\" \/>\n<meta name=\"twitter:card\" content=\"summary_large_image\" \/>\n<meta name=\"twitter:label1\" content=\"\u00c9crit par\" \/>\n\t<meta name=\"twitter:data1\" content=\"Jean Pierre BAWELA\" \/>\n\t<meta name=\"twitter:label2\" content=\"Dur\u00e9e de lecture estim\u00e9e\" \/>\n\t<meta name=\"twitter:data2\" content=\"3 minutes\" \/>\n<script type=\"application\/ld+json\" class=\"yoast-schema-graph\">{\"@context\":\"https:\\\/\\\/schema.org\",\"@graph\":[{\"@type\":\"Article\",\"@id\":\"https:\\\/\\\/macite.tg\\\/?p=16160#article\",\"isPartOf\":{\"@id\":\"https:\\\/\\\/macite.tg\\\/?p=16160\"},\"author\":{\"name\":\"Jean Pierre BAWELA\",\"@id\":\"https:\\\/\\\/macite.tg\\\/#\\\/schema\\\/person\\\/e9f2de7e5dbbe7770a9402c7ce82f5c2\"},\"headline\":\"DROITS DES ENFANTS : Le Togo r\u00e9alise des avanc\u00e9es notables\",\"datePublished\":\"2024-08-23T14:31:30+00:00\",\"dateModified\":\"2024-08-23T14:31:33+00:00\",\"mainEntityOfPage\":{\"@id\":\"https:\\\/\\\/macite.tg\\\/?p=16160\"},\"wordCount\":657,\"commentCount\":0,\"image\":{\"@id\":\"https:\\\/\\\/macite.tg\\\/?p=16160#primaryimage\"},\"thumbnailUrl\":\"https:\\\/\\\/macite.tg\\\/wp-content\\\/uploads\\\/2024\\\/08\\\/image-75.png\",\"articleSection\":[\"ACTUALITE\",\"DROIT DE L'HOMME\"],\"inLanguage\":\"fr-FR\",\"potentialAction\":[{\"@type\":\"CommentAction\",\"name\":\"Comment\",\"target\":[\"https:\\\/\\\/macite.tg\\\/?p=16160#respond\"]}]},{\"@type\":\"WebPage\",\"@id\":\"https:\\\/\\\/macite.tg\\\/?p=16160\",\"url\":\"https:\\\/\\\/macite.tg\\\/?p=16160\",\"name\":\"DROITS DES ENFANTS : Le Togo r\u00e9alise des avanc\u00e9es notables -\",\"isPartOf\":{\"@id\":\"https:\\\/\\\/macite.tg\\\/#website\"},\"primaryImageOfPage\":{\"@id\":\"https:\\\/\\\/macite.tg\\\/?p=16160#primaryimage\"},\"image\":{\"@id\":\"https:\\\/\\\/macite.tg\\\/?p=16160#primaryimage\"},\"thumbnailUrl\":\"https:\\\/\\\/macite.tg\\\/wp-content\\\/uploads\\\/2024\\\/08\\\/image-75.png\",\"datePublished\":\"2024-08-23T14:31:30+00:00\",\"dateModified\":\"2024-08-23T14:31:33+00:00\",\"author\":{\"@id\":\"https:\\\/\\\/macite.tg\\\/#\\\/schema\\\/person\\\/e9f2de7e5dbbe7770a9402c7ce82f5c2\"},\"breadcrumb\":{\"@id\":\"https:\\\/\\\/macite.tg\\\/?p=16160#breadcrumb\"},\"inLanguage\":\"fr-FR\",\"potentialAction\":[{\"@type\":\"ReadAction\",\"target\":[\"https:\\\/\\\/macite.tg\\\/?p=16160\"]}]},{\"@type\":\"ImageObject\",\"inLanguage\":\"fr-FR\",\"@id\":\"https:\\\/\\\/macite.tg\\\/?p=16160#primaryimage\",\"url\":\"https:\\\/\\\/macite.tg\\\/wp-content\\\/uploads\\\/2024\\\/08\\\/image-75.png\",\"contentUrl\":\"https:\\\/\\\/macite.tg\\\/wp-content\\\/uploads\\\/2024\\\/08\\\/image-75.png\",\"width\":396,\"height\":270,\"caption\":\"Des enfants de plus en plus \u00e9panouis au Togo\"},{\"@type\":\"BreadcrumbList\",\"@id\":\"https:\\\/\\\/macite.tg\\\/?p=16160#breadcrumb\",\"itemListElement\":[{\"@type\":\"ListItem\",\"position\":1,\"name\":\"Accueil\",\"item\":\"https:\\\/\\\/macite.tg\\\/\"},{\"@type\":\"ListItem\",\"position\":2,\"name\":\"DROITS DES ENFANTS : Le Togo r\u00e9alise des avanc\u00e9es notables\"}]},{\"@type\":\"WebSite\",\"@id\":\"https:\\\/\\\/macite.tg\\\/#website\",\"url\":\"https:\\\/\\\/macite.tg\\\/\",\"name\":\"\",\"description\":\"L&#039;information, la bonne!!!\",\"potentialAction\":[{\"@type\":\"SearchAction\",\"target\":{\"@type\":\"EntryPoint\",\"urlTemplate\":\"https:\\\/\\\/macite.tg\\\/?s={search_term_string}\"},\"query-input\":{\"@type\":\"PropertyValueSpecification\",\"valueRequired\":true,\"valueName\":\"search_term_string\"}}],\"inLanguage\":\"fr-FR\"},{\"@type\":\"Person\",\"@id\":\"https:\\\/\\\/macite.tg\\\/#\\\/schema\\\/person\\\/e9f2de7e5dbbe7770a9402c7ce82f5c2\",\"name\":\"Jean Pierre BAWELA\",\"image\":{\"@type\":\"ImageObject\",\"inLanguage\":\"fr-FR\",\"@id\":\"https:\\\/\\\/macite.tg\\\/wp-content\\\/uploads\\\/2023\\\/09\\\/WhatsApp-Image-2023-09-19-at-14.44.41-122x122.jpeg\",\"url\":\"https:\\\/\\\/macite.tg\\\/wp-content\\\/uploads\\\/2023\\\/09\\\/WhatsApp-Image-2023-09-19-at-14.44.41-122x122.jpeg\",\"contentUrl\":\"https:\\\/\\\/macite.tg\\\/wp-content\\\/uploads\\\/2023\\\/09\\\/WhatsApp-Image-2023-09-19-at-14.44.41-122x122.jpeg\",\"caption\":\"Jean Pierre BAWELA\"},\"url\":\"https:\\\/\\\/macite.tg\\\/?author=2\"}]}<\/script>\n<!-- \/ Yoast SEO plugin. -->","yoast_head_json":{"title":"DROITS DES ENFANTS : Le Togo r\u00e9alise des avanc\u00e9es notables -","robots":{"index":"index","follow":"follow","max-snippet":"max-snippet:-1","max-image-preview":"max-image-preview:large","max-video-preview":"max-video-preview:-1"},"canonical":"https:\/\/macite.tg\/?p=16160","og_locale":"fr_FR","og_type":"article","og_title":"DROITS DES ENFANTS : Le Togo r\u00e9alise des avanc\u00e9es notables -","og_description":"Les enfants, \u00e9tant l&rsquo;une des couches sociales les plus vuln\u00e9rables, leur protection est devenue au fil des ann\u00e9es un enjeu primordial. Dans plusieurs pays au monde, des efforts sont d\u00e9ploy\u00e9s pour faire de la promotion de leurs droits une priorit\u00e9. C&rsquo;est le cas \u00e9galement au [&hellip;]","og_url":"https:\/\/macite.tg\/?p=16160","article_published_time":"2024-08-23T14:31:30+00:00","article_modified_time":"2024-08-23T14:31:33+00:00","og_image":[{"width":396,"height":270,"url":"https:\/\/macite.tg\/wp-content\/uploads\/2024\/08\/image-75.png","type":"image\/png"}],"author":"Jean Pierre BAWELA","twitter_card":"summary_large_image","twitter_misc":{"\u00c9crit par":"Jean Pierre BAWELA","Dur\u00e9e de lecture estim\u00e9e":"3 minutes"},"schema":{"@context":"https:\/\/schema.org","@graph":[{"@type":"Article","@id":"https:\/\/macite.tg\/?p=16160#article","isPartOf":{"@id":"https:\/\/macite.tg\/?p=16160"},"author":{"name":"Jean Pierre BAWELA","@id":"https:\/\/macite.tg\/#\/schema\/person\/e9f2de7e5dbbe7770a9402c7ce82f5c2"},"headline":"DROITS DES ENFANTS : Le Togo r\u00e9alise des avanc\u00e9es notables","datePublished":"2024-08-23T14:31:30+00:00","dateModified":"2024-08-23T14:31:33+00:00","mainEntityOfPage":{"@id":"https:\/\/macite.tg\/?p=16160"},"wordCount":657,"commentCount":0,"image":{"@id":"https:\/\/macite.tg\/?p=16160#primaryimage"},"thumbnailUrl":"https:\/\/macite.tg\/wp-content\/uploads\/2024\/08\/image-75.png","articleSection":["ACTUALITE","DROIT DE L'HOMME"],"inLanguage":"fr-FR","potentialAction":[{"@type":"CommentAction","name":"Comment","target":["https:\/\/macite.tg\/?p=16160#respond"]}]},{"@type":"WebPage","@id":"https:\/\/macite.tg\/?p=16160","url":"https:\/\/macite.tg\/?p=16160","name":"DROITS DES ENFANTS : Le Togo r\u00e9alise des avanc\u00e9es notables -","isPartOf":{"@id":"https:\/\/macite.tg\/#website"},"primaryImageOfPage":{"@id":"https:\/\/macite.tg\/?p=16160#primaryimage"},"image":{"@id":"https:\/\/macite.tg\/?p=16160#primaryimage"},"thumbnailUrl":"https:\/\/macite.tg\/wp-content\/uploads\/2024\/08\/image-75.png","datePublished":"2024-08-23T14:31:30+00:00","dateModified":"2024-08-23T14:31:33+00:00","author":{"@id":"https:\/\/macite.tg\/#\/schema\/person\/e9f2de7e5dbbe7770a9402c7ce82f5c2"},"breadcrumb":{"@id":"https:\/\/macite.tg\/?p=16160#breadcrumb"},"inLanguage":"fr-FR","potentialAction":[{"@type":"ReadAction","target":["https:\/\/macite.tg\/?p=16160"]}]},{"@type":"ImageObject","inLanguage":"fr-FR","@id":"https:\/\/macite.tg\/?p=16160#primaryimage","url":"https:\/\/macite.tg\/wp-content\/uploads\/2024\/08\/image-75.png","contentUrl":"https:\/\/macite.tg\/wp-content\/uploads\/2024\/08\/image-75.png","width":396,"height":270,"caption":"Des enfants de plus en plus \u00e9panouis au Togo"},{"@type":"BreadcrumbList","@id":"https:\/\/macite.tg\/?p=16160#breadcrumb","itemListElement":[{"@type":"ListItem","position":1,"name":"Accueil","item":"https:\/\/macite.tg\/"},{"@type":"ListItem","position":2,"name":"DROITS DES ENFANTS : Le Togo r\u00e9alise des avanc\u00e9es notables"}]},{"@type":"WebSite","@id":"https:\/\/macite.tg\/#website","url":"https:\/\/macite.tg\/","name":"","description":"L&#039;information, la bonne!!!","potentialAction":[{"@type":"SearchAction","target":{"@type":"EntryPoint","urlTemplate":"https:\/\/macite.tg\/?s={search_term_string}"},"query-input":{"@type":"PropertyValueSpecification","valueRequired":true,"valueName":"search_term_string"}}],"inLanguage":"fr-FR"},{"@type":"Person","@id":"https:\/\/macite.tg\/#\/schema\/person\/e9f2de7e5dbbe7770a9402c7ce82f5c2","name":"Jean Pierre BAWELA","image":{"@type":"ImageObject","inLanguage":"fr-FR","@id":"https:\/\/macite.tg\/wp-content\/uploads\/2023\/09\/WhatsApp-Image-2023-09-19-at-14.44.41-122x122.jpeg","url":"https:\/\/macite.tg\/wp-content\/uploads\/2023\/09\/WhatsApp-Image-2023-09-19-at-14.44.41-122x122.jpeg","contentUrl":"https:\/\/macite.tg\/wp-content\/uploads\/2023\/09\/WhatsApp-Image-2023-09-19-at-14.44.41-122x122.jpeg","caption":"Jean Pierre BAWELA"},"url":"https:\/\/macite.tg\/?author=2"}]}},"_links":{"self":[{"href":"https:\/\/macite.tg\/index.php?rest_route=\/wp\/v2\/posts\/16160","targetHints":{"allow":["GET"]}}],"collection":[{"href":"https:\/\/macite.tg\/index.php?rest_route=\/wp\/v2\/posts"}],"about":[{"href":"https:\/\/macite.tg\/index.php?rest_route=\/wp\/v2\/types\/post"}],"author":[{"embeddable":true,"href":"https:\/\/macite.tg\/index.php?rest_route=\/wp\/v2\/users\/2"}],"replies":[{"embeddable":true,"href":"https:\/\/macite.tg\/index.php?rest_route=%2Fwp%2Fv2%2Fcomments&post=16160"}],"version-history":[{"count":0,"href":"https:\/\/macite.tg\/index.php?rest_route=\/wp\/v2\/posts\/16160\/revisions"}],"wp:featuredmedia":[{"embeddable":true,"href":"https:\/\/macite.tg\/index.php?rest_route=\/wp\/v2\/media\/16161"}],"wp:attachment":[{"href":"https:\/\/macite.tg\/index.php?rest_route=%2Fwp%2Fv2%2Fmedia&parent=16160"}],"wp:term":[{"taxonomy":"category","embeddable":true,"href":"https:\/\/macite.tg\/index.php?rest_route=%2Fwp%2Fv2%2Fcategories&post=16160"},{"taxonomy":"post_tag","embeddable":true,"href":"https:\/\/macite.tg\/index.php?rest_route=%2Fwp%2Fv2%2Ftags&post=16160"}],"curies":[{"name":"wp","href":"https:\/\/api.w.org\/{rel}","templated":true}]}}