{"id":1592,"date":"2022-11-08T20:51:27","date_gmt":"2022-11-08T20:51:27","guid":{"rendered":"https:\/\/macite.info\/?p=1592"},"modified":"2022-11-09T08:51:40","modified_gmt":"2022-11-09T08:51:40","slug":"coup-dur-pour-le-senegal-sadio-mane-sorti-a-la-21e-minute-sur-blessure-en-bundesliga","status":"publish","type":"post","link":"https:\/\/macite.tg\/?p=1592","title":{"rendered":"COUP DUR POUR LE S\u00c9N\u00c9GAL\u00a0: Sadio Man\u00e9 sorti \u00e0 la 21\u00e8 minute sur blessure en Bundesliga"},"content":{"rendered":"\n<p class=\"wp-block-paragraph\"><strong><em>Alors que l\u2019on est \u00e0 moins de deux semaines du d\u00e9but du mondial, Qatar 2022, le staff des Lions de la Terenga et les amoureux du ballon rond, retiennent leur souffle apr\u00e8s la sortie, sur&nbsp; blessure mardi soir, de leur capitaine Sadio Man\u00e9.<\/em><\/strong> <\/p>\n\n\n<div class=\"wp-block-image\">\n<figure class=\"aligncenter size-full is-resized\"><img loading=\"lazy\" decoding=\"async\" src=\"https:\/\/macite.tg\/wp-content\/uploads\/2022\/11\/Aamane-1.jpg\" alt=\"\" class=\"wp-image-1601\" width=\"544\" height=\"335\" srcset=\"https:\/\/macite.tg\/wp-content\/uploads\/2022\/11\/Aamane-1.jpg 544w, https:\/\/macite.tg\/wp-content\/uploads\/2022\/11\/Aamane-1-300x185.jpg 300w\" sizes=\"auto, (max-width: 544px) 100vw, 544px\" \/><figcaption><em><strong>Malgr\u00e9 l&rsquo;intervention des soignants, Man\u00e9 n&rsquo;est pas rest\u00e9 sur la pelouse&#8230;<\/strong><\/em><\/figcaption><\/figure>\n<\/div>\n\n\n<p class=\"wp-block-paragraph\">L\u2019attaquant international s\u00e9n\u00e9galais du Bayen de Munich, Sadio Man\u00e9, n\u2019a jou\u00e9 que 21 minutes lors du match entre le club bavarois et le Werder Br\u00eame, lors de la 14e journ\u00e9e de Bundesliga disput\u00e9 ce mardi.<\/p>\n\n\n\n<p class=\"wp-block-paragraph\">Et pour cause, le capitaine des Lions de la Terenga a \u00e9t\u00e9 victime d\u2019une blessure au niveau du genou droit, apr\u00e8s un duel peu apr\u00e8s le quart d\u2019heure.<\/p>\n\n\n\n<p class=\"wp-block-paragraph\">Apr\u00e8s les soins, le Lion a tent\u00e9 de poursuivre la rencontre, mais a d\u00fb c\u00e9der sa place \u00e0 Leroy San\u00e9<\/p>\n\n\n<div class=\"wp-block-image\">\n<figure class=\"aligncenter size-large is-resized\"><img loading=\"lazy\" decoding=\"async\" src=\"https:\/\/macite.tg\/wp-content\/uploads\/2022\/11\/ANNONCES-1-1024x426.jpg\" alt=\"\" class=\"wp-image-1602\" width=\"651\" height=\"270\" srcset=\"https:\/\/macite.tg\/wp-content\/uploads\/2022\/11\/ANNONCES-1-1024x426.jpg 1024w, https:\/\/macite.tg\/wp-content\/uploads\/2022\/11\/ANNONCES-1-300x125.jpg 300w, https:\/\/macite.tg\/wp-content\/uploads\/2022\/11\/ANNONCES-1-768x319.jpg 768w, https:\/\/macite.tg\/wp-content\/uploads\/2022\/11\/ANNONCES-1.jpg 1080w\" sizes=\"auto, (max-width: 651px) 100vw, 651px\" \/><\/figure>\n<\/div>\n\n\n<p class=\"wp-block-paragraph\">L\u2019on ignore pour le moment, la gravit\u00e9 de la blessure, mais connaissant la t\u00e9nacit\u00e9 et la hargne de l\u2019attaquant s\u00e9n\u00e9galais, il y a de quoi retenir son souffle en attendant les r\u00e9sultats officiels de l\u2019infirmerie du club bavarois.<\/p>\n\n\n\n<p class=\"wp-block-paragraph\">C\u2019est donc un coup dur pour le S\u00e9n\u00e9gal qui doit esp\u00e9rer qu\u2019il ne s\u2019agit que d\u2019un l\u00e9ger p\u00e9pin, ceci \u00e0 douze jours du d\u00e9but de la Coupe du monde de football au Qatar. Le S\u00e9n\u00e9gal entre en jeu, le 21 novembre prochain.<\/p>\n\n\n\n<p class=\"wp-block-paragraph\">Aux derni\u00e8res nouvelles, le coup re\u00e7u sur la jambe a coinc\u00e9 un nerf. <em>\u00ab\u00a0Sadio Man\u00e9 a \u00e9t\u00e9 touch\u00e9 sur le nerf. Apparemment ce n&rsquo;est pas si grave\u00a0\u00bb<\/em>, a indiqu\u00e9 l&rsquo;entraineur adjoint du club bavarois. Plus de peur que de mal, donc.<\/p>\n\n\n\n<p class=\"wp-block-paragraph\"><strong>JPB<\/strong><\/p>\n\n\n\n<p class=\"wp-block-paragraph\"><strong><em>@macite.info<\/em><\/strong><\/p>\n\n\n\n<p class=\"wp-block-paragraph\"><strong><em>E-mail&nbsp;: <\/em><\/strong><a href=\"mailto:maciteinfo@gmail.com\"><em>maciteinfo@gmail.com<\/em><\/a><strong><em>; <\/em><\/strong><a href=\"mailto:bawela1@gmail.com\"><em>bawela1@gmail.com<\/em><\/a><strong><em><\/em><\/strong><\/p>\n\n\n\n<p class=\"wp-block-paragraph\"><strong><em>Pour vos annonces, (publi)reportages, etc., joignez nous au (00228) 91515309\/<strong>79872224<\/strong><\/em><\/strong><em><\/em><\/p>\n\n\n\n<p class=\"wp-block-paragraph\"><a href=\"http:\/\/www.macite.info\"><em>www.macite.info<\/em><\/a><strong><em>, L\u2019information, la bonne&nbsp;!<\/em><\/strong><\/p>\n","protected":false},"excerpt":{"rendered":"<p class=\"text-justify mb-2\" >Alors que l\u2019on est \u00e0 moins de deux semaines du d\u00e9but du mondial, Qatar 2022, le staff des Lions de la Terenga et les amoureux du ballon rond, retiennent leur souffle apr\u00e8s la sortie, sur&nbsp; blessure mardi soir, de leur capitaine Sadio Man\u00e9. L\u2019attaquant international [&hellip;]<\/p>\n","protected":false},"author":2,"featured_media":1594,"comment_status":"open","ping_status":"open","sticky":false,"template":"","format":"standard","meta":{"footnotes":""},"categories":[7],"tags":[],"class_list":["post-1592","post","type-post","status-publish","format-standard","has-post-thumbnail","hentry","category-sports"],"yoast_head":"<!-- This site is optimized with the Yoast SEO plugin v28.4 - https:\/\/yoast.com\/product\/yoast-seo-wordpress\/ -->\n<title>COUP DUR POUR LE S\u00c9N\u00c9GAL\u00a0: Sadio Man\u00e9 sorti \u00e0 la 21\u00e8 minute sur blessure en Bundesliga -<\/title>\n<meta name=\"robots\" content=\"index, follow, max-snippet:-1, max-image-preview:large, max-video-preview:-1\" \/>\n<link rel=\"canonical\" href=\"https:\/\/macite.tg\/?p=1592\" \/>\n<meta property=\"og:locale\" content=\"fr_FR\" \/>\n<meta property=\"og:type\" content=\"article\" \/>\n<meta property=\"og:title\" content=\"COUP DUR POUR LE S\u00c9N\u00c9GAL\u00a0: Sadio Man\u00e9 sorti \u00e0 la 21\u00e8 minute sur blessure en Bundesliga -\" \/>\n<meta property=\"og:description\" content=\"Alors que l\u2019on est \u00e0 moins de deux semaines du d\u00e9but du mondial, Qatar 2022, le staff des Lions de la Terenga et les amoureux du ballon rond, retiennent leur souffle apr\u00e8s la sortie, sur&nbsp; blessure mardi soir, de leur capitaine Sadio Man\u00e9. L\u2019attaquant international [&hellip;]\" \/>\n<meta property=\"og:url\" content=\"https:\/\/macite.tg\/?p=1592\" \/>\n<meta property=\"article:published_time\" content=\"2022-11-08T20:51:27+00:00\" \/>\n<meta property=\"article:modified_time\" content=\"2022-11-09T08:51:40+00:00\" \/>\n<meta property=\"og:image\" content=\"https:\/\/macite.tg\/wp-content\/uploads\/2022\/11\/Amane.jpg\" \/>\n\t<meta property=\"og:image:width\" content=\"544\" \/>\n\t<meta property=\"og:image:height\" content=\"336\" \/>\n\t<meta property=\"og:image:type\" content=\"image\/jpeg\" \/>\n<meta name=\"author\" content=\"Jean Pierre BAWELA\" \/>\n<meta name=\"twitter:card\" content=\"summary_large_image\" \/>\n<meta name=\"twitter:label1\" content=\"\u00c9crit par\" \/>\n\t<meta name=\"twitter:data1\" content=\"Jean Pierre BAWELA\" \/>\n\t<meta name=\"twitter:label2\" content=\"Dur\u00e9e de lecture estim\u00e9e\" \/>\n\t<meta name=\"twitter:data2\" content=\"2 minutes\" \/>\n<script type=\"application\/ld+json\" class=\"yoast-schema-graph\">{\"@context\":\"https:\\\/\\\/schema.org\",\"@graph\":[{\"@type\":\"Article\",\"@id\":\"https:\\\/\\\/macite.tg\\\/?p=1592#article\",\"isPartOf\":{\"@id\":\"https:\\\/\\\/macite.tg\\\/?p=1592\"},\"author\":{\"name\":\"Jean Pierre BAWELA\",\"@id\":\"https:\\\/\\\/macite.tg\\\/#\\\/schema\\\/person\\\/e9f2de7e5dbbe7770a9402c7ce82f5c2\"},\"headline\":\"COUP DUR POUR LE S\u00c9N\u00c9GAL\u00a0: Sadio Man\u00e9 sorti \u00e0 la 21\u00e8 minute sur blessure en Bundesliga\",\"datePublished\":\"2022-11-08T20:51:27+00:00\",\"dateModified\":\"2022-11-09T08:51:40+00:00\",\"mainEntityOfPage\":{\"@id\":\"https:\\\/\\\/macite.tg\\\/?p=1592\"},\"wordCount\":337,\"commentCount\":0,\"image\":{\"@id\":\"https:\\\/\\\/macite.tg\\\/?p=1592#primaryimage\"},\"thumbnailUrl\":\"https:\\\/\\\/macite.tg\\\/wp-content\\\/uploads\\\/2022\\\/11\\\/Amane.jpg\",\"articleSection\":[\"SPORTS\"],\"inLanguage\":\"fr-FR\",\"potentialAction\":[{\"@type\":\"CommentAction\",\"name\":\"Comment\",\"target\":[\"https:\\\/\\\/macite.tg\\\/?p=1592#respond\"]}]},{\"@type\":\"WebPage\",\"@id\":\"https:\\\/\\\/macite.tg\\\/?p=1592\",\"url\":\"https:\\\/\\\/macite.tg\\\/?p=1592\",\"name\":\"COUP DUR POUR LE S\u00c9N\u00c9GAL\u00a0: Sadio Man\u00e9 sorti \u00e0 la 21\u00e8 minute sur blessure en Bundesliga -\",\"isPartOf\":{\"@id\":\"https:\\\/\\\/macite.tg\\\/#website\"},\"primaryImageOfPage\":{\"@id\":\"https:\\\/\\\/macite.tg\\\/?p=1592#primaryimage\"},\"image\":{\"@id\":\"https:\\\/\\\/macite.tg\\\/?p=1592#primaryimage\"},\"thumbnailUrl\":\"https:\\\/\\\/macite.tg\\\/wp-content\\\/uploads\\\/2022\\\/11\\\/Amane.jpg\",\"datePublished\":\"2022-11-08T20:51:27+00:00\",\"dateModified\":\"2022-11-09T08:51:40+00:00\",\"author\":{\"@id\":\"https:\\\/\\\/macite.tg\\\/#\\\/schema\\\/person\\\/e9f2de7e5dbbe7770a9402c7ce82f5c2\"},\"breadcrumb\":{\"@id\":\"https:\\\/\\\/macite.tg\\\/?p=1592#breadcrumb\"},\"inLanguage\":\"fr-FR\",\"potentialAction\":[{\"@type\":\"ReadAction\",\"target\":[\"https:\\\/\\\/macite.tg\\\/?p=1592\"]}]},{\"@type\":\"ImageObject\",\"inLanguage\":\"fr-FR\",\"@id\":\"https:\\\/\\\/macite.tg\\\/?p=1592#primaryimage\",\"url\":\"https:\\\/\\\/macite.tg\\\/wp-content\\\/uploads\\\/2022\\\/11\\\/Amane.jpg\",\"contentUrl\":\"https:\\\/\\\/macite.tg\\\/wp-content\\\/uploads\\\/2022\\\/11\\\/Amane.jpg\",\"width\":544,\"height\":336},{\"@type\":\"BreadcrumbList\",\"@id\":\"https:\\\/\\\/macite.tg\\\/?p=1592#breadcrumb\",\"itemListElement\":[{\"@type\":\"ListItem\",\"position\":1,\"name\":\"Accueil\",\"item\":\"https:\\\/\\\/macite.tg\\\/\"},{\"@type\":\"ListItem\",\"position\":2,\"name\":\"COUP DUR POUR LE S\u00c9N\u00c9GAL\u00a0: Sadio Man\u00e9 sorti \u00e0 la 21\u00e8 minute sur blessure en Bundesliga\"}]},{\"@type\":\"WebSite\",\"@id\":\"https:\\\/\\\/macite.tg\\\/#website\",\"url\":\"https:\\\/\\\/macite.tg\\\/\",\"name\":\"\",\"description\":\"L&#039;information, la bonne!!!\",\"potentialAction\":[{\"@type\":\"SearchAction\",\"target\":{\"@type\":\"EntryPoint\",\"urlTemplate\":\"https:\\\/\\\/macite.tg\\\/?s={search_term_string}\"},\"query-input\":{\"@type\":\"PropertyValueSpecification\",\"valueRequired\":true,\"valueName\":\"search_term_string\"}}],\"inLanguage\":\"fr-FR\"},{\"@type\":\"Person\",\"@id\":\"https:\\\/\\\/macite.tg\\\/#\\\/schema\\\/person\\\/e9f2de7e5dbbe7770a9402c7ce82f5c2\",\"name\":\"Jean Pierre BAWELA\",\"image\":{\"@type\":\"ImageObject\",\"inLanguage\":\"fr-FR\",\"@id\":\"https:\\\/\\\/macite.tg\\\/wp-content\\\/uploads\\\/2023\\\/09\\\/WhatsApp-Image-2023-09-19-at-14.44.41-122x122.jpeg\",\"url\":\"https:\\\/\\\/macite.tg\\\/wp-content\\\/uploads\\\/2023\\\/09\\\/WhatsApp-Image-2023-09-19-at-14.44.41-122x122.jpeg\",\"contentUrl\":\"https:\\\/\\\/macite.tg\\\/wp-content\\\/uploads\\\/2023\\\/09\\\/WhatsApp-Image-2023-09-19-at-14.44.41-122x122.jpeg\",\"caption\":\"Jean Pierre BAWELA\"},\"url\":\"https:\\\/\\\/macite.tg\\\/?author=2\"}]}<\/script>\n<!-- \/ Yoast SEO plugin. -->","yoast_head_json":{"title":"COUP DUR POUR LE S\u00c9N\u00c9GAL\u00a0: Sadio Man\u00e9 sorti \u00e0 la 21\u00e8 minute sur blessure en Bundesliga -","robots":{"index":"index","follow":"follow","max-snippet":"max-snippet:-1","max-image-preview":"max-image-preview:large","max-video-preview":"max-video-preview:-1"},"canonical":"https:\/\/macite.tg\/?p=1592","og_locale":"fr_FR","og_type":"article","og_title":"COUP DUR POUR LE S\u00c9N\u00c9GAL\u00a0: Sadio Man\u00e9 sorti \u00e0 la 21\u00e8 minute sur blessure en Bundesliga -","og_description":"Alors que l\u2019on est \u00e0 moins de deux semaines du d\u00e9but du mondial, Qatar 2022, le staff des Lions de la Terenga et les amoureux du ballon rond, retiennent leur souffle apr\u00e8s la sortie, sur&nbsp; blessure mardi soir, de leur capitaine Sadio Man\u00e9. L\u2019attaquant international [&hellip;]","og_url":"https:\/\/macite.tg\/?p=1592","article_published_time":"2022-11-08T20:51:27+00:00","article_modified_time":"2022-11-09T08:51:40+00:00","og_image":[{"width":544,"height":336,"url":"https:\/\/macite.tg\/wp-content\/uploads\/2022\/11\/Amane.jpg","type":"image\/jpeg"}],"author":"Jean Pierre BAWELA","twitter_card":"summary_large_image","twitter_misc":{"\u00c9crit par":"Jean Pierre BAWELA","Dur\u00e9e de lecture estim\u00e9e":"2 minutes"},"schema":{"@context":"https:\/\/schema.org","@graph":[{"@type":"Article","@id":"https:\/\/macite.tg\/?p=1592#article","isPartOf":{"@id":"https:\/\/macite.tg\/?p=1592"},"author":{"name":"Jean Pierre BAWELA","@id":"https:\/\/macite.tg\/#\/schema\/person\/e9f2de7e5dbbe7770a9402c7ce82f5c2"},"headline":"COUP DUR POUR LE S\u00c9N\u00c9GAL\u00a0: Sadio Man\u00e9 sorti \u00e0 la 21\u00e8 minute sur blessure en Bundesliga","datePublished":"2022-11-08T20:51:27+00:00","dateModified":"2022-11-09T08:51:40+00:00","mainEntityOfPage":{"@id":"https:\/\/macite.tg\/?p=1592"},"wordCount":337,"commentCount":0,"image":{"@id":"https:\/\/macite.tg\/?p=1592#primaryimage"},"thumbnailUrl":"https:\/\/macite.tg\/wp-content\/uploads\/2022\/11\/Amane.jpg","articleSection":["SPORTS"],"inLanguage":"fr-FR","potentialAction":[{"@type":"CommentAction","name":"Comment","target":["https:\/\/macite.tg\/?p=1592#respond"]}]},{"@type":"WebPage","@id":"https:\/\/macite.tg\/?p=1592","url":"https:\/\/macite.tg\/?p=1592","name":"COUP DUR POUR LE S\u00c9N\u00c9GAL\u00a0: Sadio Man\u00e9 sorti \u00e0 la 21\u00e8 minute sur blessure en Bundesliga -","isPartOf":{"@id":"https:\/\/macite.tg\/#website"},"primaryImageOfPage":{"@id":"https:\/\/macite.tg\/?p=1592#primaryimage"},"image":{"@id":"https:\/\/macite.tg\/?p=1592#primaryimage"},"thumbnailUrl":"https:\/\/macite.tg\/wp-content\/uploads\/2022\/11\/Amane.jpg","datePublished":"2022-11-08T20:51:27+00:00","dateModified":"2022-11-09T08:51:40+00:00","author":{"@id":"https:\/\/macite.tg\/#\/schema\/person\/e9f2de7e5dbbe7770a9402c7ce82f5c2"},"breadcrumb":{"@id":"https:\/\/macite.tg\/?p=1592#breadcrumb"},"inLanguage":"fr-FR","potentialAction":[{"@type":"ReadAction","target":["https:\/\/macite.tg\/?p=1592"]}]},{"@type":"ImageObject","inLanguage":"fr-FR","@id":"https:\/\/macite.tg\/?p=1592#primaryimage","url":"https:\/\/macite.tg\/wp-content\/uploads\/2022\/11\/Amane.jpg","contentUrl":"https:\/\/macite.tg\/wp-content\/uploads\/2022\/11\/Amane.jpg","width":544,"height":336},{"@type":"BreadcrumbList","@id":"https:\/\/macite.tg\/?p=1592#breadcrumb","itemListElement":[{"@type":"ListItem","position":1,"name":"Accueil","item":"https:\/\/macite.tg\/"},{"@type":"ListItem","position":2,"name":"COUP DUR POUR LE S\u00c9N\u00c9GAL\u00a0: Sadio Man\u00e9 sorti \u00e0 la 21\u00e8 minute sur blessure en Bundesliga"}]},{"@type":"WebSite","@id":"https:\/\/macite.tg\/#website","url":"https:\/\/macite.tg\/","name":"","description":"L&#039;information, la bonne!!!","potentialAction":[{"@type":"SearchAction","target":{"@type":"EntryPoint","urlTemplate":"https:\/\/macite.tg\/?s={search_term_string}"},"query-input":{"@type":"PropertyValueSpecification","valueRequired":true,"valueName":"search_term_string"}}],"inLanguage":"fr-FR"},{"@type":"Person","@id":"https:\/\/macite.tg\/#\/schema\/person\/e9f2de7e5dbbe7770a9402c7ce82f5c2","name":"Jean Pierre BAWELA","image":{"@type":"ImageObject","inLanguage":"fr-FR","@id":"https:\/\/macite.tg\/wp-content\/uploads\/2023\/09\/WhatsApp-Image-2023-09-19-at-14.44.41-122x122.jpeg","url":"https:\/\/macite.tg\/wp-content\/uploads\/2023\/09\/WhatsApp-Image-2023-09-19-at-14.44.41-122x122.jpeg","contentUrl":"https:\/\/macite.tg\/wp-content\/uploads\/2023\/09\/WhatsApp-Image-2023-09-19-at-14.44.41-122x122.jpeg","caption":"Jean Pierre BAWELA"},"url":"https:\/\/macite.tg\/?author=2"}]}},"_links":{"self":[{"href":"https:\/\/macite.tg\/index.php?rest_route=\/wp\/v2\/posts\/1592","targetHints":{"allow":["GET"]}}],"collection":[{"href":"https:\/\/macite.tg\/index.php?rest_route=\/wp\/v2\/posts"}],"about":[{"href":"https:\/\/macite.tg\/index.php?rest_route=\/wp\/v2\/types\/post"}],"author":[{"embeddable":true,"href":"https:\/\/macite.tg\/index.php?rest_route=\/wp\/v2\/users\/2"}],"replies":[{"embeddable":true,"href":"https:\/\/macite.tg\/index.php?rest_route=%2Fwp%2Fv2%2Fcomments&post=1592"}],"version-history":[{"count":0,"href":"https:\/\/macite.tg\/index.php?rest_route=\/wp\/v2\/posts\/1592\/revisions"}],"wp:featuredmedia":[{"embeddable":true,"href":"https:\/\/macite.tg\/index.php?rest_route=\/wp\/v2\/media\/1594"}],"wp:attachment":[{"href":"https:\/\/macite.tg\/index.php?rest_route=%2Fwp%2Fv2%2Fmedia&parent=1592"}],"wp:term":[{"taxonomy":"category","embeddable":true,"href":"https:\/\/macite.tg\/index.php?rest_route=%2Fwp%2Fv2%2Fcategories&post=1592"},{"taxonomy":"post_tag","embeddable":true,"href":"https:\/\/macite.tg\/index.php?rest_route=%2Fwp%2Fv2%2Ftags&post=1592"}],"curies":[{"name":"wp","href":"https:\/\/api.w.org\/{rel}","templated":true}]}}