{"id":15793,"date":"2024-08-02T12:09:38","date_gmt":"2024-08-02T12:09:38","guid":{"rendered":"https:\/\/macite.tg\/?p=15793"},"modified":"2024-08-02T12:09:41","modified_gmt":"2024-08-02T12:09:41","slug":"savanes-arpej-2-un-financement-a-hauteur-de-800-millions-de-fcfa-pour-soutenir-les-enfants-et-les-jeunes","status":"publish","type":"post","link":"https:\/\/macite.tg\/?p=15793","title":{"rendered":"SAVANES\/ARPEJ 2\u00a0: Un financement \u00e0 hauteur de 800 millions de Fcfa pour soutenir les enfants et les jeunes"},"content":{"rendered":"\n<p class=\"wp-block-paragraph\"><strong><em>Garantir un avenir prometteur aux enfants a toujours \u00e9t\u00e9 le r\u00eave des dirigeants au Togo. Le Pr\u00e9sident de la R\u00e9publique, Faure Gnassingb\u00e9, a compris l&rsquo;importance d&rsquo;une enfance \u00e9panouie et d&rsquo;une jeunesse autonome dans le processus de d\u00e9veloppement d&rsquo;un pays. Par cons\u00e9quent, plusieurs projets de grande qualit\u00e9 sont mis en \u0153uvre pour favoriser le bien-\u00eatre des principales cibles cit\u00e9es.<\/em><\/strong><\/p>\n\n\n\n<p class=\"wp-block-paragraph\">De l&rsquo;am\u00e9lioration de l&rsquo;acc\u00e8s \u00e0 l&rsquo;\u00e9ducation, avec la gratuit\u00e9 de l&rsquo;\u00e9cole primaire et secondaire publique, la construction de nouvelles infrastructures scolaires, en passant par la promotion de la sant\u00e9 juv\u00e9nile jusqu&rsquo;\u00e0 l&rsquo;encouragement de l&rsquo;entrepreneuriat des jeunes et la formation professionnelle, le gouvernement est r\u00e9solument au service de la jeunesse.<\/p>\n\n\n<div class=\"wp-block-image\">\n<figure class=\"aligncenter size-full is-resized\"><img loading=\"lazy\" decoding=\"async\" src=\"https:\/\/macite.tg\/wp-content\/uploads\/2024\/07\/88c62692-46fa-48fc-8489-9b0360abc212.jpg\" alt=\"\" class=\"wp-image-15697\" width=\"498\" height=\"687\" srcset=\"https:\/\/macite.tg\/wp-content\/uploads\/2024\/07\/88c62692-46fa-48fc-8489-9b0360abc212.jpg 720w, https:\/\/macite.tg\/wp-content\/uploads\/2024\/07\/88c62692-46fa-48fc-8489-9b0360abc212-218x300.jpg 218w\" sizes=\"auto, (max-width: 498px) 100vw, 498px\" \/><\/figure>\n<\/div>\n\n\n<p class=\"wp-block-paragraph\"><strong>Du nouveau dans les Savanes<\/strong><\/p>\n\n\n\n<p class=\"wp-block-paragraph\">Dans cette r\u00e9gion septentrionale, un financement d&rsquo;environ 800 millions de francs Cfa en faveur des enfants et des jeunes a \u00e9t\u00e9 obtenu. Il va permettre de renforcer la s\u00e9curit\u00e9 et le bien-\u00eatre des enfants et des jeunes en situation de vuln\u00e9rabilit\u00e9 dans la r\u00e9gion.<\/p>\n\n\n\n<p class=\"wp-block-paragraph\">Plus concr\u00e8tement, il s&rsquo;agit de la deuxi\u00e8me phase du projet Approche r\u00e9gionale pour la protection de l&rsquo;enfance et de la jeunesse (Arpej 2), qui a \u00e9t\u00e9 lanc\u00e9e dans le courant du mois de juillet 2024 \u00e0 Dapaong. Le projet sera mis en \u0153uvre dans les villages de Kountone, Natchema et Tchabigou dans la r\u00e9gion des Savanes.<\/p>\n\n\n\n<p class=\"wp-block-paragraph\">Cofinanc\u00e9 par l&rsquo;Agence fran\u00e7aise de d\u00e9veloppement (Afd) et Sos France, le projet Arpej 2 se d\u00e9roulera sur une dur\u00e9e de 36 mois, soit trois ans. Il est attendu qu&rsquo;il contribue particuli\u00e8rement \u00e0 la promotion des droits des enfants et des jeunes en am\u00e9liorant leur prise en charge et leur protection.<\/p>\n\n\n<div class=\"wp-block-image\">\n<figure class=\"aligncenter size-full\"><img loading=\"lazy\" decoding=\"async\" width=\"509\" height=\"720\" src=\"https:\/\/macite.tg\/wp-content\/uploads\/2024\/07\/Depreciation-jusquau-31-Dec-1.jpg\" alt=\"\" class=\"wp-image-15723\" srcset=\"https:\/\/macite.tg\/wp-content\/uploads\/2024\/07\/Depreciation-jusquau-31-Dec-1.jpg 509w, https:\/\/macite.tg\/wp-content\/uploads\/2024\/07\/Depreciation-jusquau-31-Dec-1-212x300.jpg 212w\" sizes=\"auto, (max-width: 509px) 100vw, 509px\" \/><\/figure>\n<\/div>\n\n\n<p class=\"wp-block-paragraph\"><strong>Faire oublier les attaques<\/strong><\/p>\n\n\n\n<p class=\"wp-block-paragraph\">La r\u00e9gion b\u00e9n\u00e9ficiaire fait face \u00e0 des incursions des groupes arm\u00e9s. Le projet compl\u00e8te les autres m\u00e9canismes mis en place dans la zone pour pr\u00e9server la sant\u00e9 ou l&rsquo;int\u00e9grit\u00e9 physique et morale des citoyens, conform\u00e9ment \u00e0 l&rsquo;ambition de la Feuille de route gouvernementale de renforcer l&rsquo;inclusion et l&rsquo;harmonie sociale et consolider la paix.<\/p>\n\n\n\n<p class=\"wp-block-paragraph\">Arpej 2 sera alors d\u00e9vou\u00e9 \u00e0 la subvention des divers besoins des enfants ayant perdu la prise en charge de leurs familles biologiques. Et pour cause, les attaques dans la r\u00e9gion ont entra\u00een\u00e9 des cons\u00e9quences comme les d\u00e9placements des populations.<\/p>\n\n\n\n<p class=\"wp-block-paragraph\"><strong>Autres projets ex\u00e9cut\u00e9s dans la r\u00e9gion<\/strong><\/p>\n\n\n\n<p class=\"wp-block-paragraph\">Le projet Savanes Motaog peut \u00eatre \u00e9voqu\u00e9. Il promeutla coh\u00e9sion sociale dans la r\u00e9gion des Savanes en renfor\u00e7ant les droits \u00e9conomiques des jeunes filles\/femmes et gar\u00e7ons\/hommes vuln\u00e9rables de 15 \u00e0 35 ans par un acc\u00e8s aux opportunit\u00e9s de formation et la facilitation de leur participation \u00e0 la d\u00e9finition des priorit\u00e9s de d\u00e9veloppement au niveau local.<\/p>\n\n\n\n<p class=\"wp-block-paragraph\">Lanc\u00e9 en 2020 par le ministre de la S\u00e9curit\u00e9 et de la Protection civile, il est estim\u00e9 \u00e0 plus de 1,7 milliard de francs Cfa. Savanes Motaog est mis en \u0153uvre dans plusieurs pr\u00e9fectures de la r\u00e9gion des Savanes qui compte 16 communes et 69 cantons. Il devrait toucher \u00e0 terme pr\u00e8s de 512.220 personnes.<\/p>\n\n\n<div class=\"wp-block-image\">\n<figure class=\"aligncenter size-large is-resized\"><img loading=\"lazy\" decoding=\"async\" src=\"https:\/\/macite.tg\/wp-content\/uploads\/2024\/07\/7f44bc18-2883-4563-9cba-d78a98c033b1-703x1024.jpg\" alt=\"\" class=\"wp-image-15699\" width=\"485\" height=\"706\" srcset=\"https:\/\/macite.tg\/wp-content\/uploads\/2024\/07\/7f44bc18-2883-4563-9cba-d78a98c033b1-703x1024.jpg 703w, https:\/\/macite.tg\/wp-content\/uploads\/2024\/07\/7f44bc18-2883-4563-9cba-d78a98c033b1-206x300.jpg 206w, https:\/\/macite.tg\/wp-content\/uploads\/2024\/07\/7f44bc18-2883-4563-9cba-d78a98c033b1.jpg 720w\" sizes=\"auto, (max-width: 485px) 100vw, 485px\" \/><\/figure>\n<\/div>\n\n\n<p class=\"wp-block-paragraph\">Toujours dans la m\u00eame r\u00e9gion, les enfants sont couverts par le programme de protection sociale en milieu scolaire d\u00e9nomm\u00e9 School Assur. Depuis le d\u00e9marrage du programme en 2017 jusqu&rsquo;au 5 mai 2024, on compte 4.553.624 prises en charge dans toutes les r\u00e9gions confondues, y compris le Grand Lom\u00e9. Dans la r\u00e9gion des Savanes, 440.723 prises en charge ont \u00e9t\u00e9 effectu\u00e9es sur la p\u00e9riode.<\/p>\n\n\n\n<p class=\"wp-block-paragraph\"><strong>Samir<\/strong><\/p>\n\n\n\n<p class=\"wp-block-paragraph\"><a><strong><em>@macite.tg&nbsp;&nbsp;&nbsp;&nbsp;&nbsp;&nbsp;&nbsp;&nbsp;<\/em><\/strong><\/a><\/p>\n\n\n\n<p class=\"wp-block-paragraph\"><strong><em>E-mail&nbsp;: <\/em><\/strong><a href=\"mailto:maciteinfo@gmail.com\"><strong><em>maciteinfo@gmail.com<\/em><\/strong><\/a><strong><em>; <\/em><\/strong><a href=\"mailto:bawela1@gmail.com\"><strong><em>bawela1@gmail.com<\/em><\/strong><\/a><strong><em><\/em><\/strong><\/p>\n\n\n\n<p class=\"wp-block-paragraph\"><strong><em>Pour vos annonces, (publi)reportages, etc., joignez-nous au (00228)91515309\/<strong>79872224 <\/strong>www.macite.tg, L\u2019information, la bonne&nbsp;!<\/em><\/strong><\/p>\n","protected":false},"excerpt":{"rendered":"<p class=\"text-justify mb-2\" >Garantir un avenir prometteur aux enfants a toujours \u00e9t\u00e9 le r\u00eave des dirigeants au Togo. Le Pr\u00e9sident de la R\u00e9publique, Faure Gnassingb\u00e9, a compris l&rsquo;importance d&rsquo;une enfance \u00e9panouie et d&rsquo;une jeunesse autonome dans le processus de d\u00e9veloppement d&rsquo;un pays. Par cons\u00e9quent, plusieurs projets de grande [&hellip;]<\/p>\n","protected":false},"author":2,"featured_media":15794,"comment_status":"open","ping_status":"open","sticky":false,"template":"","format":"standard","meta":{"footnotes":""},"categories":[20,6],"tags":[],"class_list":["post-15793","post","type-post","status-publish","format-standard","has-post-thumbnail","hentry","category-actualite","category-societe"],"yoast_head":"<!-- This site is optimized with the Yoast SEO plugin v28.4 - https:\/\/yoast.com\/product\/yoast-seo-wordpress\/ -->\n<title>SAVANES\/ARPEJ 2\u00a0: Un financement \u00e0 hauteur de 800 millions de Fcfa pour soutenir les enfants et les jeunes -<\/title>\n<meta name=\"robots\" content=\"index, follow, max-snippet:-1, max-image-preview:large, max-video-preview:-1\" \/>\n<link rel=\"canonical\" href=\"https:\/\/macite.tg\/?p=15793\" \/>\n<meta property=\"og:locale\" content=\"fr_FR\" \/>\n<meta property=\"og:type\" content=\"article\" \/>\n<meta property=\"og:title\" content=\"SAVANES\/ARPEJ 2\u00a0: Un financement \u00e0 hauteur de 800 millions de Fcfa pour soutenir les enfants et les jeunes -\" \/>\n<meta property=\"og:description\" content=\"Garantir un avenir prometteur aux enfants a toujours \u00e9t\u00e9 le r\u00eave des dirigeants au Togo. Le Pr\u00e9sident de la R\u00e9publique, Faure Gnassingb\u00e9, a compris l&rsquo;importance d&rsquo;une enfance \u00e9panouie et d&rsquo;une jeunesse autonome dans le processus de d\u00e9veloppement d&rsquo;un pays. Par cons\u00e9quent, plusieurs projets de grande [&hellip;]\" \/>\n<meta property=\"og:url\" content=\"https:\/\/macite.tg\/?p=15793\" \/>\n<meta property=\"article:published_time\" content=\"2024-08-02T12:09:38+00:00\" \/>\n<meta property=\"article:modified_time\" content=\"2024-08-02T12:09:41+00:00\" \/>\n<meta property=\"og:image\" content=\"https:\/\/macite.tg\/wp-content\/uploads\/2024\/08\/image-3.png\" \/>\n\t<meta property=\"og:image:width\" content=\"289\" \/>\n\t<meta property=\"og:image:height\" content=\"192\" \/>\n\t<meta property=\"og:image:type\" content=\"image\/png\" \/>\n<meta name=\"author\" content=\"Jean Pierre BAWELA\" \/>\n<meta name=\"twitter:card\" content=\"summary_large_image\" \/>\n<meta name=\"twitter:label1\" content=\"\u00c9crit par\" \/>\n\t<meta name=\"twitter:data1\" content=\"Jean Pierre BAWELA\" \/>\n\t<meta name=\"twitter:label2\" content=\"Dur\u00e9e de lecture estim\u00e9e\" \/>\n\t<meta name=\"twitter:data2\" content=\"3 minutes\" \/>\n<script type=\"application\/ld+json\" class=\"yoast-schema-graph\">{\"@context\":\"https:\\\/\\\/schema.org\",\"@graph\":[{\"@type\":\"Article\",\"@id\":\"https:\\\/\\\/macite.tg\\\/?p=15793#article\",\"isPartOf\":{\"@id\":\"https:\\\/\\\/macite.tg\\\/?p=15793\"},\"author\":{\"name\":\"Jean Pierre BAWELA\",\"@id\":\"https:\\\/\\\/macite.tg\\\/#\\\/schema\\\/person\\\/e9f2de7e5dbbe7770a9402c7ce82f5c2\"},\"headline\":\"SAVANES\\\/ARPEJ 2\u00a0: Un financement \u00e0 hauteur de 800 millions de Fcfa pour soutenir les enfants et les jeunes\",\"datePublished\":\"2024-08-02T12:09:38+00:00\",\"dateModified\":\"2024-08-02T12:09:41+00:00\",\"mainEntityOfPage\":{\"@id\":\"https:\\\/\\\/macite.tg\\\/?p=15793\"},\"wordCount\":649,\"commentCount\":0,\"image\":{\"@id\":\"https:\\\/\\\/macite.tg\\\/?p=15793#primaryimage\"},\"thumbnailUrl\":\"https:\\\/\\\/macite.tg\\\/wp-content\\\/uploads\\\/2024\\\/08\\\/image-3.png\",\"articleSection\":[\"ACTUALITE\",\"SOCIETE\"],\"inLanguage\":\"fr-FR\",\"potentialAction\":[{\"@type\":\"CommentAction\",\"name\":\"Comment\",\"target\":[\"https:\\\/\\\/macite.tg\\\/?p=15793#respond\"]}]},{\"@type\":\"WebPage\",\"@id\":\"https:\\\/\\\/macite.tg\\\/?p=15793\",\"url\":\"https:\\\/\\\/macite.tg\\\/?p=15793\",\"name\":\"SAVANES\\\/ARPEJ 2\u00a0: Un financement \u00e0 hauteur de 800 millions de Fcfa pour soutenir les enfants et les jeunes -\",\"isPartOf\":{\"@id\":\"https:\\\/\\\/macite.tg\\\/#website\"},\"primaryImageOfPage\":{\"@id\":\"https:\\\/\\\/macite.tg\\\/?p=15793#primaryimage\"},\"image\":{\"@id\":\"https:\\\/\\\/macite.tg\\\/?p=15793#primaryimage\"},\"thumbnailUrl\":\"https:\\\/\\\/macite.tg\\\/wp-content\\\/uploads\\\/2024\\\/08\\\/image-3.png\",\"datePublished\":\"2024-08-02T12:09:38+00:00\",\"dateModified\":\"2024-08-02T12:09:41+00:00\",\"author\":{\"@id\":\"https:\\\/\\\/macite.tg\\\/#\\\/schema\\\/person\\\/e9f2de7e5dbbe7770a9402c7ce82f5c2\"},\"breadcrumb\":{\"@id\":\"https:\\\/\\\/macite.tg\\\/?p=15793#breadcrumb\"},\"inLanguage\":\"fr-FR\",\"potentialAction\":[{\"@type\":\"ReadAction\",\"target\":[\"https:\\\/\\\/macite.tg\\\/?p=15793\"]}]},{\"@type\":\"ImageObject\",\"inLanguage\":\"fr-FR\",\"@id\":\"https:\\\/\\\/macite.tg\\\/?p=15793#primaryimage\",\"url\":\"https:\\\/\\\/macite.tg\\\/wp-content\\\/uploads\\\/2024\\\/08\\\/image-3.png\",\"contentUrl\":\"https:\\\/\\\/macite.tg\\\/wp-content\\\/uploads\\\/2024\\\/08\\\/image-3.png\",\"width\":289,\"height\":192,\"caption\":\"Des b\u00e9n\u00e9ificiaires de la phase 2 du projet Arpej, dans les Savanes.\"},{\"@type\":\"BreadcrumbList\",\"@id\":\"https:\\\/\\\/macite.tg\\\/?p=15793#breadcrumb\",\"itemListElement\":[{\"@type\":\"ListItem\",\"position\":1,\"name\":\"Accueil\",\"item\":\"https:\\\/\\\/macite.tg\\\/\"},{\"@type\":\"ListItem\",\"position\":2,\"name\":\"SAVANES\\\/ARPEJ 2\u00a0: Un financement \u00e0 hauteur de 800 millions de Fcfa pour soutenir les enfants et les jeunes\"}]},{\"@type\":\"WebSite\",\"@id\":\"https:\\\/\\\/macite.tg\\\/#website\",\"url\":\"https:\\\/\\\/macite.tg\\\/\",\"name\":\"\",\"description\":\"L&#039;information, la bonne!!!\",\"potentialAction\":[{\"@type\":\"SearchAction\",\"target\":{\"@type\":\"EntryPoint\",\"urlTemplate\":\"https:\\\/\\\/macite.tg\\\/?s={search_term_string}\"},\"query-input\":{\"@type\":\"PropertyValueSpecification\",\"valueRequired\":true,\"valueName\":\"search_term_string\"}}],\"inLanguage\":\"fr-FR\"},{\"@type\":\"Person\",\"@id\":\"https:\\\/\\\/macite.tg\\\/#\\\/schema\\\/person\\\/e9f2de7e5dbbe7770a9402c7ce82f5c2\",\"name\":\"Jean Pierre BAWELA\",\"image\":{\"@type\":\"ImageObject\",\"inLanguage\":\"fr-FR\",\"@id\":\"https:\\\/\\\/macite.tg\\\/wp-content\\\/uploads\\\/2023\\\/09\\\/WhatsApp-Image-2023-09-19-at-14.44.41-122x122.jpeg\",\"url\":\"https:\\\/\\\/macite.tg\\\/wp-content\\\/uploads\\\/2023\\\/09\\\/WhatsApp-Image-2023-09-19-at-14.44.41-122x122.jpeg\",\"contentUrl\":\"https:\\\/\\\/macite.tg\\\/wp-content\\\/uploads\\\/2023\\\/09\\\/WhatsApp-Image-2023-09-19-at-14.44.41-122x122.jpeg\",\"caption\":\"Jean Pierre BAWELA\"},\"url\":\"https:\\\/\\\/macite.tg\\\/?author=2\"}]}<\/script>\n<!-- \/ Yoast SEO plugin. -->","yoast_head_json":{"title":"SAVANES\/ARPEJ 2\u00a0: Un financement \u00e0 hauteur de 800 millions de Fcfa pour soutenir les enfants et les jeunes -","robots":{"index":"index","follow":"follow","max-snippet":"max-snippet:-1","max-image-preview":"max-image-preview:large","max-video-preview":"max-video-preview:-1"},"canonical":"https:\/\/macite.tg\/?p=15793","og_locale":"fr_FR","og_type":"article","og_title":"SAVANES\/ARPEJ 2\u00a0: Un financement \u00e0 hauteur de 800 millions de Fcfa pour soutenir les enfants et les jeunes -","og_description":"Garantir un avenir prometteur aux enfants a toujours \u00e9t\u00e9 le r\u00eave des dirigeants au Togo. Le Pr\u00e9sident de la R\u00e9publique, Faure Gnassingb\u00e9, a compris l&rsquo;importance d&rsquo;une enfance \u00e9panouie et d&rsquo;une jeunesse autonome dans le processus de d\u00e9veloppement d&rsquo;un pays. Par cons\u00e9quent, plusieurs projets de grande [&hellip;]","og_url":"https:\/\/macite.tg\/?p=15793","article_published_time":"2024-08-02T12:09:38+00:00","article_modified_time":"2024-08-02T12:09:41+00:00","og_image":[{"width":289,"height":192,"url":"https:\/\/macite.tg\/wp-content\/uploads\/2024\/08\/image-3.png","type":"image\/png"}],"author":"Jean Pierre BAWELA","twitter_card":"summary_large_image","twitter_misc":{"\u00c9crit par":"Jean Pierre BAWELA","Dur\u00e9e de lecture estim\u00e9e":"3 minutes"},"schema":{"@context":"https:\/\/schema.org","@graph":[{"@type":"Article","@id":"https:\/\/macite.tg\/?p=15793#article","isPartOf":{"@id":"https:\/\/macite.tg\/?p=15793"},"author":{"name":"Jean Pierre BAWELA","@id":"https:\/\/macite.tg\/#\/schema\/person\/e9f2de7e5dbbe7770a9402c7ce82f5c2"},"headline":"SAVANES\/ARPEJ 2\u00a0: Un financement \u00e0 hauteur de 800 millions de Fcfa pour soutenir les enfants et les jeunes","datePublished":"2024-08-02T12:09:38+00:00","dateModified":"2024-08-02T12:09:41+00:00","mainEntityOfPage":{"@id":"https:\/\/macite.tg\/?p=15793"},"wordCount":649,"commentCount":0,"image":{"@id":"https:\/\/macite.tg\/?p=15793#primaryimage"},"thumbnailUrl":"https:\/\/macite.tg\/wp-content\/uploads\/2024\/08\/image-3.png","articleSection":["ACTUALITE","SOCIETE"],"inLanguage":"fr-FR","potentialAction":[{"@type":"CommentAction","name":"Comment","target":["https:\/\/macite.tg\/?p=15793#respond"]}]},{"@type":"WebPage","@id":"https:\/\/macite.tg\/?p=15793","url":"https:\/\/macite.tg\/?p=15793","name":"SAVANES\/ARPEJ 2\u00a0: Un financement \u00e0 hauteur de 800 millions de Fcfa pour soutenir les enfants et les jeunes -","isPartOf":{"@id":"https:\/\/macite.tg\/#website"},"primaryImageOfPage":{"@id":"https:\/\/macite.tg\/?p=15793#primaryimage"},"image":{"@id":"https:\/\/macite.tg\/?p=15793#primaryimage"},"thumbnailUrl":"https:\/\/macite.tg\/wp-content\/uploads\/2024\/08\/image-3.png","datePublished":"2024-08-02T12:09:38+00:00","dateModified":"2024-08-02T12:09:41+00:00","author":{"@id":"https:\/\/macite.tg\/#\/schema\/person\/e9f2de7e5dbbe7770a9402c7ce82f5c2"},"breadcrumb":{"@id":"https:\/\/macite.tg\/?p=15793#breadcrumb"},"inLanguage":"fr-FR","potentialAction":[{"@type":"ReadAction","target":["https:\/\/macite.tg\/?p=15793"]}]},{"@type":"ImageObject","inLanguage":"fr-FR","@id":"https:\/\/macite.tg\/?p=15793#primaryimage","url":"https:\/\/macite.tg\/wp-content\/uploads\/2024\/08\/image-3.png","contentUrl":"https:\/\/macite.tg\/wp-content\/uploads\/2024\/08\/image-3.png","width":289,"height":192,"caption":"Des b\u00e9n\u00e9ificiaires de la phase 2 du projet Arpej, dans les Savanes."},{"@type":"BreadcrumbList","@id":"https:\/\/macite.tg\/?p=15793#breadcrumb","itemListElement":[{"@type":"ListItem","position":1,"name":"Accueil","item":"https:\/\/macite.tg\/"},{"@type":"ListItem","position":2,"name":"SAVANES\/ARPEJ 2\u00a0: Un financement \u00e0 hauteur de 800 millions de Fcfa pour soutenir les enfants et les jeunes"}]},{"@type":"WebSite","@id":"https:\/\/macite.tg\/#website","url":"https:\/\/macite.tg\/","name":"","description":"L&#039;information, la bonne!!!","potentialAction":[{"@type":"SearchAction","target":{"@type":"EntryPoint","urlTemplate":"https:\/\/macite.tg\/?s={search_term_string}"},"query-input":{"@type":"PropertyValueSpecification","valueRequired":true,"valueName":"search_term_string"}}],"inLanguage":"fr-FR"},{"@type":"Person","@id":"https:\/\/macite.tg\/#\/schema\/person\/e9f2de7e5dbbe7770a9402c7ce82f5c2","name":"Jean Pierre BAWELA","image":{"@type":"ImageObject","inLanguage":"fr-FR","@id":"https:\/\/macite.tg\/wp-content\/uploads\/2023\/09\/WhatsApp-Image-2023-09-19-at-14.44.41-122x122.jpeg","url":"https:\/\/macite.tg\/wp-content\/uploads\/2023\/09\/WhatsApp-Image-2023-09-19-at-14.44.41-122x122.jpeg","contentUrl":"https:\/\/macite.tg\/wp-content\/uploads\/2023\/09\/WhatsApp-Image-2023-09-19-at-14.44.41-122x122.jpeg","caption":"Jean Pierre BAWELA"},"url":"https:\/\/macite.tg\/?author=2"}]}},"_links":{"self":[{"href":"https:\/\/macite.tg\/index.php?rest_route=\/wp\/v2\/posts\/15793","targetHints":{"allow":["GET"]}}],"collection":[{"href":"https:\/\/macite.tg\/index.php?rest_route=\/wp\/v2\/posts"}],"about":[{"href":"https:\/\/macite.tg\/index.php?rest_route=\/wp\/v2\/types\/post"}],"author":[{"embeddable":true,"href":"https:\/\/macite.tg\/index.php?rest_route=\/wp\/v2\/users\/2"}],"replies":[{"embeddable":true,"href":"https:\/\/macite.tg\/index.php?rest_route=%2Fwp%2Fv2%2Fcomments&post=15793"}],"version-history":[{"count":0,"href":"https:\/\/macite.tg\/index.php?rest_route=\/wp\/v2\/posts\/15793\/revisions"}],"wp:featuredmedia":[{"embeddable":true,"href":"https:\/\/macite.tg\/index.php?rest_route=\/wp\/v2\/media\/15794"}],"wp:attachment":[{"href":"https:\/\/macite.tg\/index.php?rest_route=%2Fwp%2Fv2%2Fmedia&parent=15793"}],"wp:term":[{"taxonomy":"category","embeddable":true,"href":"https:\/\/macite.tg\/index.php?rest_route=%2Fwp%2Fv2%2Fcategories&post=15793"},{"taxonomy":"post_tag","embeddable":true,"href":"https:\/\/macite.tg\/index.php?rest_route=%2Fwp%2Fv2%2Ftags&post=15793"}],"curies":[{"name":"wp","href":"https:\/\/api.w.org\/{rel}","templated":true}]}}