{"id":15781,"date":"2024-08-01T15:35:10","date_gmt":"2024-08-01T15:35:10","guid":{"rendered":"https:\/\/macite.tg\/?p=15781"},"modified":"2024-08-01T15:35:30","modified_gmt":"2024-08-01T15:35:30","slug":"transition-mme-victoire-tomegah-dogbe-reconduite-au-poste-de-premier-ministre","status":"publish","type":"post","link":"https:\/\/macite.tg\/?p=15781","title":{"rendered":"TRANSITION : Mme Victoire Tom\u00e9gah-Dogb\u00e9 reconduite au poste de Premier ministre"},"content":{"rendered":"\n<p class=\"wp-block-paragraph\"><strong><em>La transition se pr\u00e9cise au Togo apr\u00e8s la promulgation de la nouvelle Constitution le 06 mai 2024. Ce 1<sup>er<\/sup> ao\u00fbt, le Pr\u00e9sident de la R\u00e9publique, Faure Essozimna Gnassingb\u00e9, a nomm\u00e9 Mme Victoire Sid\u00e9m\u00e9ho Tom\u00e9gah-Dogb\u00e9, au poste de Premier ministre.<\/em><\/strong><\/p>\n\n\n\n<p class=\"wp-block-paragraph\">L\u2019information a \u00e9t\u00e9 rendue public par la t\u00e9l\u00e9vision nationale, la Tvt, \u00e0 la mi-journ\u00e9e. Le Togo tient d\u00e9sormais son nouveau Chef du gouvernement. C\u2019est le Premier ministre sortant, Mme Victoire Sid\u00e9m\u00e9ho Tom\u00e9gah-Dogb\u00e9, qui a \u00e9t\u00e9 reconduite, ceci plus de deux mois apr\u00e8s voir rendu le tablier elle et son ancienne \u00e9quipe gouvernementale.<\/p>\n\n\n<div class=\"wp-block-image\">\n<figure class=\"aligncenter size-full is-resized\"><img loading=\"lazy\" decoding=\"async\" src=\"https:\/\/macite.tg\/wp-content\/uploads\/2024\/07\/88c62692-46fa-48fc-8489-9b0360abc212.jpg\" alt=\"\" class=\"wp-image-15697\" width=\"466\" height=\"643\" srcset=\"https:\/\/macite.tg\/wp-content\/uploads\/2024\/07\/88c62692-46fa-48fc-8489-9b0360abc212.jpg 720w, https:\/\/macite.tg\/wp-content\/uploads\/2024\/07\/88c62692-46fa-48fc-8489-9b0360abc212-218x300.jpg 218w\" sizes=\"auto, (max-width: 466px) 100vw, 466px\" \/><\/figure>\n<\/div>\n\n\n<p class=\"wp-block-paragraph\">Conform\u00e9ment donc aux dispositions transitoires de la Constitution du 6 mai 2024, notamment en ses articles 95 et suivants, le Pr\u00e9sident de la R\u00e9publique, Faure Essozimna Gnassingb\u00e9, vient de remettre les pendules \u00e0 l\u2019heure, en proc\u00e9dant \u00e0 la nomination d\u2019un nouveau Chef de l\u2019ex\u00e9cutif, qui devra, dans les prochains jours, pr\u00e9senter son prochain cabinet, indique le communiqu\u00e9 officiel.<\/p>\n\n\n\n<p class=\"wp-block-paragraph\">Notons que depuis le 21 mai dernier, le gouvernement Dogb\u00e9 I avait d\u00e9missionn\u00e9, et les membre de son ex\u00e9cutif avaient \u00e9t\u00e9 invit\u00e9s \u00e0 la gestion des affaires courantes, une alternative qui prendra fin d\u2019ici quelques jours, le temps d\u2019avoir les nouveaux visages qui vont constituer le prochain gouvernement sous les ordres de la Pm Tom\u00e9gah-Dogb\u00e9.<\/p>\n\n\n\n<p class=\"wp-block-paragraph\">A noter que le prochain gouvernement devra, d\u2019ici moins d\u2019un an, pour baliser la voie pour le plein exercice sous la V\u00e8me R\u00e9publique.<\/p>\n\n\n<div class=\"wp-block-image\">\n<figure class=\"aligncenter size-large is-resized\"><img loading=\"lazy\" decoding=\"async\" src=\"https:\/\/macite.tg\/wp-content\/uploads\/2024\/07\/7f44bc18-2883-4563-9cba-d78a98c033b1-703x1024.jpg\" alt=\"\" class=\"wp-image-15699\" width=\"499\" height=\"727\" srcset=\"https:\/\/macite.tg\/wp-content\/uploads\/2024\/07\/7f44bc18-2883-4563-9cba-d78a98c033b1-703x1024.jpg 703w, https:\/\/macite.tg\/wp-content\/uploads\/2024\/07\/7f44bc18-2883-4563-9cba-d78a98c033b1-206x300.jpg 206w, https:\/\/macite.tg\/wp-content\/uploads\/2024\/07\/7f44bc18-2883-4563-9cba-d78a98c033b1.jpg 720w\" sizes=\"auto, (max-width: 499px) 100vw, 499px\" \/><\/figure>\n<\/div>\n\n\n<p class=\"wp-block-paragraph\">Est-il que ce nouvel ex\u00e9cutif, dont on attend fortement la composition, aura du pain sous la planche tant les attentes et les exigences, li\u00e9es \u00e0 la prochaine configuration du Pouvoir de Lom\u00e9, seront au rendez-vous. A tr\u00e8s prochainement donc pour ce \u2018\u2019gouvernement de mission\u2019\u2019.<\/p>\n\n\n\n<p class=\"wp-block-paragraph\"><strong>JPB<\/strong><\/p>\n\n\n\n<p class=\"wp-block-paragraph\"><a><strong><em>@macite.tg&nbsp;&nbsp;&nbsp;&nbsp;&nbsp;&nbsp;&nbsp;&nbsp;<\/em><\/strong><\/a><\/p>\n\n\n\n<p class=\"wp-block-paragraph\"><strong><em>E-mail&nbsp;: <\/em><\/strong><a href=\"mailto:maciteinfo@gmail.com\"><strong><em>maciteinfo@gmail.com<\/em><\/strong><\/a><strong><em>; <\/em><\/strong><a href=\"mailto:bawela1@gmail.com\"><strong><em>bawela1@gmail.com<\/em><\/strong><\/a><strong><em><\/em><\/strong><\/p>\n\n\n\n<p class=\"wp-block-paragraph\"><strong><em>Pour vos annonces, (publi)reportages, etc., joignez-nous au (00228)91515309\/<strong>79872224 <\/strong>www.macite.tg, L\u2019information, la bonne&nbsp;!<\/em><\/strong><\/p>\n","protected":false},"excerpt":{"rendered":"<p class=\"text-justify mb-2\" >La transition se pr\u00e9cise au Togo apr\u00e8s la promulgation de la nouvelle Constitution le 06 mai 2024. Ce 1er ao\u00fbt, le Pr\u00e9sident de la R\u00e9publique, Faure Essozimna Gnassingb\u00e9, a nomm\u00e9 Mme Victoire Sid\u00e9m\u00e9ho Tom\u00e9gah-Dogb\u00e9, au poste de Premier ministre. L\u2019information a \u00e9t\u00e9 rendue public par [&hellip;]<\/p>\n","protected":false},"author":2,"featured_media":15782,"comment_status":"open","ping_status":"open","sticky":false,"template":"","format":"standard","meta":{"footnotes":""},"categories":[20,1],"tags":[],"class_list":["post-15781","post","type-post","status-publish","format-standard","has-post-thumbnail","hentry","category-actualite","category-politique"],"yoast_head":"<!-- This site is optimized with the Yoast SEO plugin v28.4 - https:\/\/yoast.com\/product\/yoast-seo-wordpress\/ -->\n<title>TRANSITION : Mme Victoire Tom\u00e9gah-Dogb\u00e9 reconduite au poste de Premier ministre -<\/title>\n<meta name=\"robots\" content=\"index, follow, max-snippet:-1, max-image-preview:large, max-video-preview:-1\" \/>\n<link rel=\"canonical\" href=\"https:\/\/macite.tg\/?p=15781\" \/>\n<meta property=\"og:locale\" content=\"fr_FR\" \/>\n<meta property=\"og:type\" content=\"article\" \/>\n<meta property=\"og:title\" content=\"TRANSITION : Mme Victoire Tom\u00e9gah-Dogb\u00e9 reconduite au poste de Premier ministre -\" \/>\n<meta property=\"og:description\" content=\"La transition se pr\u00e9cise au Togo apr\u00e8s la promulgation de la nouvelle Constitution le 06 mai 2024. Ce 1er ao\u00fbt, le Pr\u00e9sident de la R\u00e9publique, Faure Essozimna Gnassingb\u00e9, a nomm\u00e9 Mme Victoire Sid\u00e9m\u00e9ho Tom\u00e9gah-Dogb\u00e9, au poste de Premier ministre. L\u2019information a \u00e9t\u00e9 rendue public par [&hellip;]\" \/>\n<meta property=\"og:url\" content=\"https:\/\/macite.tg\/?p=15781\" \/>\n<meta property=\"article:published_time\" content=\"2024-08-01T15:35:10+00:00\" \/>\n<meta property=\"article:modified_time\" content=\"2024-08-01T15:35:30+00:00\" \/>\n<meta property=\"og:image\" content=\"https:\/\/macite.tg\/wp-content\/uploads\/2024\/08\/image-1.png\" \/>\n\t<meta property=\"og:image:width\" content=\"421\" \/>\n\t<meta property=\"og:image:height\" content=\"295\" \/>\n\t<meta property=\"og:image:type\" content=\"image\/png\" \/>\n<meta name=\"author\" content=\"Jean Pierre BAWELA\" \/>\n<meta name=\"twitter:card\" content=\"summary_large_image\" \/>\n<meta name=\"twitter:label1\" content=\"\u00c9crit par\" \/>\n\t<meta name=\"twitter:data1\" content=\"Jean Pierre BAWELA\" \/>\n\t<meta name=\"twitter:label2\" content=\"Dur\u00e9e de lecture estim\u00e9e\" \/>\n\t<meta name=\"twitter:data2\" content=\"2 minutes\" \/>\n<script type=\"application\/ld+json\" class=\"yoast-schema-graph\">{\"@context\":\"https:\\\/\\\/schema.org\",\"@graph\":[{\"@type\":\"Article\",\"@id\":\"https:\\\/\\\/macite.tg\\\/?p=15781#article\",\"isPartOf\":{\"@id\":\"https:\\\/\\\/macite.tg\\\/?p=15781\"},\"author\":{\"name\":\"Jean Pierre BAWELA\",\"@id\":\"https:\\\/\\\/macite.tg\\\/#\\\/schema\\\/person\\\/e9f2de7e5dbbe7770a9402c7ce82f5c2\"},\"headline\":\"TRANSITION : Mme Victoire Tom\u00e9gah-Dogb\u00e9 reconduite au poste de Premier ministre\",\"datePublished\":\"2024-08-01T15:35:10+00:00\",\"dateModified\":\"2024-08-01T15:35:30+00:00\",\"mainEntityOfPage\":{\"@id\":\"https:\\\/\\\/macite.tg\\\/?p=15781\"},\"wordCount\":346,\"commentCount\":0,\"image\":{\"@id\":\"https:\\\/\\\/macite.tg\\\/?p=15781#primaryimage\"},\"thumbnailUrl\":\"https:\\\/\\\/macite.tg\\\/wp-content\\\/uploads\\\/2024\\\/08\\\/image-1.png\",\"articleSection\":[\"ACTUALITE\",\"POLITIQUE\"],\"inLanguage\":\"fr-FR\",\"potentialAction\":[{\"@type\":\"CommentAction\",\"name\":\"Comment\",\"target\":[\"https:\\\/\\\/macite.tg\\\/?p=15781#respond\"]}]},{\"@type\":\"WebPage\",\"@id\":\"https:\\\/\\\/macite.tg\\\/?p=15781\",\"url\":\"https:\\\/\\\/macite.tg\\\/?p=15781\",\"name\":\"TRANSITION : Mme Victoire Tom\u00e9gah-Dogb\u00e9 reconduite au poste de Premier ministre -\",\"isPartOf\":{\"@id\":\"https:\\\/\\\/macite.tg\\\/#website\"},\"primaryImageOfPage\":{\"@id\":\"https:\\\/\\\/macite.tg\\\/?p=15781#primaryimage\"},\"image\":{\"@id\":\"https:\\\/\\\/macite.tg\\\/?p=15781#primaryimage\"},\"thumbnailUrl\":\"https:\\\/\\\/macite.tg\\\/wp-content\\\/uploads\\\/2024\\\/08\\\/image-1.png\",\"datePublished\":\"2024-08-01T15:35:10+00:00\",\"dateModified\":\"2024-08-01T15:35:30+00:00\",\"author\":{\"@id\":\"https:\\\/\\\/macite.tg\\\/#\\\/schema\\\/person\\\/e9f2de7e5dbbe7770a9402c7ce82f5c2\"},\"breadcrumb\":{\"@id\":\"https:\\\/\\\/macite.tg\\\/?p=15781#breadcrumb\"},\"inLanguage\":\"fr-FR\",\"potentialAction\":[{\"@type\":\"ReadAction\",\"target\":[\"https:\\\/\\\/macite.tg\\\/?p=15781\"]}]},{\"@type\":\"ImageObject\",\"inLanguage\":\"fr-FR\",\"@id\":\"https:\\\/\\\/macite.tg\\\/?p=15781#primaryimage\",\"url\":\"https:\\\/\\\/macite.tg\\\/wp-content\\\/uploads\\\/2024\\\/08\\\/image-1.png\",\"contentUrl\":\"https:\\\/\\\/macite.tg\\\/wp-content\\\/uploads\\\/2024\\\/08\\\/image-1.png\",\"width\":421,\"height\":295,\"caption\":\"Mme Victoire Sid\u00e9m\u00e9ho Tom\u00e9gah-Dogb\u00e9, reconduite \u00e0 la t\u00eate de la Primature.\"},{\"@type\":\"BreadcrumbList\",\"@id\":\"https:\\\/\\\/macite.tg\\\/?p=15781#breadcrumb\",\"itemListElement\":[{\"@type\":\"ListItem\",\"position\":1,\"name\":\"Accueil\",\"item\":\"https:\\\/\\\/macite.tg\\\/\"},{\"@type\":\"ListItem\",\"position\":2,\"name\":\"TRANSITION : Mme Victoire Tom\u00e9gah-Dogb\u00e9 reconduite au poste de Premier ministre\"}]},{\"@type\":\"WebSite\",\"@id\":\"https:\\\/\\\/macite.tg\\\/#website\",\"url\":\"https:\\\/\\\/macite.tg\\\/\",\"name\":\"\",\"description\":\"L&#039;information, la bonne!!!\",\"potentialAction\":[{\"@type\":\"SearchAction\",\"target\":{\"@type\":\"EntryPoint\",\"urlTemplate\":\"https:\\\/\\\/macite.tg\\\/?s={search_term_string}\"},\"query-input\":{\"@type\":\"PropertyValueSpecification\",\"valueRequired\":true,\"valueName\":\"search_term_string\"}}],\"inLanguage\":\"fr-FR\"},{\"@type\":\"Person\",\"@id\":\"https:\\\/\\\/macite.tg\\\/#\\\/schema\\\/person\\\/e9f2de7e5dbbe7770a9402c7ce82f5c2\",\"name\":\"Jean Pierre BAWELA\",\"image\":{\"@type\":\"ImageObject\",\"inLanguage\":\"fr-FR\",\"@id\":\"https:\\\/\\\/macite.tg\\\/wp-content\\\/uploads\\\/2023\\\/09\\\/WhatsApp-Image-2023-09-19-at-14.44.41-122x122.jpeg\",\"url\":\"https:\\\/\\\/macite.tg\\\/wp-content\\\/uploads\\\/2023\\\/09\\\/WhatsApp-Image-2023-09-19-at-14.44.41-122x122.jpeg\",\"contentUrl\":\"https:\\\/\\\/macite.tg\\\/wp-content\\\/uploads\\\/2023\\\/09\\\/WhatsApp-Image-2023-09-19-at-14.44.41-122x122.jpeg\",\"caption\":\"Jean Pierre BAWELA\"},\"url\":\"https:\\\/\\\/macite.tg\\\/?author=2\"}]}<\/script>\n<!-- \/ Yoast SEO plugin. -->","yoast_head_json":{"title":"TRANSITION : Mme Victoire Tom\u00e9gah-Dogb\u00e9 reconduite au poste de Premier ministre -","robots":{"index":"index","follow":"follow","max-snippet":"max-snippet:-1","max-image-preview":"max-image-preview:large","max-video-preview":"max-video-preview:-1"},"canonical":"https:\/\/macite.tg\/?p=15781","og_locale":"fr_FR","og_type":"article","og_title":"TRANSITION : Mme Victoire Tom\u00e9gah-Dogb\u00e9 reconduite au poste de Premier ministre -","og_description":"La transition se pr\u00e9cise au Togo apr\u00e8s la promulgation de la nouvelle Constitution le 06 mai 2024. Ce 1er ao\u00fbt, le Pr\u00e9sident de la R\u00e9publique, Faure Essozimna Gnassingb\u00e9, a nomm\u00e9 Mme Victoire Sid\u00e9m\u00e9ho Tom\u00e9gah-Dogb\u00e9, au poste de Premier ministre. L\u2019information a \u00e9t\u00e9 rendue public par [&hellip;]","og_url":"https:\/\/macite.tg\/?p=15781","article_published_time":"2024-08-01T15:35:10+00:00","article_modified_time":"2024-08-01T15:35:30+00:00","og_image":[{"width":421,"height":295,"url":"https:\/\/macite.tg\/wp-content\/uploads\/2024\/08\/image-1.png","type":"image\/png"}],"author":"Jean Pierre BAWELA","twitter_card":"summary_large_image","twitter_misc":{"\u00c9crit par":"Jean Pierre BAWELA","Dur\u00e9e de lecture estim\u00e9e":"2 minutes"},"schema":{"@context":"https:\/\/schema.org","@graph":[{"@type":"Article","@id":"https:\/\/macite.tg\/?p=15781#article","isPartOf":{"@id":"https:\/\/macite.tg\/?p=15781"},"author":{"name":"Jean Pierre BAWELA","@id":"https:\/\/macite.tg\/#\/schema\/person\/e9f2de7e5dbbe7770a9402c7ce82f5c2"},"headline":"TRANSITION : Mme Victoire Tom\u00e9gah-Dogb\u00e9 reconduite au poste de Premier ministre","datePublished":"2024-08-01T15:35:10+00:00","dateModified":"2024-08-01T15:35:30+00:00","mainEntityOfPage":{"@id":"https:\/\/macite.tg\/?p=15781"},"wordCount":346,"commentCount":0,"image":{"@id":"https:\/\/macite.tg\/?p=15781#primaryimage"},"thumbnailUrl":"https:\/\/macite.tg\/wp-content\/uploads\/2024\/08\/image-1.png","articleSection":["ACTUALITE","POLITIQUE"],"inLanguage":"fr-FR","potentialAction":[{"@type":"CommentAction","name":"Comment","target":["https:\/\/macite.tg\/?p=15781#respond"]}]},{"@type":"WebPage","@id":"https:\/\/macite.tg\/?p=15781","url":"https:\/\/macite.tg\/?p=15781","name":"TRANSITION : Mme Victoire Tom\u00e9gah-Dogb\u00e9 reconduite au poste de Premier ministre -","isPartOf":{"@id":"https:\/\/macite.tg\/#website"},"primaryImageOfPage":{"@id":"https:\/\/macite.tg\/?p=15781#primaryimage"},"image":{"@id":"https:\/\/macite.tg\/?p=15781#primaryimage"},"thumbnailUrl":"https:\/\/macite.tg\/wp-content\/uploads\/2024\/08\/image-1.png","datePublished":"2024-08-01T15:35:10+00:00","dateModified":"2024-08-01T15:35:30+00:00","author":{"@id":"https:\/\/macite.tg\/#\/schema\/person\/e9f2de7e5dbbe7770a9402c7ce82f5c2"},"breadcrumb":{"@id":"https:\/\/macite.tg\/?p=15781#breadcrumb"},"inLanguage":"fr-FR","potentialAction":[{"@type":"ReadAction","target":["https:\/\/macite.tg\/?p=15781"]}]},{"@type":"ImageObject","inLanguage":"fr-FR","@id":"https:\/\/macite.tg\/?p=15781#primaryimage","url":"https:\/\/macite.tg\/wp-content\/uploads\/2024\/08\/image-1.png","contentUrl":"https:\/\/macite.tg\/wp-content\/uploads\/2024\/08\/image-1.png","width":421,"height":295,"caption":"Mme Victoire Sid\u00e9m\u00e9ho Tom\u00e9gah-Dogb\u00e9, reconduite \u00e0 la t\u00eate de la Primature."},{"@type":"BreadcrumbList","@id":"https:\/\/macite.tg\/?p=15781#breadcrumb","itemListElement":[{"@type":"ListItem","position":1,"name":"Accueil","item":"https:\/\/macite.tg\/"},{"@type":"ListItem","position":2,"name":"TRANSITION : Mme Victoire Tom\u00e9gah-Dogb\u00e9 reconduite au poste de Premier ministre"}]},{"@type":"WebSite","@id":"https:\/\/macite.tg\/#website","url":"https:\/\/macite.tg\/","name":"","description":"L&#039;information, la bonne!!!","potentialAction":[{"@type":"SearchAction","target":{"@type":"EntryPoint","urlTemplate":"https:\/\/macite.tg\/?s={search_term_string}"},"query-input":{"@type":"PropertyValueSpecification","valueRequired":true,"valueName":"search_term_string"}}],"inLanguage":"fr-FR"},{"@type":"Person","@id":"https:\/\/macite.tg\/#\/schema\/person\/e9f2de7e5dbbe7770a9402c7ce82f5c2","name":"Jean Pierre BAWELA","image":{"@type":"ImageObject","inLanguage":"fr-FR","@id":"https:\/\/macite.tg\/wp-content\/uploads\/2023\/09\/WhatsApp-Image-2023-09-19-at-14.44.41-122x122.jpeg","url":"https:\/\/macite.tg\/wp-content\/uploads\/2023\/09\/WhatsApp-Image-2023-09-19-at-14.44.41-122x122.jpeg","contentUrl":"https:\/\/macite.tg\/wp-content\/uploads\/2023\/09\/WhatsApp-Image-2023-09-19-at-14.44.41-122x122.jpeg","caption":"Jean Pierre BAWELA"},"url":"https:\/\/macite.tg\/?author=2"}]}},"_links":{"self":[{"href":"https:\/\/macite.tg\/index.php?rest_route=\/wp\/v2\/posts\/15781","targetHints":{"allow":["GET"]}}],"collection":[{"href":"https:\/\/macite.tg\/index.php?rest_route=\/wp\/v2\/posts"}],"about":[{"href":"https:\/\/macite.tg\/index.php?rest_route=\/wp\/v2\/types\/post"}],"author":[{"embeddable":true,"href":"https:\/\/macite.tg\/index.php?rest_route=\/wp\/v2\/users\/2"}],"replies":[{"embeddable":true,"href":"https:\/\/macite.tg\/index.php?rest_route=%2Fwp%2Fv2%2Fcomments&post=15781"}],"version-history":[{"count":0,"href":"https:\/\/macite.tg\/index.php?rest_route=\/wp\/v2\/posts\/15781\/revisions"}],"wp:featuredmedia":[{"embeddable":true,"href":"https:\/\/macite.tg\/index.php?rest_route=\/wp\/v2\/media\/15782"}],"wp:attachment":[{"href":"https:\/\/macite.tg\/index.php?rest_route=%2Fwp%2Fv2%2Fmedia&parent=15781"}],"wp:term":[{"taxonomy":"category","embeddable":true,"href":"https:\/\/macite.tg\/index.php?rest_route=%2Fwp%2Fv2%2Fcategories&post=15781"},{"taxonomy":"post_tag","embeddable":true,"href":"https:\/\/macite.tg\/index.php?rest_route=%2Fwp%2Fv2%2Ftags&post=15781"}],"curies":[{"name":"wp","href":"https:\/\/api.w.org\/{rel}","templated":true}]}}