{"id":1578,"date":"2022-11-08T11:10:20","date_gmt":"2022-11-08T11:10:20","guid":{"rendered":"https:\/\/macite.info\/?p=1578"},"modified":"2022-11-08T11:10:21","modified_gmt":"2022-11-08T11:10:21","slug":"processus-de-decentralisation-les-acteurs-font-le-bilan-detapes-a-kara","status":"publish","type":"post","link":"https:\/\/macite.tg\/?p=1578","title":{"rendered":"PROCESSUS DE D\u00c9CENTRALISATION : Les acteurs font le bilan d&rsquo;\u00e9tapes \u00e0 Kara"},"content":{"rendered":"\n<p class=\"wp-block-paragraph\"><strong><em>A Kara, ville situ\u00e9e \u00e0 420 Km de Lom\u00e9, la premi\u00e8re ministre du Togo, Mme Victoire Tom\u00e9gah-Dogb\u00e9 a pr\u00e9sid\u00e9 la 5e r\u00e9union du conseil national de suivi de la d\u00e9centralisation (CNSD). Occasion pour le Conseil de faire le bilan d&rsquo;\u00e9tapes du processus de d\u00e9centralisation au Togo.\u00a0 Elle a invit\u00e9\u00a0 les participants \u00e0 cette r\u00e9union, \u00e0 reconna\u00eetre les avanc\u00e9es, mais \u00e9galement \u00e0 s&rsquo;interroger sur les moyens de relever les d\u00e9fis.<\/em><\/strong><\/p>\n\n\n\n<p class=\"wp-block-paragraph\">Des avanc\u00e9es qui traduisent la qualit\u00e9 du leadership et la d\u00e9termination du pr\u00e9sident Faure Essozimna Gnassingb\u00e9 \u00e0 faire de la gouvernance locale, un outil permettant de rapprocher l&rsquo;administration des citoyens.<\/p>\n\n\n<div class=\"wp-block-image\">\n<figure class=\"aligncenter size-full is-resized\"><img loading=\"lazy\" decoding=\"async\" src=\"https:\/\/macite.tg\/wp-content\/uploads\/2022\/11\/CNDS.jpg\" alt=\"\" class=\"wp-image-1579\" width=\"669\" height=\"428\" srcset=\"https:\/\/macite.tg\/wp-content\/uploads\/2022\/11\/CNDS.jpg 750w, https:\/\/macite.tg\/wp-content\/uploads\/2022\/11\/CNDS-300x192.jpg 300w, https:\/\/macite.tg\/wp-content\/uploads\/2022\/11\/CNDS-625x400.jpg 625w\" sizes=\"auto, (max-width: 669px) 100vw, 669px\" \/><figcaption><strong><em>Photo de famille des participants &#8230;<\/em><\/strong><\/figcaption><\/figure>\n<\/div>\n\n\n<p class=\"wp-block-paragraph\">\u00a0\u00bb \u00c0 mi-parcours, il faut reconnaitre que les d\u00e9fis restent importants. Le gouvernement en a tenu compte dans sa feuille de route et m\u00eame dans son organisation en mettant en place des minist\u00e8res, tels que celui charg\u00e9 du d\u00e9veloppement des territoires, celui charg\u00e9 du d\u00e9senclavement et des pistes rurales qui sont des exemples de l&rsquo;attention port\u00e9e par le Chef de l&rsquo;Etat aux territoires de notre pays. \u00ab\u00a0, a d\u00e9clar\u00e9 Mme le Premier ministre.<\/p>\n\n\n\n<p class=\"wp-block-paragraph\">Dans une pr\u00e9sentation, le ministre d&rsquo;\u00c9tat Payadowa Boukpessi en charge de la d\u00e9centralisation, a fait le point du processus aux membres du Conseil. Il s&rsquo;agit de plusieurs r\u00e9alisations notamment la r\u00e9novation du cadre juridique, l&rsquo;installation des conseils municipaux des 117 communes, la construction, la r\u00e9habilitation et l&rsquo;\u00e9quipement de plusieurs mairies, la mise en place du Fonds d&rsquo;Appui aux Collectivit\u00e9s Territoriales (FACT) et son abondement ainsi que le renforcement des capacit\u00e9s des \u00e9lus et des personnels des collectivit\u00e9s territoriales.<\/p>\n\n\n\n<p class=\"wp-block-paragraph\">Les s\u00e9quences de questions-r\u00e9ponses ont permis aux membres du CNSD d&rsquo;explorer les pistes pour relever les diff\u00e9rents d\u00e9fis de la d\u00e9centralisation notamment, la gouvernance, l&rsquo;acc\u00e9l\u00e9ration de la r\u00e9alisation des infrastructures au profit des populations et la coh\u00e9sion et l&rsquo;harmonie.<\/p>\n\n\n\n<figure class=\"wp-block-image size-large\"><img loading=\"lazy\" decoding=\"async\" width=\"1024\" height=\"426\" src=\"https:\/\/macite.tg\/wp-content\/uploads\/2022\/10\/ANNONCES-1-2-1024x426.jpg\" alt=\"\" class=\"wp-image-1264\" srcset=\"https:\/\/macite.tg\/wp-content\/uploads\/2022\/10\/ANNONCES-1-2-1024x426.jpg 1024w, https:\/\/macite.tg\/wp-content\/uploads\/2022\/10\/ANNONCES-1-2-300x125.jpg 300w, https:\/\/macite.tg\/wp-content\/uploads\/2022\/10\/ANNONCES-1-2-768x319.jpg 768w, https:\/\/macite.tg\/wp-content\/uploads\/2022\/10\/ANNONCES-1-2.jpg 1080w\" sizes=\"auto, (max-width: 1024px) 100vw, 1024px\" \/><\/figure>\n\n\n\n<p class=\"wp-block-paragraph\">Mme le Premier ministre a rassur\u00e9 les membres du Conseil de l&rsquo;engagement du gouvernement \u00e0 poursuivre son appui multiforme d&rsquo;une mani\u00e8re croissante.<\/p>\n\n\n\n<p class=\"wp-block-paragraph\">Les membres ont unanimement salu\u00e9 cette volont\u00e9 qui traduit les engagements du pr\u00e9sident&nbsp; Faure Essozimna Gnassingb\u00e9, et qui se concr\u00e9tise constamment. Par exemple, au travers de l&rsquo;op\u00e9rationnalisation r\u00e9cente de l&rsquo;agence nationale de formation des collectivit\u00e9s territoriales.<\/p>\n\n\n\n<p class=\"wp-block-paragraph\">Pour rappel, le Conseil national de suivi de la d\u00e9centralisation est cr\u00e9\u00e9 par le d\u00e9cret n\u00b02017-004\/PR du 19 janvier 2017. Il est pr\u00e9sid\u00e9 par le Premier ministre.<\/p>\n\n\n\n<p class=\"wp-block-paragraph\"><strong>Source : Togotimes.info<\/strong><\/p>\n\n\n\n<p class=\"wp-block-paragraph\"><strong><em>@macite.info<\/em><\/strong><\/p>\n\n\n\n<p class=\"wp-block-paragraph\"><strong><em>E-mail&nbsp;: <\/em><\/strong><a href=\"mailto:maciteinfo@gmail.com\"><strong><em>maciteinfo@gmail.com<\/em><\/strong><\/a><strong><em>; <\/em><\/strong><a href=\"mailto:bawela1@gmail.com\"><strong><em>bawela1@gmail.com<\/em><\/strong><\/a><strong><em><\/em><\/strong><\/p>\n\n\n\n<p class=\"wp-block-paragraph\"><strong><em>Pour vos annonces, (publi)reportages, etc., joignez nous au (00228) 91515309\/<strong>79872224<\/strong><\/em><\/strong><em><\/em><\/p>\n\n\n\n<p class=\"wp-block-paragraph\"><a href=\"http:\/\/www.macite.info\"><strong><em>www.macite.info<\/em><\/strong><\/a><strong><em>, L\u2019information, la bonne&nbsp;!<\/em><\/strong><\/p>\n","protected":false},"excerpt":{"rendered":"<p class=\"text-justify mb-2\" >A Kara, ville situ\u00e9e \u00e0 420 Km de Lom\u00e9, la premi\u00e8re ministre du Togo, Mme Victoire Tom\u00e9gah-Dogb\u00e9 a pr\u00e9sid\u00e9 la 5e r\u00e9union du conseil national de suivi de la d\u00e9centralisation (CNSD). Occasion pour le Conseil de faire le bilan d&rsquo;\u00e9tapes du processus de d\u00e9centralisation au [&hellip;]<\/p>\n","protected":false},"author":2,"featured_media":1580,"comment_status":"open","ping_status":"open","sticky":false,"template":"","format":"standard","meta":{"footnotes":""},"categories":[1],"tags":[],"class_list":["post-1578","post","type-post","status-publish","format-standard","has-post-thumbnail","hentry","category-politique"],"yoast_head":"<!-- This site is optimized with the Yoast SEO plugin v28.4 - https:\/\/yoast.com\/product\/yoast-seo-wordpress\/ -->\n<title>PROCESSUS DE D\u00c9CENTRALISATION : Les acteurs font le bilan d&#039;\u00e9tapes \u00e0 Kara -<\/title>\n<meta name=\"robots\" content=\"index, follow, max-snippet:-1, max-image-preview:large, max-video-preview:-1\" \/>\n<link rel=\"canonical\" href=\"https:\/\/macite.tg\/?p=1578\" \/>\n<meta property=\"og:locale\" content=\"fr_FR\" \/>\n<meta property=\"og:type\" content=\"article\" \/>\n<meta property=\"og:title\" content=\"PROCESSUS DE D\u00c9CENTRALISATION : Les acteurs font le bilan d&#039;\u00e9tapes \u00e0 Kara -\" \/>\n<meta property=\"og:description\" content=\"A Kara, ville situ\u00e9e \u00e0 420 Km de Lom\u00e9, la premi\u00e8re ministre du Togo, Mme Victoire Tom\u00e9gah-Dogb\u00e9 a pr\u00e9sid\u00e9 la 5e r\u00e9union du conseil national de suivi de la d\u00e9centralisation (CNSD). Occasion pour le Conseil de faire le bilan d&rsquo;\u00e9tapes du processus de d\u00e9centralisation au [&hellip;]\" \/>\n<meta property=\"og:url\" content=\"https:\/\/macite.tg\/?p=1578\" \/>\n<meta property=\"article:published_time\" content=\"2022-11-08T11:10:20+00:00\" \/>\n<meta property=\"article:modified_time\" content=\"2022-11-08T11:10:21+00:00\" \/>\n<meta property=\"og:image\" content=\"https:\/\/macite.tg\/wp-content\/uploads\/2022\/11\/CDNS1.jpg\" \/>\n\t<meta property=\"og:image:width\" content=\"288\" \/>\n\t<meta property=\"og:image:height\" content=\"175\" \/>\n\t<meta property=\"og:image:type\" content=\"image\/jpeg\" \/>\n<meta name=\"author\" content=\"Jean Pierre BAWELA\" \/>\n<meta name=\"twitter:card\" content=\"summary_large_image\" \/>\n<meta name=\"twitter:label1\" content=\"\u00c9crit par\" \/>\n\t<meta name=\"twitter:data1\" content=\"Jean Pierre BAWELA\" \/>\n\t<meta name=\"twitter:label2\" content=\"Dur\u00e9e de lecture estim\u00e9e\" \/>\n\t<meta name=\"twitter:data2\" content=\"3 minutes\" \/>\n<script type=\"application\/ld+json\" class=\"yoast-schema-graph\">{\"@context\":\"https:\\\/\\\/schema.org\",\"@graph\":[{\"@type\":\"Article\",\"@id\":\"https:\\\/\\\/macite.tg\\\/?p=1578#article\",\"isPartOf\":{\"@id\":\"https:\\\/\\\/macite.tg\\\/?p=1578\"},\"author\":{\"name\":\"Jean Pierre BAWELA\",\"@id\":\"https:\\\/\\\/macite.tg\\\/#\\\/schema\\\/person\\\/e9f2de7e5dbbe7770a9402c7ce82f5c2\"},\"headline\":\"PROCESSUS DE D\u00c9CENTRALISATION : Les acteurs font le bilan d&rsquo;\u00e9tapes \u00e0 Kara\",\"datePublished\":\"2022-11-08T11:10:20+00:00\",\"dateModified\":\"2022-11-08T11:10:21+00:00\",\"mainEntityOfPage\":{\"@id\":\"https:\\\/\\\/macite.tg\\\/?p=1578\"},\"wordCount\":475,\"commentCount\":0,\"image\":{\"@id\":\"https:\\\/\\\/macite.tg\\\/?p=1578#primaryimage\"},\"thumbnailUrl\":\"https:\\\/\\\/macite.tg\\\/wp-content\\\/uploads\\\/2022\\\/11\\\/CDNS1.jpg\",\"articleSection\":[\"POLITIQUE\"],\"inLanguage\":\"fr-FR\",\"potentialAction\":[{\"@type\":\"CommentAction\",\"name\":\"Comment\",\"target\":[\"https:\\\/\\\/macite.tg\\\/?p=1578#respond\"]}]},{\"@type\":\"WebPage\",\"@id\":\"https:\\\/\\\/macite.tg\\\/?p=1578\",\"url\":\"https:\\\/\\\/macite.tg\\\/?p=1578\",\"name\":\"PROCESSUS DE D\u00c9CENTRALISATION : Les acteurs font le bilan d'\u00e9tapes \u00e0 Kara -\",\"isPartOf\":{\"@id\":\"https:\\\/\\\/macite.tg\\\/#website\"},\"primaryImageOfPage\":{\"@id\":\"https:\\\/\\\/macite.tg\\\/?p=1578#primaryimage\"},\"image\":{\"@id\":\"https:\\\/\\\/macite.tg\\\/?p=1578#primaryimage\"},\"thumbnailUrl\":\"https:\\\/\\\/macite.tg\\\/wp-content\\\/uploads\\\/2022\\\/11\\\/CDNS1.jpg\",\"datePublished\":\"2022-11-08T11:10:20+00:00\",\"dateModified\":\"2022-11-08T11:10:21+00:00\",\"author\":{\"@id\":\"https:\\\/\\\/macite.tg\\\/#\\\/schema\\\/person\\\/e9f2de7e5dbbe7770a9402c7ce82f5c2\"},\"breadcrumb\":{\"@id\":\"https:\\\/\\\/macite.tg\\\/?p=1578#breadcrumb\"},\"inLanguage\":\"fr-FR\",\"potentialAction\":[{\"@type\":\"ReadAction\",\"target\":[\"https:\\\/\\\/macite.tg\\\/?p=1578\"]}]},{\"@type\":\"ImageObject\",\"inLanguage\":\"fr-FR\",\"@id\":\"https:\\\/\\\/macite.tg\\\/?p=1578#primaryimage\",\"url\":\"https:\\\/\\\/macite.tg\\\/wp-content\\\/uploads\\\/2022\\\/11\\\/CDNS1.jpg\",\"contentUrl\":\"https:\\\/\\\/macite.tg\\\/wp-content\\\/uploads\\\/2022\\\/11\\\/CDNS1.jpg\",\"width\":288,\"height\":175},{\"@type\":\"BreadcrumbList\",\"@id\":\"https:\\\/\\\/macite.tg\\\/?p=1578#breadcrumb\",\"itemListElement\":[{\"@type\":\"ListItem\",\"position\":1,\"name\":\"Accueil\",\"item\":\"https:\\\/\\\/macite.tg\\\/\"},{\"@type\":\"ListItem\",\"position\":2,\"name\":\"PROCESSUS DE D\u00c9CENTRALISATION : Les acteurs font le bilan d&rsquo;\u00e9tapes \u00e0 Kara\"}]},{\"@type\":\"WebSite\",\"@id\":\"https:\\\/\\\/macite.tg\\\/#website\",\"url\":\"https:\\\/\\\/macite.tg\\\/\",\"name\":\"\",\"description\":\"L&#039;information, la bonne!!!\",\"potentialAction\":[{\"@type\":\"SearchAction\",\"target\":{\"@type\":\"EntryPoint\",\"urlTemplate\":\"https:\\\/\\\/macite.tg\\\/?s={search_term_string}\"},\"query-input\":{\"@type\":\"PropertyValueSpecification\",\"valueRequired\":true,\"valueName\":\"search_term_string\"}}],\"inLanguage\":\"fr-FR\"},{\"@type\":\"Person\",\"@id\":\"https:\\\/\\\/macite.tg\\\/#\\\/schema\\\/person\\\/e9f2de7e5dbbe7770a9402c7ce82f5c2\",\"name\":\"Jean Pierre BAWELA\",\"image\":{\"@type\":\"ImageObject\",\"inLanguage\":\"fr-FR\",\"@id\":\"https:\\\/\\\/macite.tg\\\/wp-content\\\/uploads\\\/2023\\\/09\\\/WhatsApp-Image-2023-09-19-at-14.44.41-122x122.jpeg\",\"url\":\"https:\\\/\\\/macite.tg\\\/wp-content\\\/uploads\\\/2023\\\/09\\\/WhatsApp-Image-2023-09-19-at-14.44.41-122x122.jpeg\",\"contentUrl\":\"https:\\\/\\\/macite.tg\\\/wp-content\\\/uploads\\\/2023\\\/09\\\/WhatsApp-Image-2023-09-19-at-14.44.41-122x122.jpeg\",\"caption\":\"Jean Pierre BAWELA\"},\"url\":\"https:\\\/\\\/macite.tg\\\/?author=2\"}]}<\/script>\n<!-- \/ Yoast SEO plugin. -->","yoast_head_json":{"title":"PROCESSUS DE D\u00c9CENTRALISATION : Les acteurs font le bilan d'\u00e9tapes \u00e0 Kara -","robots":{"index":"index","follow":"follow","max-snippet":"max-snippet:-1","max-image-preview":"max-image-preview:large","max-video-preview":"max-video-preview:-1"},"canonical":"https:\/\/macite.tg\/?p=1578","og_locale":"fr_FR","og_type":"article","og_title":"PROCESSUS DE D\u00c9CENTRALISATION : Les acteurs font le bilan d'\u00e9tapes \u00e0 Kara -","og_description":"A Kara, ville situ\u00e9e \u00e0 420 Km de Lom\u00e9, la premi\u00e8re ministre du Togo, Mme Victoire Tom\u00e9gah-Dogb\u00e9 a pr\u00e9sid\u00e9 la 5e r\u00e9union du conseil national de suivi de la d\u00e9centralisation (CNSD). Occasion pour le Conseil de faire le bilan d&rsquo;\u00e9tapes du processus de d\u00e9centralisation au [&hellip;]","og_url":"https:\/\/macite.tg\/?p=1578","article_published_time":"2022-11-08T11:10:20+00:00","article_modified_time":"2022-11-08T11:10:21+00:00","og_image":[{"width":288,"height":175,"url":"https:\/\/macite.tg\/wp-content\/uploads\/2022\/11\/CDNS1.jpg","type":"image\/jpeg"}],"author":"Jean Pierre BAWELA","twitter_card":"summary_large_image","twitter_misc":{"\u00c9crit par":"Jean Pierre BAWELA","Dur\u00e9e de lecture estim\u00e9e":"3 minutes"},"schema":{"@context":"https:\/\/schema.org","@graph":[{"@type":"Article","@id":"https:\/\/macite.tg\/?p=1578#article","isPartOf":{"@id":"https:\/\/macite.tg\/?p=1578"},"author":{"name":"Jean Pierre BAWELA","@id":"https:\/\/macite.tg\/#\/schema\/person\/e9f2de7e5dbbe7770a9402c7ce82f5c2"},"headline":"PROCESSUS DE D\u00c9CENTRALISATION : Les acteurs font le bilan d&rsquo;\u00e9tapes \u00e0 Kara","datePublished":"2022-11-08T11:10:20+00:00","dateModified":"2022-11-08T11:10:21+00:00","mainEntityOfPage":{"@id":"https:\/\/macite.tg\/?p=1578"},"wordCount":475,"commentCount":0,"image":{"@id":"https:\/\/macite.tg\/?p=1578#primaryimage"},"thumbnailUrl":"https:\/\/macite.tg\/wp-content\/uploads\/2022\/11\/CDNS1.jpg","articleSection":["POLITIQUE"],"inLanguage":"fr-FR","potentialAction":[{"@type":"CommentAction","name":"Comment","target":["https:\/\/macite.tg\/?p=1578#respond"]}]},{"@type":"WebPage","@id":"https:\/\/macite.tg\/?p=1578","url":"https:\/\/macite.tg\/?p=1578","name":"PROCESSUS DE D\u00c9CENTRALISATION : Les acteurs font le bilan d'\u00e9tapes \u00e0 Kara -","isPartOf":{"@id":"https:\/\/macite.tg\/#website"},"primaryImageOfPage":{"@id":"https:\/\/macite.tg\/?p=1578#primaryimage"},"image":{"@id":"https:\/\/macite.tg\/?p=1578#primaryimage"},"thumbnailUrl":"https:\/\/macite.tg\/wp-content\/uploads\/2022\/11\/CDNS1.jpg","datePublished":"2022-11-08T11:10:20+00:00","dateModified":"2022-11-08T11:10:21+00:00","author":{"@id":"https:\/\/macite.tg\/#\/schema\/person\/e9f2de7e5dbbe7770a9402c7ce82f5c2"},"breadcrumb":{"@id":"https:\/\/macite.tg\/?p=1578#breadcrumb"},"inLanguage":"fr-FR","potentialAction":[{"@type":"ReadAction","target":["https:\/\/macite.tg\/?p=1578"]}]},{"@type":"ImageObject","inLanguage":"fr-FR","@id":"https:\/\/macite.tg\/?p=1578#primaryimage","url":"https:\/\/macite.tg\/wp-content\/uploads\/2022\/11\/CDNS1.jpg","contentUrl":"https:\/\/macite.tg\/wp-content\/uploads\/2022\/11\/CDNS1.jpg","width":288,"height":175},{"@type":"BreadcrumbList","@id":"https:\/\/macite.tg\/?p=1578#breadcrumb","itemListElement":[{"@type":"ListItem","position":1,"name":"Accueil","item":"https:\/\/macite.tg\/"},{"@type":"ListItem","position":2,"name":"PROCESSUS DE D\u00c9CENTRALISATION : Les acteurs font le bilan d&rsquo;\u00e9tapes \u00e0 Kara"}]},{"@type":"WebSite","@id":"https:\/\/macite.tg\/#website","url":"https:\/\/macite.tg\/","name":"","description":"L&#039;information, la bonne!!!","potentialAction":[{"@type":"SearchAction","target":{"@type":"EntryPoint","urlTemplate":"https:\/\/macite.tg\/?s={search_term_string}"},"query-input":{"@type":"PropertyValueSpecification","valueRequired":true,"valueName":"search_term_string"}}],"inLanguage":"fr-FR"},{"@type":"Person","@id":"https:\/\/macite.tg\/#\/schema\/person\/e9f2de7e5dbbe7770a9402c7ce82f5c2","name":"Jean Pierre BAWELA","image":{"@type":"ImageObject","inLanguage":"fr-FR","@id":"https:\/\/macite.tg\/wp-content\/uploads\/2023\/09\/WhatsApp-Image-2023-09-19-at-14.44.41-122x122.jpeg","url":"https:\/\/macite.tg\/wp-content\/uploads\/2023\/09\/WhatsApp-Image-2023-09-19-at-14.44.41-122x122.jpeg","contentUrl":"https:\/\/macite.tg\/wp-content\/uploads\/2023\/09\/WhatsApp-Image-2023-09-19-at-14.44.41-122x122.jpeg","caption":"Jean Pierre BAWELA"},"url":"https:\/\/macite.tg\/?author=2"}]}},"_links":{"self":[{"href":"https:\/\/macite.tg\/index.php?rest_route=\/wp\/v2\/posts\/1578","targetHints":{"allow":["GET"]}}],"collection":[{"href":"https:\/\/macite.tg\/index.php?rest_route=\/wp\/v2\/posts"}],"about":[{"href":"https:\/\/macite.tg\/index.php?rest_route=\/wp\/v2\/types\/post"}],"author":[{"embeddable":true,"href":"https:\/\/macite.tg\/index.php?rest_route=\/wp\/v2\/users\/2"}],"replies":[{"embeddable":true,"href":"https:\/\/macite.tg\/index.php?rest_route=%2Fwp%2Fv2%2Fcomments&post=1578"}],"version-history":[{"count":0,"href":"https:\/\/macite.tg\/index.php?rest_route=\/wp\/v2\/posts\/1578\/revisions"}],"wp:featuredmedia":[{"embeddable":true,"href":"https:\/\/macite.tg\/index.php?rest_route=\/wp\/v2\/media\/1580"}],"wp:attachment":[{"href":"https:\/\/macite.tg\/index.php?rest_route=%2Fwp%2Fv2%2Fmedia&parent=1578"}],"wp:term":[{"taxonomy":"category","embeddable":true,"href":"https:\/\/macite.tg\/index.php?rest_route=%2Fwp%2Fv2%2Fcategories&post=1578"},{"taxonomy":"post_tag","embeddable":true,"href":"https:\/\/macite.tg\/index.php?rest_route=%2Fwp%2Fv2%2Ftags&post=1578"}],"curies":[{"name":"wp","href":"https:\/\/api.w.org\/{rel}","templated":true}]}}