{"id":15770,"date":"2024-08-01T12:45:50","date_gmt":"2024-08-01T12:45:50","guid":{"rendered":"https:\/\/macite.tg\/?p=15770"},"modified":"2024-08-05T18:36:01","modified_gmt":"2024-08-05T18:36:01","slug":"bonne-nouvelle-pour-les-operateurs-economiques-et-artisans-08-nouvelles-demarches-administratives-dematerialisees","status":"publish","type":"post","link":"https:\/\/macite.tg\/?p=15770","title":{"rendered":"BONNE NOUVELLE POUR LES OPERATEURS ECONOMIQUES ET ARTISANS\u00a0: 08 nouvelles d\u00e9marches administratives d\u00e9mat\u00e9rialis\u00e9es"},"content":{"rendered":"\n<p class=\"wp-block-paragraph\"><strong><em>Les op\u00e9rateurs \u00e9conomiques et les artisans peuvent pousser un ouf de soulagement. En effet, le ministre du Commerce, de l\u2019artisanat et de la consommation locale vient d\u2019annoncer la mise en ligne de huit (08) nouvelles proc\u00e9dures administratives li\u00e9es aux op\u00e9rations commerciales et artisanales.<\/em><\/strong><\/p>\n\n\n\n<p class=\"wp-block-paragraph\">Le Togo poursuit son processus de d\u00e9mat\u00e9rialisation des services publics enclench\u00e9 depuis plusieurs ann\u00e9es d\u00e9j\u00e0.<\/p>\n\n\n<div class=\"wp-block-image\">\n<figure class=\"aligncenter size-full is-resized\"><img loading=\"lazy\" decoding=\"async\" src=\"https:\/\/macite.tg\/wp-content\/uploads\/2024\/07\/88c62692-46fa-48fc-8489-9b0360abc212.jpg\" alt=\"\" class=\"wp-image-15697\" width=\"476\" height=\"656\" srcset=\"https:\/\/macite.tg\/wp-content\/uploads\/2024\/07\/88c62692-46fa-48fc-8489-9b0360abc212.jpg 720w, https:\/\/macite.tg\/wp-content\/uploads\/2024\/07\/88c62692-46fa-48fc-8489-9b0360abc212-218x300.jpg 218w\" sizes=\"auto, (max-width: 476px) 100vw, 476px\" \/><\/figure>\n<\/div>\n\n\n<p class=\"wp-block-paragraph\">Dans un communiqu\u00e9 en date de ce 1<sup>er<\/sup> ao\u00fbt, le ministre en charge du Commerce, Mme Kayi Mivedor, a annonc\u00e9, dans le cadre de ce processus de d\u00e9mat\u00e9rialisation des services publics, la mise en ligne de huit (08) nouvelles d\u00e9marches administratives, au profit des op\u00e9rateurs \u00e9conomiques et artisans.<\/p>\n\n\n\n<p class=\"wp-block-paragraph\">Selon l\u2019autorit\u00e9, la mise en ligne de ces services vise \u00e0 faciliter l\u2019acc\u00e8s des usagers \u00e0 ces services mais aussi se veut de moderniser davantage l\u2019administration publique nationale.<\/p>\n\n\n<div class=\"wp-block-image\">\n<figure class=\"aligncenter size-full is-resized\"><img loading=\"lazy\" decoding=\"async\" src=\"https:\/\/macite.tg\/wp-content\/uploads\/2024\/07\/IMG-20240313-WA0013-2.jpg\" alt=\"\" class=\"wp-image-15595\" width=\"845\" height=\"208\" srcset=\"https:\/\/macite.tg\/wp-content\/uploads\/2024\/07\/IMG-20240313-WA0013-2.jpg 690w, https:\/\/macite.tg\/wp-content\/uploads\/2024\/07\/IMG-20240313-WA0013-2-300x74.jpg 300w\" sizes=\"auto, (max-width: 845px) 100vw, 845px\" \/><\/figure>\n<\/div>\n\n\n<p class=\"wp-block-paragraph\">Dans les faits, gr\u00e2ce \u00e0 l\u2019appui de l\u2019Agence Togo Digital (Atd), les demandes d&rsquo;autorisation pr\u00e9alable d&rsquo;importation des produits sensibles, la mise sur le march\u00e9 national des denr\u00e9es alimentaires, les demandes de carte d\u2019importateur ou d\u2019exportateur, ou encore de certificat d\u2019origine hors Cedeao, sont d\u00e9sormais disponibles en ligne.<\/p>\n\n\n\n<p class=\"wp-block-paragraph\">Dans le m\u00eame ordre d\u2019id\u00e9es et parlant du secteur de l\u2019artisanat, la demande de la carte professionnelle, l\u2019enregistrement d\u2019un apprenti, l\u2019inscription \u00e0 l\u2019examen du Certificat de fin d&rsquo;apprentissage (Cfa) mais aussi la demande du dipl\u00f4me, peuvent se faire \u00e0 distance.<\/p>\n\n\n<div class=\"wp-block-image\">\n<figure class=\"aligncenter size-large is-resized\"><img loading=\"lazy\" decoding=\"async\" src=\"https:\/\/macite.tg\/wp-content\/uploads\/2024\/07\/7f44bc18-2883-4563-9cba-d78a98c033b1-703x1024.jpg\" alt=\"\" class=\"wp-image-15699\" width=\"477\" height=\"695\" srcset=\"https:\/\/macite.tg\/wp-content\/uploads\/2024\/07\/7f44bc18-2883-4563-9cba-d78a98c033b1-703x1024.jpg 703w, https:\/\/macite.tg\/wp-content\/uploads\/2024\/07\/7f44bc18-2883-4563-9cba-d78a98c033b1-206x300.jpg 206w, https:\/\/macite.tg\/wp-content\/uploads\/2024\/07\/7f44bc18-2883-4563-9cba-d78a98c033b1.jpg 720w\" sizes=\"auto, (max-width: 477px) 100vw, 477px\" \/><\/figure>\n<\/div>\n\n\n<p class=\"wp-block-paragraph\">Notons que ces services sont disponibles dans les sections \u00ab&nbsp;<em>Citoyens&nbsp;\u00bb<\/em> ou \u00ab&nbsp;Entreprise\/Association\/<em>Professions Lib\u00e9rales&nbsp;\u00bb<\/em> du portail national&nbsp;: <em><a href=\"https:\/\/service-public.gouv.tg\">https:\/\/service-public.gouv.tg<\/a><\/em>. Pour toute infirmation compl\u00e9mentaire, il vous suffit d\u2019adresser un mail \u00e0 <em><a href=\"mailto:info@service-public.gouv.tg\">info@service-public.gouv.tg<\/a>.<\/em><\/p>\n\n\n\n<p class=\"wp-block-paragraph\">Rappelons que le Togo ambitionne, \u00e0 l\u2019horizon 2025, de digitaliser et rendre disponibles 75% des d\u00e9marches administratives<\/p>\n\n\n<div class=\"wp-block-image\">\n<figure class=\"alignright size-large is-resized\"><img loading=\"lazy\" decoding=\"async\" src=\"https:\/\/macite.tg\/wp-content\/uploads\/2024\/08\/3dbe28fe-146f-450a-ad54-e25a4a4b98cf-724x1024.jpg\" alt=\"\" class=\"wp-image-15777\" width=\"400\" height=\"566\" srcset=\"https:\/\/macite.tg\/wp-content\/uploads\/2024\/08\/3dbe28fe-146f-450a-ad54-e25a4a4b98cf-724x1024.jpg 724w, https:\/\/macite.tg\/wp-content\/uploads\/2024\/08\/3dbe28fe-146f-450a-ad54-e25a4a4b98cf-212x300.jpg 212w, https:\/\/macite.tg\/wp-content\/uploads\/2024\/08\/3dbe28fe-146f-450a-ad54-e25a4a4b98cf-768x1086.jpg 768w, https:\/\/macite.tg\/wp-content\/uploads\/2024\/08\/3dbe28fe-146f-450a-ad54-e25a4a4b98cf-1087x1536.jpg 1087w, https:\/\/macite.tg\/wp-content\/uploads\/2024\/08\/3dbe28fe-146f-450a-ad54-e25a4a4b98cf.jpg 1132w\" sizes=\"auto, (max-width: 400px) 100vw, 400px\" \/><\/figure>\n<\/div>\n\n<div class=\"wp-block-image\">\n<figure class=\"alignleft size-large is-resized\"><img loading=\"lazy\" decoding=\"async\" src=\"https:\/\/macite.tg\/wp-content\/uploads\/2024\/08\/a5a7fe66-0a22-424a-979b-b29800b84c94-724x1024.jpg\" alt=\"\" class=\"wp-image-15775\" width=\"404\" height=\"572\" srcset=\"https:\/\/macite.tg\/wp-content\/uploads\/2024\/08\/a5a7fe66-0a22-424a-979b-b29800b84c94-724x1024.jpg 724w, https:\/\/macite.tg\/wp-content\/uploads\/2024\/08\/a5a7fe66-0a22-424a-979b-b29800b84c94-212x300.jpg 212w, https:\/\/macite.tg\/wp-content\/uploads\/2024\/08\/a5a7fe66-0a22-424a-979b-b29800b84c94-768x1086.jpg 768w, https:\/\/macite.tg\/wp-content\/uploads\/2024\/08\/a5a7fe66-0a22-424a-979b-b29800b84c94-1087x1536.jpg 1087w, https:\/\/macite.tg\/wp-content\/uploads\/2024\/08\/a5a7fe66-0a22-424a-979b-b29800b84c94.jpg 1132w\" sizes=\"auto, (max-width: 404px) 100vw, 404px\" \/><\/figure>\n<\/div>\n\n\n<p class=\"wp-block-paragraph\"><\/p>\n\n\n\n<p class=\"wp-block-paragraph\"><strong>JPB<\/strong><\/p>\n\n\n\n<p class=\"wp-block-paragraph\"><a><strong><em>@macite.tg&nbsp;&nbsp;&nbsp;&nbsp;&nbsp;&nbsp;&nbsp;&nbsp;<\/em><\/strong><\/a><\/p>\n\n\n\n<p class=\"wp-block-paragraph\"><strong><em>E-mail&nbsp;: <\/em><\/strong><a href=\"mailto:maciteinfo@gmail.com\"><strong><em>maciteinfo@gmail.com<\/em><\/strong><\/a><strong><em>; <\/em><\/strong><a href=\"mailto:bawela1@gmail.com\"><strong><em>bawela1@gmail.com<\/em><\/strong><\/a><strong><em><\/em><\/strong><\/p>\n\n\n\n<p class=\"wp-block-paragraph\"><strong><em>Pour vos annonces, (publi)reportages, etc., joignez-nous au (00228)91515309\/<strong>79872224 <\/strong>www.macite.tg, L\u2019information, la bonne&nbsp;!<\/em><\/strong><\/p>\n","protected":false},"excerpt":{"rendered":"<p class=\"text-justify mb-2\" >Les op\u00e9rateurs \u00e9conomiques et les artisans peuvent pousser un ouf de soulagement. En effet, le ministre du Commerce, de l\u2019artisanat et de la consommation locale vient d\u2019annoncer la mise en ligne de huit (08) nouvelles proc\u00e9dures administratives li\u00e9es aux op\u00e9rations commerciales et artisanales. Le Togo [&hellip;]<\/p>\n","protected":false},"author":2,"featured_media":15772,"comment_status":"open","ping_status":"open","sticky":false,"template":"","format":"standard","meta":{"footnotes":""},"categories":[20,3],"tags":[],"class_list":["post-15770","post","type-post","status-publish","format-standard","has-post-thumbnail","hentry","category-actualite","category-economie"],"yoast_head":"<!-- This site is optimized with the Yoast SEO plugin v28.4 - https:\/\/yoast.com\/product\/yoast-seo-wordpress\/ -->\n<title>BONNE NOUVELLE POUR LES OPERATEURS ECONOMIQUES ET ARTISANS\u00a0: 08 nouvelles d\u00e9marches administratives d\u00e9mat\u00e9rialis\u00e9es -<\/title>\n<meta name=\"robots\" content=\"index, follow, max-snippet:-1, max-image-preview:large, max-video-preview:-1\" \/>\n<link rel=\"canonical\" href=\"https:\/\/macite.tg\/?p=15770\" \/>\n<meta property=\"og:locale\" content=\"fr_FR\" \/>\n<meta property=\"og:type\" content=\"article\" \/>\n<meta property=\"og:title\" content=\"BONNE NOUVELLE POUR LES OPERATEURS ECONOMIQUES ET ARTISANS\u00a0: 08 nouvelles d\u00e9marches administratives d\u00e9mat\u00e9rialis\u00e9es -\" \/>\n<meta property=\"og:description\" content=\"Les op\u00e9rateurs \u00e9conomiques et les artisans peuvent pousser un ouf de soulagement. En effet, le ministre du Commerce, de l\u2019artisanat et de la consommation locale vient d\u2019annoncer la mise en ligne de huit (08) nouvelles proc\u00e9dures administratives li\u00e9es aux op\u00e9rations commerciales et artisanales. Le Togo [&hellip;]\" \/>\n<meta property=\"og:url\" content=\"https:\/\/macite.tg\/?p=15770\" \/>\n<meta property=\"article:published_time\" content=\"2024-08-01T12:45:50+00:00\" \/>\n<meta property=\"article:modified_time\" content=\"2024-08-05T18:36:01+00:00\" \/>\n<meta property=\"og:image\" content=\"https:\/\/macite.tg\/wp-content\/uploads\/2024\/08\/digital.jpg\" \/>\n\t<meta property=\"og:image:width\" content=\"500\" \/>\n\t<meta property=\"og:image:height\" content=\"281\" \/>\n\t<meta property=\"og:image:type\" content=\"image\/jpeg\" \/>\n<meta name=\"author\" content=\"Jean Pierre BAWELA\" \/>\n<meta name=\"twitter:card\" content=\"summary_large_image\" \/>\n<meta name=\"twitter:label1\" content=\"\u00c9crit par\" \/>\n\t<meta name=\"twitter:data1\" content=\"Jean Pierre BAWELA\" \/>\n\t<meta name=\"twitter:label2\" content=\"Dur\u00e9e de lecture estim\u00e9e\" \/>\n\t<meta name=\"twitter:data2\" content=\"2 minutes\" \/>\n<script type=\"application\/ld+json\" class=\"yoast-schema-graph\">{\"@context\":\"https:\\\/\\\/schema.org\",\"@graph\":[{\"@type\":\"Article\",\"@id\":\"https:\\\/\\\/macite.tg\\\/?p=15770#article\",\"isPartOf\":{\"@id\":\"https:\\\/\\\/macite.tg\\\/?p=15770\"},\"author\":{\"name\":\"Jean Pierre BAWELA\",\"@id\":\"https:\\\/\\\/macite.tg\\\/#\\\/schema\\\/person\\\/e9f2de7e5dbbe7770a9402c7ce82f5c2\"},\"headline\":\"BONNE NOUVELLE POUR LES OPERATEURS ECONOMIQUES ET ARTISANS\u00a0: 08 nouvelles d\u00e9marches administratives d\u00e9mat\u00e9rialis\u00e9es\",\"datePublished\":\"2024-08-01T12:45:50+00:00\",\"dateModified\":\"2024-08-05T18:36:01+00:00\",\"mainEntityOfPage\":{\"@id\":\"https:\\\/\\\/macite.tg\\\/?p=15770\"},\"wordCount\":365,\"commentCount\":0,\"image\":{\"@id\":\"https:\\\/\\\/macite.tg\\\/?p=15770#primaryimage\"},\"thumbnailUrl\":\"https:\\\/\\\/macite.tg\\\/wp-content\\\/uploads\\\/2024\\\/08\\\/digital.jpg\",\"articleSection\":[\"ACTUALITE\",\"ECONOMIE\"],\"inLanguage\":\"fr-FR\",\"potentialAction\":[{\"@type\":\"CommentAction\",\"name\":\"Comment\",\"target\":[\"https:\\\/\\\/macite.tg\\\/?p=15770#respond\"]}]},{\"@type\":\"WebPage\",\"@id\":\"https:\\\/\\\/macite.tg\\\/?p=15770\",\"url\":\"https:\\\/\\\/macite.tg\\\/?p=15770\",\"name\":\"BONNE NOUVELLE POUR LES OPERATEURS ECONOMIQUES ET ARTISANS\u00a0: 08 nouvelles d\u00e9marches administratives d\u00e9mat\u00e9rialis\u00e9es -\",\"isPartOf\":{\"@id\":\"https:\\\/\\\/macite.tg\\\/#website\"},\"primaryImageOfPage\":{\"@id\":\"https:\\\/\\\/macite.tg\\\/?p=15770#primaryimage\"},\"image\":{\"@id\":\"https:\\\/\\\/macite.tg\\\/?p=15770#primaryimage\"},\"thumbnailUrl\":\"https:\\\/\\\/macite.tg\\\/wp-content\\\/uploads\\\/2024\\\/08\\\/digital.jpg\",\"datePublished\":\"2024-08-01T12:45:50+00:00\",\"dateModified\":\"2024-08-05T18:36:01+00:00\",\"author\":{\"@id\":\"https:\\\/\\\/macite.tg\\\/#\\\/schema\\\/person\\\/e9f2de7e5dbbe7770a9402c7ce82f5c2\"},\"breadcrumb\":{\"@id\":\"https:\\\/\\\/macite.tg\\\/?p=15770#breadcrumb\"},\"inLanguage\":\"fr-FR\",\"potentialAction\":[{\"@type\":\"ReadAction\",\"target\":[\"https:\\\/\\\/macite.tg\\\/?p=15770\"]}]},{\"@type\":\"ImageObject\",\"inLanguage\":\"fr-FR\",\"@id\":\"https:\\\/\\\/macite.tg\\\/?p=15770#primaryimage\",\"url\":\"https:\\\/\\\/macite.tg\\\/wp-content\\\/uploads\\\/2024\\\/08\\\/digital.jpg\",\"contentUrl\":\"https:\\\/\\\/macite.tg\\\/wp-content\\\/uploads\\\/2024\\\/08\\\/digital.jpg\",\"width\":500,\"height\":281},{\"@type\":\"BreadcrumbList\",\"@id\":\"https:\\\/\\\/macite.tg\\\/?p=15770#breadcrumb\",\"itemListElement\":[{\"@type\":\"ListItem\",\"position\":1,\"name\":\"Accueil\",\"item\":\"https:\\\/\\\/macite.tg\\\/\"},{\"@type\":\"ListItem\",\"position\":2,\"name\":\"BONNE NOUVELLE POUR LES OPERATEURS ECONOMIQUES ET ARTISANS\u00a0: 08 nouvelles d\u00e9marches administratives d\u00e9mat\u00e9rialis\u00e9es\"}]},{\"@type\":\"WebSite\",\"@id\":\"https:\\\/\\\/macite.tg\\\/#website\",\"url\":\"https:\\\/\\\/macite.tg\\\/\",\"name\":\"\",\"description\":\"L&#039;information, la bonne!!!\",\"potentialAction\":[{\"@type\":\"SearchAction\",\"target\":{\"@type\":\"EntryPoint\",\"urlTemplate\":\"https:\\\/\\\/macite.tg\\\/?s={search_term_string}\"},\"query-input\":{\"@type\":\"PropertyValueSpecification\",\"valueRequired\":true,\"valueName\":\"search_term_string\"}}],\"inLanguage\":\"fr-FR\"},{\"@type\":\"Person\",\"@id\":\"https:\\\/\\\/macite.tg\\\/#\\\/schema\\\/person\\\/e9f2de7e5dbbe7770a9402c7ce82f5c2\",\"name\":\"Jean Pierre BAWELA\",\"image\":{\"@type\":\"ImageObject\",\"inLanguage\":\"fr-FR\",\"@id\":\"https:\\\/\\\/macite.tg\\\/wp-content\\\/uploads\\\/2023\\\/09\\\/WhatsApp-Image-2023-09-19-at-14.44.41-122x122.jpeg\",\"url\":\"https:\\\/\\\/macite.tg\\\/wp-content\\\/uploads\\\/2023\\\/09\\\/WhatsApp-Image-2023-09-19-at-14.44.41-122x122.jpeg\",\"contentUrl\":\"https:\\\/\\\/macite.tg\\\/wp-content\\\/uploads\\\/2023\\\/09\\\/WhatsApp-Image-2023-09-19-at-14.44.41-122x122.jpeg\",\"caption\":\"Jean Pierre BAWELA\"},\"url\":\"https:\\\/\\\/macite.tg\\\/?author=2\"}]}<\/script>\n<!-- \/ Yoast SEO plugin. -->","yoast_head_json":{"title":"BONNE NOUVELLE POUR LES OPERATEURS ECONOMIQUES ET ARTISANS\u00a0: 08 nouvelles d\u00e9marches administratives d\u00e9mat\u00e9rialis\u00e9es -","robots":{"index":"index","follow":"follow","max-snippet":"max-snippet:-1","max-image-preview":"max-image-preview:large","max-video-preview":"max-video-preview:-1"},"canonical":"https:\/\/macite.tg\/?p=15770","og_locale":"fr_FR","og_type":"article","og_title":"BONNE NOUVELLE POUR LES OPERATEURS ECONOMIQUES ET ARTISANS\u00a0: 08 nouvelles d\u00e9marches administratives d\u00e9mat\u00e9rialis\u00e9es -","og_description":"Les op\u00e9rateurs \u00e9conomiques et les artisans peuvent pousser un ouf de soulagement. En effet, le ministre du Commerce, de l\u2019artisanat et de la consommation locale vient d\u2019annoncer la mise en ligne de huit (08) nouvelles proc\u00e9dures administratives li\u00e9es aux op\u00e9rations commerciales et artisanales. Le Togo [&hellip;]","og_url":"https:\/\/macite.tg\/?p=15770","article_published_time":"2024-08-01T12:45:50+00:00","article_modified_time":"2024-08-05T18:36:01+00:00","og_image":[{"width":500,"height":281,"url":"https:\/\/macite.tg\/wp-content\/uploads\/2024\/08\/digital.jpg","type":"image\/jpeg"}],"author":"Jean Pierre BAWELA","twitter_card":"summary_large_image","twitter_misc":{"\u00c9crit par":"Jean Pierre BAWELA","Dur\u00e9e de lecture estim\u00e9e":"2 minutes"},"schema":{"@context":"https:\/\/schema.org","@graph":[{"@type":"Article","@id":"https:\/\/macite.tg\/?p=15770#article","isPartOf":{"@id":"https:\/\/macite.tg\/?p=15770"},"author":{"name":"Jean Pierre BAWELA","@id":"https:\/\/macite.tg\/#\/schema\/person\/e9f2de7e5dbbe7770a9402c7ce82f5c2"},"headline":"BONNE NOUVELLE POUR LES OPERATEURS ECONOMIQUES ET ARTISANS\u00a0: 08 nouvelles d\u00e9marches administratives d\u00e9mat\u00e9rialis\u00e9es","datePublished":"2024-08-01T12:45:50+00:00","dateModified":"2024-08-05T18:36:01+00:00","mainEntityOfPage":{"@id":"https:\/\/macite.tg\/?p=15770"},"wordCount":365,"commentCount":0,"image":{"@id":"https:\/\/macite.tg\/?p=15770#primaryimage"},"thumbnailUrl":"https:\/\/macite.tg\/wp-content\/uploads\/2024\/08\/digital.jpg","articleSection":["ACTUALITE","ECONOMIE"],"inLanguage":"fr-FR","potentialAction":[{"@type":"CommentAction","name":"Comment","target":["https:\/\/macite.tg\/?p=15770#respond"]}]},{"@type":"WebPage","@id":"https:\/\/macite.tg\/?p=15770","url":"https:\/\/macite.tg\/?p=15770","name":"BONNE NOUVELLE POUR LES OPERATEURS ECONOMIQUES ET ARTISANS\u00a0: 08 nouvelles d\u00e9marches administratives d\u00e9mat\u00e9rialis\u00e9es -","isPartOf":{"@id":"https:\/\/macite.tg\/#website"},"primaryImageOfPage":{"@id":"https:\/\/macite.tg\/?p=15770#primaryimage"},"image":{"@id":"https:\/\/macite.tg\/?p=15770#primaryimage"},"thumbnailUrl":"https:\/\/macite.tg\/wp-content\/uploads\/2024\/08\/digital.jpg","datePublished":"2024-08-01T12:45:50+00:00","dateModified":"2024-08-05T18:36:01+00:00","author":{"@id":"https:\/\/macite.tg\/#\/schema\/person\/e9f2de7e5dbbe7770a9402c7ce82f5c2"},"breadcrumb":{"@id":"https:\/\/macite.tg\/?p=15770#breadcrumb"},"inLanguage":"fr-FR","potentialAction":[{"@type":"ReadAction","target":["https:\/\/macite.tg\/?p=15770"]}]},{"@type":"ImageObject","inLanguage":"fr-FR","@id":"https:\/\/macite.tg\/?p=15770#primaryimage","url":"https:\/\/macite.tg\/wp-content\/uploads\/2024\/08\/digital.jpg","contentUrl":"https:\/\/macite.tg\/wp-content\/uploads\/2024\/08\/digital.jpg","width":500,"height":281},{"@type":"BreadcrumbList","@id":"https:\/\/macite.tg\/?p=15770#breadcrumb","itemListElement":[{"@type":"ListItem","position":1,"name":"Accueil","item":"https:\/\/macite.tg\/"},{"@type":"ListItem","position":2,"name":"BONNE NOUVELLE POUR LES OPERATEURS ECONOMIQUES ET ARTISANS\u00a0: 08 nouvelles d\u00e9marches administratives d\u00e9mat\u00e9rialis\u00e9es"}]},{"@type":"WebSite","@id":"https:\/\/macite.tg\/#website","url":"https:\/\/macite.tg\/","name":"","description":"L&#039;information, la bonne!!!","potentialAction":[{"@type":"SearchAction","target":{"@type":"EntryPoint","urlTemplate":"https:\/\/macite.tg\/?s={search_term_string}"},"query-input":{"@type":"PropertyValueSpecification","valueRequired":true,"valueName":"search_term_string"}}],"inLanguage":"fr-FR"},{"@type":"Person","@id":"https:\/\/macite.tg\/#\/schema\/person\/e9f2de7e5dbbe7770a9402c7ce82f5c2","name":"Jean Pierre BAWELA","image":{"@type":"ImageObject","inLanguage":"fr-FR","@id":"https:\/\/macite.tg\/wp-content\/uploads\/2023\/09\/WhatsApp-Image-2023-09-19-at-14.44.41-122x122.jpeg","url":"https:\/\/macite.tg\/wp-content\/uploads\/2023\/09\/WhatsApp-Image-2023-09-19-at-14.44.41-122x122.jpeg","contentUrl":"https:\/\/macite.tg\/wp-content\/uploads\/2023\/09\/WhatsApp-Image-2023-09-19-at-14.44.41-122x122.jpeg","caption":"Jean Pierre BAWELA"},"url":"https:\/\/macite.tg\/?author=2"}]}},"_links":{"self":[{"href":"https:\/\/macite.tg\/index.php?rest_route=\/wp\/v2\/posts\/15770","targetHints":{"allow":["GET"]}}],"collection":[{"href":"https:\/\/macite.tg\/index.php?rest_route=\/wp\/v2\/posts"}],"about":[{"href":"https:\/\/macite.tg\/index.php?rest_route=\/wp\/v2\/types\/post"}],"author":[{"embeddable":true,"href":"https:\/\/macite.tg\/index.php?rest_route=\/wp\/v2\/users\/2"}],"replies":[{"embeddable":true,"href":"https:\/\/macite.tg\/index.php?rest_route=%2Fwp%2Fv2%2Fcomments&post=15770"}],"version-history":[{"count":0,"href":"https:\/\/macite.tg\/index.php?rest_route=\/wp\/v2\/posts\/15770\/revisions"}],"wp:featuredmedia":[{"embeddable":true,"href":"https:\/\/macite.tg\/index.php?rest_route=\/wp\/v2\/media\/15772"}],"wp:attachment":[{"href":"https:\/\/macite.tg\/index.php?rest_route=%2Fwp%2Fv2%2Fmedia&parent=15770"}],"wp:term":[{"taxonomy":"category","embeddable":true,"href":"https:\/\/macite.tg\/index.php?rest_route=%2Fwp%2Fv2%2Fcategories&post=15770"},{"taxonomy":"post_tag","embeddable":true,"href":"https:\/\/macite.tg\/index.php?rest_route=%2Fwp%2Fv2%2Ftags&post=15770"}],"curies":[{"name":"wp","href":"https:\/\/api.w.org\/{rel}","templated":true}]}}