{"id":15761,"date":"2024-08-01T10:26:33","date_gmt":"2024-08-01T10:26:33","guid":{"rendered":"https:\/\/macite.tg\/?p=15761"},"modified":"2024-08-01T10:26:34","modified_gmt":"2024-08-01T10:26:34","slug":"cooperation-coree-du-sud-togo-parck-kyongsig-designe-nouvel-ambassadeur-non-residant","status":"publish","type":"post","link":"https:\/\/macite.tg\/?p=15761","title":{"rendered":"COOPERATION COREE DU SUD \u2013 TOGO\u00a0: Parck Kyongsig d\u00e9sign\u00e9 nouvel Ambassadeur non r\u00e9sidant"},"content":{"rendered":"\n<p class=\"wp-block-paragraph\"><strong><em>Park Kyongsig, c\u2019est bien le nom du nouvel ambassadeur d\u00e9sign\u00e9 de la Cor\u00e9e du Sud au Togo. Il a remis, en fin de semaine derni\u00e8re, copie de ses lettres de cr\u00e9ance au Chef de la diplomatie togolaise, Prof Robert Dussey.<\/em><\/strong><\/p>\n\n\n\n<p class=\"wp-block-paragraph\">Bas\u00e9 \u00e0 Accra, au Ghana, le nouveau diplomate sud-cor\u00e9en va couvrir trois pays, notamment le B\u00e9nin, le Ghana et le Togo.<\/p>\n\n\n<div class=\"wp-block-image\">\n<figure class=\"aligncenter size-full is-resized\"><img loading=\"lazy\" decoding=\"async\" src=\"https:\/\/macite.tg\/wp-content\/uploads\/2024\/07\/88c62692-46fa-48fc-8489-9b0360abc212.jpg\" alt=\"\" class=\"wp-image-15697\" width=\"496\" height=\"684\" srcset=\"https:\/\/macite.tg\/wp-content\/uploads\/2024\/07\/88c62692-46fa-48fc-8489-9b0360abc212.jpg 720w, https:\/\/macite.tg\/wp-content\/uploads\/2024\/07\/88c62692-46fa-48fc-8489-9b0360abc212-218x300.jpg 218w\" sizes=\"auto, (max-width: 496px) 100vw, 496px\" \/><\/figure>\n<\/div>\n\n\n<p class=\"wp-block-paragraph\">Park Kyongsig, en attendant sa prise de fonction officielle \u00e0 l\u2019issue de son entretien avec le Chef de l\u2019Etat, aura pour de poursuivre le renforcement du partenariat bilat\u00e9ral son pays et le Togo.<\/p>\n\n\n\n<p class=\"wp-block-paragraph\">Notons que les leaders des deux pays, notamment Faure Essozimna Gnassingb\u00e9 et Yoon Suk-yeol, ont, lors d\u2019une rencontre \u00e0 S\u00e9oul, exprim\u00e9 leur volont\u00e9 de dynamiser davantage leur coop\u00e9ration ceci dans plusieurs domaines.<\/p>\n\n\n<div class=\"wp-block-image\">\n<figure class=\"aligncenter size-large is-resized\"><img loading=\"lazy\" decoding=\"async\" src=\"https:\/\/macite.tg\/wp-content\/uploads\/2024\/07\/7f44bc18-2883-4563-9cba-d78a98c033b1-703x1024.jpg\" alt=\"\" class=\"wp-image-15699\" width=\"484\" height=\"705\" srcset=\"https:\/\/macite.tg\/wp-content\/uploads\/2024\/07\/7f44bc18-2883-4563-9cba-d78a98c033b1-703x1024.jpg 703w, https:\/\/macite.tg\/wp-content\/uploads\/2024\/07\/7f44bc18-2883-4563-9cba-d78a98c033b1-206x300.jpg 206w, https:\/\/macite.tg\/wp-content\/uploads\/2024\/07\/7f44bc18-2883-4563-9cba-d78a98c033b1.jpg 720w\" sizes=\"auto, (max-width: 484px) 100vw, 484px\" \/><\/figure>\n<\/div>\n\n\n<p class=\"wp-block-paragraph\">Rappelons que les relations de coop\u00e9ration entre le Togo et la Cor\u00e9e du Sud datent de 1963.<\/p>\n\n\n\n<p class=\"wp-block-paragraph\"><strong>La R\u00e9daction<\/strong><\/p>\n\n\n\n<p class=\"wp-block-paragraph\"><a><strong><em>@macite.tg&nbsp;&nbsp;&nbsp;&nbsp;&nbsp;&nbsp;&nbsp;&nbsp;<\/em><\/strong><\/a><\/p>\n\n\n\n<p class=\"wp-block-paragraph\"><strong><em>E-mail&nbsp;: <\/em><\/strong><a href=\"mailto:maciteinfo@gmail.com\"><strong><em>maciteinfo@gmail.com<\/em><\/strong><\/a><strong><em>; <\/em><\/strong><a href=\"mailto:bawela1@gmail.com\"><strong><em>bawela1@gmail.com<\/em><\/strong><\/a><strong><em><\/em><\/strong><\/p>\n\n\n\n<p class=\"wp-block-paragraph\"><strong><em>Pour vos annonces, (publi)reportages, etc., joignez-nous au (00228)91515309\/<strong>79872224 <\/strong>www.macite.tg, L\u2019information, la bonne&nbsp;!<\/em><\/strong><\/p>\n","protected":false},"excerpt":{"rendered":"<p class=\"text-justify mb-2\" >Park Kyongsig, c\u2019est bien le nom du nouvel ambassadeur d\u00e9sign\u00e9 de la Cor\u00e9e du Sud au Togo. Il a remis, en fin de semaine derni\u00e8re, copie de ses lettres de cr\u00e9ance au Chef de la diplomatie togolaise, Prof Robert Dussey. Bas\u00e9 \u00e0 Accra, au Ghana, [&hellip;]<\/p>\n","protected":false},"author":2,"featured_media":15762,"comment_status":"open","ping_status":"open","sticky":false,"template":"","format":"standard","meta":{"footnotes":""},"categories":[20,16],"tags":[],"class_list":["post-15761","post","type-post","status-publish","format-standard","has-post-thumbnail","hentry","category-actualite","category-cooperation"],"yoast_head":"<!-- This site is optimized with the Yoast SEO plugin v28.4 - https:\/\/yoast.com\/product\/yoast-seo-wordpress\/ -->\n<title>COOPERATION COREE DU SUD \u2013 TOGO\u00a0: Parck Kyongsig d\u00e9sign\u00e9 nouvel Ambassadeur non r\u00e9sidant -<\/title>\n<meta name=\"robots\" content=\"index, follow, max-snippet:-1, max-image-preview:large, max-video-preview:-1\" \/>\n<link rel=\"canonical\" href=\"https:\/\/macite.tg\/?p=15761\" \/>\n<meta property=\"og:locale\" content=\"fr_FR\" \/>\n<meta property=\"og:type\" content=\"article\" \/>\n<meta property=\"og:title\" content=\"COOPERATION COREE DU SUD \u2013 TOGO\u00a0: Parck Kyongsig d\u00e9sign\u00e9 nouvel Ambassadeur non r\u00e9sidant -\" \/>\n<meta property=\"og:description\" content=\"Park Kyongsig, c\u2019est bien le nom du nouvel ambassadeur d\u00e9sign\u00e9 de la Cor\u00e9e du Sud au Togo. Il a remis, en fin de semaine derni\u00e8re, copie de ses lettres de cr\u00e9ance au Chef de la diplomatie togolaise, Prof Robert Dussey. Bas\u00e9 \u00e0 Accra, au Ghana, [&hellip;]\" \/>\n<meta property=\"og:url\" content=\"https:\/\/macite.tg\/?p=15761\" \/>\n<meta property=\"article:published_time\" content=\"2024-08-01T10:26:33+00:00\" \/>\n<meta property=\"article:modified_time\" content=\"2024-08-01T10:26:34+00:00\" \/>\n<meta property=\"og:image\" content=\"https:\/\/macite.tg\/wp-content\/uploads\/2024\/07\/Diplomatie.jpg\" \/>\n\t<meta property=\"og:image:width\" content=\"500\" \/>\n\t<meta property=\"og:image:height\" content=\"332\" \/>\n\t<meta property=\"og:image:type\" content=\"image\/jpeg\" \/>\n<meta name=\"author\" content=\"Jean Pierre BAWELA\" \/>\n<meta name=\"twitter:card\" content=\"summary_large_image\" \/>\n<meta name=\"twitter:label1\" content=\"\u00c9crit par\" \/>\n\t<meta name=\"twitter:data1\" content=\"Jean Pierre BAWELA\" \/>\n\t<meta name=\"twitter:label2\" content=\"Dur\u00e9e de lecture estim\u00e9e\" \/>\n\t<meta name=\"twitter:data2\" content=\"1 minute\" \/>\n<script type=\"application\/ld+json\" class=\"yoast-schema-graph\">{\"@context\":\"https:\\\/\\\/schema.org\",\"@graph\":[{\"@type\":\"Article\",\"@id\":\"https:\\\/\\\/macite.tg\\\/?p=15761#article\",\"isPartOf\":{\"@id\":\"https:\\\/\\\/macite.tg\\\/?p=15761\"},\"author\":{\"name\":\"Jean Pierre BAWELA\",\"@id\":\"https:\\\/\\\/macite.tg\\\/#\\\/schema\\\/person\\\/e9f2de7e5dbbe7770a9402c7ce82f5c2\"},\"headline\":\"COOPERATION COREE DU SUD \u2013 TOGO\u00a0: Parck Kyongsig d\u00e9sign\u00e9 nouvel Ambassadeur non r\u00e9sidant\",\"datePublished\":\"2024-08-01T10:26:33+00:00\",\"dateModified\":\"2024-08-01T10:26:34+00:00\",\"mainEntityOfPage\":{\"@id\":\"https:\\\/\\\/macite.tg\\\/?p=15761\"},\"wordCount\":205,\"commentCount\":0,\"image\":{\"@id\":\"https:\\\/\\\/macite.tg\\\/?p=15761#primaryimage\"},\"thumbnailUrl\":\"https:\\\/\\\/macite.tg\\\/wp-content\\\/uploads\\\/2024\\\/07\\\/Diplomatie.jpg\",\"articleSection\":[\"ACTUALITE\",\"COOPERATION\"],\"inLanguage\":\"fr-FR\",\"potentialAction\":[{\"@type\":\"CommentAction\",\"name\":\"Comment\",\"target\":[\"https:\\\/\\\/macite.tg\\\/?p=15761#respond\"]}]},{\"@type\":\"WebPage\",\"@id\":\"https:\\\/\\\/macite.tg\\\/?p=15761\",\"url\":\"https:\\\/\\\/macite.tg\\\/?p=15761\",\"name\":\"COOPERATION COREE DU SUD \u2013 TOGO\u00a0: Parck Kyongsig d\u00e9sign\u00e9 nouvel Ambassadeur non r\u00e9sidant -\",\"isPartOf\":{\"@id\":\"https:\\\/\\\/macite.tg\\\/#website\"},\"primaryImageOfPage\":{\"@id\":\"https:\\\/\\\/macite.tg\\\/?p=15761#primaryimage\"},\"image\":{\"@id\":\"https:\\\/\\\/macite.tg\\\/?p=15761#primaryimage\"},\"thumbnailUrl\":\"https:\\\/\\\/macite.tg\\\/wp-content\\\/uploads\\\/2024\\\/07\\\/Diplomatie.jpg\",\"datePublished\":\"2024-08-01T10:26:33+00:00\",\"dateModified\":\"2024-08-01T10:26:34+00:00\",\"author\":{\"@id\":\"https:\\\/\\\/macite.tg\\\/#\\\/schema\\\/person\\\/e9f2de7e5dbbe7770a9402c7ce82f5c2\"},\"breadcrumb\":{\"@id\":\"https:\\\/\\\/macite.tg\\\/?p=15761#breadcrumb\"},\"inLanguage\":\"fr-FR\",\"potentialAction\":[{\"@type\":\"ReadAction\",\"target\":[\"https:\\\/\\\/macite.tg\\\/?p=15761\"]}]},{\"@type\":\"ImageObject\",\"inLanguage\":\"fr-FR\",\"@id\":\"https:\\\/\\\/macite.tg\\\/?p=15761#primaryimage\",\"url\":\"https:\\\/\\\/macite.tg\\\/wp-content\\\/uploads\\\/2024\\\/07\\\/Diplomatie.jpg\",\"contentUrl\":\"https:\\\/\\\/macite.tg\\\/wp-content\\\/uploads\\\/2024\\\/07\\\/Diplomatie.jpg\",\"width\":500,\"height\":332,\"caption\":\"Park Kyongsig (g) et le Prof Robert Dussey (dt)\"},{\"@type\":\"BreadcrumbList\",\"@id\":\"https:\\\/\\\/macite.tg\\\/?p=15761#breadcrumb\",\"itemListElement\":[{\"@type\":\"ListItem\",\"position\":1,\"name\":\"Accueil\",\"item\":\"https:\\\/\\\/macite.tg\\\/\"},{\"@type\":\"ListItem\",\"position\":2,\"name\":\"COOPERATION COREE DU SUD \u2013 TOGO\u00a0: Parck Kyongsig d\u00e9sign\u00e9 nouvel Ambassadeur non r\u00e9sidant\"}]},{\"@type\":\"WebSite\",\"@id\":\"https:\\\/\\\/macite.tg\\\/#website\",\"url\":\"https:\\\/\\\/macite.tg\\\/\",\"name\":\"\",\"description\":\"L&#039;information, la bonne!!!\",\"potentialAction\":[{\"@type\":\"SearchAction\",\"target\":{\"@type\":\"EntryPoint\",\"urlTemplate\":\"https:\\\/\\\/macite.tg\\\/?s={search_term_string}\"},\"query-input\":{\"@type\":\"PropertyValueSpecification\",\"valueRequired\":true,\"valueName\":\"search_term_string\"}}],\"inLanguage\":\"fr-FR\"},{\"@type\":\"Person\",\"@id\":\"https:\\\/\\\/macite.tg\\\/#\\\/schema\\\/person\\\/e9f2de7e5dbbe7770a9402c7ce82f5c2\",\"name\":\"Jean Pierre BAWELA\",\"image\":{\"@type\":\"ImageObject\",\"inLanguage\":\"fr-FR\",\"@id\":\"https:\\\/\\\/macite.tg\\\/wp-content\\\/uploads\\\/2023\\\/09\\\/WhatsApp-Image-2023-09-19-at-14.44.41-122x122.jpeg\",\"url\":\"https:\\\/\\\/macite.tg\\\/wp-content\\\/uploads\\\/2023\\\/09\\\/WhatsApp-Image-2023-09-19-at-14.44.41-122x122.jpeg\",\"contentUrl\":\"https:\\\/\\\/macite.tg\\\/wp-content\\\/uploads\\\/2023\\\/09\\\/WhatsApp-Image-2023-09-19-at-14.44.41-122x122.jpeg\",\"caption\":\"Jean Pierre BAWELA\"},\"url\":\"https:\\\/\\\/macite.tg\\\/?author=2\"}]}<\/script>\n<!-- \/ Yoast SEO plugin. -->","yoast_head_json":{"title":"COOPERATION COREE DU SUD \u2013 TOGO\u00a0: Parck Kyongsig d\u00e9sign\u00e9 nouvel Ambassadeur non r\u00e9sidant -","robots":{"index":"index","follow":"follow","max-snippet":"max-snippet:-1","max-image-preview":"max-image-preview:large","max-video-preview":"max-video-preview:-1"},"canonical":"https:\/\/macite.tg\/?p=15761","og_locale":"fr_FR","og_type":"article","og_title":"COOPERATION COREE DU SUD \u2013 TOGO\u00a0: Parck Kyongsig d\u00e9sign\u00e9 nouvel Ambassadeur non r\u00e9sidant -","og_description":"Park Kyongsig, c\u2019est bien le nom du nouvel ambassadeur d\u00e9sign\u00e9 de la Cor\u00e9e du Sud au Togo. Il a remis, en fin de semaine derni\u00e8re, copie de ses lettres de cr\u00e9ance au Chef de la diplomatie togolaise, Prof Robert Dussey. Bas\u00e9 \u00e0 Accra, au Ghana, [&hellip;]","og_url":"https:\/\/macite.tg\/?p=15761","article_published_time":"2024-08-01T10:26:33+00:00","article_modified_time":"2024-08-01T10:26:34+00:00","og_image":[{"width":500,"height":332,"url":"https:\/\/macite.tg\/wp-content\/uploads\/2024\/07\/Diplomatie.jpg","type":"image\/jpeg"}],"author":"Jean Pierre BAWELA","twitter_card":"summary_large_image","twitter_misc":{"\u00c9crit par":"Jean Pierre BAWELA","Dur\u00e9e de lecture estim\u00e9e":"1 minute"},"schema":{"@context":"https:\/\/schema.org","@graph":[{"@type":"Article","@id":"https:\/\/macite.tg\/?p=15761#article","isPartOf":{"@id":"https:\/\/macite.tg\/?p=15761"},"author":{"name":"Jean Pierre BAWELA","@id":"https:\/\/macite.tg\/#\/schema\/person\/e9f2de7e5dbbe7770a9402c7ce82f5c2"},"headline":"COOPERATION COREE DU SUD \u2013 TOGO\u00a0: Parck Kyongsig d\u00e9sign\u00e9 nouvel Ambassadeur non r\u00e9sidant","datePublished":"2024-08-01T10:26:33+00:00","dateModified":"2024-08-01T10:26:34+00:00","mainEntityOfPage":{"@id":"https:\/\/macite.tg\/?p=15761"},"wordCount":205,"commentCount":0,"image":{"@id":"https:\/\/macite.tg\/?p=15761#primaryimage"},"thumbnailUrl":"https:\/\/macite.tg\/wp-content\/uploads\/2024\/07\/Diplomatie.jpg","articleSection":["ACTUALITE","COOPERATION"],"inLanguage":"fr-FR","potentialAction":[{"@type":"CommentAction","name":"Comment","target":["https:\/\/macite.tg\/?p=15761#respond"]}]},{"@type":"WebPage","@id":"https:\/\/macite.tg\/?p=15761","url":"https:\/\/macite.tg\/?p=15761","name":"COOPERATION COREE DU SUD \u2013 TOGO\u00a0: Parck Kyongsig d\u00e9sign\u00e9 nouvel Ambassadeur non r\u00e9sidant -","isPartOf":{"@id":"https:\/\/macite.tg\/#website"},"primaryImageOfPage":{"@id":"https:\/\/macite.tg\/?p=15761#primaryimage"},"image":{"@id":"https:\/\/macite.tg\/?p=15761#primaryimage"},"thumbnailUrl":"https:\/\/macite.tg\/wp-content\/uploads\/2024\/07\/Diplomatie.jpg","datePublished":"2024-08-01T10:26:33+00:00","dateModified":"2024-08-01T10:26:34+00:00","author":{"@id":"https:\/\/macite.tg\/#\/schema\/person\/e9f2de7e5dbbe7770a9402c7ce82f5c2"},"breadcrumb":{"@id":"https:\/\/macite.tg\/?p=15761#breadcrumb"},"inLanguage":"fr-FR","potentialAction":[{"@type":"ReadAction","target":["https:\/\/macite.tg\/?p=15761"]}]},{"@type":"ImageObject","inLanguage":"fr-FR","@id":"https:\/\/macite.tg\/?p=15761#primaryimage","url":"https:\/\/macite.tg\/wp-content\/uploads\/2024\/07\/Diplomatie.jpg","contentUrl":"https:\/\/macite.tg\/wp-content\/uploads\/2024\/07\/Diplomatie.jpg","width":500,"height":332,"caption":"Park Kyongsig (g) et le Prof Robert Dussey (dt)"},{"@type":"BreadcrumbList","@id":"https:\/\/macite.tg\/?p=15761#breadcrumb","itemListElement":[{"@type":"ListItem","position":1,"name":"Accueil","item":"https:\/\/macite.tg\/"},{"@type":"ListItem","position":2,"name":"COOPERATION COREE DU SUD \u2013 TOGO\u00a0: Parck Kyongsig d\u00e9sign\u00e9 nouvel Ambassadeur non r\u00e9sidant"}]},{"@type":"WebSite","@id":"https:\/\/macite.tg\/#website","url":"https:\/\/macite.tg\/","name":"","description":"L&#039;information, la bonne!!!","potentialAction":[{"@type":"SearchAction","target":{"@type":"EntryPoint","urlTemplate":"https:\/\/macite.tg\/?s={search_term_string}"},"query-input":{"@type":"PropertyValueSpecification","valueRequired":true,"valueName":"search_term_string"}}],"inLanguage":"fr-FR"},{"@type":"Person","@id":"https:\/\/macite.tg\/#\/schema\/person\/e9f2de7e5dbbe7770a9402c7ce82f5c2","name":"Jean Pierre BAWELA","image":{"@type":"ImageObject","inLanguage":"fr-FR","@id":"https:\/\/macite.tg\/wp-content\/uploads\/2023\/09\/WhatsApp-Image-2023-09-19-at-14.44.41-122x122.jpeg","url":"https:\/\/macite.tg\/wp-content\/uploads\/2023\/09\/WhatsApp-Image-2023-09-19-at-14.44.41-122x122.jpeg","contentUrl":"https:\/\/macite.tg\/wp-content\/uploads\/2023\/09\/WhatsApp-Image-2023-09-19-at-14.44.41-122x122.jpeg","caption":"Jean Pierre BAWELA"},"url":"https:\/\/macite.tg\/?author=2"}]}},"_links":{"self":[{"href":"https:\/\/macite.tg\/index.php?rest_route=\/wp\/v2\/posts\/15761","targetHints":{"allow":["GET"]}}],"collection":[{"href":"https:\/\/macite.tg\/index.php?rest_route=\/wp\/v2\/posts"}],"about":[{"href":"https:\/\/macite.tg\/index.php?rest_route=\/wp\/v2\/types\/post"}],"author":[{"embeddable":true,"href":"https:\/\/macite.tg\/index.php?rest_route=\/wp\/v2\/users\/2"}],"replies":[{"embeddable":true,"href":"https:\/\/macite.tg\/index.php?rest_route=%2Fwp%2Fv2%2Fcomments&post=15761"}],"version-history":[{"count":0,"href":"https:\/\/macite.tg\/index.php?rest_route=\/wp\/v2\/posts\/15761\/revisions"}],"wp:featuredmedia":[{"embeddable":true,"href":"https:\/\/macite.tg\/index.php?rest_route=\/wp\/v2\/media\/15762"}],"wp:attachment":[{"href":"https:\/\/macite.tg\/index.php?rest_route=%2Fwp%2Fv2%2Fmedia&parent=15761"}],"wp:term":[{"taxonomy":"category","embeddable":true,"href":"https:\/\/macite.tg\/index.php?rest_route=%2Fwp%2Fv2%2Fcategories&post=15761"},{"taxonomy":"post_tag","embeddable":true,"href":"https:\/\/macite.tg\/index.php?rest_route=%2Fwp%2Fv2%2Ftags&post=15761"}],"curies":[{"name":"wp","href":"https:\/\/api.w.org\/{rel}","templated":true}]}}