{"id":15758,"date":"2024-07-31T20:13:23","date_gmt":"2024-07-31T20:13:23","guid":{"rendered":"https:\/\/macite.tg\/?p=15758"},"modified":"2024-07-31T20:13:27","modified_gmt":"2024-07-31T20:13:27","slug":"guinee-proces-des-massacres-de-2009-a-conakry-dadis-camara-declare-coupable-de-crimes-contre-lhumanite-ecope-de-20-ans-de-prison","status":"publish","type":"post","link":"https:\/\/macite.tg\/?p=15758","title":{"rendered":"GUINEE\/ PROCES DES MASSACRES DE 2009 A CONAKRY\u00a0: Dadis Camara d\u00e9clar\u00e9 coupable de \u00ab crimes contre l\u2019humanit\u00e9 \u00bb, \u00e9cope de 20 ans de prison"},"content":{"rendered":"\n<p class=\"wp-block-paragraph\"><strong><em>Moussa Dadis Camara, qui a \u00e9t\u00e9 \u00e0 la t\u00eate de la Guin\u00e9e pendant un an, de 2008 \u00e0 2009, a \u00e9t\u00e9 reconnu coupable de \u00ab crimes contre l\u2019humanit\u00e9 \u00bb le 31 juillet 2024 \u00e0 Dixinn, dans le cadre du proc\u00e8s des massacres de 2009 \u00e0 Conakry. La cour de Dixinn doit encore prononcer sa peine aujourd\u2019hui. Le 28 septembre 2009, au moins 156 personnes ont \u00e9t\u00e9 tu\u00e9es et des centaines d\u2019autres bless\u00e9es lors de la r\u00e9pression d\u2019une manifestation de l\u2019opposition dans un stade de Conakry et ses environs. Au moins 109 femmes ont \u00e9galement \u00e9t\u00e9 victimes de viol.<\/em><\/strong> <\/p>\n\n\n\n<p class=\"wp-block-paragraph\">C\u2019est un jour marquant pour la Guin\u00e9e, car c\u2019est la premi\u00e8re fois qu\u2019un ancien pr\u00e9sident, Moussa Dadis Camara, qui a dirig\u00e9 le pays pendant un an, est jug\u00e9. L\u2019audience s\u2019est d\u00e9roul\u00e9e le 31 juillet 2024 dans un tribunal de Conakry, sous une forte pr\u00e9sence polici\u00e8re. Dix des onze accus\u00e9s, dont Moussa Dadis Camara, \u00e9taient pr\u00e9sents ; le douzi\u00e8me, Claude Pivi, ancien ministre de la S\u00e9curit\u00e9 pr\u00e9sidentielle en 2009, est toujours en fuite apr\u00e8s s\u2019\u00eatre \u00e9chapp\u00e9 de son centre de d\u00e9tention en novembre 2023.<\/p>\n\n\n<div class=\"wp-block-image\">\n<figure class=\"aligncenter size-large is-resized\"><img loading=\"lazy\" decoding=\"async\" src=\"https:\/\/macite.tg\/wp-content\/uploads\/2024\/07\/7f44bc18-2883-4563-9cba-d78a98c033b1-703x1024.jpg\" alt=\"\" class=\"wp-image-15699\" width=\"403\" height=\"587\" srcset=\"https:\/\/macite.tg\/wp-content\/uploads\/2024\/07\/7f44bc18-2883-4563-9cba-d78a98c033b1-703x1024.jpg 703w, https:\/\/macite.tg\/wp-content\/uploads\/2024\/07\/7f44bc18-2883-4563-9cba-d78a98c033b1-206x300.jpg 206w, https:\/\/macite.tg\/wp-content\/uploads\/2024\/07\/7f44bc18-2883-4563-9cba-d78a98c033b1.jpg 720w\" sizes=\"auto, (max-width: 403px) 100vw, 403px\" \/><\/figure>\n<\/div>\n\n\n<p class=\"wp-block-paragraph\">La sc\u00e8ne contrastait fortement avec la premi\u00e8re audience, tenue presque deux ans auparavant, le 28 septembre 2022, o\u00f9 la salle \u00e9tait comble, remplie de victimes portant des boubous color\u00e9s. Cette fois-ci, beaucoup ont choisi de rester chez eux, le c\u0153ur lourd, pour suivre le dernier acte de ce proc\u00e8s exceptionnel \u00e0 la t\u00e9l\u00e9vision. <\/p>\n\n\n\n<p class=\"wp-block-paragraph\">\u00c0 l\u2019approche du verdict, une certaine anxi\u00e9t\u00e9 s\u2019est install\u00e9e parmi ceux qui ont t\u00e9moign\u00e9 pendant des mois contre les accus\u00e9s, tous militaires et anciens hauts responsables de l\u2019\u00c9tat.<\/p>\n\n\n<div class=\"wp-block-image\">\n<figure class=\"aligncenter size-full is-resized\"><img loading=\"lazy\" decoding=\"async\" src=\"https:\/\/macite.tg\/wp-content\/uploads\/2024\/07\/IMG-20240313-WA0013-2.jpg\" alt=\"\" class=\"wp-image-15595\" width=\"840\" height=\"207\" srcset=\"https:\/\/macite.tg\/wp-content\/uploads\/2024\/07\/IMG-20240313-WA0013-2.jpg 690w, https:\/\/macite.tg\/wp-content\/uploads\/2024\/07\/IMG-20240313-WA0013-2-300x74.jpg 300w\" sizes=\"auto, (max-width: 840px) 100vw, 840px\" \/><\/figure>\n<\/div>\n\n\n<p class=\"wp-block-paragraph\">Le 28 septembre 2009, selon un rapport d\u2019une commission d\u2019enqu\u00eate internationale mandat\u00e9e par l\u2019ONU, au moins 156 personnes ont \u00e9t\u00e9 tu\u00e9es par balle, \u00e0 l\u2019arme blanche ou \u00e0 la ba\u00efonnette, et des centaines ont \u00e9t\u00e9 bless\u00e9es lors de la r\u00e9pression d\u2019une manifestation de l\u2019opposition dans un stade de Conakry et ses environs.<\/p>\n\n\n\n<p class=\"wp-block-paragraph\">Au moins 109 femmes ont \u00e9galement \u00e9t\u00e9 victimes de viol. Ce proc\u00e8s, d\u2019une importance particuli\u00e8re, a \u00e9t\u00e9 ouvert le 28 septembre 2022, date anniversaire des \u00e9v\u00e9nements, et a \u00e9t\u00e9 suivi de pr\u00e8s en Guin\u00e9e et au-del\u00e0, avec une diffusion quotidienne \u00e0 la t\u00e9l\u00e9vision guin\u00e9enne et sur YouTube.<\/p>\n\n\n\n<p class=\"wp-block-paragraph\">Au finish, l&rsquo;ex-dictateur Moussa Dadis Camara a \u00e9t\u00e9 condamn\u00e9 \u00e0 vingt ans d&#8217;emprisonnement pour crimes contre l&rsquo;humanit\u00e9, pour sa responsabilit\u00e9 dans ce massacre.<\/p>\n\n\n<div class=\"wp-block-image\">\n<figure class=\"aligncenter size-full is-resized\"><img loading=\"lazy\" decoding=\"async\" src=\"https:\/\/macite.tg\/wp-content\/uploads\/2024\/07\/88c62692-46fa-48fc-8489-9b0360abc212.jpg\" alt=\"\" class=\"wp-image-15697\" width=\"456\" height=\"629\" srcset=\"https:\/\/macite.tg\/wp-content\/uploads\/2024\/07\/88c62692-46fa-48fc-8489-9b0360abc212.jpg 720w, https:\/\/macite.tg\/wp-content\/uploads\/2024\/07\/88c62692-46fa-48fc-8489-9b0360abc212-218x300.jpg 218w\" sizes=\"auto, (max-width: 456px) 100vw, 456px\" \/><\/figure>\n<\/div>\n\n\n<p class=\"wp-block-paragraph\">Sept autres accus\u00e9s ont aussi \u00e9t\u00e9 condamn\u00e9s \u00e0 des peines s&rsquo;\u00e9levant jusqu&rsquo;\u00e0 la prison \u00e0 perp\u00e9tuit\u00e9 \u00e0 l&rsquo;issue d&rsquo;un proc\u00e8s historique qui a dur\u00e9 pr\u00e8s de deux ans.<\/p>\n\n\n\n<p class=\"wp-block-paragraph\"><a><strong><em>@macite.tg&nbsp;&nbsp;&nbsp;&nbsp;&nbsp;&nbsp;&nbsp;&nbsp;<\/em><\/strong><\/a><\/p>\n\n\n\n<p class=\"wp-block-paragraph\"><strong><em>E-mail&nbsp;: <\/em><\/strong><a href=\"mailto:maciteinfo@gmail.com\"><strong><em>maciteinfo@gmail.com<\/em><\/strong><\/a><strong><em>; <\/em><\/strong><a href=\"mailto:bawela1@gmail.com\"><strong><em>bawela1@gmail.com<\/em><\/strong><\/a><strong><em><\/em><\/strong><\/p>\n\n\n\n<p class=\"wp-block-paragraph\"><strong><em>Pour vos annonces, (publi)reportages, etc., joignez-nous au (00228)91515309\/<strong>79872224 <\/strong>www.macite.tg, L\u2019information, la bonne&nbsp;!<\/em><\/strong><\/p>\n","protected":false},"excerpt":{"rendered":"<p class=\"text-justify mb-2\" >Moussa Dadis Camara, qui a \u00e9t\u00e9 \u00e0 la t\u00eate de la Guin\u00e9e pendant un an, de 2008 \u00e0 2009, a \u00e9t\u00e9 reconnu coupable de \u00ab crimes contre l\u2019humanit\u00e9 \u00bb le 31 juillet 2024 \u00e0 Dixinn, dans le cadre du proc\u00e8s des massacres de 2009 \u00e0 [&hellip;]<\/p>\n","protected":false},"author":2,"featured_media":15759,"comment_status":"open","ping_status":"open","sticky":false,"template":"","format":"standard","meta":{"footnotes":""},"categories":[20,26],"tags":[],"class_list":["post-15758","post","type-post","status-publish","format-standard","has-post-thumbnail","hentry","category-actualite","category-justice"],"yoast_head":"<!-- This site is optimized with the Yoast SEO plugin v28.4 - https:\/\/yoast.com\/product\/yoast-seo-wordpress\/ -->\n<title>GUINEE\/ PROCES DES MASSACRES DE 2009 A CONAKRY\u00a0: Dadis Camara d\u00e9clar\u00e9 coupable de \u00ab crimes contre l\u2019humanit\u00e9 \u00bb, \u00e9cope de 20 ans de prison -<\/title>\n<meta name=\"robots\" content=\"index, follow, max-snippet:-1, max-image-preview:large, max-video-preview:-1\" \/>\n<link rel=\"canonical\" href=\"https:\/\/macite.tg\/?p=15758\" \/>\n<meta property=\"og:locale\" content=\"fr_FR\" \/>\n<meta property=\"og:type\" content=\"article\" \/>\n<meta property=\"og:title\" content=\"GUINEE\/ PROCES DES MASSACRES DE 2009 A CONAKRY\u00a0: Dadis Camara d\u00e9clar\u00e9 coupable de \u00ab crimes contre l\u2019humanit\u00e9 \u00bb, \u00e9cope de 20 ans de prison -\" \/>\n<meta property=\"og:description\" content=\"Moussa Dadis Camara, qui a \u00e9t\u00e9 \u00e0 la t\u00eate de la Guin\u00e9e pendant un an, de 2008 \u00e0 2009, a \u00e9t\u00e9 reconnu coupable de \u00ab crimes contre l\u2019humanit\u00e9 \u00bb le 31 juillet 2024 \u00e0 Dixinn, dans le cadre du proc\u00e8s des massacres de 2009 \u00e0 [&hellip;]\" \/>\n<meta property=\"og:url\" content=\"https:\/\/macite.tg\/?p=15758\" \/>\n<meta property=\"article:published_time\" content=\"2024-07-31T20:13:23+00:00\" \/>\n<meta property=\"article:modified_time\" content=\"2024-07-31T20:13:27+00:00\" \/>\n<meta property=\"og:image\" content=\"https:\/\/macite.tg\/wp-content\/uploads\/2024\/07\/image-60.png\" \/>\n\t<meta property=\"og:image:width\" content=\"409\" \/>\n\t<meta property=\"og:image:height\" content=\"237\" \/>\n\t<meta property=\"og:image:type\" content=\"image\/png\" \/>\n<meta name=\"author\" content=\"Jean Pierre BAWELA\" \/>\n<meta name=\"twitter:card\" content=\"summary_large_image\" \/>\n<meta name=\"twitter:label1\" content=\"\u00c9crit par\" \/>\n\t<meta name=\"twitter:data1\" content=\"Jean Pierre BAWELA\" \/>\n\t<meta name=\"twitter:label2\" content=\"Dur\u00e9e de lecture estim\u00e9e\" \/>\n\t<meta name=\"twitter:data2\" content=\"2 minutes\" \/>\n<script type=\"application\/ld+json\" class=\"yoast-schema-graph\">{\"@context\":\"https:\\\/\\\/schema.org\",\"@graph\":[{\"@type\":\"Article\",\"@id\":\"https:\\\/\\\/macite.tg\\\/?p=15758#article\",\"isPartOf\":{\"@id\":\"https:\\\/\\\/macite.tg\\\/?p=15758\"},\"author\":{\"name\":\"Jean Pierre BAWELA\",\"@id\":\"https:\\\/\\\/macite.tg\\\/#\\\/schema\\\/person\\\/e9f2de7e5dbbe7770a9402c7ce82f5c2\"},\"headline\":\"GUINEE\\\/ PROCES DES MASSACRES DE 2009 A CONAKRY\u00a0: Dadis Camara d\u00e9clar\u00e9 coupable de \u00ab crimes contre l\u2019humanit\u00e9 \u00bb, \u00e9cope de 20 ans de prison\",\"datePublished\":\"2024-07-31T20:13:23+00:00\",\"dateModified\":\"2024-07-31T20:13:27+00:00\",\"mainEntityOfPage\":{\"@id\":\"https:\\\/\\\/macite.tg\\\/?p=15758\"},\"wordCount\":508,\"commentCount\":0,\"image\":{\"@id\":\"https:\\\/\\\/macite.tg\\\/?p=15758#primaryimage\"},\"thumbnailUrl\":\"https:\\\/\\\/macite.tg\\\/wp-content\\\/uploads\\\/2024\\\/07\\\/image-60.png\",\"articleSection\":[\"ACTUALITE\",\"JUSTICE\"],\"inLanguage\":\"fr-FR\",\"potentialAction\":[{\"@type\":\"CommentAction\",\"name\":\"Comment\",\"target\":[\"https:\\\/\\\/macite.tg\\\/?p=15758#respond\"]}]},{\"@type\":\"WebPage\",\"@id\":\"https:\\\/\\\/macite.tg\\\/?p=15758\",\"url\":\"https:\\\/\\\/macite.tg\\\/?p=15758\",\"name\":\"GUINEE\\\/ PROCES DES MASSACRES DE 2009 A CONAKRY\u00a0: Dadis Camara d\u00e9clar\u00e9 coupable de \u00ab crimes contre l\u2019humanit\u00e9 \u00bb, \u00e9cope de 20 ans de prison -\",\"isPartOf\":{\"@id\":\"https:\\\/\\\/macite.tg\\\/#website\"},\"primaryImageOfPage\":{\"@id\":\"https:\\\/\\\/macite.tg\\\/?p=15758#primaryimage\"},\"image\":{\"@id\":\"https:\\\/\\\/macite.tg\\\/?p=15758#primaryimage\"},\"thumbnailUrl\":\"https:\\\/\\\/macite.tg\\\/wp-content\\\/uploads\\\/2024\\\/07\\\/image-60.png\",\"datePublished\":\"2024-07-31T20:13:23+00:00\",\"dateModified\":\"2024-07-31T20:13:27+00:00\",\"author\":{\"@id\":\"https:\\\/\\\/macite.tg\\\/#\\\/schema\\\/person\\\/e9f2de7e5dbbe7770a9402c7ce82f5c2\"},\"breadcrumb\":{\"@id\":\"https:\\\/\\\/macite.tg\\\/?p=15758#breadcrumb\"},\"inLanguage\":\"fr-FR\",\"potentialAction\":[{\"@type\":\"ReadAction\",\"target\":[\"https:\\\/\\\/macite.tg\\\/?p=15758\"]}]},{\"@type\":\"ImageObject\",\"inLanguage\":\"fr-FR\",\"@id\":\"https:\\\/\\\/macite.tg\\\/?p=15758#primaryimage\",\"url\":\"https:\\\/\\\/macite.tg\\\/wp-content\\\/uploads\\\/2024\\\/07\\\/image-60.png\",\"contentUrl\":\"https:\\\/\\\/macite.tg\\\/wp-content\\\/uploads\\\/2024\\\/07\\\/image-60.png\",\"width\":409,\"height\":237,\"caption\":\"L'ex-dictateur Moussa Dadis Camara\"},{\"@type\":\"BreadcrumbList\",\"@id\":\"https:\\\/\\\/macite.tg\\\/?p=15758#breadcrumb\",\"itemListElement\":[{\"@type\":\"ListItem\",\"position\":1,\"name\":\"Accueil\",\"item\":\"https:\\\/\\\/macite.tg\\\/\"},{\"@type\":\"ListItem\",\"position\":2,\"name\":\"GUINEE\\\/ PROCES DES MASSACRES DE 2009 A CONAKRY\u00a0: Dadis Camara d\u00e9clar\u00e9 coupable de \u00ab crimes contre l\u2019humanit\u00e9 \u00bb, \u00e9cope de 20 ans de prison\"}]},{\"@type\":\"WebSite\",\"@id\":\"https:\\\/\\\/macite.tg\\\/#website\",\"url\":\"https:\\\/\\\/macite.tg\\\/\",\"name\":\"\",\"description\":\"L&#039;information, la bonne!!!\",\"potentialAction\":[{\"@type\":\"SearchAction\",\"target\":{\"@type\":\"EntryPoint\",\"urlTemplate\":\"https:\\\/\\\/macite.tg\\\/?s={search_term_string}\"},\"query-input\":{\"@type\":\"PropertyValueSpecification\",\"valueRequired\":true,\"valueName\":\"search_term_string\"}}],\"inLanguage\":\"fr-FR\"},{\"@type\":\"Person\",\"@id\":\"https:\\\/\\\/macite.tg\\\/#\\\/schema\\\/person\\\/e9f2de7e5dbbe7770a9402c7ce82f5c2\",\"name\":\"Jean Pierre BAWELA\",\"image\":{\"@type\":\"ImageObject\",\"inLanguage\":\"fr-FR\",\"@id\":\"https:\\\/\\\/macite.tg\\\/wp-content\\\/uploads\\\/2023\\\/09\\\/WhatsApp-Image-2023-09-19-at-14.44.41-122x122.jpeg\",\"url\":\"https:\\\/\\\/macite.tg\\\/wp-content\\\/uploads\\\/2023\\\/09\\\/WhatsApp-Image-2023-09-19-at-14.44.41-122x122.jpeg\",\"contentUrl\":\"https:\\\/\\\/macite.tg\\\/wp-content\\\/uploads\\\/2023\\\/09\\\/WhatsApp-Image-2023-09-19-at-14.44.41-122x122.jpeg\",\"caption\":\"Jean Pierre BAWELA\"},\"url\":\"https:\\\/\\\/macite.tg\\\/?author=2\"}]}<\/script>\n<!-- \/ Yoast SEO plugin. -->","yoast_head_json":{"title":"GUINEE\/ PROCES DES MASSACRES DE 2009 A CONAKRY\u00a0: Dadis Camara d\u00e9clar\u00e9 coupable de \u00ab crimes contre l\u2019humanit\u00e9 \u00bb, \u00e9cope de 20 ans de prison -","robots":{"index":"index","follow":"follow","max-snippet":"max-snippet:-1","max-image-preview":"max-image-preview:large","max-video-preview":"max-video-preview:-1"},"canonical":"https:\/\/macite.tg\/?p=15758","og_locale":"fr_FR","og_type":"article","og_title":"GUINEE\/ PROCES DES MASSACRES DE 2009 A CONAKRY\u00a0: Dadis Camara d\u00e9clar\u00e9 coupable de \u00ab crimes contre l\u2019humanit\u00e9 \u00bb, \u00e9cope de 20 ans de prison -","og_description":"Moussa Dadis Camara, qui a \u00e9t\u00e9 \u00e0 la t\u00eate de la Guin\u00e9e pendant un an, de 2008 \u00e0 2009, a \u00e9t\u00e9 reconnu coupable de \u00ab crimes contre l\u2019humanit\u00e9 \u00bb le 31 juillet 2024 \u00e0 Dixinn, dans le cadre du proc\u00e8s des massacres de 2009 \u00e0 [&hellip;]","og_url":"https:\/\/macite.tg\/?p=15758","article_published_time":"2024-07-31T20:13:23+00:00","article_modified_time":"2024-07-31T20:13:27+00:00","og_image":[{"width":409,"height":237,"url":"https:\/\/macite.tg\/wp-content\/uploads\/2024\/07\/image-60.png","type":"image\/png"}],"author":"Jean Pierre BAWELA","twitter_card":"summary_large_image","twitter_misc":{"\u00c9crit par":"Jean Pierre BAWELA","Dur\u00e9e de lecture estim\u00e9e":"2 minutes"},"schema":{"@context":"https:\/\/schema.org","@graph":[{"@type":"Article","@id":"https:\/\/macite.tg\/?p=15758#article","isPartOf":{"@id":"https:\/\/macite.tg\/?p=15758"},"author":{"name":"Jean Pierre BAWELA","@id":"https:\/\/macite.tg\/#\/schema\/person\/e9f2de7e5dbbe7770a9402c7ce82f5c2"},"headline":"GUINEE\/ PROCES DES MASSACRES DE 2009 A CONAKRY\u00a0: Dadis Camara d\u00e9clar\u00e9 coupable de \u00ab crimes contre l\u2019humanit\u00e9 \u00bb, \u00e9cope de 20 ans de prison","datePublished":"2024-07-31T20:13:23+00:00","dateModified":"2024-07-31T20:13:27+00:00","mainEntityOfPage":{"@id":"https:\/\/macite.tg\/?p=15758"},"wordCount":508,"commentCount":0,"image":{"@id":"https:\/\/macite.tg\/?p=15758#primaryimage"},"thumbnailUrl":"https:\/\/macite.tg\/wp-content\/uploads\/2024\/07\/image-60.png","articleSection":["ACTUALITE","JUSTICE"],"inLanguage":"fr-FR","potentialAction":[{"@type":"CommentAction","name":"Comment","target":["https:\/\/macite.tg\/?p=15758#respond"]}]},{"@type":"WebPage","@id":"https:\/\/macite.tg\/?p=15758","url":"https:\/\/macite.tg\/?p=15758","name":"GUINEE\/ PROCES DES MASSACRES DE 2009 A CONAKRY\u00a0: Dadis Camara d\u00e9clar\u00e9 coupable de \u00ab crimes contre l\u2019humanit\u00e9 \u00bb, \u00e9cope de 20 ans de prison -","isPartOf":{"@id":"https:\/\/macite.tg\/#website"},"primaryImageOfPage":{"@id":"https:\/\/macite.tg\/?p=15758#primaryimage"},"image":{"@id":"https:\/\/macite.tg\/?p=15758#primaryimage"},"thumbnailUrl":"https:\/\/macite.tg\/wp-content\/uploads\/2024\/07\/image-60.png","datePublished":"2024-07-31T20:13:23+00:00","dateModified":"2024-07-31T20:13:27+00:00","author":{"@id":"https:\/\/macite.tg\/#\/schema\/person\/e9f2de7e5dbbe7770a9402c7ce82f5c2"},"breadcrumb":{"@id":"https:\/\/macite.tg\/?p=15758#breadcrumb"},"inLanguage":"fr-FR","potentialAction":[{"@type":"ReadAction","target":["https:\/\/macite.tg\/?p=15758"]}]},{"@type":"ImageObject","inLanguage":"fr-FR","@id":"https:\/\/macite.tg\/?p=15758#primaryimage","url":"https:\/\/macite.tg\/wp-content\/uploads\/2024\/07\/image-60.png","contentUrl":"https:\/\/macite.tg\/wp-content\/uploads\/2024\/07\/image-60.png","width":409,"height":237,"caption":"L'ex-dictateur Moussa Dadis Camara"},{"@type":"BreadcrumbList","@id":"https:\/\/macite.tg\/?p=15758#breadcrumb","itemListElement":[{"@type":"ListItem","position":1,"name":"Accueil","item":"https:\/\/macite.tg\/"},{"@type":"ListItem","position":2,"name":"GUINEE\/ PROCES DES MASSACRES DE 2009 A CONAKRY\u00a0: Dadis Camara d\u00e9clar\u00e9 coupable de \u00ab crimes contre l\u2019humanit\u00e9 \u00bb, \u00e9cope de 20 ans de prison"}]},{"@type":"WebSite","@id":"https:\/\/macite.tg\/#website","url":"https:\/\/macite.tg\/","name":"","description":"L&#039;information, la bonne!!!","potentialAction":[{"@type":"SearchAction","target":{"@type":"EntryPoint","urlTemplate":"https:\/\/macite.tg\/?s={search_term_string}"},"query-input":{"@type":"PropertyValueSpecification","valueRequired":true,"valueName":"search_term_string"}}],"inLanguage":"fr-FR"},{"@type":"Person","@id":"https:\/\/macite.tg\/#\/schema\/person\/e9f2de7e5dbbe7770a9402c7ce82f5c2","name":"Jean Pierre BAWELA","image":{"@type":"ImageObject","inLanguage":"fr-FR","@id":"https:\/\/macite.tg\/wp-content\/uploads\/2023\/09\/WhatsApp-Image-2023-09-19-at-14.44.41-122x122.jpeg","url":"https:\/\/macite.tg\/wp-content\/uploads\/2023\/09\/WhatsApp-Image-2023-09-19-at-14.44.41-122x122.jpeg","contentUrl":"https:\/\/macite.tg\/wp-content\/uploads\/2023\/09\/WhatsApp-Image-2023-09-19-at-14.44.41-122x122.jpeg","caption":"Jean Pierre BAWELA"},"url":"https:\/\/macite.tg\/?author=2"}]}},"_links":{"self":[{"href":"https:\/\/macite.tg\/index.php?rest_route=\/wp\/v2\/posts\/15758","targetHints":{"allow":["GET"]}}],"collection":[{"href":"https:\/\/macite.tg\/index.php?rest_route=\/wp\/v2\/posts"}],"about":[{"href":"https:\/\/macite.tg\/index.php?rest_route=\/wp\/v2\/types\/post"}],"author":[{"embeddable":true,"href":"https:\/\/macite.tg\/index.php?rest_route=\/wp\/v2\/users\/2"}],"replies":[{"embeddable":true,"href":"https:\/\/macite.tg\/index.php?rest_route=%2Fwp%2Fv2%2Fcomments&post=15758"}],"version-history":[{"count":0,"href":"https:\/\/macite.tg\/index.php?rest_route=\/wp\/v2\/posts\/15758\/revisions"}],"wp:featuredmedia":[{"embeddable":true,"href":"https:\/\/macite.tg\/index.php?rest_route=\/wp\/v2\/media\/15759"}],"wp:attachment":[{"href":"https:\/\/macite.tg\/index.php?rest_route=%2Fwp%2Fv2%2Fmedia&parent=15758"}],"wp:term":[{"taxonomy":"category","embeddable":true,"href":"https:\/\/macite.tg\/index.php?rest_route=%2Fwp%2Fv2%2Fcategories&post=15758"},{"taxonomy":"post_tag","embeddable":true,"href":"https:\/\/macite.tg\/index.php?rest_route=%2Fwp%2Fv2%2Ftags&post=15758"}],"curies":[{"name":"wp","href":"https:\/\/api.w.org\/{rel}","templated":true}]}}