{"id":15754,"date":"2024-07-31T17:08:29","date_gmt":"2024-07-31T17:08:29","guid":{"rendered":"https:\/\/macite.tg\/?p=15754"},"modified":"2024-07-31T17:08:34","modified_gmt":"2024-07-31T17:08:34","slug":"partenariat-unicef-togo-dr-aissata-ba-sidibe-loue-les-efforts-engages-par-le-pays","status":"publish","type":"post","link":"https:\/\/macite.tg\/?p=15754","title":{"rendered":"PARTENARIAT UNICEF-TOGO : Dr Aissata Ba Sidib\u00e9 loue les efforts engag\u00e9s par le pays \u2026"},"content":{"rendered":"\n<p class=\"wp-block-paragraph\"><strong><em>Le lundi 29 juillet dernier, le Chef de l\u2019Etat, Faure Gnassingb\u00e9, a re\u00e7u en audience, la Repr\u00e9sentant-r\u00e9sidente du Fonds des Nations Unies pour l\u2019enfance (Unicef), Dr Aissata Ba Sidib\u00e9. Au menu des \u00e9changes, le point du partenariat entre les deux parties, entre autres.<\/em><\/strong><\/p>\n\n\n\n<p class=\"wp-block-paragraph\">La Repr\u00e9sentante-r\u00e9sidente de l\u2019Unicef, Dr Aissata Ba Sidib\u00e9, apr\u00e8s cinq ann\u00e9es, est au terme de sa mission au Togo. Lundi 29 juillet dernier, elle est all\u00e9e faire le point de la coop\u00e9ration de l\u2019institution onusienne avec le Togo, au Pr\u00e9sident de la R\u00e9publique, Faure Essozimna Gnassingb\u00e9.<\/p>\n\n\n<div class=\"wp-block-image\">\n<figure class=\"aligncenter size-full is-resized\"><img loading=\"lazy\" decoding=\"async\" src=\"https:\/\/macite.tg\/wp-content\/uploads\/2024\/07\/88c62692-46fa-48fc-8489-9b0360abc212.jpg\" alt=\"\" class=\"wp-image-15697\" width=\"421\" height=\"580\" srcset=\"https:\/\/macite.tg\/wp-content\/uploads\/2024\/07\/88c62692-46fa-48fc-8489-9b0360abc212.jpg 720w, https:\/\/macite.tg\/wp-content\/uploads\/2024\/07\/88c62692-46fa-48fc-8489-9b0360abc212-218x300.jpg 218w\" sizes=\"auto, (max-width: 421px) 100vw, 421px\" \/><\/figure>\n<\/div>\n\n\n<p class=\"wp-block-paragraph\">Le Togo a d\u00e9ploy\u00e9, ces derni\u00e8res ann\u00e9es, plusieurs initiatives dans l\u2019optique d\u2019harmoniser le cadre l\u00e9gislatif et r\u00e9glementaire avec les conventions et trait\u00e9s r\u00e9gionaux et internationaux relatifs aux droits de l\u2019enfant, a indiqu\u00e9 la d\u00e9sormais ex Repr\u00e9sentante-r\u00e9sidente de l\u2019Unicef, apr\u00e8s s\u2019\u00eatre f\u00e9licit\u00e9e de la qualit\u00e9 des relations entre les deux parties.<\/p>\n\n\n\n<p class=\"wp-block-paragraph\">Selon Dr Assisata Ba Sidib\u00e9, la coop\u00e9ration entre l\u2019institution onusienne et le Togo s\u2019est renforc\u00e9e, avec un accent particulier mis l\u2019impact des interventions sur le terrain. Le Programme d\u2019urgence de r\u00e9silience dans les Savanes (Purs) en est un exemple palpable de cette nouvelle dynamique.&nbsp;&nbsp;<\/p>\n\n\n<div class=\"wp-block-image\">\n<figure class=\"aligncenter size-large is-resized\"><img loading=\"lazy\" decoding=\"async\" src=\"https:\/\/macite.tg\/wp-content\/uploads\/2024\/07\/7f44bc18-2883-4563-9cba-d78a98c033b1-703x1024.jpg\" alt=\"\" class=\"wp-image-15699\" width=\"455\" height=\"663\" srcset=\"https:\/\/macite.tg\/wp-content\/uploads\/2024\/07\/7f44bc18-2883-4563-9cba-d78a98c033b1-703x1024.jpg 703w, https:\/\/macite.tg\/wp-content\/uploads\/2024\/07\/7f44bc18-2883-4563-9cba-d78a98c033b1-206x300.jpg 206w, https:\/\/macite.tg\/wp-content\/uploads\/2024\/07\/7f44bc18-2883-4563-9cba-d78a98c033b1.jpg 720w\" sizes=\"auto, (max-width: 455px) 100vw, 455px\" \/><\/figure>\n<\/div>\n\n\n<p class=\"wp-block-paragraph\">Notons que pour la p\u00e9riode 2024-2026, un nouveau Cadre de coop\u00e9ration a \u00e9t\u00e9 formalis\u00e9. Il vise \u00e0 soutenir les efforts du gouvernement dans plusieurs domaines, notamment la sant\u00e9 maternelle, de lutte contre les Maladies et infections sexuellement transmissibles (Mst\/ Ist), d\u2019acc\u00e8s aux infrastructures d\u2019eau, d\u2019hygi\u00e8ne et d\u2019assainissement, d\u2019\u00e9ducation, de protection de l\u2019enfant, de formation des jeunes \u00e0 l\u2019entreprenariat et aux activit\u00e9s g\u00e9n\u00e9ratrices de revenus.<\/p>\n\n\n\n<p class=\"wp-block-paragraph\"><strong>La R\u00e9daction<\/strong><\/p>\n\n\n\n<p class=\"wp-block-paragraph\"><a><strong><em>@macite.tg&nbsp;&nbsp;&nbsp;&nbsp;&nbsp;&nbsp;&nbsp;&nbsp;<\/em><\/strong><\/a><\/p>\n\n\n\n<p class=\"wp-block-paragraph\"><strong><em>E-mail&nbsp;: <\/em><\/strong><a href=\"mailto:maciteinfo@gmail.com\"><strong><em>maciteinfo@gmail.com<\/em><\/strong><\/a><strong><em>; <\/em><\/strong><a href=\"mailto:bawela1@gmail.com\"><strong><em>bawela1@gmail.com<\/em><\/strong><\/a><strong><em><\/em><\/strong><\/p>\n\n\n\n<p class=\"wp-block-paragraph\"><strong><em>Pour vos annonces, (publi)reportages, etc., joignez-nous au (00228)91515309\/<strong>79872224 <\/strong>www.macite.tg, L\u2019information, la bonne&nbsp;!<\/em><\/strong><\/p>\n","protected":false},"excerpt":{"rendered":"<p class=\"text-justify mb-2\" >Le lundi 29 juillet dernier, le Chef de l\u2019Etat, Faure Gnassingb\u00e9, a re\u00e7u en audience, la Repr\u00e9sentant-r\u00e9sidente du Fonds des Nations Unies pour l\u2019enfance (Unicef), Dr Aissata Ba Sidib\u00e9. Au menu des \u00e9changes, le point du partenariat entre les deux parties, entre autres. La Repr\u00e9sentante-r\u00e9sidente [&hellip;]<\/p>\n","protected":false},"author":2,"featured_media":15756,"comment_status":"open","ping_status":"open","sticky":false,"template":"","format":"standard","meta":{"footnotes":""},"categories":[20,16],"tags":[],"class_list":["post-15754","post","type-post","status-publish","format-standard","has-post-thumbnail","hentry","category-actualite","category-cooperation"],"yoast_head":"<!-- This site is optimized with the Yoast SEO plugin v28.4 - https:\/\/yoast.com\/product\/yoast-seo-wordpress\/ -->\n<title>PARTENARIAT UNICEF-TOGO : Dr Aissata Ba Sidib\u00e9 loue les efforts engag\u00e9s par le pays \u2026 -<\/title>\n<meta name=\"robots\" content=\"index, follow, max-snippet:-1, max-image-preview:large, max-video-preview:-1\" \/>\n<link rel=\"canonical\" href=\"https:\/\/macite.tg\/?p=15754\" \/>\n<meta property=\"og:locale\" content=\"fr_FR\" \/>\n<meta property=\"og:type\" content=\"article\" \/>\n<meta property=\"og:title\" content=\"PARTENARIAT UNICEF-TOGO : Dr Aissata Ba Sidib\u00e9 loue les efforts engag\u00e9s par le pays \u2026 -\" \/>\n<meta property=\"og:description\" content=\"Le lundi 29 juillet dernier, le Chef de l\u2019Etat, Faure Gnassingb\u00e9, a re\u00e7u en audience, la Repr\u00e9sentant-r\u00e9sidente du Fonds des Nations Unies pour l\u2019enfance (Unicef), Dr Aissata Ba Sidib\u00e9. Au menu des \u00e9changes, le point du partenariat entre les deux parties, entre autres. La Repr\u00e9sentante-r\u00e9sidente [&hellip;]\" \/>\n<meta property=\"og:url\" content=\"https:\/\/macite.tg\/?p=15754\" \/>\n<meta property=\"article:published_time\" content=\"2024-07-31T17:08:29+00:00\" \/>\n<meta property=\"article:modified_time\" content=\"2024-07-31T17:08:34+00:00\" \/>\n<meta property=\"og:image\" content=\"https:\/\/macite.tg\/wp-content\/uploads\/2024\/07\/UNICEF.jpg\" \/>\n\t<meta property=\"og:image:width\" content=\"500\" \/>\n\t<meta property=\"og:image:height\" content=\"281\" \/>\n\t<meta property=\"og:image:type\" content=\"image\/jpeg\" \/>\n<meta name=\"author\" content=\"Jean Pierre BAWELA\" \/>\n<meta name=\"twitter:card\" content=\"summary_large_image\" \/>\n<meta name=\"twitter:label1\" content=\"\u00c9crit par\" \/>\n\t<meta name=\"twitter:data1\" content=\"Jean Pierre BAWELA\" \/>\n\t<meta name=\"twitter:label2\" content=\"Dur\u00e9e de lecture estim\u00e9e\" \/>\n\t<meta name=\"twitter:data2\" content=\"2 minutes\" \/>\n<script type=\"application\/ld+json\" class=\"yoast-schema-graph\">{\"@context\":\"https:\\\/\\\/schema.org\",\"@graph\":[{\"@type\":\"Article\",\"@id\":\"https:\\\/\\\/macite.tg\\\/?p=15754#article\",\"isPartOf\":{\"@id\":\"https:\\\/\\\/macite.tg\\\/?p=15754\"},\"author\":{\"name\":\"Jean Pierre BAWELA\",\"@id\":\"https:\\\/\\\/macite.tg\\\/#\\\/schema\\\/person\\\/e9f2de7e5dbbe7770a9402c7ce82f5c2\"},\"headline\":\"PARTENARIAT UNICEF-TOGO : Dr Aissata Ba Sidib\u00e9 loue les efforts engag\u00e9s par le pays \u2026\",\"datePublished\":\"2024-07-31T17:08:29+00:00\",\"dateModified\":\"2024-07-31T17:08:34+00:00\",\"mainEntityOfPage\":{\"@id\":\"https:\\\/\\\/macite.tg\\\/?p=15754\"},\"wordCount\":350,\"commentCount\":0,\"image\":{\"@id\":\"https:\\\/\\\/macite.tg\\\/?p=15754#primaryimage\"},\"thumbnailUrl\":\"https:\\\/\\\/macite.tg\\\/wp-content\\\/uploads\\\/2024\\\/07\\\/UNICEF.jpg\",\"articleSection\":[\"ACTUALITE\",\"COOPERATION\"],\"inLanguage\":\"fr-FR\",\"potentialAction\":[{\"@type\":\"CommentAction\",\"name\":\"Comment\",\"target\":[\"https:\\\/\\\/macite.tg\\\/?p=15754#respond\"]}]},{\"@type\":\"WebPage\",\"@id\":\"https:\\\/\\\/macite.tg\\\/?p=15754\",\"url\":\"https:\\\/\\\/macite.tg\\\/?p=15754\",\"name\":\"PARTENARIAT UNICEF-TOGO : Dr Aissata Ba Sidib\u00e9 loue les efforts engag\u00e9s par le pays \u2026 -\",\"isPartOf\":{\"@id\":\"https:\\\/\\\/macite.tg\\\/#website\"},\"primaryImageOfPage\":{\"@id\":\"https:\\\/\\\/macite.tg\\\/?p=15754#primaryimage\"},\"image\":{\"@id\":\"https:\\\/\\\/macite.tg\\\/?p=15754#primaryimage\"},\"thumbnailUrl\":\"https:\\\/\\\/macite.tg\\\/wp-content\\\/uploads\\\/2024\\\/07\\\/UNICEF.jpg\",\"datePublished\":\"2024-07-31T17:08:29+00:00\",\"dateModified\":\"2024-07-31T17:08:34+00:00\",\"author\":{\"@id\":\"https:\\\/\\\/macite.tg\\\/#\\\/schema\\\/person\\\/e9f2de7e5dbbe7770a9402c7ce82f5c2\"},\"breadcrumb\":{\"@id\":\"https:\\\/\\\/macite.tg\\\/?p=15754#breadcrumb\"},\"inLanguage\":\"fr-FR\",\"potentialAction\":[{\"@type\":\"ReadAction\",\"target\":[\"https:\\\/\\\/macite.tg\\\/?p=15754\"]}]},{\"@type\":\"ImageObject\",\"inLanguage\":\"fr-FR\",\"@id\":\"https:\\\/\\\/macite.tg\\\/?p=15754#primaryimage\",\"url\":\"https:\\\/\\\/macite.tg\\\/wp-content\\\/uploads\\\/2024\\\/07\\\/UNICEF.jpg\",\"contentUrl\":\"https:\\\/\\\/macite.tg\\\/wp-content\\\/uploads\\\/2024\\\/07\\\/UNICEF.jpg\",\"width\":500,\"height\":281,\"caption\":\"Une vue de l'audience.\"},{\"@type\":\"BreadcrumbList\",\"@id\":\"https:\\\/\\\/macite.tg\\\/?p=15754#breadcrumb\",\"itemListElement\":[{\"@type\":\"ListItem\",\"position\":1,\"name\":\"Accueil\",\"item\":\"https:\\\/\\\/macite.tg\\\/\"},{\"@type\":\"ListItem\",\"position\":2,\"name\":\"PARTENARIAT UNICEF-TOGO : Dr Aissata Ba Sidib\u00e9 loue les efforts engag\u00e9s par le pays \u2026\"}]},{\"@type\":\"WebSite\",\"@id\":\"https:\\\/\\\/macite.tg\\\/#website\",\"url\":\"https:\\\/\\\/macite.tg\\\/\",\"name\":\"\",\"description\":\"L&#039;information, la bonne!!!\",\"potentialAction\":[{\"@type\":\"SearchAction\",\"target\":{\"@type\":\"EntryPoint\",\"urlTemplate\":\"https:\\\/\\\/macite.tg\\\/?s={search_term_string}\"},\"query-input\":{\"@type\":\"PropertyValueSpecification\",\"valueRequired\":true,\"valueName\":\"search_term_string\"}}],\"inLanguage\":\"fr-FR\"},{\"@type\":\"Person\",\"@id\":\"https:\\\/\\\/macite.tg\\\/#\\\/schema\\\/person\\\/e9f2de7e5dbbe7770a9402c7ce82f5c2\",\"name\":\"Jean Pierre BAWELA\",\"image\":{\"@type\":\"ImageObject\",\"inLanguage\":\"fr-FR\",\"@id\":\"https:\\\/\\\/macite.tg\\\/wp-content\\\/uploads\\\/2023\\\/09\\\/WhatsApp-Image-2023-09-19-at-14.44.41-122x122.jpeg\",\"url\":\"https:\\\/\\\/macite.tg\\\/wp-content\\\/uploads\\\/2023\\\/09\\\/WhatsApp-Image-2023-09-19-at-14.44.41-122x122.jpeg\",\"contentUrl\":\"https:\\\/\\\/macite.tg\\\/wp-content\\\/uploads\\\/2023\\\/09\\\/WhatsApp-Image-2023-09-19-at-14.44.41-122x122.jpeg\",\"caption\":\"Jean Pierre BAWELA\"},\"url\":\"https:\\\/\\\/macite.tg\\\/?author=2\"}]}<\/script>\n<!-- \/ Yoast SEO plugin. -->","yoast_head_json":{"title":"PARTENARIAT UNICEF-TOGO : Dr Aissata Ba Sidib\u00e9 loue les efforts engag\u00e9s par le pays \u2026 -","robots":{"index":"index","follow":"follow","max-snippet":"max-snippet:-1","max-image-preview":"max-image-preview:large","max-video-preview":"max-video-preview:-1"},"canonical":"https:\/\/macite.tg\/?p=15754","og_locale":"fr_FR","og_type":"article","og_title":"PARTENARIAT UNICEF-TOGO : Dr Aissata Ba Sidib\u00e9 loue les efforts engag\u00e9s par le pays \u2026 -","og_description":"Le lundi 29 juillet dernier, le Chef de l\u2019Etat, Faure Gnassingb\u00e9, a re\u00e7u en audience, la Repr\u00e9sentant-r\u00e9sidente du Fonds des Nations Unies pour l\u2019enfance (Unicef), Dr Aissata Ba Sidib\u00e9. Au menu des \u00e9changes, le point du partenariat entre les deux parties, entre autres. La Repr\u00e9sentante-r\u00e9sidente [&hellip;]","og_url":"https:\/\/macite.tg\/?p=15754","article_published_time":"2024-07-31T17:08:29+00:00","article_modified_time":"2024-07-31T17:08:34+00:00","og_image":[{"width":500,"height":281,"url":"https:\/\/macite.tg\/wp-content\/uploads\/2024\/07\/UNICEF.jpg","type":"image\/jpeg"}],"author":"Jean Pierre BAWELA","twitter_card":"summary_large_image","twitter_misc":{"\u00c9crit par":"Jean Pierre BAWELA","Dur\u00e9e de lecture estim\u00e9e":"2 minutes"},"schema":{"@context":"https:\/\/schema.org","@graph":[{"@type":"Article","@id":"https:\/\/macite.tg\/?p=15754#article","isPartOf":{"@id":"https:\/\/macite.tg\/?p=15754"},"author":{"name":"Jean Pierre BAWELA","@id":"https:\/\/macite.tg\/#\/schema\/person\/e9f2de7e5dbbe7770a9402c7ce82f5c2"},"headline":"PARTENARIAT UNICEF-TOGO : Dr Aissata Ba Sidib\u00e9 loue les efforts engag\u00e9s par le pays \u2026","datePublished":"2024-07-31T17:08:29+00:00","dateModified":"2024-07-31T17:08:34+00:00","mainEntityOfPage":{"@id":"https:\/\/macite.tg\/?p=15754"},"wordCount":350,"commentCount":0,"image":{"@id":"https:\/\/macite.tg\/?p=15754#primaryimage"},"thumbnailUrl":"https:\/\/macite.tg\/wp-content\/uploads\/2024\/07\/UNICEF.jpg","articleSection":["ACTUALITE","COOPERATION"],"inLanguage":"fr-FR","potentialAction":[{"@type":"CommentAction","name":"Comment","target":["https:\/\/macite.tg\/?p=15754#respond"]}]},{"@type":"WebPage","@id":"https:\/\/macite.tg\/?p=15754","url":"https:\/\/macite.tg\/?p=15754","name":"PARTENARIAT UNICEF-TOGO : Dr Aissata Ba Sidib\u00e9 loue les efforts engag\u00e9s par le pays \u2026 -","isPartOf":{"@id":"https:\/\/macite.tg\/#website"},"primaryImageOfPage":{"@id":"https:\/\/macite.tg\/?p=15754#primaryimage"},"image":{"@id":"https:\/\/macite.tg\/?p=15754#primaryimage"},"thumbnailUrl":"https:\/\/macite.tg\/wp-content\/uploads\/2024\/07\/UNICEF.jpg","datePublished":"2024-07-31T17:08:29+00:00","dateModified":"2024-07-31T17:08:34+00:00","author":{"@id":"https:\/\/macite.tg\/#\/schema\/person\/e9f2de7e5dbbe7770a9402c7ce82f5c2"},"breadcrumb":{"@id":"https:\/\/macite.tg\/?p=15754#breadcrumb"},"inLanguage":"fr-FR","potentialAction":[{"@type":"ReadAction","target":["https:\/\/macite.tg\/?p=15754"]}]},{"@type":"ImageObject","inLanguage":"fr-FR","@id":"https:\/\/macite.tg\/?p=15754#primaryimage","url":"https:\/\/macite.tg\/wp-content\/uploads\/2024\/07\/UNICEF.jpg","contentUrl":"https:\/\/macite.tg\/wp-content\/uploads\/2024\/07\/UNICEF.jpg","width":500,"height":281,"caption":"Une vue de l'audience."},{"@type":"BreadcrumbList","@id":"https:\/\/macite.tg\/?p=15754#breadcrumb","itemListElement":[{"@type":"ListItem","position":1,"name":"Accueil","item":"https:\/\/macite.tg\/"},{"@type":"ListItem","position":2,"name":"PARTENARIAT UNICEF-TOGO : Dr Aissata Ba Sidib\u00e9 loue les efforts engag\u00e9s par le pays \u2026"}]},{"@type":"WebSite","@id":"https:\/\/macite.tg\/#website","url":"https:\/\/macite.tg\/","name":"","description":"L&#039;information, la bonne!!!","potentialAction":[{"@type":"SearchAction","target":{"@type":"EntryPoint","urlTemplate":"https:\/\/macite.tg\/?s={search_term_string}"},"query-input":{"@type":"PropertyValueSpecification","valueRequired":true,"valueName":"search_term_string"}}],"inLanguage":"fr-FR"},{"@type":"Person","@id":"https:\/\/macite.tg\/#\/schema\/person\/e9f2de7e5dbbe7770a9402c7ce82f5c2","name":"Jean Pierre BAWELA","image":{"@type":"ImageObject","inLanguage":"fr-FR","@id":"https:\/\/macite.tg\/wp-content\/uploads\/2023\/09\/WhatsApp-Image-2023-09-19-at-14.44.41-122x122.jpeg","url":"https:\/\/macite.tg\/wp-content\/uploads\/2023\/09\/WhatsApp-Image-2023-09-19-at-14.44.41-122x122.jpeg","contentUrl":"https:\/\/macite.tg\/wp-content\/uploads\/2023\/09\/WhatsApp-Image-2023-09-19-at-14.44.41-122x122.jpeg","caption":"Jean Pierre BAWELA"},"url":"https:\/\/macite.tg\/?author=2"}]}},"_links":{"self":[{"href":"https:\/\/macite.tg\/index.php?rest_route=\/wp\/v2\/posts\/15754","targetHints":{"allow":["GET"]}}],"collection":[{"href":"https:\/\/macite.tg\/index.php?rest_route=\/wp\/v2\/posts"}],"about":[{"href":"https:\/\/macite.tg\/index.php?rest_route=\/wp\/v2\/types\/post"}],"author":[{"embeddable":true,"href":"https:\/\/macite.tg\/index.php?rest_route=\/wp\/v2\/users\/2"}],"replies":[{"embeddable":true,"href":"https:\/\/macite.tg\/index.php?rest_route=%2Fwp%2Fv2%2Fcomments&post=15754"}],"version-history":[{"count":0,"href":"https:\/\/macite.tg\/index.php?rest_route=\/wp\/v2\/posts\/15754\/revisions"}],"wp:featuredmedia":[{"embeddable":true,"href":"https:\/\/macite.tg\/index.php?rest_route=\/wp\/v2\/media\/15756"}],"wp:attachment":[{"href":"https:\/\/macite.tg\/index.php?rest_route=%2Fwp%2Fv2%2Fmedia&parent=15754"}],"wp:term":[{"taxonomy":"category","embeddable":true,"href":"https:\/\/macite.tg\/index.php?rest_route=%2Fwp%2Fv2%2Fcategories&post=15754"},{"taxonomy":"post_tag","embeddable":true,"href":"https:\/\/macite.tg\/index.php?rest_route=%2Fwp%2Fv2%2Ftags&post=15754"}],"curies":[{"name":"wp","href":"https:\/\/api.w.org\/{rel}","templated":true}]}}