{"id":15751,"date":"2024-07-31T14:56:57","date_gmt":"2024-07-31T14:56:57","guid":{"rendered":"https:\/\/macite.tg\/?p=15751"},"modified":"2024-07-31T16:55:38","modified_gmt":"2024-07-31T16:55:38","slug":"saraha-apres-les-etats-unis-lespagne-la-france-soutient-linitiative-royale-en-faveur-de-la-souverainete-marocaine","status":"publish","type":"post","link":"https:\/\/macite.tg\/?p=15751","title":{"rendered":"SAHARA : Apr\u00e8s les Etats-Unis, l&rsquo;Espagne,&#8230; la France soutient l\u2019Initiative Royale en faveur de la \u2018\u2019souverainet\u00e9 marocaine\u2019\u2019"},"content":{"rendered":"\n<p class=\"wp-block-paragraph\"><strong><em>Les soutiens en faveur du Plan d\u2019Autonomie propos\u00e9 par Sa Majest\u00e9 le Roi Mohammed Vi, que Dieu Le glorifie, se multiplient davantage. Apr\u00e8s les Etats-Unis (en 2020), l\u2019Espagne (en 2023), \u2026c\u2019est le tour d\u2019un autre g\u00e9ant mondial, la France, de porter son soutien \u00e0 l\u2019Initiative du Souverain marocain, en faveur de la souverainet\u00e9 du Royaume sur ses Provinces du Sud. Cette annonce officielle du Pr\u00e9sident de la R\u00e9publique Fran\u00e7aise, SE Monsieur Emmanuel Macron, via un courrier adress\u00e9 \u00e0 Sa Majest\u00e9 le Roi Mohammed VI, que Dieu le glorifie, a \u00e9t\u00e9 rendu public, le 30 juillet 2024, par par un Communiqu\u00e9 du Cabinet Royal.<\/em><\/strong><\/p>\n\n\n\n<p class=\"wp-block-paragraph\">L\u2019annonce officielle du soutien de la France \u00e0 la souverainet\u00e9 marocaine sur ses Provinces du Sud, fruit du couronnement du processus dynamique enclench\u00e9 par le Souverain marocain depuis plusieurs ann\u00e9es d\u00e9j\u00e0, intervient au lendemain de la comm\u00e9moration du 25<sup>\u00e8me<\/sup> anniversaire de la F\u00eate du Tr\u00f4ne.<\/p>\n\n\n<div class=\"wp-block-image\">\n<figure class=\"aligncenter size-full is-resized\"><img loading=\"lazy\" decoding=\"async\" src=\"https:\/\/macite.tg\/wp-content\/uploads\/2024\/07\/88c62692-46fa-48fc-8489-9b0360abc212.jpg\" alt=\"\" class=\"wp-image-15697\" width=\"448\" height=\"618\" srcset=\"https:\/\/macite.tg\/wp-content\/uploads\/2024\/07\/88c62692-46fa-48fc-8489-9b0360abc212.jpg 720w, https:\/\/macite.tg\/wp-content\/uploads\/2024\/07\/88c62692-46fa-48fc-8489-9b0360abc212-218x300.jpg 218w\" sizes=\"auto, (max-width: 448px) 100vw, 448px\" \/><\/figure>\n<\/div>\n\n\n<p class=\"wp-block-paragraph\">Apr\u00e8s donc les Etats-Unis, et le Royaume d\u2019Espagne, l\u2019attitude positive d\u2019une quinzaine de pays europ\u00e9ens face au Plan d\u2019Autonomie, et sans oublier l\u2019ouverture d\u2019une trentaine de Consulats \u00e0 La\u00e2youne et Dakhla, la R\u00e9publique fran\u00e7aise vient d\u2019inscrire son nom \u00e0 cette longue liste de soutiens \u00e0 l\u2019Initiative Royale en faveur de l\u2019int\u00e9grit\u00e9 de l\u2019ensemble des territoires du Royaume. Une mani\u00e8re pour ce g\u00e9ant d\u2019Europe de prendre le contre-pied des adeptes du blocage.<\/p>\n\n\n\n<p class=\"wp-block-paragraph\">Dans son message au Souverain, le pr\u00e9sident fran\u00e7ais souligne qu\u2019il <em>\u00ab&nbsp;consid\u00e8re que le pr\u00e9sent et l&rsquo;avenir du Sahara occidental s&rsquo;inscrivent dans le cadre de la souverainet\u00e9 marocaine&nbsp;\u00bb, <\/em>tout en assurant <em>\u00ab&nbsp;l\u2019intangibilit\u00e9 de la position fran\u00e7aise sur cet enjeu de s\u00e9curit\u00e9 nationale pour le Royaume&nbsp;\u00bb <\/em>et que&nbsp;son pays <em>\u00ab&nbsp;entend agir en coh\u00e9rence avec cette position \u00e0 titre national et au niveau international&nbsp;\u00bb.<\/em><\/p>\n\n\n<div class=\"wp-block-image\">\n<figure class=\"aligncenter size-full is-resized\"><img loading=\"lazy\" decoding=\"async\" src=\"https:\/\/macite.tg\/wp-content\/uploads\/2024\/07\/IMG-20240313-WA0013-2.jpg\" alt=\"\" class=\"wp-image-15595\" width=\"836\" height=\"206\" srcset=\"https:\/\/macite.tg\/wp-content\/uploads\/2024\/07\/IMG-20240313-WA0013-2.jpg 690w, https:\/\/macite.tg\/wp-content\/uploads\/2024\/07\/IMG-20240313-WA0013-2-300x74.jpg 300w\" sizes=\"auto, (max-width: 836px) 100vw, 836px\" \/><\/figure>\n<\/div>\n\n\n<p class=\"wp-block-paragraph\">Le Pr\u00e9sident fran\u00e7ais va plus loin en assurant que la question du Sahara occidental devrait \u00eatre r\u00e9solue dans le cadre de <em>\u00ab&nbsp;l&rsquo;autonomie sous souverainet\u00e9 marocaine&nbsp;\u00bb<\/em>. Et dans ce sens, tout en affirmant que <em>\u00ab&nbsp;Notre soutien au plan d&rsquo;autonomie propos\u00e9 par le Maroc, en 2007, est clair et constant&nbsp;\u00bb, <\/em>Emmanuel Macron indique que&nbsp;ce plan <em>\u00ab&nbsp;constitue d\u00e9sormais la seule base pour aboutir \u00e0 une solution politique, juste, durable et n\u00e9goci\u00e9e, conform\u00e9ment aux r\u00e9solutions du Conseil de s\u00e9curit\u00e9 des Nations-Unies&nbsp;\u00bb. <\/em>Il a saisi l\u2019occasion pour f\u00e9liciter le Souverain marocain pour ses multiples efforts en faveur du d\u00e9veloppement \u00e9conomique et social des Provinces du Sud, et indiqu\u00e9 que son pays, qui est membre permanent du Conseil de s\u00e9curit\u00e9 de l\u2019Onu, <em>\u00ab&nbsp;accompagnera le Maroc dans cette d\u00e9marche au b\u00e9n\u00e9fice des populations locales&nbsp;\u00bb.<\/em><\/p>\n\n\n<div class=\"wp-block-image\">\n<figure class=\"aligncenter size-full is-resized\"><img loading=\"lazy\" decoding=\"async\" src=\"https:\/\/macite.tg\/wp-content\/uploads\/2024\/07\/ANNONCES-1-768x319-3.jpg\" alt=\"\" class=\"wp-image-15724\" width=\"845\" height=\"351\" srcset=\"https:\/\/macite.tg\/wp-content\/uploads\/2024\/07\/ANNONCES-1-768x319-3.jpg 768w, https:\/\/macite.tg\/wp-content\/uploads\/2024\/07\/ANNONCES-1-768x319-3-300x125.jpg 300w\" sizes=\"auto, (max-width: 845px) 100vw, 845px\" \/><\/figure>\n<\/div>\n\n\n<p class=\"wp-block-paragraph\">Partant du constat selon lequel <em>\u00ab&nbsp;aujourd\u2019hui, un consensus international de plus en plus large se d\u00e9gage&nbsp;\u00bb,<\/em> Emmanuel Macron a martel\u00e9 qu\u2019<em>\u00abil est temps d&rsquo;avancer&nbsp;\u00bb,<\/em> et encourager <em>\u00ab&nbsp;toutes les parties \u00e0 se r\u00e9unir en vue d&rsquo;un r\u00e8glement politique, qui est \u00e0 port\u00e9e de main&nbsp;\u00bb.<\/em><\/p>\n\n\n\n<p class=\"wp-block-paragraph\">Notons que cette d\u00e9cision, d\u2019une plus haute autorit\u00e9 constitutionnelle de la r\u00e9publique fran\u00e7aise, qui de surcroit a une excellente ma\u00eetrise du dossier du Sahara, est le reflet de la juste cause nationale du Royaume, qui rencontre de plus en plus de soutien au plan international. Elle est, non seulement, une preuve de l\u2019aboutissement de l\u2019Action Diplomatique de Sa Majest\u00e9 le Roi Mohammed Vi, que Dieu L\u2019assiste, mais aussi de soutien \u00e0 cette v\u00e9rit\u00e9 l\u00e9gendaire et juridique de la Cause Nationale qu\u2019est le Sahara marocain.<\/p>\n\n\n<div class=\"wp-block-image\">\n<figure class=\"aligncenter size-large is-resized\"><img loading=\"lazy\" decoding=\"async\" src=\"https:\/\/macite.tg\/wp-content\/uploads\/2024\/07\/7f44bc18-2883-4563-9cba-d78a98c033b1-703x1024.jpg\" alt=\"\" class=\"wp-image-15699\" width=\"431\" height=\"628\" srcset=\"https:\/\/macite.tg\/wp-content\/uploads\/2024\/07\/7f44bc18-2883-4563-9cba-d78a98c033b1-703x1024.jpg 703w, https:\/\/macite.tg\/wp-content\/uploads\/2024\/07\/7f44bc18-2883-4563-9cba-d78a98c033b1-206x300.jpg 206w, https:\/\/macite.tg\/wp-content\/uploads\/2024\/07\/7f44bc18-2883-4563-9cba-d78a98c033b1.jpg 720w\" sizes=\"auto, (max-width: 431px) 100vw, 431px\" \/><\/figure>\n<\/div>\n\n\n<p class=\"wp-block-paragraph\">En plus de donner un nouveau souffle aux relations strat\u00e9giques multidimensionnelles entre le royaume du Maroc et la r\u00e9publique fran\u00e7aise, cette d\u00e9cision, l\u00e9gitime et longuement r\u00e9fl\u00e9chie, d\u00e9note de la convergence de vision entre Paris et Rabat. Elle est, aux yeux de plusieurs analystes politiques et diplomatiques, conforme \u00e0 l\u2019esprit des r\u00e9solutions des diff\u00e9rends au plus haut niveau, notamment au niveau du Conseil de S\u00e9curit\u00e9 des Nations-Unies qui, justement depuis pr\u00e8s de deux d\u00e9cennies, qualifie la Proposition d\u2019Autonomie de <em>\u00ab&nbsp;s\u00e9rieuse et cr\u00e9dible&nbsp;\u00bb,<\/em> tout en invitant les parties prenantes \u00e0 faire preuve de r\u00e9alisme et de bonne foi, et \u00e0 trouver une solution politique juste.<\/p>\n\n\n\n<p class=\"wp-block-paragraph\"><strong>MC<\/strong><\/p>\n\n\n\n<p class=\"wp-block-paragraph\"><a><strong><em>@macite.tg&nbsp;&nbsp;&nbsp;&nbsp;&nbsp;&nbsp;&nbsp;&nbsp;<\/em><\/strong><\/a><\/p>\n\n\n\n<p class=\"wp-block-paragraph\"><strong><em>E-mail&nbsp;: <\/em><\/strong><a href=\"mailto:maciteinfo@gmail.com\"><strong><em>maciteinfo@gmail.com<\/em><\/strong><\/a><strong><em>; <\/em><\/strong><a href=\"mailto:bawela1@gmail.com\"><strong><em>bawela1@gmail.com<\/em><\/strong><\/a><strong><em><\/em><\/strong><\/p>\n\n\n\n<p class=\"wp-block-paragraph\"><strong><em>Pour vos annonces, (publi)reportages, etc., joignez-nous au (00228)91515309\/<strong>79872224 <\/strong>www.macite.tg, L\u2019information, la bonne&nbsp;!<\/em><\/strong><\/p>\n","protected":false},"excerpt":{"rendered":"<p class=\"text-justify mb-2\" >Les soutiens en faveur du Plan d\u2019Autonomie propos\u00e9 par Sa Majest\u00e9 le Roi Mohammed Vi, que Dieu Le glorifie, se multiplient davantage. Apr\u00e8s les Etats-Unis (en 2020), l\u2019Espagne (en 2023), \u2026c\u2019est le tour d\u2019un autre g\u00e9ant mondial, la France, de porter son soutien \u00e0 l\u2019Initiative [&hellip;]<\/p>\n","protected":false},"author":2,"featured_media":15752,"comment_status":"open","ping_status":"open","sticky":false,"template":"","format":"standard","meta":{"footnotes":""},"categories":[20,8],"tags":[],"class_list":["post-15751","post","type-post","status-publish","format-standard","has-post-thumbnail","hentry","category-actualite","category-diplomatie"],"yoast_head":"<!-- This site is optimized with the Yoast SEO plugin v28.4 - https:\/\/yoast.com\/product\/yoast-seo-wordpress\/ -->\n<title>SAHARA : Apr\u00e8s les Etats-Unis, l&#039;Espagne,... la France soutient l\u2019Initiative Royale en faveur de la \u2018\u2019souverainet\u00e9 marocaine\u2019\u2019 -<\/title>\n<meta name=\"robots\" content=\"index, follow, max-snippet:-1, max-image-preview:large, max-video-preview:-1\" \/>\n<link rel=\"canonical\" href=\"https:\/\/macite.tg\/?p=15751\" \/>\n<meta property=\"og:locale\" content=\"fr_FR\" \/>\n<meta property=\"og:type\" content=\"article\" \/>\n<meta property=\"og:title\" content=\"SAHARA : Apr\u00e8s les Etats-Unis, l&#039;Espagne,... la France soutient l\u2019Initiative Royale en faveur de la \u2018\u2019souverainet\u00e9 marocaine\u2019\u2019 -\" \/>\n<meta property=\"og:description\" content=\"Les soutiens en faveur du Plan d\u2019Autonomie propos\u00e9 par Sa Majest\u00e9 le Roi Mohammed Vi, que Dieu Le glorifie, se multiplient davantage. Apr\u00e8s les Etats-Unis (en 2020), l\u2019Espagne (en 2023), \u2026c\u2019est le tour d\u2019un autre g\u00e9ant mondial, la France, de porter son soutien \u00e0 l\u2019Initiative [&hellip;]\" \/>\n<meta property=\"og:url\" content=\"https:\/\/macite.tg\/?p=15751\" \/>\n<meta property=\"article:published_time\" content=\"2024-07-31T14:56:57+00:00\" \/>\n<meta property=\"article:modified_time\" content=\"2024-07-31T16:55:38+00:00\" \/>\n<meta property=\"og:image\" content=\"https:\/\/macite.tg\/wp-content\/uploads\/2024\/07\/f67f8105-2ae3-4c8e-87b4-d59b04db7f10.jpg\" \/>\n\t<meta property=\"og:image:width\" content=\"640\" \/>\n\t<meta property=\"og:image:height\" content=\"360\" \/>\n\t<meta property=\"og:image:type\" content=\"image\/jpeg\" \/>\n<meta name=\"author\" content=\"Jean Pierre BAWELA\" \/>\n<meta name=\"twitter:card\" content=\"summary_large_image\" \/>\n<meta name=\"twitter:label1\" content=\"\u00c9crit par\" \/>\n\t<meta name=\"twitter:data1\" content=\"Jean Pierre BAWELA\" \/>\n\t<meta name=\"twitter:label2\" content=\"Dur\u00e9e de lecture estim\u00e9e\" \/>\n\t<meta name=\"twitter:data2\" content=\"4 minutes\" \/>\n<script type=\"application\/ld+json\" class=\"yoast-schema-graph\">{\"@context\":\"https:\\\/\\\/schema.org\",\"@graph\":[{\"@type\":\"Article\",\"@id\":\"https:\\\/\\\/macite.tg\\\/?p=15751#article\",\"isPartOf\":{\"@id\":\"https:\\\/\\\/macite.tg\\\/?p=15751\"},\"author\":{\"name\":\"Jean Pierre BAWELA\",\"@id\":\"https:\\\/\\\/macite.tg\\\/#\\\/schema\\\/person\\\/e9f2de7e5dbbe7770a9402c7ce82f5c2\"},\"headline\":\"SAHARA : Apr\u00e8s les Etats-Unis, l&rsquo;Espagne,&#8230; la France soutient l\u2019Initiative Royale en faveur de la \u2018\u2019souverainet\u00e9 marocaine\u2019\u2019\",\"datePublished\":\"2024-07-31T14:56:57+00:00\",\"dateModified\":\"2024-07-31T16:55:38+00:00\",\"mainEntityOfPage\":{\"@id\":\"https:\\\/\\\/macite.tg\\\/?p=15751\"},\"wordCount\":799,\"commentCount\":0,\"image\":{\"@id\":\"https:\\\/\\\/macite.tg\\\/?p=15751#primaryimage\"},\"thumbnailUrl\":\"https:\\\/\\\/macite.tg\\\/wp-content\\\/uploads\\\/2024\\\/07\\\/f67f8105-2ae3-4c8e-87b4-d59b04db7f10.jpg\",\"articleSection\":[\"ACTUALITE\",\"DIPLOMATIE\"],\"inLanguage\":\"fr-FR\",\"potentialAction\":[{\"@type\":\"CommentAction\",\"name\":\"Comment\",\"target\":[\"https:\\\/\\\/macite.tg\\\/?p=15751#respond\"]}]},{\"@type\":\"WebPage\",\"@id\":\"https:\\\/\\\/macite.tg\\\/?p=15751\",\"url\":\"https:\\\/\\\/macite.tg\\\/?p=15751\",\"name\":\"SAHARA : Apr\u00e8s les Etats-Unis, l'Espagne,... la France soutient l\u2019Initiative Royale en faveur de la \u2018\u2019souverainet\u00e9 marocaine\u2019\u2019 -\",\"isPartOf\":{\"@id\":\"https:\\\/\\\/macite.tg\\\/#website\"},\"primaryImageOfPage\":{\"@id\":\"https:\\\/\\\/macite.tg\\\/?p=15751#primaryimage\"},\"image\":{\"@id\":\"https:\\\/\\\/macite.tg\\\/?p=15751#primaryimage\"},\"thumbnailUrl\":\"https:\\\/\\\/macite.tg\\\/wp-content\\\/uploads\\\/2024\\\/07\\\/f67f8105-2ae3-4c8e-87b4-d59b04db7f10.jpg\",\"datePublished\":\"2024-07-31T14:56:57+00:00\",\"dateModified\":\"2024-07-31T16:55:38+00:00\",\"author\":{\"@id\":\"https:\\\/\\\/macite.tg\\\/#\\\/schema\\\/person\\\/e9f2de7e5dbbe7770a9402c7ce82f5c2\"},\"breadcrumb\":{\"@id\":\"https:\\\/\\\/macite.tg\\\/?p=15751#breadcrumb\"},\"inLanguage\":\"fr-FR\",\"potentialAction\":[{\"@type\":\"ReadAction\",\"target\":[\"https:\\\/\\\/macite.tg\\\/?p=15751\"]}]},{\"@type\":\"ImageObject\",\"inLanguage\":\"fr-FR\",\"@id\":\"https:\\\/\\\/macite.tg\\\/?p=15751#primaryimage\",\"url\":\"https:\\\/\\\/macite.tg\\\/wp-content\\\/uploads\\\/2024\\\/07\\\/f67f8105-2ae3-4c8e-87b4-d59b04db7f10.jpg\",\"contentUrl\":\"https:\\\/\\\/macite.tg\\\/wp-content\\\/uploads\\\/2024\\\/07\\\/f67f8105-2ae3-4c8e-87b4-d59b04db7f10.jpg\",\"width\":640,\"height\":360,\"caption\":\"Emmanuel Macron (g) et Sa Majest\u00e9 le Roi Mohammed VI (dt)\"},{\"@type\":\"BreadcrumbList\",\"@id\":\"https:\\\/\\\/macite.tg\\\/?p=15751#breadcrumb\",\"itemListElement\":[{\"@type\":\"ListItem\",\"position\":1,\"name\":\"Accueil\",\"item\":\"https:\\\/\\\/macite.tg\\\/\"},{\"@type\":\"ListItem\",\"position\":2,\"name\":\"SAHARA : Apr\u00e8s les Etats-Unis, l&rsquo;Espagne,&#8230; la France soutient l\u2019Initiative Royale en faveur de la \u2018\u2019souverainet\u00e9 marocaine\u2019\u2019\"}]},{\"@type\":\"WebSite\",\"@id\":\"https:\\\/\\\/macite.tg\\\/#website\",\"url\":\"https:\\\/\\\/macite.tg\\\/\",\"name\":\"\",\"description\":\"L&#039;information, la bonne!!!\",\"potentialAction\":[{\"@type\":\"SearchAction\",\"target\":{\"@type\":\"EntryPoint\",\"urlTemplate\":\"https:\\\/\\\/macite.tg\\\/?s={search_term_string}\"},\"query-input\":{\"@type\":\"PropertyValueSpecification\",\"valueRequired\":true,\"valueName\":\"search_term_string\"}}],\"inLanguage\":\"fr-FR\"},{\"@type\":\"Person\",\"@id\":\"https:\\\/\\\/macite.tg\\\/#\\\/schema\\\/person\\\/e9f2de7e5dbbe7770a9402c7ce82f5c2\",\"name\":\"Jean Pierre BAWELA\",\"image\":{\"@type\":\"ImageObject\",\"inLanguage\":\"fr-FR\",\"@id\":\"https:\\\/\\\/macite.tg\\\/wp-content\\\/uploads\\\/2023\\\/09\\\/WhatsApp-Image-2023-09-19-at-14.44.41-122x122.jpeg\",\"url\":\"https:\\\/\\\/macite.tg\\\/wp-content\\\/uploads\\\/2023\\\/09\\\/WhatsApp-Image-2023-09-19-at-14.44.41-122x122.jpeg\",\"contentUrl\":\"https:\\\/\\\/macite.tg\\\/wp-content\\\/uploads\\\/2023\\\/09\\\/WhatsApp-Image-2023-09-19-at-14.44.41-122x122.jpeg\",\"caption\":\"Jean Pierre BAWELA\"},\"url\":\"https:\\\/\\\/macite.tg\\\/?author=2\"}]}<\/script>\n<!-- \/ Yoast SEO plugin. -->","yoast_head_json":{"title":"SAHARA : Apr\u00e8s les Etats-Unis, l'Espagne,... la France soutient l\u2019Initiative Royale en faveur de la \u2018\u2019souverainet\u00e9 marocaine\u2019\u2019 -","robots":{"index":"index","follow":"follow","max-snippet":"max-snippet:-1","max-image-preview":"max-image-preview:large","max-video-preview":"max-video-preview:-1"},"canonical":"https:\/\/macite.tg\/?p=15751","og_locale":"fr_FR","og_type":"article","og_title":"SAHARA : Apr\u00e8s les Etats-Unis, l'Espagne,... la France soutient l\u2019Initiative Royale en faveur de la \u2018\u2019souverainet\u00e9 marocaine\u2019\u2019 -","og_description":"Les soutiens en faveur du Plan d\u2019Autonomie propos\u00e9 par Sa Majest\u00e9 le Roi Mohammed Vi, que Dieu Le glorifie, se multiplient davantage. Apr\u00e8s les Etats-Unis (en 2020), l\u2019Espagne (en 2023), \u2026c\u2019est le tour d\u2019un autre g\u00e9ant mondial, la France, de porter son soutien \u00e0 l\u2019Initiative [&hellip;]","og_url":"https:\/\/macite.tg\/?p=15751","article_published_time":"2024-07-31T14:56:57+00:00","article_modified_time":"2024-07-31T16:55:38+00:00","og_image":[{"width":640,"height":360,"url":"https:\/\/macite.tg\/wp-content\/uploads\/2024\/07\/f67f8105-2ae3-4c8e-87b4-d59b04db7f10.jpg","type":"image\/jpeg"}],"author":"Jean Pierre BAWELA","twitter_card":"summary_large_image","twitter_misc":{"\u00c9crit par":"Jean Pierre BAWELA","Dur\u00e9e de lecture estim\u00e9e":"4 minutes"},"schema":{"@context":"https:\/\/schema.org","@graph":[{"@type":"Article","@id":"https:\/\/macite.tg\/?p=15751#article","isPartOf":{"@id":"https:\/\/macite.tg\/?p=15751"},"author":{"name":"Jean Pierre BAWELA","@id":"https:\/\/macite.tg\/#\/schema\/person\/e9f2de7e5dbbe7770a9402c7ce82f5c2"},"headline":"SAHARA : Apr\u00e8s les Etats-Unis, l&rsquo;Espagne,&#8230; la France soutient l\u2019Initiative Royale en faveur de la \u2018\u2019souverainet\u00e9 marocaine\u2019\u2019","datePublished":"2024-07-31T14:56:57+00:00","dateModified":"2024-07-31T16:55:38+00:00","mainEntityOfPage":{"@id":"https:\/\/macite.tg\/?p=15751"},"wordCount":799,"commentCount":0,"image":{"@id":"https:\/\/macite.tg\/?p=15751#primaryimage"},"thumbnailUrl":"https:\/\/macite.tg\/wp-content\/uploads\/2024\/07\/f67f8105-2ae3-4c8e-87b4-d59b04db7f10.jpg","articleSection":["ACTUALITE","DIPLOMATIE"],"inLanguage":"fr-FR","potentialAction":[{"@type":"CommentAction","name":"Comment","target":["https:\/\/macite.tg\/?p=15751#respond"]}]},{"@type":"WebPage","@id":"https:\/\/macite.tg\/?p=15751","url":"https:\/\/macite.tg\/?p=15751","name":"SAHARA : Apr\u00e8s les Etats-Unis, l'Espagne,... la France soutient l\u2019Initiative Royale en faveur de la \u2018\u2019souverainet\u00e9 marocaine\u2019\u2019 -","isPartOf":{"@id":"https:\/\/macite.tg\/#website"},"primaryImageOfPage":{"@id":"https:\/\/macite.tg\/?p=15751#primaryimage"},"image":{"@id":"https:\/\/macite.tg\/?p=15751#primaryimage"},"thumbnailUrl":"https:\/\/macite.tg\/wp-content\/uploads\/2024\/07\/f67f8105-2ae3-4c8e-87b4-d59b04db7f10.jpg","datePublished":"2024-07-31T14:56:57+00:00","dateModified":"2024-07-31T16:55:38+00:00","author":{"@id":"https:\/\/macite.tg\/#\/schema\/person\/e9f2de7e5dbbe7770a9402c7ce82f5c2"},"breadcrumb":{"@id":"https:\/\/macite.tg\/?p=15751#breadcrumb"},"inLanguage":"fr-FR","potentialAction":[{"@type":"ReadAction","target":["https:\/\/macite.tg\/?p=15751"]}]},{"@type":"ImageObject","inLanguage":"fr-FR","@id":"https:\/\/macite.tg\/?p=15751#primaryimage","url":"https:\/\/macite.tg\/wp-content\/uploads\/2024\/07\/f67f8105-2ae3-4c8e-87b4-d59b04db7f10.jpg","contentUrl":"https:\/\/macite.tg\/wp-content\/uploads\/2024\/07\/f67f8105-2ae3-4c8e-87b4-d59b04db7f10.jpg","width":640,"height":360,"caption":"Emmanuel Macron (g) et Sa Majest\u00e9 le Roi Mohammed VI (dt)"},{"@type":"BreadcrumbList","@id":"https:\/\/macite.tg\/?p=15751#breadcrumb","itemListElement":[{"@type":"ListItem","position":1,"name":"Accueil","item":"https:\/\/macite.tg\/"},{"@type":"ListItem","position":2,"name":"SAHARA : Apr\u00e8s les Etats-Unis, l&rsquo;Espagne,&#8230; la France soutient l\u2019Initiative Royale en faveur de la \u2018\u2019souverainet\u00e9 marocaine\u2019\u2019"}]},{"@type":"WebSite","@id":"https:\/\/macite.tg\/#website","url":"https:\/\/macite.tg\/","name":"","description":"L&#039;information, la bonne!!!","potentialAction":[{"@type":"SearchAction","target":{"@type":"EntryPoint","urlTemplate":"https:\/\/macite.tg\/?s={search_term_string}"},"query-input":{"@type":"PropertyValueSpecification","valueRequired":true,"valueName":"search_term_string"}}],"inLanguage":"fr-FR"},{"@type":"Person","@id":"https:\/\/macite.tg\/#\/schema\/person\/e9f2de7e5dbbe7770a9402c7ce82f5c2","name":"Jean Pierre BAWELA","image":{"@type":"ImageObject","inLanguage":"fr-FR","@id":"https:\/\/macite.tg\/wp-content\/uploads\/2023\/09\/WhatsApp-Image-2023-09-19-at-14.44.41-122x122.jpeg","url":"https:\/\/macite.tg\/wp-content\/uploads\/2023\/09\/WhatsApp-Image-2023-09-19-at-14.44.41-122x122.jpeg","contentUrl":"https:\/\/macite.tg\/wp-content\/uploads\/2023\/09\/WhatsApp-Image-2023-09-19-at-14.44.41-122x122.jpeg","caption":"Jean Pierre BAWELA"},"url":"https:\/\/macite.tg\/?author=2"}]}},"_links":{"self":[{"href":"https:\/\/macite.tg\/index.php?rest_route=\/wp\/v2\/posts\/15751","targetHints":{"allow":["GET"]}}],"collection":[{"href":"https:\/\/macite.tg\/index.php?rest_route=\/wp\/v2\/posts"}],"about":[{"href":"https:\/\/macite.tg\/index.php?rest_route=\/wp\/v2\/types\/post"}],"author":[{"embeddable":true,"href":"https:\/\/macite.tg\/index.php?rest_route=\/wp\/v2\/users\/2"}],"replies":[{"embeddable":true,"href":"https:\/\/macite.tg\/index.php?rest_route=%2Fwp%2Fv2%2Fcomments&post=15751"}],"version-history":[{"count":0,"href":"https:\/\/macite.tg\/index.php?rest_route=\/wp\/v2\/posts\/15751\/revisions"}],"wp:featuredmedia":[{"embeddable":true,"href":"https:\/\/macite.tg\/index.php?rest_route=\/wp\/v2\/media\/15752"}],"wp:attachment":[{"href":"https:\/\/macite.tg\/index.php?rest_route=%2Fwp%2Fv2%2Fmedia&parent=15751"}],"wp:term":[{"taxonomy":"category","embeddable":true,"href":"https:\/\/macite.tg\/index.php?rest_route=%2Fwp%2Fv2%2Fcategories&post=15751"},{"taxonomy":"post_tag","embeddable":true,"href":"https:\/\/macite.tg\/index.php?rest_route=%2Fwp%2Fv2%2Ftags&post=15751"}],"curies":[{"name":"wp","href":"https:\/\/api.w.org\/{rel}","templated":true}]}}