{"id":15746,"date":"2024-07-31T14:39:35","date_gmt":"2024-07-31T14:39:35","guid":{"rendered":"https:\/\/macite.tg\/?p=15746"},"modified":"2024-07-31T14:39:37","modified_gmt":"2024-07-31T14:39:37","slug":"medias-lujit-exprime-son-soutien-a-joachin-agbetim-et-denonce-la-double-sanction-de-la-haac","status":"publish","type":"post","link":"https:\/\/macite.tg\/?p=15746","title":{"rendered":"MEDIAS : L\u2019Ujit exprime son soutien \u00e0 Joachin Agb\u00e9tim et d\u00e9nonce la double sanction de la Haac"},"content":{"rendered":"\n<p class=\"wp-block-paragraph\"><strong><em>La libert\u00e9 d\u2019expression est-elle est danger au Togo\u00a0? Pas vraiment, peut-on \u00eatre tenter de r\u00e9pondre. Mais le beau paysage m\u00e9diatique togolais n\u2019est pas un fleuve tranquille.<\/em><\/strong> <\/p>\n\n\n\n<p class=\"wp-block-paragraph\"><strong><em>Voici, dans les lignes qui suivent, le communiqu\u00e9 de l\u2019Union des journalistes ind\u00e9pendants du Togo (Ujit) relatif \u00e0 la suspension et de l\u2019\u00e9mission incrimin\u00e9, \u2018\u2019Auditeur-Actualit\u00e9\u2019\u2019 et du confr\u00e8re Joachin Agb\u00e9tim.<\/em><\/strong>&#8230;<\/p>\n\n\n<div class=\"wp-block-image\">\n<figure class=\"aligncenter size-full is-resized\"><img loading=\"lazy\" decoding=\"async\" src=\"https:\/\/macite.tg\/wp-content\/uploads\/2024\/07\/88c62692-46fa-48fc-8489-9b0360abc212.jpg\" alt=\"\" class=\"wp-image-15697\" width=\"424\" height=\"585\" srcset=\"https:\/\/macite.tg\/wp-content\/uploads\/2024\/07\/88c62692-46fa-48fc-8489-9b0360abc212.jpg 720w, https:\/\/macite.tg\/wp-content\/uploads\/2024\/07\/88c62692-46fa-48fc-8489-9b0360abc212-218x300.jpg 218w\" sizes=\"auto, (max-width: 424px) 100vw, 424px\" \/><\/figure>\n<\/div>\n\n\n<p class=\"has-text-align-center wp-block-paragraph\"><strong><u>COMMUNIQUE de l\u2019UJIT<\/u><\/strong><\/p>\n\n\n\n<p class=\"has-text-align-center wp-block-paragraph\"><strong><em>(RELATIF A LA SUSPENSION DE L\u2019EMISSION \u00ab AUDITEUR-ACTUALITE \u00bb ET DU JOURNALISTE JOACHIM AGBETIM DE RADIO VICTOIRE FM)<\/em><\/strong><\/p>\n\n\n\n<p class=\"wp-block-paragraph\"><strong><em>&nbsp;Le Bureau Ex\u00e9cutif de l\u2019Union des Journalistes Ind\u00e9pendants du Togo (Ujit) a appris avec consternation la suspension pour trois mois de l\u2019\u00e9mission \u00ab Auditeur-Actualit\u00e9 \u00bb et du journaliste Joachim Agb\u00e9tim de radio Victoire Fm par la d\u00e9cision n\u00b024\/HAAC\/24\/P de la Haac, au motif d\u2019avoir re\u00e7u un invit\u00e9 qui a tenu des propos diffamatoires et incitant \u00e0 l\u2019insurrection, et sans avoir pris des dispositions de recadrage de l\u2019invit\u00e9 et de l\u2019\u00e9quilibre de l\u2019information.<\/em><\/strong><\/p>\n\n\n\n<p class=\"wp-block-paragraph\">Le Bureau Ex\u00e9cutif de l\u2019Ujit veut rassurer le confr\u00e8re Joachim Agb\u00e9tim de sa solidarit\u00e9 dans la situation p\u00e9nible qu\u2019il conna\u00eet et lui souhaite du courage et de la r\u00e9silience.<\/p>\n\n\n<div class=\"wp-block-image\">\n<figure class=\"aligncenter size-full is-resized\"><img loading=\"lazy\" decoding=\"async\" src=\"https:\/\/macite.tg\/wp-content\/uploads\/2024\/07\/IMG-20240313-WA0013-2.jpg\" alt=\"\" class=\"wp-image-15595\" width=\"840\" height=\"207\" srcset=\"https:\/\/macite.tg\/wp-content\/uploads\/2024\/07\/IMG-20240313-WA0013-2.jpg 690w, https:\/\/macite.tg\/wp-content\/uploads\/2024\/07\/IMG-20240313-WA0013-2-300x74.jpg 300w\" sizes=\"auto, (max-width: 840px) 100vw, 840px\" \/><\/figure>\n<\/div>\n\n\n<p class=\"wp-block-paragraph\">En outre, tout en reconnaissant le caract\u00e8re sensible des sujets abord\u00e9s dans l\u2019\u00e9mission incrimin\u00e9e, le Bureau Ex\u00e9cutif de l\u2019Ujit souligne avec regret et d\u00e9ception, la double peine qui est inflig\u00e9e au confr\u00e8re Agb\u00e9tim et \u00e0 la radio Victoire Fm \u00e0 travers la suspension \u00e0 la fois de l\u2019\u00e9mission <strong>\u00ab Auditeur-Actualit\u00e9 \u00bb<\/strong> et du journaliste lui-m\u00eame.<\/p>\n\n\n\n<p class=\"wp-block-paragraph\">L\u2019Ujit tient ainsi \u00e0 souligner que la libert\u00e9 de presse et d\u2019opinion reste l\u2019un des \u00e9l\u00e9ments probants qui d\u00e9finissent l\u2019Etat de droit et la d\u00e9mocratie de sorte qu\u2019il est important pour le Togo d\u2019\u0153uvrer \u00e0 prot\u00e9ger prioritairement la libert\u00e9 de presse et le droit \u00e0 l\u2019information de m\u00eame que ceux qui la portent pour informer la population.<\/p>\n\n\n<div class=\"wp-block-image\">\n<figure class=\"aligncenter size-large is-resized\"><img loading=\"lazy\" decoding=\"async\" src=\"https:\/\/macite.tg\/wp-content\/uploads\/2024\/07\/7f44bc18-2883-4563-9cba-d78a98c033b1-703x1024.jpg\" alt=\"\" class=\"wp-image-15699\" width=\"401\" height=\"584\" srcset=\"https:\/\/macite.tg\/wp-content\/uploads\/2024\/07\/7f44bc18-2883-4563-9cba-d78a98c033b1-703x1024.jpg 703w, https:\/\/macite.tg\/wp-content\/uploads\/2024\/07\/7f44bc18-2883-4563-9cba-d78a98c033b1-206x300.jpg 206w, https:\/\/macite.tg\/wp-content\/uploads\/2024\/07\/7f44bc18-2883-4563-9cba-d78a98c033b1.jpg 720w\" sizes=\"auto, (max-width: 401px) 100vw, 401px\" \/><\/figure>\n<\/div>\n\n\n<p class=\"wp-block-paragraph\">Au demeurant, le Bureau Ex\u00e9cutif de l\u2019Ujit attire l\u2019attention de ses membres et de toute la corporation des journalistes sur leur responsabilit\u00e9 sociale et la n\u00e9cessit\u00e9 pour chacun de faire siennes les dispositions du Code de la Presse et de la Communication, du Code d\u2019\u00e9thique et de d\u00e9ontologie afin de pr\u00e9server ce bien inestimable qu\u2019est la libert\u00e9 de presse.<\/p>\n\n\n\n<p class=\"wp-block-paragraph\"><strong>Sign\u00e9<\/strong><\/p>\n\n\n\n<p class=\"wp-block-paragraph\"><strong>Le SG de l\u2019Ujit<\/strong><\/p>\n\n\n\n<p class=\"wp-block-paragraph\"><a><strong><em>@macite.tg&nbsp;&nbsp;&nbsp;&nbsp;&nbsp;&nbsp;&nbsp;&nbsp;<\/em><\/strong><\/a><\/p>\n\n\n\n<p class=\"wp-block-paragraph\"><strong><em>E-mail&nbsp;: <\/em><\/strong><a href=\"mailto:maciteinfo@gmail.com\"><strong><em>maciteinfo@gmail.com<\/em><\/strong><\/a><strong><em>; <\/em><\/strong><a href=\"mailto:bawela1@gmail.com\"><strong><em>bawela1@gmail.com<\/em><\/strong><\/a><strong><em><\/em><\/strong><\/p>\n\n\n\n<p class=\"wp-block-paragraph\"><strong><em>Pour vos annonces, (publi)reportages, etc., joignez-nous au (00228)91515309\/<strong>79872224 <\/strong>www.macite.tg, L\u2019information, la bonne&nbsp;!<\/em><\/strong><\/p>\n","protected":false},"excerpt":{"rendered":"<p class=\"text-justify mb-2\" >La libert\u00e9 d\u2019expression est-elle est danger au Togo\u00a0? Pas vraiment, peut-on \u00eatre tenter de r\u00e9pondre. Mais le beau paysage m\u00e9diatique togolais n\u2019est pas un fleuve tranquille. Voici, dans les lignes qui suivent, le communiqu\u00e9 de l\u2019Union des journalistes ind\u00e9pendants du Togo (Ujit) relatif \u00e0 la [&hellip;]<\/p>\n","protected":false},"author":2,"featured_media":15749,"comment_status":"open","ping_status":"open","sticky":false,"template":"","format":"standard","meta":{"footnotes":""},"categories":[20,14],"tags":[],"class_list":["post-15746","post","type-post","status-publish","format-standard","has-post-thumbnail","hentry","category-actualite","category-medias"],"yoast_head":"<!-- This site is optimized with the Yoast SEO plugin v28.4 - https:\/\/yoast.com\/product\/yoast-seo-wordpress\/ -->\n<title>MEDIAS : L\u2019Ujit exprime son soutien \u00e0 Joachin Agb\u00e9tim et d\u00e9nonce la double sanction de la Haac -<\/title>\n<meta name=\"robots\" content=\"index, follow, max-snippet:-1, max-image-preview:large, max-video-preview:-1\" \/>\n<link rel=\"canonical\" href=\"https:\/\/macite.tg\/?p=15746\" \/>\n<meta property=\"og:locale\" content=\"fr_FR\" \/>\n<meta property=\"og:type\" content=\"article\" \/>\n<meta property=\"og:title\" content=\"MEDIAS : L\u2019Ujit exprime son soutien \u00e0 Joachin Agb\u00e9tim et d\u00e9nonce la double sanction de la Haac -\" \/>\n<meta property=\"og:description\" content=\"La libert\u00e9 d\u2019expression est-elle est danger au Togo\u00a0? Pas vraiment, peut-on \u00eatre tenter de r\u00e9pondre. Mais le beau paysage m\u00e9diatique togolais n\u2019est pas un fleuve tranquille. Voici, dans les lignes qui suivent, le communiqu\u00e9 de l\u2019Union des journalistes ind\u00e9pendants du Togo (Ujit) relatif \u00e0 la [&hellip;]\" \/>\n<meta property=\"og:url\" content=\"https:\/\/macite.tg\/?p=15746\" \/>\n<meta property=\"article:published_time\" content=\"2024-07-31T14:39:35+00:00\" \/>\n<meta property=\"article:modified_time\" content=\"2024-07-31T14:39:37+00:00\" \/>\n<meta property=\"og:image\" content=\"https:\/\/macite.tg\/wp-content\/uploads\/2024\/07\/image-59.png\" \/>\n\t<meta property=\"og:image:width\" content=\"409\" \/>\n\t<meta property=\"og:image:height\" content=\"273\" \/>\n\t<meta property=\"og:image:type\" content=\"image\/png\" \/>\n<meta name=\"author\" content=\"Jean Pierre BAWELA\" \/>\n<meta name=\"twitter:card\" content=\"summary_large_image\" \/>\n<meta name=\"twitter:label1\" content=\"\u00c9crit par\" \/>\n\t<meta name=\"twitter:data1\" content=\"Jean Pierre BAWELA\" \/>\n\t<meta name=\"twitter:label2\" content=\"Dur\u00e9e de lecture estim\u00e9e\" \/>\n\t<meta name=\"twitter:data2\" content=\"2 minutes\" \/>\n<script type=\"application\/ld+json\" class=\"yoast-schema-graph\">{\"@context\":\"https:\\\/\\\/schema.org\",\"@graph\":[{\"@type\":\"Article\",\"@id\":\"https:\\\/\\\/macite.tg\\\/?p=15746#article\",\"isPartOf\":{\"@id\":\"https:\\\/\\\/macite.tg\\\/?p=15746\"},\"author\":{\"name\":\"Jean Pierre BAWELA\",\"@id\":\"https:\\\/\\\/macite.tg\\\/#\\\/schema\\\/person\\\/e9f2de7e5dbbe7770a9402c7ce82f5c2\"},\"headline\":\"MEDIAS : L\u2019Ujit exprime son soutien \u00e0 Joachin Agb\u00e9tim et d\u00e9nonce la double sanction de la Haac\",\"datePublished\":\"2024-07-31T14:39:35+00:00\",\"dateModified\":\"2024-07-31T14:39:37+00:00\",\"mainEntityOfPage\":{\"@id\":\"https:\\\/\\\/macite.tg\\\/?p=15746\"},\"wordCount\":459,\"commentCount\":0,\"image\":{\"@id\":\"https:\\\/\\\/macite.tg\\\/?p=15746#primaryimage\"},\"thumbnailUrl\":\"https:\\\/\\\/macite.tg\\\/wp-content\\\/uploads\\\/2024\\\/07\\\/image-59.png\",\"articleSection\":[\"ACTUALITE\",\"MEDIAS\"],\"inLanguage\":\"fr-FR\",\"potentialAction\":[{\"@type\":\"CommentAction\",\"name\":\"Comment\",\"target\":[\"https:\\\/\\\/macite.tg\\\/?p=15746#respond\"]}]},{\"@type\":\"WebPage\",\"@id\":\"https:\\\/\\\/macite.tg\\\/?p=15746\",\"url\":\"https:\\\/\\\/macite.tg\\\/?p=15746\",\"name\":\"MEDIAS : L\u2019Ujit exprime son soutien \u00e0 Joachin Agb\u00e9tim et d\u00e9nonce la double sanction de la Haac -\",\"isPartOf\":{\"@id\":\"https:\\\/\\\/macite.tg\\\/#website\"},\"primaryImageOfPage\":{\"@id\":\"https:\\\/\\\/macite.tg\\\/?p=15746#primaryimage\"},\"image\":{\"@id\":\"https:\\\/\\\/macite.tg\\\/?p=15746#primaryimage\"},\"thumbnailUrl\":\"https:\\\/\\\/macite.tg\\\/wp-content\\\/uploads\\\/2024\\\/07\\\/image-59.png\",\"datePublished\":\"2024-07-31T14:39:35+00:00\",\"dateModified\":\"2024-07-31T14:39:37+00:00\",\"author\":{\"@id\":\"https:\\\/\\\/macite.tg\\\/#\\\/schema\\\/person\\\/e9f2de7e5dbbe7770a9402c7ce82f5c2\"},\"breadcrumb\":{\"@id\":\"https:\\\/\\\/macite.tg\\\/?p=15746#breadcrumb\"},\"inLanguage\":\"fr-FR\",\"potentialAction\":[{\"@type\":\"ReadAction\",\"target\":[\"https:\\\/\\\/macite.tg\\\/?p=15746\"]}]},{\"@type\":\"ImageObject\",\"inLanguage\":\"fr-FR\",\"@id\":\"https:\\\/\\\/macite.tg\\\/?p=15746#primaryimage\",\"url\":\"https:\\\/\\\/macite.tg\\\/wp-content\\\/uploads\\\/2024\\\/07\\\/image-59.png\",\"contentUrl\":\"https:\\\/\\\/macite.tg\\\/wp-content\\\/uploads\\\/2024\\\/07\\\/image-59.png\",\"width\":409,\"height\":273},{\"@type\":\"BreadcrumbList\",\"@id\":\"https:\\\/\\\/macite.tg\\\/?p=15746#breadcrumb\",\"itemListElement\":[{\"@type\":\"ListItem\",\"position\":1,\"name\":\"Accueil\",\"item\":\"https:\\\/\\\/macite.tg\\\/\"},{\"@type\":\"ListItem\",\"position\":2,\"name\":\"MEDIAS : L\u2019Ujit exprime son soutien \u00e0 Joachin Agb\u00e9tim et d\u00e9nonce la double sanction de la Haac\"}]},{\"@type\":\"WebSite\",\"@id\":\"https:\\\/\\\/macite.tg\\\/#website\",\"url\":\"https:\\\/\\\/macite.tg\\\/\",\"name\":\"\",\"description\":\"L&#039;information, la bonne!!!\",\"potentialAction\":[{\"@type\":\"SearchAction\",\"target\":{\"@type\":\"EntryPoint\",\"urlTemplate\":\"https:\\\/\\\/macite.tg\\\/?s={search_term_string}\"},\"query-input\":{\"@type\":\"PropertyValueSpecification\",\"valueRequired\":true,\"valueName\":\"search_term_string\"}}],\"inLanguage\":\"fr-FR\"},{\"@type\":\"Person\",\"@id\":\"https:\\\/\\\/macite.tg\\\/#\\\/schema\\\/person\\\/e9f2de7e5dbbe7770a9402c7ce82f5c2\",\"name\":\"Jean Pierre BAWELA\",\"image\":{\"@type\":\"ImageObject\",\"inLanguage\":\"fr-FR\",\"@id\":\"https:\\\/\\\/macite.tg\\\/wp-content\\\/uploads\\\/2023\\\/09\\\/WhatsApp-Image-2023-09-19-at-14.44.41-122x122.jpeg\",\"url\":\"https:\\\/\\\/macite.tg\\\/wp-content\\\/uploads\\\/2023\\\/09\\\/WhatsApp-Image-2023-09-19-at-14.44.41-122x122.jpeg\",\"contentUrl\":\"https:\\\/\\\/macite.tg\\\/wp-content\\\/uploads\\\/2023\\\/09\\\/WhatsApp-Image-2023-09-19-at-14.44.41-122x122.jpeg\",\"caption\":\"Jean Pierre BAWELA\"},\"url\":\"https:\\\/\\\/macite.tg\\\/?author=2\"}]}<\/script>\n<!-- \/ Yoast SEO plugin. -->","yoast_head_json":{"title":"MEDIAS : L\u2019Ujit exprime son soutien \u00e0 Joachin Agb\u00e9tim et d\u00e9nonce la double sanction de la Haac -","robots":{"index":"index","follow":"follow","max-snippet":"max-snippet:-1","max-image-preview":"max-image-preview:large","max-video-preview":"max-video-preview:-1"},"canonical":"https:\/\/macite.tg\/?p=15746","og_locale":"fr_FR","og_type":"article","og_title":"MEDIAS : L\u2019Ujit exprime son soutien \u00e0 Joachin Agb\u00e9tim et d\u00e9nonce la double sanction de la Haac -","og_description":"La libert\u00e9 d\u2019expression est-elle est danger au Togo\u00a0? Pas vraiment, peut-on \u00eatre tenter de r\u00e9pondre. Mais le beau paysage m\u00e9diatique togolais n\u2019est pas un fleuve tranquille. Voici, dans les lignes qui suivent, le communiqu\u00e9 de l\u2019Union des journalistes ind\u00e9pendants du Togo (Ujit) relatif \u00e0 la [&hellip;]","og_url":"https:\/\/macite.tg\/?p=15746","article_published_time":"2024-07-31T14:39:35+00:00","article_modified_time":"2024-07-31T14:39:37+00:00","og_image":[{"width":409,"height":273,"url":"https:\/\/macite.tg\/wp-content\/uploads\/2024\/07\/image-59.png","type":"image\/png"}],"author":"Jean Pierre BAWELA","twitter_card":"summary_large_image","twitter_misc":{"\u00c9crit par":"Jean Pierre BAWELA","Dur\u00e9e de lecture estim\u00e9e":"2 minutes"},"schema":{"@context":"https:\/\/schema.org","@graph":[{"@type":"Article","@id":"https:\/\/macite.tg\/?p=15746#article","isPartOf":{"@id":"https:\/\/macite.tg\/?p=15746"},"author":{"name":"Jean Pierre BAWELA","@id":"https:\/\/macite.tg\/#\/schema\/person\/e9f2de7e5dbbe7770a9402c7ce82f5c2"},"headline":"MEDIAS : L\u2019Ujit exprime son soutien \u00e0 Joachin Agb\u00e9tim et d\u00e9nonce la double sanction de la Haac","datePublished":"2024-07-31T14:39:35+00:00","dateModified":"2024-07-31T14:39:37+00:00","mainEntityOfPage":{"@id":"https:\/\/macite.tg\/?p=15746"},"wordCount":459,"commentCount":0,"image":{"@id":"https:\/\/macite.tg\/?p=15746#primaryimage"},"thumbnailUrl":"https:\/\/macite.tg\/wp-content\/uploads\/2024\/07\/image-59.png","articleSection":["ACTUALITE","MEDIAS"],"inLanguage":"fr-FR","potentialAction":[{"@type":"CommentAction","name":"Comment","target":["https:\/\/macite.tg\/?p=15746#respond"]}]},{"@type":"WebPage","@id":"https:\/\/macite.tg\/?p=15746","url":"https:\/\/macite.tg\/?p=15746","name":"MEDIAS : L\u2019Ujit exprime son soutien \u00e0 Joachin Agb\u00e9tim et d\u00e9nonce la double sanction de la Haac -","isPartOf":{"@id":"https:\/\/macite.tg\/#website"},"primaryImageOfPage":{"@id":"https:\/\/macite.tg\/?p=15746#primaryimage"},"image":{"@id":"https:\/\/macite.tg\/?p=15746#primaryimage"},"thumbnailUrl":"https:\/\/macite.tg\/wp-content\/uploads\/2024\/07\/image-59.png","datePublished":"2024-07-31T14:39:35+00:00","dateModified":"2024-07-31T14:39:37+00:00","author":{"@id":"https:\/\/macite.tg\/#\/schema\/person\/e9f2de7e5dbbe7770a9402c7ce82f5c2"},"breadcrumb":{"@id":"https:\/\/macite.tg\/?p=15746#breadcrumb"},"inLanguage":"fr-FR","potentialAction":[{"@type":"ReadAction","target":["https:\/\/macite.tg\/?p=15746"]}]},{"@type":"ImageObject","inLanguage":"fr-FR","@id":"https:\/\/macite.tg\/?p=15746#primaryimage","url":"https:\/\/macite.tg\/wp-content\/uploads\/2024\/07\/image-59.png","contentUrl":"https:\/\/macite.tg\/wp-content\/uploads\/2024\/07\/image-59.png","width":409,"height":273},{"@type":"BreadcrumbList","@id":"https:\/\/macite.tg\/?p=15746#breadcrumb","itemListElement":[{"@type":"ListItem","position":1,"name":"Accueil","item":"https:\/\/macite.tg\/"},{"@type":"ListItem","position":2,"name":"MEDIAS : L\u2019Ujit exprime son soutien \u00e0 Joachin Agb\u00e9tim et d\u00e9nonce la double sanction de la Haac"}]},{"@type":"WebSite","@id":"https:\/\/macite.tg\/#website","url":"https:\/\/macite.tg\/","name":"","description":"L&#039;information, la bonne!!!","potentialAction":[{"@type":"SearchAction","target":{"@type":"EntryPoint","urlTemplate":"https:\/\/macite.tg\/?s={search_term_string}"},"query-input":{"@type":"PropertyValueSpecification","valueRequired":true,"valueName":"search_term_string"}}],"inLanguage":"fr-FR"},{"@type":"Person","@id":"https:\/\/macite.tg\/#\/schema\/person\/e9f2de7e5dbbe7770a9402c7ce82f5c2","name":"Jean Pierre BAWELA","image":{"@type":"ImageObject","inLanguage":"fr-FR","@id":"https:\/\/macite.tg\/wp-content\/uploads\/2023\/09\/WhatsApp-Image-2023-09-19-at-14.44.41-122x122.jpeg","url":"https:\/\/macite.tg\/wp-content\/uploads\/2023\/09\/WhatsApp-Image-2023-09-19-at-14.44.41-122x122.jpeg","contentUrl":"https:\/\/macite.tg\/wp-content\/uploads\/2023\/09\/WhatsApp-Image-2023-09-19-at-14.44.41-122x122.jpeg","caption":"Jean Pierre BAWELA"},"url":"https:\/\/macite.tg\/?author=2"}]}},"_links":{"self":[{"href":"https:\/\/macite.tg\/index.php?rest_route=\/wp\/v2\/posts\/15746","targetHints":{"allow":["GET"]}}],"collection":[{"href":"https:\/\/macite.tg\/index.php?rest_route=\/wp\/v2\/posts"}],"about":[{"href":"https:\/\/macite.tg\/index.php?rest_route=\/wp\/v2\/types\/post"}],"author":[{"embeddable":true,"href":"https:\/\/macite.tg\/index.php?rest_route=\/wp\/v2\/users\/2"}],"replies":[{"embeddable":true,"href":"https:\/\/macite.tg\/index.php?rest_route=%2Fwp%2Fv2%2Fcomments&post=15746"}],"version-history":[{"count":0,"href":"https:\/\/macite.tg\/index.php?rest_route=\/wp\/v2\/posts\/15746\/revisions"}],"wp:featuredmedia":[{"embeddable":true,"href":"https:\/\/macite.tg\/index.php?rest_route=\/wp\/v2\/media\/15749"}],"wp:attachment":[{"href":"https:\/\/macite.tg\/index.php?rest_route=%2Fwp%2Fv2%2Fmedia&parent=15746"}],"wp:term":[{"taxonomy":"category","embeddable":true,"href":"https:\/\/macite.tg\/index.php?rest_route=%2Fwp%2Fv2%2Fcategories&post=15746"},{"taxonomy":"post_tag","embeddable":true,"href":"https:\/\/macite.tg\/index.php?rest_route=%2Fwp%2Fv2%2Ftags&post=15746"}],"curies":[{"name":"wp","href":"https:\/\/api.w.org\/{rel}","templated":true}]}}